{"id":188955,"date":"2022-11-25T01:30:00","date_gmt":"2022-11-25T00:30:00","guid":{"rendered":"https:\/\/www.region-schwabach.de\/wordpress\/?p=188955"},"modified":"2022-11-24T19:58:09","modified_gmt":"2022-11-24T18:58:09","slug":"gewalt-kommt-mir-nicht-in-die-tute-nein-zu-gewalt-an-frauen-und-madchen-am-freitag-den-25-november-2022","status":"publish","type":"post","link":"https:\/\/www.region-schwabach.de\/wordpress\/gewalt-kommt-mir-nicht-in-die-tute-nein-zu-gewalt-an-frauen-und-madchen-am-freitag-den-25-november-2022\/","title":{"rendered":"&#8222;Gewalt kommt mir nicht in die T\u00fcte\u201c \u2013 NEIN zu Gewalt an Frauen und M\u00e4dchen am Freitag, den 25. November 2022"},"content":{"rendered":"\t\t<div data-elementor-type=\"wp-post\" data-elementor-id=\"188955\" class=\"elementor elementor-188955\">\n\t\t\t\t\t\t<section class=\"elementor-section elementor-top-section elementor-element elementor-element-678181b elementor-section-boxed elementor-section-height-default elementor-section-height-default\" data-id=\"678181b\" data-element_type=\"section\">\n\t\t\t\t\t\t<div class=\"elementor-container elementor-column-gap-default\">\n\t\t\t\t\t<div class=\"elementor-column elementor-col-50 elementor-top-column elementor-element elementor-element-6b34026\" data-id=\"6b34026\" data-element_type=\"column\">\n\t\t\t<div class=\"elementor-widget-wrap elementor-element-populated\">\n\t\t\t\t\t\t<div class=\"elementor-element elementor-element-2e31143 elementor-widget elementor-widget-wp-widget-advads_ad_widget\" data-id=\"2e31143\" data-element_type=\"widget\" data-widget_type=\"wp-widget-advads_ad_widget.default\">\n\t\t\t\t<div class=\"elementor-widget-container\">\n\t\t\t<div id=\"regio-3421455488\"><div class=\"regio-adlabel\">Werbung<\/div><center><a href=\"https:\/\/a.partner-versicherung.de\/click.php?partner_id=19992&ad_id=1578&deep=kreditkarten\"  target=\"_blank\"><img decoding=\"async\" src=\"https:\/\/a.partner-versicherung.de\/view.php?partner_id=19992&ad_id=1578\" ><\/a><\/center><\/div>\t\t<\/div>\n\t\t\t\t<\/div>\n\t\t\t\t<div class=\"elementor-element elementor-element-443ab98 elementor-widget elementor-widget-text-editor\" data-id=\"443ab98\" data-element_type=\"widget\" data-widget_type=\"text-editor.default\">\n\t\t\t\t<div class=\"elementor-widget-container\">\n\t\t\t\t\t\t\t<h4><span id=\"page47R_mcid11\" class=\"markedContent\"><span dir=\"ltr\" role=\"presentation\">Zum Internationalen Tag am Freitag, den 25. November 2022:<\/span><\/span><span id=\"page47R_mcid12\" class=\"markedContent\"><\/span><span id=\"page47R_mcid13\" class=\"markedContent\"><br role=\"presentation\" \/><span dir=\"ltr\" role=\"presentation\">Aktion gegen Gewalt an Frauen und M\u00e4dchen<\/span><\/span><\/h4><p><span style=\"font-size: 12pt;\">Schwabach &#8211; <span dir=\"ltr\" role=\"presentation\">\u201eGewalt kommt mir nicht in die T\u00fcte\u201c <\/span><span dir=\"ltr\" role=\"presentation\">&#8211;<\/span> <span dir=\"ltr\" role=\"presentation\">diese Kampagne ist eine Aktion <\/span><\/span><span dir=\"ltr\" style=\"font-size: 12pt;\" role=\"presentation\">anl\u00e4sslich des Internationalen Tags \u201eNEIN <\/span><span dir=\"ltr\" style=\"font-size: 12pt;\" role=\"presentation\">\u2013<\/span> <span dir=\"ltr\" style=\"font-size: 12pt;\" role=\"presentation\">zu Gewalt an Frauen und <\/span><span style=\"font-size: 12pt;\">M\u00e4dchen\u201c, der weltweit am 25. November begangen wird und im Jahr <\/span><span dir=\"ltr\" style=\"font-size: 12pt;\" role=\"presentation\">1999 durch die Vereinten Nationen zum internationalen<\/span> <span dir=\"ltr\" style=\"font-size: 12pt;\" role=\"presentation\">Gedenktag <\/span><span style=\"font-size: 12pt;\">deklariert wurde.\u00a0<\/span><\/p><div class=\"page\" role=\"region\" data-page-number=\"1\" aria-label=\"Seite 1\" data-loaded=\"true\"><div class=\"textLayer\"><span style=\"font-size: 12pt;\"><span id=\"page3R_mcid14\" class=\"markedContent\"><br role=\"presentation\" \/><span dir=\"ltr\" role=\"presentation\">Die Schwabacher Gleichstellungsbeauftragte, Sabine Reek<\/span><span dir=\"ltr\" role=\"presentation\">&#8211;<\/span><span dir=\"ltr\" role=\"presentation\">Petersen, <\/span><span dir=\"ltr\" role=\"presentation\">hat gemeinsam mit den Gleichstellungsbeauftragten der Landkreise <\/span><span dir=\"ltr\" role=\"presentation\">Wei\u00dfenburg<\/span><span dir=\"ltr\" role=\"presentation\">&#8211;<\/span><span dir=\"ltr\" role=\"presentation\">Gunzenhausen und Roth und dem ZONTA Club <\/span><span dir=\"ltr\" role=\"presentation\">Fr\u00e4nkisches Seenland dazu eine Aktion entw<\/span><span dir=\"ltr\" role=\"presentation\">ickelt: Viele B\u00e4ckereien in <\/span><span dir=\"ltr\" role=\"presentation\">Schwabach, im Landkreis Wei\u00dfenburg<\/span><span dir=\"ltr\" role=\"presentation\">&#8211;<\/span><span dir=\"ltr\" role=\"presentation\">Gunzenhausen und im Landkreis <\/span><span dir=\"ltr\" role=\"presentation\">Roth geben im November an Kundinnen und Kunden Br\u00f6tchent\u00fcten mit <\/span><span dir=\"ltr\" role=\"presentation\">Hilfsadressen und einem deutlichen Appell aus.\u00a0<\/span><\/span><span id=\"page3R_mcid15\" class=\"markedContent\"><br role=\"presentation\" \/><\/span><span id=\"page3R_mcid16\" class=\"markedContent\"><br role=\"presentation\" \/><span dir=\"ltr\" role=\"presentation\">In Schwabach beteiligen sich 2022 auch einige Apo<\/span><span dir=\"ltr\" role=\"presentation\">theken, die <\/span><span dir=\"ltr\" role=\"presentation\">Schwabacher Tafel und mehrere Kindertagesst\u00e4tten an dieser Aktion. <\/span><span dir=\"ltr\" role=\"presentation\">Damit setzen die Aktionspartnerinnen ein deutliches Zeichen gegen jede <\/span><span dir=\"ltr\" role=\"presentation\">Form von Gewalt die Frauen und M\u00e4dchen Tag f\u00fcr Tag in allen <\/span><span dir=\"ltr\" role=\"presentation\">Bev\u00f6lkerungsschichten erleiden m\u00fcssen. Gewalt <\/span><span dir=\"ltr\" role=\"presentation\">gegen Frauen und <\/span><span dir=\"ltr\" role=\"presentation\">M\u00e4dchen kommt \u00fcberall vor: in Ehe, Partnerschaft, Bekanntenkreis, <\/span><span dir=\"ltr\" role=\"presentation\">Betrieben, zu Hause und im \u00f6ffentlichen Raum. Den Statistiken zufolge <\/span><span dir=\"ltr\" role=\"presentation\">wird weltweit jede dritte Frau mindestens einmal in ihrem Leben Opfer <\/span><span dir=\"ltr\" role=\"presentation\">von Gewalt, unabh\u00e4ngig davon, wo <\/span><span dir=\"ltr\" role=\"presentation\">sie lebt, wie alt sie ist oder welchen <\/span><\/span><\/span><span style=\"font-size: 12pt;\">Bildungsgrad oder sozialen Status sie hat. Die Opfer belastet die <\/span><span style=\"font-size: 12pt;\">Gewalterfahrung meist ihr ganzes Leben lang.\u00a0<\/span><\/div><\/div><div class=\"page\" role=\"region\" data-page-number=\"2\" aria-label=\"Seite 2\" data-loaded=\"true\"><h3 class=\"textLayer\"><span style=\"font-size: 12pt;\"><span id=\"page20R_mcid2\" class=\"markedContent\"><br role=\"presentation\" \/><span dir=\"ltr\" style=\"font-size: 14pt;\" role=\"presentation\">B\u00e4ckereien\u00a0<\/span><\/span><span id=\"page20R_mcid3\" class=\"markedContent\"><br role=\"presentation\" \/><\/span><\/span><\/h3><div class=\"textLayer\"><span style=\"font-size: 12pt;\"><span id=\"page20R_mcid3\" class=\"markedContent\"><span dir=\"ltr\" role=\"presentation\">In Schwabach sind die B\u00e4ckereien Distler und Lederer mit ihren Filialen <\/span><span dir=\"ltr\" role=\"presentation\">und die B\u00e4ckerei <\/span><span dir=\"ltr\" role=\"presentation\">Spro\u00dfmann bei dieser Aktion wieder dabei. Im <\/span><span dir=\"ltr\" role=\"presentation\">November 2022 werden sie eine besondere Verpackung f\u00fcr <\/span><span dir=\"ltr\" role=\"presentation\">Fr\u00fchst\u00fccksbr\u00f6tchen haben. \u201eNEIN zu Gewalt gegen Frauen! Gewalt <\/span><span dir=\"ltr\" role=\"presentation\">kommt mir nicht in die T\u00fcte!\u201c <\/span><span dir=\"ltr\" role=\"presentation\">\u2013<\/span> <span dir=\"ltr\" role=\"presentation\">dieser pr\u00e4gnante Schriftzug f\u00e4llt auf einer <\/span><span dir=\"ltr\" role=\"presentation\">wei\u00dfen Br\u00f6tchent\u00fc<\/span><span dir=\"ltr\" role=\"presentation\">te sofort ins Auge. Und wer n\u00e4her hinblickt, sieht <\/span><span dir=\"ltr\" role=\"presentation\">ebenfalls die Telefonnummern des bundesweiten Hilfetelefons (0800 116 <\/span><span dir=\"ltr\" role=\"presentation\">016) und des Frauenhauses Schwabach (09122 982080) und Ansbach <\/span><span dir=\"ltr\" role=\"presentation\">(0981 95959) darauf.\u00a0<\/span><\/span><\/span><\/div><div>\u00a0<\/div><h3 class=\"textLayer\"><span style=\"font-size: 12pt;\"><span id=\"page20R_mcid5\" class=\"markedContent\" style=\"font-size: 14pt;\"><span dir=\"ltr\" role=\"presentation\">Apotheken und Tafel\u00a0<\/span><\/span><span id=\"page20R_mcid6\" class=\"markedContent\"><br role=\"presentation\" \/><\/span><\/span><\/h3><div class=\"textLayer\"><span style=\"font-size: 12pt;\"><span id=\"page20R_mcid6\" class=\"markedContent\"><span dir=\"ltr\" role=\"presentation\">Durch die Initiative der Schwa<\/span><span dir=\"ltr\" role=\"presentation\">bacher Frauenkommission beteiligen sich <\/span><span dir=\"ltr\" role=\"presentation\">ebenfalls die Adam Kraft Apotheke, Antonius<\/span><span dir=\"ltr\" role=\"presentation\">&#8211;<\/span><span dir=\"ltr\" role=\"presentation\">Apotheke, Apotheke \u201eAn <\/span><span dir=\"ltr\" role=\"presentation\">der Radrunde\u201c, Bahnhof<\/span><span dir=\"ltr\" role=\"presentation\">&#8211;<\/span><span dir=\"ltr\" role=\"presentation\">Apotheke, Christopherus<\/span><span dir=\"ltr\" role=\"presentation\">&#8211;<\/span><span dir=\"ltr\" role=\"presentation\">Apotheke, Rathaus <\/span><span dir=\"ltr\" role=\"presentation\">Apotheke und die Park Apotheke. Sie werden ihre\u00a0 Medikamente und <\/span><span dir=\"ltr\" role=\"presentation\">sonstige Waren ebenf<\/span><span dir=\"ltr\" role=\"presentation\">alls in die T\u00fcten mit dem Appell zu Gewaltlosigkeit <\/span><span dir=\"ltr\" role=\"presentation\">und den Notrufnummern verpacken. Auch die Schwabacher Tafel der <\/span><span dir=\"ltr\" role=\"presentation\">Familien<\/span><span dir=\"ltr\" role=\"presentation\">&#8211;<\/span> <span dir=\"ltr\" role=\"presentation\">und Altenhilfe und mehrere Schwabacher Kindertagesst\u00e4tten <\/span><span dir=\"ltr\" role=\"presentation\">setzen mit ihrer Beteiligung ein Zeichen gegen Gewalt an Frauen.\u00a0<\/span><\/span><\/span><\/div><h3 class=\"textLayer\"><span style=\"font-size: 14pt;\"><span id=\"page20R_mcid8\" class=\"markedContent\"><span dir=\"ltr\" role=\"presentation\">Buchha<\/span><span dir=\"ltr\" role=\"presentation\">ndlung und Stadtbibliothek\u00a0<\/span><\/span><\/span><\/h3><div class=\"textLayer\"><span style=\"font-size: 12pt;\"><span id=\"page20R_mcid9\" class=\"markedContent\"><span dir=\"ltr\" role=\"presentation\">In der Schwabacher Buchhandlung \u201eLesezeichen\u201c wird anl\u00e4sslich des <\/span><span dir=\"ltr\" role=\"presentation\">Internationalen Gedenktages \u201eNEIN <\/span><span dir=\"ltr\" role=\"presentation\">\u2013<\/span> <span dir=\"ltr\" role=\"presentation\">zu Gewalt an Frauen\u201c ein <\/span><span dir=\"ltr\" role=\"presentation\">Schaufenster mit Buchtipps und Informationen zu h\u00e4uslicher Gewalt <\/span><span dir=\"ltr\" role=\"presentation\">gestaltet. In der Stadtbibliothek wi<\/span><span dir=\"ltr\" role=\"presentation\">rd es dazu einen Thementisch geben.\u00a0<\/span><\/span><\/span><\/div><h3 class=\"textLayer\"><span style=\"font-size: 12pt;\"><span id=\"page20R_mcid11\" class=\"markedContent\" style=\"font-size: 14pt;\"><span dir=\"ltr\" role=\"presentation\">Blaue Fahnen: \u201eFrei Leben <\/span><span dir=\"ltr\" role=\"presentation\">\u2013<\/span> <span dir=\"ltr\" role=\"presentation\">ohne Gewalt\u201c\u00a0<\/span><\/span><span id=\"page20R_mcid12\" class=\"markedContent\"><br role=\"presentation\" \/><\/span><\/span><\/h3><div class=\"textLayer\"><span style=\"font-size: 12pt;\"><span id=\"page20R_mcid12\" class=\"markedContent\"><span dir=\"ltr\" role=\"presentation\">In Schwabach ist es eine gute Tradition, dass am 25. November die <\/span><span dir=\"ltr\" role=\"presentation\">blauen Fahnen von TERRE DES FEMMES mit der Aufschrift \u201eFrei leben <\/span><span dir=\"ltr\" role=\"presentation\">\u2013<\/span> <span dir=\"ltr\" role=\"presentation\">ohne Gewalt\u201c am Rathaus und anderen \u00f6ffentli<\/span><span dir=\"ltr\" role=\"presentation\">chen und privaten <\/span><span dir=\"ltr\" role=\"presentation\">Geb\u00e4uden wehen. Auch damit soll ein breites Publikum f\u00fcr das Thema <\/span><span dir=\"ltr\" role=\"presentation\">Gewalt sensibilisiert werden, denn der Kampf f\u00fcr ein selbstbestimmtes, <\/span><\/span><span dir=\"ltr\" role=\"presentation\">gewaltfreies Leben f\u00fcr Frauen und Kinder ist eine gesamtgesell<\/span><\/span><span dir=\"ltr\" style=\"font-size: 12pt;\" role=\"presentation\">schaftliche Aufgabe, die nur gemeinsam<\/span> <span dir=\"ltr\" style=\"font-size: 12pt;\" role=\"presentation\">gel\u00f6st werden kann.\u00a0<\/span><\/div><\/div>\t\t\t\t\t\t<\/div>\n\t\t\t\t<\/div>\n\t\t\t\t<div class=\"elementor-element elementor-element-6520198 elementor-widget elementor-widget-shortcode\" data-id=\"6520198\" data-element_type=\"widget\" data-widget_type=\"shortcode.default\">\n\t\t\t\t<div class=\"elementor-widget-container\">\n\t\t\t\t\t<div class=\"elementor-shortcode\"><!-- Beginn https:\/\/www.financeads.net\/-Code --><a href=\"https:\/\/www.financeads.net\/tc.php?t=36648C38513858B\" target=\"_blank\"><center><img decoding=\"async\" src=\"https:\/\/www.financeads.net\/tb.php?t=36648V38513858B&https=1\" alt=\"\" border=\"0\" width=\"468\" height=\"60\"><\/a><!-- Ende https:\/\/www.financeads.net\/-Code --><\/div>\n\t\t\t\t<\/div>\n\t\t\t\t<\/div>\n\t\t\t\t<div class=\"elementor-element elementor-element-21c3450 elementor-widget-divider--view-line elementor-widget elementor-widget-divider\" data-id=\"21c3450\" data-element_type=\"widget\" data-widget_type=\"divider.default\">\n\t\t\t\t<div class=\"elementor-widget-container\">\n\t\t\t\t\t<div class=\"elementor-divider\">\n\t\t\t<span class=\"elementor-divider-separator\">\n\t\t\t\t\t\t<\/span>\n\t\t<\/div>\n\t\t\t\t<\/div>\n\t\t\t\t<\/div>\n\t\t\t\t<div class=\"elementor-element elementor-element-f4c690c elementor-widget elementor-widget-google_maps\" data-id=\"f4c690c\" data-element_type=\"widget\" data-widget_type=\"google_maps.default\">\n\t\t\t\t<div class=\"elementor-widget-container\">\n\t\t\t\t\t<div class=\"elementor-custom-embed\">\n\t\t\t<iframe loading=\"lazy\"\n\t\t\t\t\tsrc=\"https:\/\/maps.google.com\/maps?q=K%C3%B6nigsplatz%2033A%2C%20Schwabach%2C%20Deutschland&#038;t=m&#038;z=17&#038;output=embed&#038;iwloc=near\"\n\t\t\t\t\ttitle=\"K\u00f6nigsplatz 33A, Schwabach, Deutschland\"\n\t\t\t\t\taria-label=\"K\u00f6nigsplatz 33A, Schwabach, Deutschland\"\n\t\t\t><\/iframe>\n\t\t<\/div>\n\t\t\t\t<\/div>\n\t\t\t\t<\/div>\n\t\t\t\t\t<\/div>\n\t\t<\/div>\n\t\t\t\t<div class=\"elementor-column elementor-col-50 elementor-top-column elementor-element elementor-element-dd4c02c\" data-id=\"dd4c02c\" data-element_type=\"column\">\n\t\t\t<div class=\"elementor-widget-wrap elementor-element-populated\">\n\t\t\t\t\t\t<div class=\"elementor-element elementor-element-afcda01 elementor-widget elementor-widget-heading\" data-id=\"afcda01\" data-element_type=\"widget\" data-widget_type=\"heading.default\">\n\t\t\t\t<div class=\"elementor-widget-container\">\n\t\t\t<h3 class=\"elementor-heading-title elementor-size-default\">Schnell vergleichen und sparen!<\/h3>\t\t<\/div>\n\t\t\t\t<\/div>\n\t\t\t\t<div class=\"elementor-element elementor-element-4a29827 elementor-widget elementor-widget-wp-widget-advads_ad_widget\" data-id=\"4a29827\" data-element_type=\"widget\" data-widget_type=\"wp-widget-advads_ad_widget.default\">\n\t\t\t\t<div class=\"elementor-widget-container\">\n\t\t\t<div id=\"regio-2716791941\"><div class=\"regio-adlabel\">Werbung<\/div><!-- Beginn https:\/\/www.financeads.net\/-Code --><a href=\"https:\/\/www.financeads.net\/tc.php?t=36648C236142529B\" target=\"_blank\"><img fetchpriority=\"high\" decoding=\"async\" src=\"https:\/\/www.financeads.net\/tb.php?t=36648V236142529B&https=1\" alt=\"\" border=\"0\" width=\"300\" height=\"250\"><\/a><!-- Ende https:\/\/www.financeads.net\/-Code --><\/div>\t\t<\/div>\n\t\t\t\t<\/div>\n\t\t\t\t<div class=\"elementor-element elementor-element-1017dfe elementor-widget elementor-widget-wp-widget-advads_ad_widget\" data-id=\"1017dfe\" data-element_type=\"widget\" data-widget_type=\"wp-widget-advads_ad_widget.default\">\n\t\t\t\t<div class=\"elementor-widget-container\">\n\t\t\t<div id=\"regio-163427010\"><div class=\"regio-adlabel\">Werbung<\/div><!-- Beginn https:\/\/www.financeads.net\/-Code --><a href=\"https:\/\/www.financeads.net\/tc.php?t=36648C42614510B\" target=\"_blank\"><img decoding=\"async\" src=\"https:\/\/www.financeads.net\/tb.php?t=36648V42614510B&https=1\" alt=\"\" border=\"0\" width=\"200\" height=\"300\"><\/a><!-- Ende https:\/\/www.financeads.net\/-Code --><\/div>\t\t<\/div>\n\t\t\t\t<\/div>\n\t\t\t\t<div class=\"elementor-element elementor-element-fd0ad79 elementor-widget elementor-widget-wp-widget-advads_ad_widget\" data-id=\"fd0ad79\" data-element_type=\"widget\" data-widget_type=\"wp-widget-advads_ad_widget.default\">\n\t\t\t\t<div class=\"elementor-widget-container\">\n\t\t\t<div id=\"regio-1895981407\"><div class=\"regio-adlabel\">Werbung<\/div><!-- Beginn https:\/\/www.financeads.net\/-Code --><a href=\"https:\/\/www.financeads.net\/tc.php?t=36648C205040072B\" target=\"_blank\"><img loading=\"lazy\" decoding=\"async\" src=\"https:\/\/www.financeads.net\/tb.php?t=36648V205040072B&https=1\" alt=\"\" border=\"0\" width=\"300\" height=\"250\"><\/a><!-- Ende https:\/\/www.financeads.net\/-Code --><\/div>\t\t<\/div>\n\t\t\t\t<\/div>\n\t\t\t\t<div class=\"elementor-element elementor-element-4484a81 elementor-widget elementor-widget-wp-widget-advads_ad_widget\" data-id=\"4484a81\" data-element_type=\"widget\" data-widget_type=\"wp-widget-advads_ad_widget.default\">\n\t\t\t\t<div class=\"elementor-widget-container\">\n\t\t\t<div id=\"regio-879060127\"><div class=\"regio-adlabel\">Werbung<\/div><!-- Beginn https:\/\/www.financeads.net\/-Code --><a href=\"https:\/\/www.financeads.net\/tc.php?t=36648C271460142B\" target=\"_blank\"><img loading=\"lazy\" decoding=\"async\" src=\"https:\/\/www.financeads.net\/tb.php?t=36648V271460142B&https=1\" alt=\"PETPROTECT_Hund&Katze_Banner\" border=\"0\" width=\"250\" height=\"250\"><\/a><!-- Ende https:\/\/www.financeads.net\/-Code --><\/div>\t\t<\/div>\n\t\t\t\t<\/div>\n\t\t\t\t\t<\/div>\n\t\t<\/div>\n\t\t\t\t\t<\/div>\n\t\t<\/section>\n\t\t\t\t<\/div>\n\t\t","protected":false},"excerpt":{"rendered":"<div class=\"mh-excerpt\"><p>Zum Internationalen Tag am Freitag, den 25. November 2022:Aktion gegen Gewalt an Frauen und M\u00e4dchen Schwabach &#8211; \u201eGewalt kommt mir nicht in die T\u00fcte\u201c &#8211; diese Kampagne ist eine Aktion anl\u00e4sslich des Internationalen Tags \u201eNEIN <a class=\"mh-excerpt-more\" href=\"https:\/\/www.region-schwabach.de\/wordpress\/gewalt-kommt-mir-nicht-in-die-tute-nein-zu-gewalt-an-frauen-und-madchen-am-freitag-den-25-november-2022\/\" title=\"&#8222;Gewalt kommt mir nicht in die T\u00fcte\u201c \u2013 NEIN zu Gewalt an Frauen und M\u00e4dchen am Freitag, den 25. November 2022\">[&#8230;]<\/a><\/p>\n<\/div>","protected":false},"author":1,"featured_media":188957,"comment_status":"open","ping_status":"open","sticky":false,"template":"","format":"standard","meta":{"_cbd_carousel_blocks":"[]","footnotes":""},"categories":[16,287,61,231,46,140],"tags":[17689,21025,21024,6876,522,17690,1480,19,3012,3151,2678],"class_list":{"0":"post-188955","1":"post","2":"type-post","3":"status-publish","4":"format-standard","5":"has-post-thumbnail","7":"category-aktuell","8":"category-jugend-und-familie","9":"category-rathaus","10":"category-veranstaltungsnews","11":"category-verbaende","12":"category-vereine","13":"tag-gewalt-kommt-mir-nicht-in-die-tuete","14":"tag-25-november-2022","15":"tag-25-11-2022","16":"tag-aktionen","17":"tag-koenigsplatz","18":"tag-nein-zu-gewalt-an-frauen-und-maedchen","19":"tag-rathaus","20":"tag-schwabach","21":"tag-stadt","22":"tag-stadt-schwabach","23":"tag-wittelsbacherstrasse"},"_links":{"self":[{"href":"https:\/\/www.region-schwabach.de\/wordpress\/wp-json\/wp\/v2\/posts\/188955","targetHints":{"allow":["GET"]}}],"collection":[{"href":"https:\/\/www.region-schwabach.de\/wordpress\/wp-json\/wp\/v2\/posts"}],"about":[{"href":"https:\/\/www.region-schwabach.de\/wordpress\/wp-json\/wp\/v2\/types\/post"}],"author":[{"embeddable":true,"href":"https:\/\/www.region-schwabach.de\/wordpress\/wp-json\/wp\/v2\/users\/1"}],"replies":[{"embeddable":true,"href":"https:\/\/www.region-schwabach.de\/wordpress\/wp-json\/wp\/v2\/comments?post=188955"}],"version-history":[{"count":0,"href":"https:\/\/www.region-schwabach.de\/wordpress\/wp-json\/wp\/v2\/posts\/188955\/revisions"}],"wp:featuredmedia":[{"embeddable":true,"href":"https:\/\/www.region-schwabach.de\/wordpress\/wp-json\/wp\/v2\/media\/188957"}],"wp:attachment":[{"href":"https:\/\/www.region-schwabach.de\/wordpress\/wp-json\/wp\/v2\/media?parent=188955"}],"wp:term":[{"taxonomy":"category","embeddable":true,"href":"https:\/\/www.region-schwabach.de\/wordpress\/wp-json\/wp\/v2\/categories?post=188955"},{"taxonomy":"post_tag","embeddable":true,"href":"https:\/\/www.region-schwabach.de\/wordpress\/wp-json\/wp\/v2\/tags?post=188955"}],"curies":[{"name":"wp","href":"https:\/\/api.w.org\/{rel}","templated":true}]}}