{"id":189015,"date":"2022-11-26T01:15:00","date_gmt":"2022-11-26T00:15:00","guid":{"rendered":"https:\/\/www.region-schwabach.de\/wordpress\/?p=189015"},"modified":"2022-11-25T21:53:54","modified_gmt":"2022-11-25T20:53:54","slug":"die-schone-und-das-biest-musical-am-samstag-den-26-november-2022-im-markgrafensaal-schwabach","status":"publish","type":"post","link":"https:\/\/www.region-schwabach.de\/wordpress\/die-schone-und-das-biest-musical-am-samstag-den-26-november-2022-im-markgrafensaal-schwabach\/","title":{"rendered":"Die Sch\u00f6ne und das Biest &#8211; MUSICAL am Samstag, den 26. November 2022, im Markgrafensaal Schwabach"},"content":{"rendered":"\t\t<div data-elementor-type=\"wp-post\" data-elementor-id=\"189015\" class=\"elementor elementor-189015\">\n\t\t\t\t\t\t<section class=\"elementor-section elementor-top-section elementor-element elementor-element-678181b elementor-section-boxed elementor-section-height-default elementor-section-height-default\" data-id=\"678181b\" data-element_type=\"section\">\n\t\t\t\t\t\t<div class=\"elementor-container elementor-column-gap-default\">\n\t\t\t\t\t<div class=\"elementor-column elementor-col-50 elementor-top-column elementor-element elementor-element-6b34026\" data-id=\"6b34026\" data-element_type=\"column\">\n\t\t\t<div class=\"elementor-widget-wrap elementor-element-populated\">\n\t\t\t\t\t\t<div class=\"elementor-element elementor-element-5d1b797 elementor-widget elementor-widget-wp-widget-advads_ad_widget\" data-id=\"5d1b797\" data-element_type=\"widget\" data-widget_type=\"wp-widget-advads_ad_widget.default\">\n\t\t\t\t<div class=\"elementor-widget-container\">\n\t\t\t<div id=\"regio-1001759695\"><div class=\"regio-adlabel\">Werbung<\/div><center><a href=\"https:\/\/a.partner-versicherung.de\/click.php?partner_id=19992&ad_id=1578&deep=kreditkarten\"  target=\"_blank\"><img decoding=\"async\" src=\"https:\/\/a.partner-versicherung.de\/view.php?partner_id=19992&ad_id=1578\" ><\/a><\/center><\/div>\t\t<\/div>\n\t\t\t\t<\/div>\n\t\t\t\t<div class=\"elementor-element elementor-element-443ab98 elementor-widget elementor-widget-text-editor\" data-id=\"443ab98\" data-element_type=\"widget\" data-widget_type=\"text-editor.default\">\n\t\t\t\t<div class=\"elementor-widget-container\">\n\t\t\t\t\t\t\t<h3>Am Samstag, den 26. November 2022, um 15.00 Uhr im Markgrafensaal:\u00a0<br \/>Die Sch\u00f6ne und das Biest &#8211; das Musical<\/h3><p><span style=\"font-size: 12pt;\">Schwabach &#8211; Ungeheuer sch\u00f6n: In seinem Musical-Highlight \u201eDie Sch\u00f6ne und das Biest\u201c, erz\u00e4hlt das Theater Liberi eindrucksvoll die ber\u00fchrende Geschichte \u00fcber die wahre Liebe. Gef\u00fchlvolle Eigenkompositionen und viel Poesie entf\u00fchren gemeinsam mit Witz und Emotion in die Welt dieses bezaubernden M\u00e4rchens \u2013 ein Live-Erlebnis f\u00fcr die ganze Familie!\u00a0<br \/><\/span><\/p><p><span style=\"font-size: 12pt;\">Das f\u00fcr seine fantasievollen Musicals bekannte Theater Liberi pr\u00e4sentiert das franz\u00f6sische Volksm\u00e4rchen in einer zeitgem\u00e4\u00dfen und unterhaltsamen Fassung. Ein bestens ausgebildetes Ensemble begeistert das Publikum mit abwechslungsreichen Choreografien zu romantischen Balladen und poppigen Songs mit Hitpotenzial. Auf der B\u00fchne entsteht eine m\u00e4rchenhafte Kulisse: das wandelbare B\u00fchnenbild wechselt zwischen Belles Zuhause und dem verzauberten Schloss, das mit den traumhaften Kost\u00fcmen um die Wette funkelt.\u00a0<br \/><\/span><\/p><p><span style=\"font-size: 12pt;\">Seit Jahrhunderten erz\u00e4hlen sich die Menschen schon das M\u00e4rchen von der Sch\u00f6nen und dem Biest und der Kraft ihrer Liebe, die so stark ist, dass sie sogar einen Fluch brechen kann. Einen Fluch, der den Prinzen in ein furchteinfl\u00f6\u00dfendes Biest verwandelt hat. Als sich eines Tages ein armer Kaufmann in den Schlossgarten verirrt und dort eine Rose pfl\u00fcckt, fordert das Biest daf\u00fcr einen hohen Preis. Fortan muss die j\u00fcngste Tochter Belle im verwunschenen Schloss leben. Belles anf\u00e4ngliche Angst weicht jedoch schnell der Neugier, als sie feststellt, dass hinter der harten Schale des Biestes ein weicher Kern steckt und dass sie mit ihm sogar lachen und tanzen kann. Doch Belle ist hin- und hergerissen, denn sie stellt sich viele Fragen: Was hat es mit dem geheimnisvollen Prinzen im Spiegel auf sich? Und warum gibt es diese verzauberten Wesen im Schloss? Belle begibt sich auf die Suche nach Antworten\u2026\u00a0<\/span><\/p><h3><span style=\"font-size: 14pt;\">Infos und Tickets:<\/span><\/h3><p><span style=\"font-size: 12pt;\">Das Musical dauert zwei Stunden inklusive 20 Minuten Pause und ist geeignet f\u00fcr Zuschauer <\/span><span style=\"font-size: 12pt;\">ab vier Jahren. Tickets sind erh\u00e4ltlich unter www.theater-liberi.de\/tickets sowie bei allen <\/span><span style=\"font-size: 12pt;\">bekannten Vorverkaufsstellen. <\/span><\/p><h3>Weiterf\u00fchrende Links:\u00a0<\/h3><p><a href=\"https:\/\/theater-liberi.de\/musicals\/die-schoene-und-das-biest\" target=\"_blank\" rel=\"noopener\"><span style=\"font-size: 12pt;\">Mehr Informationen zu diesem tollen Musical gibt es hier &#8230;\u00a0<\/span><\/a><\/p>\t\t\t\t\t\t<\/div>\n\t\t\t\t<\/div>\n\t\t\t\t<div class=\"elementor-element elementor-element-5dec88c elementor-widget elementor-widget-shortcode\" data-id=\"5dec88c\" data-element_type=\"widget\" data-widget_type=\"shortcode.default\">\n\t\t\t\t<div class=\"elementor-widget-container\">\n\t\t\t\t\t<div class=\"elementor-shortcode\"><!-- Beginn https:\/\/www.financeads.net\/-Code --><a href=\"https:\/\/www.financeads.net\/tc.php?t=36648C38513858B\" target=\"_blank\"><center><img decoding=\"async\" src=\"https:\/\/www.financeads.net\/tb.php?t=36648V38513858B&https=1\" alt=\"\" border=\"0\" width=\"468\" height=\"60\"><\/a><!-- Ende https:\/\/www.financeads.net\/-Code --><\/div>\n\t\t\t\t<\/div>\n\t\t\t\t<\/div>\n\t\t\t\t<div class=\"elementor-element elementor-element-2c99766 elementor-widget elementor-widget-google_maps\" data-id=\"2c99766\" data-element_type=\"widget\" data-widget_type=\"google_maps.default\">\n\t\t\t\t<div class=\"elementor-widget-container\">\n\t\t\t\t\t<div class=\"elementor-custom-embed\">\n\t\t\t<iframe loading=\"lazy\"\n\t\t\t\t\tsrc=\"https:\/\/maps.google.com\/maps?q=Ludwigstra%C3%9Fe%2016%2C%20Schwabach%2C%20Deutschland&#038;t=m&#038;z=17&#038;output=embed&#038;iwloc=near\"\n\t\t\t\t\ttitle=\"Ludwigstra\u00dfe 16, Schwabach, Deutschland\"\n\t\t\t\t\taria-label=\"Ludwigstra\u00dfe 16, Schwabach, Deutschland\"\n\t\t\t><\/iframe>\n\t\t<\/div>\n\t\t\t\t<\/div>\n\t\t\t\t<\/div>\n\t\t\t\t\t<\/div>\n\t\t<\/div>\n\t\t\t\t<div class=\"elementor-column elementor-col-50 elementor-top-column elementor-element elementor-element-b2d7762\" data-id=\"b2d7762\" data-element_type=\"column\">\n\t\t\t<div class=\"elementor-widget-wrap elementor-element-populated\">\n\t\t\t\t\t\t<div class=\"elementor-element elementor-element-75ddad1 elementor-widget elementor-widget-heading\" data-id=\"75ddad1\" data-element_type=\"widget\" data-widget_type=\"heading.default\">\n\t\t\t\t<div class=\"elementor-widget-container\">\n\t\t\t<h3 class=\"elementor-heading-title elementor-size-default\">Schnell vergleichen und sparen!<\/h3>\t\t<\/div>\n\t\t\t\t<\/div>\n\t\t\t\t<div class=\"elementor-element elementor-element-2ca467d elementor-widget elementor-widget-wp-widget-advads_ad_widget\" data-id=\"2ca467d\" data-element_type=\"widget\" data-widget_type=\"wp-widget-advads_ad_widget.default\">\n\t\t\t\t<div class=\"elementor-widget-container\">\n\t\t\t<div id=\"regio-615640153\"><div class=\"regio-adlabel\">Werbung<\/div><!-- Beginn https:\/\/www.financeads.net\/-Code --><a href=\"https:\/\/www.financeads.net\/tc.php?t=36648C236142529B\" target=\"_blank\"><img fetchpriority=\"high\" decoding=\"async\" src=\"https:\/\/www.financeads.net\/tb.php?t=36648V236142529B&https=1\" alt=\"\" border=\"0\" width=\"300\" height=\"250\"><\/a><!-- Ende https:\/\/www.financeads.net\/-Code --><\/div>\t\t<\/div>\n\t\t\t\t<\/div>\n\t\t\t\t<div class=\"elementor-element elementor-element-237ce0f elementor-widget elementor-widget-wp-widget-advads_ad_widget\" data-id=\"237ce0f\" data-element_type=\"widget\" data-widget_type=\"wp-widget-advads_ad_widget.default\">\n\t\t\t\t<div class=\"elementor-widget-container\">\n\t\t\t<div id=\"regio-3618162602\"><div class=\"regio-adlabel\">Werbung<\/div><!-- Beginn https:\/\/www.financeads.net\/-Code --><a href=\"https:\/\/www.financeads.net\/tc.php?t=36648C42614510B\" target=\"_blank\"><img decoding=\"async\" src=\"https:\/\/www.financeads.net\/tb.php?t=36648V42614510B&https=1\" alt=\"\" border=\"0\" width=\"200\" height=\"300\"><\/a><!-- Ende https:\/\/www.financeads.net\/-Code --><\/div>\t\t<\/div>\n\t\t\t\t<\/div>\n\t\t\t\t<div class=\"elementor-element elementor-element-67abb4d elementor-widget elementor-widget-wp-widget-advads_ad_widget\" data-id=\"67abb4d\" data-element_type=\"widget\" data-widget_type=\"wp-widget-advads_ad_widget.default\">\n\t\t\t\t<div class=\"elementor-widget-container\">\n\t\t\t<div id=\"regio-864485668\"><div class=\"regio-adlabel\">Werbung<\/div><!-- Beginn https:\/\/www.financeads.net\/-Code --><a href=\"https:\/\/www.financeads.net\/tc.php?t=36648C205040072B\" target=\"_blank\"><img loading=\"lazy\" decoding=\"async\" src=\"https:\/\/www.financeads.net\/tb.php?t=36648V205040072B&https=1\" alt=\"\" border=\"0\" width=\"300\" height=\"250\"><\/a><!-- Ende https:\/\/www.financeads.net\/-Code --><\/div>\t\t<\/div>\n\t\t\t\t<\/div>\n\t\t\t\t<div class=\"elementor-element elementor-element-bd6d67f elementor-widget elementor-widget-wp-widget-advads_ad_widget\" data-id=\"bd6d67f\" data-element_type=\"widget\" data-widget_type=\"wp-widget-advads_ad_widget.default\">\n\t\t\t\t<div class=\"elementor-widget-container\">\n\t\t\t<div id=\"regio-2183775512\"><div class=\"regio-adlabel\">Werbung<\/div><!-- Beginn https:\/\/www.financeads.net\/-Code --><a href=\"https:\/\/www.financeads.net\/tc.php?t=36648C271460142B\" target=\"_blank\"><img loading=\"lazy\" decoding=\"async\" src=\"https:\/\/www.financeads.net\/tb.php?t=36648V271460142B&https=1\" alt=\"PETPROTECT_Hund&Katze_Banner\" border=\"0\" width=\"250\" height=\"250\"><\/a><!-- Ende https:\/\/www.financeads.net\/-Code --><\/div>\t\t<\/div>\n\t\t\t\t<\/div>\n\t\t\t\t\t<\/div>\n\t\t<\/div>\n\t\t\t\t\t<\/div>\n\t\t<\/section>\n\t\t\t\t<\/div>\n\t\t","protected":false},"excerpt":{"rendered":"<div class=\"mh-excerpt\"><p>Am Samstag, den 26. November 2022, um 15.00 Uhr im Markgrafensaal:\u00a0Die Sch\u00f6ne und das Biest &#8211; das Musical Schwabach &#8211; Ungeheuer sch\u00f6n: In seinem Musical-Highlight \u201eDie Sch\u00f6ne und das Biest\u201c, erz\u00e4hlt das Theater Liberi eindrucksvoll <a class=\"mh-excerpt-more\" href=\"https:\/\/www.region-schwabach.de\/wordpress\/die-schone-und-das-biest-musical-am-samstag-den-26-november-2022-im-markgrafensaal-schwabach\/\" title=\"Die Sch\u00f6ne und das Biest &#8211; MUSICAL am Samstag, den 26. November 2022, im Markgrafensaal Schwabach\">[&#8230;]<\/a><\/p>\n<\/div>","protected":false},"author":1,"featured_media":189022,"comment_status":"open","ping_status":"open","sticky":false,"template":"","format":"standard","meta":{"_cbd_carousel_blocks":"[]","footnotes":""},"categories":[16,287,231],"tags":[21040,21039,21038,3128,2029,2028,5125,19],"class_list":{"0":"post-189015","1":"post","2":"type-post","3":"status-publish","4":"format-standard","5":"has-post-thumbnail","7":"category-aktuell","8":"category-jugend-und-familie","9":"category-veranstaltungsnews","10":"tag-26-november-2022","11":"tag-26-11-2022","12":"tag-die-schoene-und-das-biest","13":"tag-konzert","14":"tag-ludwigstrasse","15":"tag-markgrafensaal","16":"tag-musical","17":"tag-schwabach"},"_links":{"self":[{"href":"https:\/\/www.region-schwabach.de\/wordpress\/wp-json\/wp\/v2\/posts\/189015","targetHints":{"allow":["GET"]}}],"collection":[{"href":"https:\/\/www.region-schwabach.de\/wordpress\/wp-json\/wp\/v2\/posts"}],"about":[{"href":"https:\/\/www.region-schwabach.de\/wordpress\/wp-json\/wp\/v2\/types\/post"}],"author":[{"embeddable":true,"href":"https:\/\/www.region-schwabach.de\/wordpress\/wp-json\/wp\/v2\/users\/1"}],"replies":[{"embeddable":true,"href":"https:\/\/www.region-schwabach.de\/wordpress\/wp-json\/wp\/v2\/comments?post=189015"}],"version-history":[{"count":0,"href":"https:\/\/www.region-schwabach.de\/wordpress\/wp-json\/wp\/v2\/posts\/189015\/revisions"}],"wp:featuredmedia":[{"embeddable":true,"href":"https:\/\/www.region-schwabach.de\/wordpress\/wp-json\/wp\/v2\/media\/189022"}],"wp:attachment":[{"href":"https:\/\/www.region-schwabach.de\/wordpress\/wp-json\/wp\/v2\/media?parent=189015"}],"wp:term":[{"taxonomy":"category","embeddable":true,"href":"https:\/\/www.region-schwabach.de\/wordpress\/wp-json\/wp\/v2\/categories?post=189015"},{"taxonomy":"post_tag","embeddable":true,"href":"https:\/\/www.region-schwabach.de\/wordpress\/wp-json\/wp\/v2\/tags?post=189015"}],"curies":[{"name":"wp","href":"https:\/\/api.w.org\/{rel}","templated":true}]}}