{"id":189831,"date":"2022-12-06T00:27:00","date_gmt":"2022-12-05T23:27:00","guid":{"rendered":"https:\/\/www.region-schwabach.de\/wordpress\/?p=189831"},"modified":"2022-12-05T15:23:12","modified_gmt":"2022-12-05T14:23:12","slug":"sachbeschadigung-an-geparkten-pkws-in-schwanstetten-und-georgensgmund","status":"publish","type":"post","link":"https:\/\/www.region-schwabach.de\/wordpress\/sachbeschadigung-an-geparkten-pkws-in-schwanstetten-und-georgensgmund\/","title":{"rendered":"Sachbesch\u00e4digung an geparkten PKWs in Schwanstetten und Georgensgm\u00fcnd"},"content":{"rendered":"\t\t<div data-elementor-type=\"wp-post\" data-elementor-id=\"189831\" class=\"elementor elementor-189831\">\n\t\t\t\t\t\t<section class=\"elementor-section elementor-top-section elementor-element elementor-element-1cuv9jr elementor-section-boxed elementor-section-height-default elementor-section-height-default\" data-id=\"1cuv9jr\" data-element_type=\"section\">\n\t\t\t\t\t\t<div class=\"elementor-container elementor-column-gap-default\">\n\t\t\t\t\t<div class=\"elementor-column elementor-col-50 elementor-top-column elementor-element elementor-element-q5zak7b\" data-id=\"q5zak7b\" data-element_type=\"column\">\n\t\t\t<div class=\"elementor-widget-wrap elementor-element-populated\">\n\t\t\t\t\t\t<div class=\"elementor-element elementor-element-dcef279 elementor-widget elementor-widget-wp-widget-advads_ad_widget\" data-id=\"dcef279\" data-element_type=\"widget\" data-widget_type=\"wp-widget-advads_ad_widget.default\">\n\t\t\t\t<div class=\"elementor-widget-container\">\n\t\t\t<div id=\"regio-470966850\"><div class=\"regio-adlabel\">Werbung<\/div><center><a href=\"https:\/\/a.partner-versicherung.de\/click.php?partner_id=19992&ad_id=1578&deep=kreditkarten\"  target=\"_blank\"><img decoding=\"async\" src=\"https:\/\/a.partner-versicherung.de\/view.php?partner_id=19992&ad_id=1578\" ><\/a><\/center><\/div>\t\t<\/div>\n\t\t\t\t<\/div>\n\t\t\t\t<div class=\"elementor-element elementor-element-a4daeae elementor-widget elementor-widget-text-editor\" data-id=\"a4daeae\" data-element_type=\"widget\" data-widget_type=\"text-editor.default\">\n\t\t\t\t<div class=\"elementor-widget-container\">\n\t\t\t\t\t\t\t<h3>Autos in Georgensgm\u00fcnd und Schwanstetten verkratzt\u00a0<\/h3><p><span style=\"font-size: 12pt;\">Schwanstetten \/ Georgensgm\u00fcnd &#8211; Am Sonntag, den 04.12.2022, wurden im Einsatzbereich der Rother Polizei gleich zwei Fahrzeuge von bisher unbekannten T\u00e4tern zerkratzt.\u00a0<\/span><\/p><p><span style=\"font-size: 12pt;\">Schwanstetten &#8211; In der \u201eAlten Stra\u00dfe&#8220; in Schwanstetten wurde dabei in der Zeit zwischen 11.00 Uhr und 15.00 Uhr ein geparkter schwarzer Mitsubishi an der Beifahrerseite besch\u00e4digt, wobei ein Sachschaden in H\u00f6he von ca. 1.500 Euro entstand.\u00a0<\/span><\/p><p><span style=\"font-size: 12pt;\">Georgensgm\u00fcnd &#8211; In der Zeit zwischen 13.00 Uhr und 13.30 Uhr wurde in der Gartenstra\u00dfe in Georgensgm\u00fcnd ebenfalls die Beifahrerseite und zus\u00e4tzlich der Kotfl\u00fcgel eines dort geparkten schwarzen Seat zerkratzt, hier entstand ein Sachschaden in H\u00f6he von ca. 2.000 Euro.\u00a0<\/span><\/p><h3>Polizei bittet um Mithilfe\u00a0<\/h3><p><span style=\"font-size: 12pt;\">Personen, die verd\u00e4chtige Beobachtungen gemacht haben, werden gebeten, diese der Polizei in Roth unter der Rufnummer 09171-9744-0 mitzuteilen.\u00a0<\/span><\/p>\t\t\t\t\t\t<\/div>\n\t\t\t\t<\/div>\n\t\t\t\t<div class=\"elementor-element elementor-element-6c3f9de elementor-widget elementor-widget-shortcode\" data-id=\"6c3f9de\" data-element_type=\"widget\" data-widget_type=\"shortcode.default\">\n\t\t\t\t<div class=\"elementor-widget-container\">\n\t\t\t\t\t<div class=\"elementor-shortcode\"><center><a href=\"https:\/\/a.partner-versicherung.de\/click.php?partner_id=19992&ad_id=441&deep=kfz-versicherung\"  target=\"_blank\"><img decoding=\"async\" src=\"https:\/\/a.partner-versicherung.de\/view.php?partner_id=19992&ad_id=441\" ><\/a><\/center><\/div>\n\t\t\t\t<\/div>\n\t\t\t\t<\/div>\n\t\t\t\t<div class=\"elementor-element elementor-element-ace1283 elementor-widget-divider--view-line elementor-widget elementor-widget-divider\" data-id=\"ace1283\" data-element_type=\"widget\" data-widget_type=\"divider.default\">\n\t\t\t\t<div class=\"elementor-widget-container\">\n\t\t\t\t\t<div class=\"elementor-divider\">\n\t\t\t<span class=\"elementor-divider-separator\">\n\t\t\t\t\t\t<\/span>\n\t\t<\/div>\n\t\t\t\t<\/div>\n\t\t\t\t<\/div>\n\t\t\t\t<div class=\"elementor-element elementor-element-ac34ac3 elementor-widget elementor-widget-google_maps\" data-id=\"ac34ac3\" data-element_type=\"widget\" data-widget_type=\"google_maps.default\">\n\t\t\t\t<div class=\"elementor-widget-container\">\n\t\t\t\t\t<div class=\"elementor-custom-embed\">\n\t\t\t<iframe loading=\"lazy\"\n\t\t\t\t\tsrc=\"https:\/\/maps.google.com\/maps?q=Alten%20Stra%C3%9Fe%2C%20Schwanstetten%2C%20Deutschland&#038;t=m&#038;z=16&#038;output=embed&#038;iwloc=near\"\n\t\t\t\t\ttitle=\"Alten Stra\u00dfe, Schwanstetten, Deutschland\"\n\t\t\t\t\taria-label=\"Alten Stra\u00dfe, Schwanstetten, Deutschland\"\n\t\t\t><\/iframe>\n\t\t<\/div>\n\t\t\t\t<\/div>\n\t\t\t\t<\/div>\n\t\t\t\t<div class=\"elementor-element elementor-element-b75e341 elementor-widget elementor-widget-google_maps\" data-id=\"b75e341\" data-element_type=\"widget\" data-widget_type=\"google_maps.default\">\n\t\t\t\t<div class=\"elementor-widget-container\">\n\t\t\t\t\t<div class=\"elementor-custom-embed\">\n\t\t\t<iframe loading=\"lazy\"\n\t\t\t\t\tsrc=\"https:\/\/maps.google.com\/maps?q=Gartenstra%C3%9Fe%2C%20Georgensgm%C3%BCnd%2C%20Deutschland&#038;t=m&#038;z=17&#038;output=embed&#038;iwloc=near\"\n\t\t\t\t\ttitle=\"Gartenstra\u00dfe, Georgensgm\u00fcnd, Deutschland\"\n\t\t\t\t\taria-label=\"Gartenstra\u00dfe, Georgensgm\u00fcnd, Deutschland\"\n\t\t\t><\/iframe>\n\t\t<\/div>\n\t\t\t\t<\/div>\n\t\t\t\t<\/div>\n\t\t\t\t\t<\/div>\n\t\t<\/div>\n\t\t\t\t<div class=\"elementor-column elementor-col-50 elementor-top-column elementor-element elementor-element-4ce46fb\" data-id=\"4ce46fb\" data-element_type=\"column\">\n\t\t\t<div class=\"elementor-widget-wrap elementor-element-populated\">\n\t\t\t\t\t\t<div class=\"elementor-element elementor-element-38f4e35 elementor-widget elementor-widget-heading\" data-id=\"38f4e35\" data-element_type=\"widget\" data-widget_type=\"heading.default\">\n\t\t\t\t<div class=\"elementor-widget-container\">\n\t\t\t<h3 class=\"elementor-heading-title elementor-size-default\">Schnell vergleichen und sparen!<\/h3>\t\t<\/div>\n\t\t\t\t<\/div>\n\t\t\t\t<div class=\"elementor-element elementor-element-92c49bc elementor-widget elementor-widget-wp-widget-advads_ad_widget\" data-id=\"92c49bc\" data-element_type=\"widget\" data-widget_type=\"wp-widget-advads_ad_widget.default\">\n\t\t\t\t<div class=\"elementor-widget-container\">\n\t\t\t<div id=\"regio-3363859686\"><div class=\"regio-adlabel\">Werbung<\/div><!-- Beginn https:\/\/www.financeads.net\/-Code --><a href=\"https:\/\/www.financeads.net\/tc.php?t=36648C236142529B\" target=\"_blank\"><img fetchpriority=\"high\" decoding=\"async\" src=\"https:\/\/www.financeads.net\/tb.php?t=36648V236142529B&https=1\" alt=\"\" border=\"0\" width=\"300\" height=\"250\"><\/a><!-- Ende https:\/\/www.financeads.net\/-Code --><\/div>\t\t<\/div>\n\t\t\t\t<\/div>\n\t\t\t\t<div class=\"elementor-element elementor-element-cb0c78c elementor-widget elementor-widget-wp-widget-advads_ad_widget\" data-id=\"cb0c78c\" data-element_type=\"widget\" data-widget_type=\"wp-widget-advads_ad_widget.default\">\n\t\t\t\t<div class=\"elementor-widget-container\">\n\t\t\t<div id=\"regio-1725014471\"><div class=\"regio-adlabel\">Werbung<\/div><!-- Beginn https:\/\/www.financeads.net\/-Code --><a href=\"https:\/\/www.financeads.net\/tc.php?t=36648C42614510B\" target=\"_blank\"><img decoding=\"async\" src=\"https:\/\/www.financeads.net\/tb.php?t=36648V42614510B&https=1\" alt=\"\" border=\"0\" width=\"200\" height=\"300\"><\/a><!-- Ende https:\/\/www.financeads.net\/-Code --><\/div>\t\t<\/div>\n\t\t\t\t<\/div>\n\t\t\t\t<div class=\"elementor-element elementor-element-31c9ced elementor-widget elementor-widget-wp-widget-advads_ad_widget\" data-id=\"31c9ced\" data-element_type=\"widget\" data-widget_type=\"wp-widget-advads_ad_widget.default\">\n\t\t\t\t<div class=\"elementor-widget-container\">\n\t\t\t<div id=\"regio-2774482985\"><div class=\"regio-adlabel\">Werbung<\/div><!-- Beginn https:\/\/www.financeads.net\/-Code --><a href=\"https:\/\/www.financeads.net\/tc.php?t=36648C205040072B\" target=\"_blank\"><img decoding=\"async\" src=\"https:\/\/www.financeads.net\/tb.php?t=36648V205040072B&https=1\" alt=\"\" border=\"0\" width=\"300\" height=\"250\"><\/a><!-- Ende https:\/\/www.financeads.net\/-Code --><\/div>\t\t<\/div>\n\t\t\t\t<\/div>\n\t\t\t\t<div class=\"elementor-element elementor-element-0344b9f elementor-widget elementor-widget-wp-widget-advads_ad_widget\" data-id=\"0344b9f\" data-element_type=\"widget\" data-widget_type=\"wp-widget-advads_ad_widget.default\">\n\t\t\t\t<div class=\"elementor-widget-container\">\n\t\t\t<div id=\"regio-3211933086\"><div class=\"regio-adlabel\">Werbung<\/div><!-- Beginn https:\/\/www.financeads.net\/-Code --><a href=\"https:\/\/www.financeads.net\/tc.php?t=36648C271460142B\" target=\"_blank\"><img loading=\"lazy\" decoding=\"async\" src=\"https:\/\/www.financeads.net\/tb.php?t=36648V271460142B&https=1\" alt=\"PETPROTECT_Hund&Katze_Banner\" border=\"0\" width=\"250\" height=\"250\"><\/a><!-- Ende https:\/\/www.financeads.net\/-Code --><\/div>\t\t<\/div>\n\t\t\t\t<\/div>\n\t\t\t\t\t<\/div>\n\t\t<\/div>\n\t\t\t\t\t<\/div>\n\t\t<\/section>\n\t\t\t\t<\/div>\n\t\t","protected":false},"excerpt":{"rendered":"<div class=\"mh-excerpt\"><p>Autos in Georgensgm\u00fcnd und Schwanstetten verkratzt\u00a0 Schwanstetten \/ Georgensgm\u00fcnd &#8211; Am Sonntag, den 04.12.2022, wurden im Einsatzbereich der Rother Polizei gleich zwei Fahrzeuge von bisher unbekannten T\u00e4tern zerkratzt.\u00a0 Schwanstetten &#8211; In der \u201eAlten Stra\u00dfe&#8220; in <a class=\"mh-excerpt-more\" href=\"https:\/\/www.region-schwabach.de\/wordpress\/sachbeschadigung-an-geparkten-pkws-in-schwanstetten-und-georgensgmund\/\" title=\"Sachbesch\u00e4digung an geparkten PKWs in Schwanstetten und Georgensgm\u00fcnd\">[&#8230;]<\/a><\/p>\n<\/div>","protected":false},"author":1,"featured_media":189832,"comment_status":"open","ping_status":"open","sticky":false,"template":"","format":"standard","meta":{"_cbd_carousel_blocks":"[]","footnotes":""},"categories":[15],"tags":[21122,6846,788,1599,527,571,1072,558,463,981,32,487,430,1161,1374,2951],"class_list":{"0":"post-189831","1":"post","2":"type-post","3":"status-publish","4":"format-standard","5":"has-post-thumbnail","7":"category-polizeimeldungen","8":"tag-04-12-2022","9":"tag-alte-strasse","10":"tag-beifahrerseite","11":"tag-gartenstrasse","12":"tag-georgensgmuend","13":"tag-kotfluegel","14":"tag-kratzer","15":"tag-mitsubishi","16":"tag-pkw","17":"tag-polizei","18":"tag-roth","19":"tag-sachbeschaedigung","20":"tag-schwanstetten","21":"tag-seat","22":"tag-verkratzt","23":"tag-zerkratzt"},"_links":{"self":[{"href":"https:\/\/www.region-schwabach.de\/wordpress\/wp-json\/wp\/v2\/posts\/189831","targetHints":{"allow":["GET"]}}],"collection":[{"href":"https:\/\/www.region-schwabach.de\/wordpress\/wp-json\/wp\/v2\/posts"}],"about":[{"href":"https:\/\/www.region-schwabach.de\/wordpress\/wp-json\/wp\/v2\/types\/post"}],"author":[{"embeddable":true,"href":"https:\/\/www.region-schwabach.de\/wordpress\/wp-json\/wp\/v2\/users\/1"}],"replies":[{"embeddable":true,"href":"https:\/\/www.region-schwabach.de\/wordpress\/wp-json\/wp\/v2\/comments?post=189831"}],"version-history":[{"count":0,"href":"https:\/\/www.region-schwabach.de\/wordpress\/wp-json\/wp\/v2\/posts\/189831\/revisions"}],"wp:featuredmedia":[{"embeddable":true,"href":"https:\/\/www.region-schwabach.de\/wordpress\/wp-json\/wp\/v2\/media\/189832"}],"wp:attachment":[{"href":"https:\/\/www.region-schwabach.de\/wordpress\/wp-json\/wp\/v2\/media?parent=189831"}],"wp:term":[{"taxonomy":"category","embeddable":true,"href":"https:\/\/www.region-schwabach.de\/wordpress\/wp-json\/wp\/v2\/categories?post=189831"},{"taxonomy":"post_tag","embeddable":true,"href":"https:\/\/www.region-schwabach.de\/wordpress\/wp-json\/wp\/v2\/tags?post=189831"}],"curies":[{"name":"wp","href":"https:\/\/api.w.org\/{rel}","templated":true}]}}