{"id":190796,"date":"2022-12-17T01:30:00","date_gmt":"2022-12-17T00:30:00","guid":{"rendered":"https:\/\/www.region-schwabach.de\/wordpress\/?p=190796"},"modified":"2022-12-16T20:26:00","modified_gmt":"2022-12-16T19:26:00","slug":"dichterlesung-am-samstag-den-17-dezember-2022-um-20-00-uhr-im-burgerhaus-in-schwabach","status":"publish","type":"post","link":"https:\/\/www.region-schwabach.de\/wordpress\/dichterlesung-am-samstag-den-17-dezember-2022-um-20-00-uhr-im-burgerhaus-in-schwabach\/","title":{"rendered":"Dichterlesung am Samstag, den 17. Dezember 2022, um 20.00 Uhr im B\u00fcrgerhaus in Schwabach"},"content":{"rendered":"\t\t<div data-elementor-type=\"wp-post\" data-elementor-id=\"190796\" class=\"elementor elementor-190796\">\n\t\t\t\t\t\t<section class=\"elementor-section elementor-top-section elementor-element elementor-element-678181b elementor-section-boxed elementor-section-height-default elementor-section-height-default\" data-id=\"678181b\" data-element_type=\"section\">\n\t\t\t\t\t\t<div class=\"elementor-container elementor-column-gap-default\">\n\t\t\t\t\t<div class=\"elementor-column elementor-col-66 elementor-top-column elementor-element elementor-element-6b34026\" data-id=\"6b34026\" data-element_type=\"column\">\n\t\t\t<div class=\"elementor-widget-wrap elementor-element-populated\">\n\t\t\t\t\t\t<div class=\"elementor-element elementor-element-443ab98 elementor-widget elementor-widget-text-editor\" data-id=\"443ab98\" data-element_type=\"widget\" data-widget_type=\"text-editor.default\">\n\t\t\t\t<div class=\"elementor-widget-container\">\n\t\t\t\t\t\t\t<h3>Samstag, den 17. Dezember 2022, um 20.00 Uhr im B\u00fcrgerhaus am K\u00f6nigsplatz:&nbsp;<br>Dichterlesung mit Willy B\u00fcttl<\/h3>\n<p><strong><span style=\"font-size: 12pt;\">Dichterlesung \u00fcber ein Buch von Manfred Kosmann, vorgelesen von Willy B\u00fcttl&nbsp;<\/span><\/strong><\/p>\n<p><span style=\"font-size: 12pt;\">Schwabach &#8211;&nbsp;Nach einem Kurzauftritt der beiden ehemaligen &#8222;Schnitzernegg&#8220; Richard Luxenburger und Willy B\u00fcttl, bei dem die beiden Lieber der &#8222;Schnitzerneggl&#8220; vortragen, liest Willy B\u00fcttl aus dem Familienroman &#8222;Was Dunak\u00f6ml\u00f6d und N\u00e9metk\u00e9r mit einem mittelfr\u00e4nkischen Moped zu tun haben&#8220; vor.<\/span><\/p>\n<p><span style=\"font-size: 12pt;\"><strong>Info:<\/strong><\/span><br><span style=\"font-size: 12pt;\">Die Lesung&nbsp; findet am Samstag, den 17. Dezember 2022, von 20.00 Uhr bis 22.30 Uhr im Schwabacher B\u00fcrgerhaus am K\u00f6nigsplatz 33a statt, der Eintritt ist kostenlos.&nbsp;<\/span><\/p>\t\t\t\t\t\t<\/div>\n\t\t\t\t<\/div>\n\t\t\t\t<div class=\"elementor-element elementor-element-18df5bd elementor-widget elementor-widget-google_maps\" data-id=\"18df5bd\" data-element_type=\"widget\" data-widget_type=\"google_maps.default\">\n\t\t\t\t<div class=\"elementor-widget-container\">\n\t\t\t\t\t<div class=\"elementor-custom-embed\">\n\t\t\t<iframe loading=\"lazy\"\n\t\t\t\t\tsrc=\"https:\/\/maps.google.com\/maps?q=Limbacher%20Stra%C3%9Fe%2012g%2C%20Schwabach%2C%20Deutschland&#038;t=m&#038;z=17&#038;output=embed&#038;iwloc=near\"\n\t\t\t\t\ttitle=\"Limbacher Stra\u00dfe 12g, Schwabach, Deutschland\"\n\t\t\t\t\taria-label=\"Limbacher Stra\u00dfe 12g, Schwabach, Deutschland\"\n\t\t\t><\/iframe>\n\t\t<\/div>\n\t\t\t\t<\/div>\n\t\t\t\t<\/div>\n\t\t\t\t<div class=\"elementor-element elementor-element-fc55cc3 elementor-widget elementor-widget-shortcode\" data-id=\"fc55cc3\" data-element_type=\"widget\" data-widget_type=\"shortcode.default\">\n\t\t\t\t<div class=\"elementor-widget-container\">\n\t\t\t\t\t<div class=\"elementor-shortcode\"><center><a href=\"https:\/\/a.partner-versicherung.de\/click.php?partner_id=19992&ad_id=441&deep=kfz-versicherung\"  target=\"_blank\"><img decoding=\"async\" src=\"https:\/\/a.partner-versicherung.de\/view.php?partner_id=19992&ad_id=441\" ><\/a><\/center><\/div>\n\t\t\t\t<\/div>\n\t\t\t\t<\/div>\n\t\t\t\t\t<\/div>\n\t\t<\/div>\n\t\t\t\t<div class=\"elementor-column elementor-col-33 elementor-top-column elementor-element elementor-element-f645137\" data-id=\"f645137\" data-element_type=\"column\">\n\t\t\t<div class=\"elementor-widget-wrap elementor-element-populated\">\n\t\t\t\t\t\t<div class=\"elementor-element elementor-element-46aa455 elementor-widget elementor-widget-heading\" data-id=\"46aa455\" data-element_type=\"widget\" data-widget_type=\"heading.default\">\n\t\t\t\t<div class=\"elementor-widget-container\">\n\t\t\t<h3 class=\"elementor-heading-title elementor-size-default\">Schnell vergleichen und sparen!<\/h3>\t\t<\/div>\n\t\t\t\t<\/div>\n\t\t\t\t<div class=\"elementor-element elementor-element-7109c22 elementor-widget elementor-widget-wp-widget-advads_ad_widget\" data-id=\"7109c22\" data-element_type=\"widget\" data-widget_type=\"wp-widget-advads_ad_widget.default\">\n\t\t\t\t<div class=\"elementor-widget-container\">\n\t\t\t<div id=\"regio-228853591\"><div class=\"regio-adlabel\">Werbung<\/div><!-- Beginn https:\/\/www.financeads.net\/-Code --><a href=\"https:\/\/www.financeads.net\/tc.php?t=36648C236142529B\" target=\"_blank\"><img fetchpriority=\"high\" decoding=\"async\" src=\"https:\/\/www.financeads.net\/tb.php?t=36648V236142529B&https=1\" alt=\"\" border=\"0\" width=\"300\" height=\"250\"><\/a><!-- Ende https:\/\/www.financeads.net\/-Code --><\/div>\t\t<\/div>\n\t\t\t\t<\/div>\n\t\t\t\t<div class=\"elementor-element elementor-element-1c90843 elementor-widget elementor-widget-wp-widget-advads_ad_widget\" data-id=\"1c90843\" data-element_type=\"widget\" data-widget_type=\"wp-widget-advads_ad_widget.default\">\n\t\t\t\t<div class=\"elementor-widget-container\">\n\t\t\t<div id=\"regio-1038388677\"><div class=\"regio-adlabel\">Werbung<\/div><!-- Beginn https:\/\/www.financeads.net\/-Code --><a href=\"https:\/\/www.financeads.net\/tc.php?t=36648C42614510B\" target=\"_blank\"><img decoding=\"async\" src=\"https:\/\/www.financeads.net\/tb.php?t=36648V42614510B&https=1\" alt=\"\" border=\"0\" width=\"200\" height=\"300\"><\/a><!-- Ende https:\/\/www.financeads.net\/-Code --><\/div>\t\t<\/div>\n\t\t\t\t<\/div>\n\t\t\t\t<div class=\"elementor-element elementor-element-f9ebf1f elementor-widget elementor-widget-wp-widget-advads_ad_widget\" data-id=\"f9ebf1f\" data-element_type=\"widget\" data-widget_type=\"wp-widget-advads_ad_widget.default\">\n\t\t\t\t<div class=\"elementor-widget-container\">\n\t\t\t<div id=\"regio-4248718833\"><div class=\"regio-adlabel\">Werbung<\/div><!-- Beginn https:\/\/www.financeads.net\/-Code --><a href=\"https:\/\/www.financeads.net\/tc.php?t=36648C205040072B\" target=\"_blank\"><img decoding=\"async\" src=\"https:\/\/www.financeads.net\/tb.php?t=36648V205040072B&https=1\" alt=\"\" border=\"0\" width=\"300\" height=\"250\"><\/a><!-- Ende https:\/\/www.financeads.net\/-Code --><\/div>\t\t<\/div>\n\t\t\t\t<\/div>\n\t\t\t\t<div class=\"elementor-element elementor-element-2d72782 elementor-widget elementor-widget-wp-widget-advads_ad_widget\" data-id=\"2d72782\" data-element_type=\"widget\" data-widget_type=\"wp-widget-advads_ad_widget.default\">\n\t\t\t\t<div class=\"elementor-widget-container\">\n\t\t\t<div id=\"regio-3876052066\"><div class=\"regio-adlabel\">Werbung<\/div><!-- Beginn https:\/\/www.financeads.net\/-Code --><a href=\"https:\/\/www.financeads.net\/tc.php?t=36648C271460142B\" target=\"_blank\"><img loading=\"lazy\" decoding=\"async\" src=\"https:\/\/www.financeads.net\/tb.php?t=36648V271460142B&https=1\" alt=\"PETPROTECT_Hund&Katze_Banner\" border=\"0\" width=\"250\" height=\"250\"><\/a><!-- Ende https:\/\/www.financeads.net\/-Code --><\/div>\t\t<\/div>\n\t\t\t\t<\/div>\n\t\t\t\t\t<\/div>\n\t\t<\/div>\n\t\t\t\t\t<\/div>\n\t\t<\/section>\n\t\t\t\t<\/div>\n\t\t","protected":false},"excerpt":{"rendered":"<div class=\"mh-excerpt\"><p>Samstag, den 17. Dezember 2022, um 20.00 Uhr im B\u00fcrgerhaus am K\u00f6nigsplatz:&nbsp;Dichterlesung mit Willy B\u00fcttl Dichterlesung \u00fcber ein Buch von Manfred Kosmann, vorgelesen von Willy B\u00fcttl&nbsp; Schwabach &#8211;&nbsp;Nach einem Kurzauftritt der beiden ehemaligen &#8222;Schnitzernegg&#8220; Richard <a class=\"mh-excerpt-more\" href=\"https:\/\/www.region-schwabach.de\/wordpress\/dichterlesung-am-samstag-den-17-dezember-2022-um-20-00-uhr-im-burgerhaus-in-schwabach\/\" title=\"Dichterlesung am Samstag, den 17. Dezember 2022, um 20.00 Uhr im B\u00fcrgerhaus in Schwabach\">[&#8230;]<\/a><\/p>\n<\/div>","protected":false},"author":1,"featured_media":190797,"comment_status":"open","ping_status":"open","sticky":false,"template":"","format":"standard","meta":{"_cbd_carousel_blocks":"[]","footnotes":""},"categories":[16,287,231,140],"tags":[21226,21206,21205,3604,21222,21225,522,4275,21223,1480,19,21186,21224],"class_list":{"0":"post-190796","1":"post","2":"type-post","3":"status-publish","4":"format-standard","5":"has-post-thumbnail","7":"category-aktuell","8":"category-jugend-und-familie","9":"category-veranstaltungsnews","10":"category-vereine","11":"tag-was-dunakoemloed-und-nemetker-mit-einem-mittelfraenkischen-moped-zu-tun-haben","12":"tag-17-dezember-2022","13":"tag-17-12-2022","14":"tag-buergerhaus","15":"tag-dichterlesung","16":"tag-familienroman","17":"tag-koenigsplatz","18":"tag-lesung","19":"tag-manfred-kosmann","20":"tag-rathaus","21":"tag-schwabach","22":"tag-weihnachtliches-mit-musik","23":"tag-willy-buettl"},"_links":{"self":[{"href":"https:\/\/www.region-schwabach.de\/wordpress\/wp-json\/wp\/v2\/posts\/190796","targetHints":{"allow":["GET"]}}],"collection":[{"href":"https:\/\/www.region-schwabach.de\/wordpress\/wp-json\/wp\/v2\/posts"}],"about":[{"href":"https:\/\/www.region-schwabach.de\/wordpress\/wp-json\/wp\/v2\/types\/post"}],"author":[{"embeddable":true,"href":"https:\/\/www.region-schwabach.de\/wordpress\/wp-json\/wp\/v2\/users\/1"}],"replies":[{"embeddable":true,"href":"https:\/\/www.region-schwabach.de\/wordpress\/wp-json\/wp\/v2\/comments?post=190796"}],"version-history":[{"count":0,"href":"https:\/\/www.region-schwabach.de\/wordpress\/wp-json\/wp\/v2\/posts\/190796\/revisions"}],"wp:featuredmedia":[{"embeddable":true,"href":"https:\/\/www.region-schwabach.de\/wordpress\/wp-json\/wp\/v2\/media\/190797"}],"wp:attachment":[{"href":"https:\/\/www.region-schwabach.de\/wordpress\/wp-json\/wp\/v2\/media?parent=190796"}],"wp:term":[{"taxonomy":"category","embeddable":true,"href":"https:\/\/www.region-schwabach.de\/wordpress\/wp-json\/wp\/v2\/categories?post=190796"},{"taxonomy":"post_tag","embeddable":true,"href":"https:\/\/www.region-schwabach.de\/wordpress\/wp-json\/wp\/v2\/tags?post=190796"}],"curies":[{"name":"wp","href":"https:\/\/api.w.org\/{rel}","templated":true}]}}