{"id":191668,"date":"2022-12-31T01:30:00","date_gmt":"2022-12-31T00:30:00","guid":{"rendered":"https:\/\/www.region-schwabach.de\/wordpress\/?p=191668"},"modified":"2022-12-30T22:26:10","modified_gmt":"2022-12-30T21:26:10","slug":"verbot-von-feuerwerk-im-stadtzentrum-von-schwabach-zum-jahreswechsel-2022-2023","status":"publish","type":"post","link":"https:\/\/www.region-schwabach.de\/wordpress\/verbot-von-feuerwerk-im-stadtzentrum-von-schwabach-zum-jahreswechsel-2022-2023\/","title":{"rendered":"Verbot von Feuerwerk im Stadtzentrum von Schwabach zum Jahreswechsel 2022\/2023"},"content":{"rendered":"\t\t<div data-elementor-type=\"wp-post\" data-elementor-id=\"191668\" class=\"elementor elementor-191668\">\n\t\t\t\t\t\t<section class=\"elementor-section elementor-top-section elementor-element elementor-element-678181b elementor-section-boxed elementor-section-height-default elementor-section-height-default\" data-id=\"678181b\" data-element_type=\"section\">\n\t\t\t\t\t\t<div class=\"elementor-container elementor-column-gap-default\">\n\t\t\t\t\t<div class=\"elementor-column elementor-col-50 elementor-top-column elementor-element elementor-element-6b34026\" data-id=\"6b34026\" data-element_type=\"column\">\n\t\t\t<div class=\"elementor-widget-wrap elementor-element-populated\">\n\t\t\t\t\t\t<div class=\"elementor-element elementor-element-15a5ce5 elementor-widget elementor-widget-wp-widget-advads_ad_widget\" data-id=\"15a5ce5\" data-element_type=\"widget\" data-widget_type=\"wp-widget-advads_ad_widget.default\">\n\t\t\t\t<div class=\"elementor-widget-container\">\n\t\t\t<div id=\"regio-3689236967\"><div class=\"regio-adlabel\">Werbung<\/div><center><a href=\"https:\/\/a.partner-versicherung.de\/click.php?partner_id=19992&ad_id=1578&deep=kreditkarten\"  target=\"_blank\"><img decoding=\"async\" src=\"https:\/\/a.partner-versicherung.de\/view.php?partner_id=19992&ad_id=1578\" ><\/a><\/center><\/div>\t\t<\/div>\n\t\t\t\t<\/div>\n\t\t\t\t<div class=\"elementor-element elementor-element-443ab98 elementor-widget elementor-widget-text-editor\" data-id=\"443ab98\" data-element_type=\"widget\" data-widget_type=\"text-editor.default\">\n\t\t\t\t<div class=\"elementor-widget-container\">\n\t\t\t\t\t\t\t<h3>Abbrennen von Feuerwerk in der Altstadt verboten\u00a0<\/h3><p><span style=\"font-size: 12pt;\">Schwabach &#8211; Das Abbrennen pyrotechnischer Gegenst\u00e4nde (Feuerwerk) ist am 31.Dezember 2022 (Silvester) und am 1. Januar 2023 (Neujahr) insbesondere in nachfolgend bezeichneten Stra\u00dfen verboten: K\u00f6nigsplatz, Martin-Luther-Platz, Pfarrgasse bis zur Einm\u00fcndung Rosenbergerstra\u00dfe, Fleischbr\u00fccke bis zur Einm\u00fcndung Rosenbergerstra\u00dfe und Kirchgasse (siehe auch nachfolgenden Plan).\u00a0<\/span><\/p><p><a href=\"https:\/\/www.region-schwabach.de\/wordpress\/wp-content\/uploads\/2022\/12\/Feuerwerksverbotszone22_slider-1-e1672307016551.jpg\"><img fetchpriority=\"high\" decoding=\"async\" class=\"aligncenter size-full wp-image-191671\" src=\"https:\/\/www.region-schwabach.de\/wordpress\/wp-content\/uploads\/2022\/12\/Feuerwerksverbotszone22_slider-1-e1672307016551.jpg\" alt=\"\" width=\"640\" height=\"430\" srcset=\"https:\/\/www.region-schwabach.de\/wordpress\/wp-content\/uploads\/2022\/12\/Feuerwerksverbotszone22_slider-1-e1672307016551.jpg 640w, https:\/\/www.region-schwabach.de\/wordpress\/wp-content\/uploads\/2022\/12\/Feuerwerksverbotszone22_slider-1-e1672307016551-300x202.jpg 300w\" sizes=\"(max-width: 640px) 100vw, 640px\" \/><\/a><\/p><h3><span style=\"font-size: 14pt;\">K\u00f6nigsplatz und die angrenzenden Bereiche sind der zentrale Treffpunkte der Schwabacher Bev\u00f6lkerung in der Silvesternacht<\/span><\/h3><p><span style=\"font-size: 12pt;\">Der K\u00f6nigsplatz und die angrenzenden Bereiche sind seit Jahren, mit Ausnahme der Silvesternacht 2020\/21, einer der zentralen Treffpunkte der Schwabacher Bev\u00f6lkerung in der Silvesternacht. Hierbei sammeln sich auf dem Platz gro\u00dfe Menschengruppen an, die gemeinsam feiern und Alkohol zu sich nehmen. Immer wieder wird im gr\u00f6\u00dferen Umfang in diesen Gruppen auch Feuerwerk abgebrannt. <\/span><\/p><p><span style=\"font-size: 12pt;\">Dies f\u00fchrte in der Vergangenheit nicht nur wiederholt zu Gef\u00e4hrdungen der umstehenden Personen, sondern auch zu Gef\u00e4hrdungen der um den Platz liegenden historischen Fachwerkgeb\u00e4ude und der Stadtkirche als historischen Baudenkmal hohen Ranges. So drangen beispielsweise mehrmals Feuerwerksk\u00f6rper in den Dachraum der unmittelbar an den Platz angrenzenden barocken F\u00fcrstenherberge ein und wurden auch im Dachbereich des historischen Fach-werkrathauses gefunden. Hierzu gab es nicht nur entsprechende Beschwerden von B\u00fcrgerinnen und B\u00fcrgern, sondern auch Berichte der Polizei.\u00a0<\/span><\/p><h3><span style=\"font-size: 14pt;\">Erst der Erlass einer Allgemeinverf\u00fcgung konnte das Geschehen an Silvester eind\u00e4mmen\u00a0<\/span><\/h3><p><span style=\"font-size: 12pt;\">Die Stadt Schwabach hat in den letzten Jahren bereits durch Pressemitteilungen wiederholt darauf hingewiesen, dass das Abrennen von Feuerwerksk\u00f6rpern in unmittelbarer N\u00e4he von Kirchen, Krankenh\u00e4usern, Kinder- und Altersheimen sowie besonders brandempfindlichen Geb\u00e4uden oder Anlagen verboten ist. Leider hatte dies in der Vergangenheit nur selten Auswirkungen auf das Geschehen auf dem Platz. Erst durch den Erlass einer Allgemeinverf\u00fcgung konnte das Geschehen an Silvester 2019 und 2021 einged\u00e4mmt werden. Durch die klare Abgrenzung des Geltungsbereiches des Verbotes wurde ein Einschreiten der Sicherheitsbeh\u00f6rden gegen\u00fcber Verst\u00f6\u00dfen erleichtert.\u00a0<\/span><\/p><h3>Weiterf\u00fchrende Informationen:\u00a0<\/h3><p><span style=\"font-size: 12pt;\"><a title=\"Link zum Amtsblatt mit der Allgemeinverf\u00fcgung\" href=\"https:\/\/schwabach.de\/images\/referate\/referat_2\/Ordnungsamt\/Downloads\/Amtsblatt51_Schwabach_2022_12_23.pdf\" target=\"_blank\" rel=\"noopener\">Die Allgemeinverf\u00fcgung zur Feuerwerks-Verbotszone in der Altstadt gibt es hier als Download &#8230;<\/a><\/span><\/p>\t\t\t\t\t\t<\/div>\n\t\t\t\t<\/div>\n\t\t\t\t<div class=\"elementor-element elementor-element-078889e elementor-widget elementor-widget-shortcode\" data-id=\"078889e\" data-element_type=\"widget\" data-widget_type=\"shortcode.default\">\n\t\t\t\t<div class=\"elementor-widget-container\">\n\t\t\t\t\t<div class=\"elementor-shortcode\"><center><a href=\"https:\/\/a.partner-versicherung.de\/click.php?partner_id=19992&ad_id=441&deep=kfz-versicherung\"  target=\"_blank\"><img decoding=\"async\" src=\"https:\/\/a.partner-versicherung.de\/view.php?partner_id=19992&ad_id=441\" ><\/a><\/center><\/div>\n\t\t\t\t<\/div>\n\t\t\t\t<\/div>\n\t\t\t\t<div class=\"elementor-element elementor-element-0c834d7 elementor-widget-divider--view-line elementor-widget elementor-widget-divider\" data-id=\"0c834d7\" data-element_type=\"widget\" data-widget_type=\"divider.default\">\n\t\t\t\t<div class=\"elementor-widget-container\">\n\t\t\t\t\t<div class=\"elementor-divider\">\n\t\t\t<span class=\"elementor-divider-separator\">\n\t\t\t\t\t\t<\/span>\n\t\t<\/div>\n\t\t\t\t<\/div>\n\t\t\t\t<\/div>\n\t\t\t\t<div class=\"elementor-element elementor-element-325f51f elementor-widget elementor-widget-google_maps\" data-id=\"325f51f\" data-element_type=\"widget\" data-widget_type=\"google_maps.default\">\n\t\t\t\t<div class=\"elementor-widget-container\">\n\t\t\t\t\t<div class=\"elementor-custom-embed\">\n\t\t\t<iframe loading=\"lazy\"\n\t\t\t\t\tsrc=\"https:\/\/maps.google.com\/maps?q=K%C3%B6nigsplatz%2C%20Schwabach%2C%20Deutschland&#038;t=m&#038;z=17&#038;output=embed&#038;iwloc=near\"\n\t\t\t\t\ttitle=\"K\u00f6nigsplatz, Schwabach, Deutschland\"\n\t\t\t\t\taria-label=\"K\u00f6nigsplatz, Schwabach, Deutschland\"\n\t\t\t><\/iframe>\n\t\t<\/div>\n\t\t\t\t<\/div>\n\t\t\t\t<\/div>\n\t\t\t\t\t<\/div>\n\t\t<\/div>\n\t\t\t\t<div class=\"elementor-column elementor-col-50 elementor-top-column elementor-element elementor-element-297d0f3\" data-id=\"297d0f3\" data-element_type=\"column\">\n\t\t\t<div class=\"elementor-widget-wrap elementor-element-populated\">\n\t\t\t\t\t\t<div class=\"elementor-element elementor-element-8af87bf elementor-widget elementor-widget-heading\" data-id=\"8af87bf\" data-element_type=\"widget\" data-widget_type=\"heading.default\">\n\t\t\t\t<div class=\"elementor-widget-container\">\n\t\t\t<h3 class=\"elementor-heading-title elementor-size-default\">Schnell vergleichen und sparen!<\/h3>\t\t<\/div>\n\t\t\t\t<\/div>\n\t\t\t\t<div class=\"elementor-element elementor-element-79167bb elementor-widget elementor-widget-wp-widget-advads_ad_widget\" data-id=\"79167bb\" data-element_type=\"widget\" data-widget_type=\"wp-widget-advads_ad_widget.default\">\n\t\t\t\t<div class=\"elementor-widget-container\">\n\t\t\t<div id=\"regio-2200940771\"><div class=\"regio-adlabel\">Werbung<\/div><!-- Beginn https:\/\/www.financeads.net\/-Code --><a href=\"https:\/\/www.financeads.net\/tc.php?t=36648C236142529B\" target=\"_blank\"><img decoding=\"async\" src=\"https:\/\/www.financeads.net\/tb.php?t=36648V236142529B&https=1\" alt=\"\" border=\"0\" width=\"300\" height=\"250\"><\/a><!-- Ende https:\/\/www.financeads.net\/-Code --><\/div>\t\t<\/div>\n\t\t\t\t<\/div>\n\t\t\t\t<div class=\"elementor-element elementor-element-24f77ba elementor-widget elementor-widget-wp-widget-advads_ad_widget\" data-id=\"24f77ba\" data-element_type=\"widget\" data-widget_type=\"wp-widget-advads_ad_widget.default\">\n\t\t\t\t<div class=\"elementor-widget-container\">\n\t\t\t<div id=\"regio-3213423300\"><div class=\"regio-adlabel\">Werbung<\/div><!-- Beginn https:\/\/www.financeads.net\/-Code --><a href=\"https:\/\/www.financeads.net\/tc.php?t=36648C42614510B\" target=\"_blank\"><img decoding=\"async\" src=\"https:\/\/www.financeads.net\/tb.php?t=36648V42614510B&https=1\" alt=\"\" border=\"0\" width=\"200\" height=\"300\"><\/a><!-- Ende https:\/\/www.financeads.net\/-Code --><\/div>\t\t<\/div>\n\t\t\t\t<\/div>\n\t\t\t\t<div class=\"elementor-element elementor-element-5a1ccd8 elementor-widget elementor-widget-wp-widget-advads_ad_widget\" data-id=\"5a1ccd8\" data-element_type=\"widget\" data-widget_type=\"wp-widget-advads_ad_widget.default\">\n\t\t\t\t<div class=\"elementor-widget-container\">\n\t\t\t<div id=\"regio-2818526743\"><div class=\"regio-adlabel\">Werbung<\/div><!-- Beginn https:\/\/www.financeads.net\/-Code --><a href=\"https:\/\/www.financeads.net\/tc.php?t=36648C205040072B\" target=\"_blank\"><img loading=\"lazy\" decoding=\"async\" src=\"https:\/\/www.financeads.net\/tb.php?t=36648V205040072B&https=1\" alt=\"\" border=\"0\" width=\"300\" height=\"250\"><\/a><!-- Ende https:\/\/www.financeads.net\/-Code --><\/div>\t\t<\/div>\n\t\t\t\t<\/div>\n\t\t\t\t<div class=\"elementor-element elementor-element-b5a3cff elementor-widget elementor-widget-wp-widget-advads_ad_widget\" data-id=\"b5a3cff\" data-element_type=\"widget\" data-widget_type=\"wp-widget-advads_ad_widget.default\">\n\t\t\t\t<div class=\"elementor-widget-container\">\n\t\t\t<div id=\"regio-3757224576\"><div class=\"regio-adlabel\">Werbung<\/div><!-- Beginn https:\/\/www.financeads.net\/-Code --><a href=\"https:\/\/www.financeads.net\/tc.php?t=36648C271460142B\" target=\"_blank\"><img loading=\"lazy\" decoding=\"async\" src=\"https:\/\/www.financeads.net\/tb.php?t=36648V271460142B&https=1\" alt=\"PETPROTECT_Hund&Katze_Banner\" border=\"0\" width=\"250\" height=\"250\"><\/a><!-- Ende https:\/\/www.financeads.net\/-Code --><\/div>\t\t<\/div>\n\t\t\t\t<\/div>\n\t\t\t\t\t<\/div>\n\t\t<\/div>\n\t\t\t\t\t<\/div>\n\t\t<\/section>\n\t\t\t\t<\/div>\n\t\t","protected":false},"excerpt":{"rendered":"<div class=\"mh-excerpt\"><p>Abbrennen von Feuerwerk in der Altstadt verboten\u00a0 Schwabach &#8211; Das Abbrennen pyrotechnischer Gegenst\u00e4nde (Feuerwerk) ist am 31.Dezember 2022 (Silvester) und am 1. Januar 2023 (Neujahr) insbesondere in nachfolgend bezeichneten Stra\u00dfen verboten: K\u00f6nigsplatz, Martin-Luther-Platz, Pfarrgasse bis <a class=\"mh-excerpt-more\" href=\"https:\/\/www.region-schwabach.de\/wordpress\/verbot-von-feuerwerk-im-stadtzentrum-von-schwabach-zum-jahreswechsel-2022-2023\/\" title=\"Verbot von Feuerwerk im Stadtzentrum von Schwabach zum Jahreswechsel 2022\/2023\">[&#8230;]<\/a><\/p>\n<\/div>","protected":false},"author":1,"featured_media":191670,"comment_status":"open","ping_status":"open","sticky":false,"template":"","format":"standard","meta":{"_cbd_carousel_blocks":"[]","footnotes":""},"categories":[16,4306,46],"tags":[21294,21293,21292,21290,293,543,296,4668,7539,7540,981,2103,19,2034,7538,3151,7537,11556],"class_list":{"0":"post-191668","1":"post","2":"type-post","3":"status-publish","4":"format-standard","5":"has-post-thumbnail","7":"category-aktuell","8":"category-ratgeber","9":"category-verbaende","10":"tag-01-01-2023","11":"tag-1-januar-2023","12":"tag-31-dezember-2022","13":"tag-31-12-2022","14":"tag-brand","15":"tag-feuer","16":"tag-feuerwehr","17":"tag-feuerwerk","18":"tag-feuerwerkskoerper","19":"tag-jahreswechsel","20":"tag-polizei","21":"tag-rettungsdienst","22":"tag-schwabach","23":"tag-silvesterfeier","24":"tag-silvesterfeuerwerk","25":"tag-stadt-schwabach","26":"tag-tipps","27":"tag-verbot"},"_links":{"self":[{"href":"https:\/\/www.region-schwabach.de\/wordpress\/wp-json\/wp\/v2\/posts\/191668","targetHints":{"allow":["GET"]}}],"collection":[{"href":"https:\/\/www.region-schwabach.de\/wordpress\/wp-json\/wp\/v2\/posts"}],"about":[{"href":"https:\/\/www.region-schwabach.de\/wordpress\/wp-json\/wp\/v2\/types\/post"}],"author":[{"embeddable":true,"href":"https:\/\/www.region-schwabach.de\/wordpress\/wp-json\/wp\/v2\/users\/1"}],"replies":[{"embeddable":true,"href":"https:\/\/www.region-schwabach.de\/wordpress\/wp-json\/wp\/v2\/comments?post=191668"}],"version-history":[{"count":0,"href":"https:\/\/www.region-schwabach.de\/wordpress\/wp-json\/wp\/v2\/posts\/191668\/revisions"}],"wp:featuredmedia":[{"embeddable":true,"href":"https:\/\/www.region-schwabach.de\/wordpress\/wp-json\/wp\/v2\/media\/191670"}],"wp:attachment":[{"href":"https:\/\/www.region-schwabach.de\/wordpress\/wp-json\/wp\/v2\/media?parent=191668"}],"wp:term":[{"taxonomy":"category","embeddable":true,"href":"https:\/\/www.region-schwabach.de\/wordpress\/wp-json\/wp\/v2\/categories?post=191668"},{"taxonomy":"post_tag","embeddable":true,"href":"https:\/\/www.region-schwabach.de\/wordpress\/wp-json\/wp\/v2\/tags?post=191668"}],"curies":[{"name":"wp","href":"https:\/\/api.w.org\/{rel}","templated":true}]}}