{"id":192102,"date":"2023-01-04T01:00:00","date_gmt":"2023-01-04T00:00:00","guid":{"rendered":"https:\/\/www.region-schwabach.de\/wordpress\/?p=192102"},"modified":"2023-01-04T11:17:00","modified_gmt":"2023-01-04T10:17:00","slug":"christbaume-in-schwabach-ordentlich-entsorgen-2022-2023","status":"publish","type":"post","link":"https:\/\/www.region-schwabach.de\/wordpress\/christbaume-in-schwabach-ordentlich-entsorgen-2022-2023\/","title":{"rendered":"Christb\u00e4ume in Schwabach ordentlich entsorgen (2022\/2023)"},"content":{"rendered":"\t\t<div data-elementor-type=\"wp-post\" data-elementor-id=\"192102\" class=\"elementor elementor-192102\">\n\t\t\t\t\t\t<section class=\"elementor-section elementor-top-section elementor-element elementor-element-678181b elementor-section-boxed elementor-section-height-default elementor-section-height-default\" data-id=\"678181b\" data-element_type=\"section\">\n\t\t\t\t\t\t<div class=\"elementor-container elementor-column-gap-default\">\n\t\t\t\t\t<div class=\"elementor-column elementor-col-50 elementor-top-column elementor-element elementor-element-6b34026\" data-id=\"6b34026\" data-element_type=\"column\">\n\t\t\t<div class=\"elementor-widget-wrap elementor-element-populated\">\n\t\t\t\t\t\t<div class=\"elementor-element elementor-element-6bbd2bb elementor-widget elementor-widget-wp-widget-advads_ad_widget\" data-id=\"6bbd2bb\" data-element_type=\"widget\" data-widget_type=\"wp-widget-advads_ad_widget.default\">\n\t\t\t\t<div class=\"elementor-widget-container\">\n\t\t\t<div id=\"regio-3853505453\"><div class=\"regio-adlabel\">Werbung<\/div><center><a href=\"https:\/\/a.partner-versicherung.de\/click.php?partner_id=19992&ad_id=1578&deep=kreditkarten\"  target=\"_blank\"><img decoding=\"async\" src=\"https:\/\/a.partner-versicherung.de\/view.php?partner_id=19992&ad_id=1578\" ><\/a><\/center><\/div>\t\t<\/div>\n\t\t\t\t<\/div>\n\t\t\t\t<div class=\"elementor-element elementor-element-443ab98 elementor-widget elementor-widget-text-editor\" data-id=\"443ab98\" data-element_type=\"widget\" data-widget_type=\"text-editor.default\">\n\t\t\t\t<div class=\"elementor-widget-container\">\n\t\t\t\t\t\t\t<h3>\u00dcbersicht der Gr\u00fcnabfallcontainer<br \/>Entsorgung der Christb\u00e4ume in Schwabach<\/h3><p><span style=\"font-size: 12pt;\">Schwabach &#8211;\u00a0F\u00fcr die Entsorgung von Christb\u00e4umen nach den Feiertagen stehen die\u00a0st\u00e4dtischen Gr\u00fcnabfallcontainer zur Verf\u00fcgung. Eine Standortliste der\u00a0ganzj\u00e4hrig aufgestellten Container findet sich unter\u00a0<a href=\"https:\/\/stadtplan.schwabach.de\/tinyurl\/1tS\" target=\"_blank\" rel=\"noopener\">https:\/\/stadtplan.schwabach.de\/tinyurl\/1tS<\/a>. <\/span><\/p><p><span style=\"font-size: 12pt;\">M\u00f6glich ist auch eine Anlieferung zur Kompostieranlage im st\u00e4dtischen Entsorgungszentrum (neben dem Recyclinghof) ab Dienstag, den 3. Januar 2023.<br \/><\/span><\/p><p><span style=\"font-size: 12pt;\">Hier eine \u00dcbersicht der Standorte:<\/span><\/p><ul style=\"list-style-type: disc;\"><li><span style=\"font-size: 12pt;\">M\u00fchlenstra\u00dfe (ehemalige Kl\u00e4ranlage)<\/span><\/li><li><span style=\"font-size: 12pt;\">Ostanger (Angerstra\u00dfe \/ Lindenstra\u00dfe)<\/span><\/li><li><span style=\"font-size: 12pt;\">Reichswaisenhausstra\u00dfe \/ Am Holzgarten (ehemaliger Bauhof)<\/span><\/li><li><span style=\"font-size: 12pt;\">Dietersdorf: Friedhof<\/span><\/li><li><span style=\"font-size: 12pt;\">Eichwasen: Dr.-Haas-Stra\u00dfe (Am Ende bei den Hochh\u00e4usern)<\/span><\/li><li><span style=\"font-size: 12pt;\">Penzendorf: Rennweg<\/span><\/li><li><span style=\"font-size: 12pt;\">Vogelherd: Im Vogelherd \/ Schwalbenweg<\/span><\/li><li><span style=\"font-size: 12pt;\">Wolkersdorf: Wendeplatz<\/span><\/li><\/ul><h3>Zus\u00e4tzlicher Container am Markgrafensaal<\/h3><p><span style=\"font-size: 12pt;\">F\u00fcr den Bereich rund um die Innenstadt steht von Dienstag, den 3. Januar 2023, bis einschlie\u00dflich Dienstag, den 31. Januar 2023, ein zus\u00e4tzlicher Container auf dem Parkplatz beim Markgrafensaal.\u00a0<\/span><\/p><h3><span style=\"font-size: 14pt;\"><span id=\"page3R_mcid19\" class=\"markedContent\"><span dir=\"ltr\" role=\"presentation\">K\u00e4rwaboum und<\/span> <span dir=\"ltr\" role=\"presentation\">&#8211;<\/span><span dir=\"ltr\" role=\"presentation\">madli (Wolkersdorf und Dietersdorf) und <span id=\"page3R_mcid21\" class=\"markedContent\">Elternbeirat (Unterreichenbach und Gustenfelden) sammeln B\u00e4ume ein\u00a0<\/span><\/span><\/span><\/span><\/h3><p><span style=\"font-size: 12pt;\"><span id=\"page3R_mcid19\" class=\"markedContent\"><span dir=\"ltr\" role=\"presentation\">In Wolkersdorf und Dietersdorf sammeln die K\u00e4rwaboum und<\/span> <span dir=\"ltr\" role=\"presentation\">&#8211;<\/span><span dir=\"ltr\" role=\"presentation\">madli Dietersdorf <\/span><span dir=\"ltr\" role=\"presentation\">am Samstag, 7. Januar, ab 10<\/span> <span dir=\"ltr\" role=\"presentation\">Uhr die Christb\u00e4ume ein. Dazu m\u00fcssen diese an <\/span><span dir=\"ltr\" role=\"presentation\">den Zaun gestellt werden. Daf\u00fcr bitten die K\u00e4rwaboum und<\/span> <span dir=\"ltr\" role=\"presentation\">&#8211;<\/span><span dir=\"ltr\" role=\"presentation\">madli um eine <\/span><span dir=\"ltr\" role=\"presentation\">freiwillige Spende, die direkt am Baum befestigt werden kann.<\/span><\/span><span id=\"page3R_mcid20\" class=\"markedContent\"><\/span><span id=\"page3R_mcid21\" class=\"markedContent\"><br role=\"presentation\" \/><\/span><\/span><\/p><p><span style=\"font-size: 12pt;\"><span id=\"page3R_mcid21\" class=\"markedContent\"><span dir=\"ltr\" role=\"presentation\">In Unterreichenbach (und Gustenfelden) sammelt der Elternbeirat des Hauses <\/span><span dir=\"ltr\" role=\"presentation\">f<\/span><span dir=\"ltr\" role=\"presentation\">\u00fcr Kinder Unterreichenbach am Samstag, 7. Januar, ab 9 Uhr gegen eine <\/span><span dir=\"ltr\" role=\"presentation\">Spende von mindestens 2 Euro (gerne auch mehr) Christb\u00e4ume ein. Bitte den <\/span><span dir=\"ltr\" role=\"presentation\">Christbaum leer und mit einem Geldkuvert an die Stra\u00dfe stellen. Oder Namen <\/span><span dir=\"ltr\" role=\"presentation\">und Hausnummer am Baum hinterlassen,<\/span> <span dir=\"ltr\" role=\"presentation\">damit die Abholer klingeln und die <\/span><span dir=\"ltr\" role=\"presentation\">Spende pers\u00f6nlich entgegennehmen k\u00f6nnen.\u00a0<\/span><\/span><\/span><\/p><h3>Weiterf\u00fchrende Links:<\/h3><p><span style=\"font-size: 12pt;\"><a href=\"https:\/\/www.region-schwabach.de\/wordpress\/service\/gartenabfall-container\/\" target=\"_blank\" rel=\"noopener\">Zur \u00dcbersicht der Gartenabfallcontainer <\/a><a href=\"https:\/\/www.region-schwabach.de\/wordpress\/service\/gartenabfall-container\/\" target=\"_blank\" rel=\"noopener\">(mit Lageplan) <\/a><a href=\"https:\/\/www.region-schwabach.de\/wordpress\/service\/gartenabfall-container\/\" target=\"_blank\" rel=\"noopener\">geht&#8217;s hier &#8230;<\/a><\/span><\/p>\t\t\t\t\t\t<\/div>\n\t\t\t\t<\/div>\n\t\t\t\t<div class=\"elementor-element elementor-element-0c834d7 elementor-widget-divider--view-line elementor-widget elementor-widget-divider\" data-id=\"0c834d7\" data-element_type=\"widget\" data-widget_type=\"divider.default\">\n\t\t\t\t<div class=\"elementor-widget-container\">\n\t\t\t\t\t<div class=\"elementor-divider\">\n\t\t\t<span class=\"elementor-divider-separator\">\n\t\t\t\t\t\t<\/span>\n\t\t<\/div>\n\t\t\t\t<\/div>\n\t\t\t\t<\/div>\n\t\t\t\t<div class=\"elementor-element elementor-element-325f51f elementor-widget elementor-widget-google_maps\" data-id=\"325f51f\" data-element_type=\"widget\" data-widget_type=\"google_maps.default\">\n\t\t\t\t<div class=\"elementor-widget-container\">\n\t\t\t\t\t<div class=\"elementor-custom-embed\">\n\t\t\t<iframe loading=\"lazy\"\n\t\t\t\t\tsrc=\"https:\/\/maps.google.com\/maps?q=Schwabach%2C%20Deutschland&#038;t=m&#038;z=11&#038;output=embed&#038;iwloc=near\"\n\t\t\t\t\ttitle=\"Schwabach, Deutschland\"\n\t\t\t\t\taria-label=\"Schwabach, Deutschland\"\n\t\t\t><\/iframe>\n\t\t<\/div>\n\t\t\t\t<\/div>\n\t\t\t\t<\/div>\n\t\t\t\t\t<\/div>\n\t\t<\/div>\n\t\t\t\t<div class=\"elementor-column elementor-col-50 elementor-top-column elementor-element elementor-element-8a5c163\" data-id=\"8a5c163\" data-element_type=\"column\">\n\t\t\t<div class=\"elementor-widget-wrap elementor-element-populated\">\n\t\t\t\t\t\t<div class=\"elementor-element elementor-element-2fd9474 elementor-widget elementor-widget-heading\" data-id=\"2fd9474\" data-element_type=\"widget\" data-widget_type=\"heading.default\">\n\t\t\t\t<div class=\"elementor-widget-container\">\n\t\t\t<h3 class=\"elementor-heading-title elementor-size-default\">Schnell vergleichen und sparen!<\/h3>\t\t<\/div>\n\t\t\t\t<\/div>\n\t\t\t\t<div class=\"elementor-element elementor-element-f6c6f4a elementor-widget elementor-widget-wp-widget-advads_ad_widget\" data-id=\"f6c6f4a\" data-element_type=\"widget\" data-widget_type=\"wp-widget-advads_ad_widget.default\">\n\t\t\t\t<div class=\"elementor-widget-container\">\n\t\t\t<div id=\"regio-2953505404\"><div class=\"regio-adlabel\">Werbung<\/div><!-- Beginn https:\/\/www.financeads.net\/-Code --><a href=\"https:\/\/www.financeads.net\/tc.php?t=36648C236142529B\" target=\"_blank\"><img fetchpriority=\"high\" decoding=\"async\" src=\"https:\/\/www.financeads.net\/tb.php?t=36648V236142529B&https=1\" alt=\"\" border=\"0\" width=\"300\" height=\"250\"><\/a><!-- Ende https:\/\/www.financeads.net\/-Code --><\/div>\t\t<\/div>\n\t\t\t\t<\/div>\n\t\t\t\t<div class=\"elementor-element elementor-element-2e55a7e elementor-widget elementor-widget-wp-widget-advads_ad_widget\" data-id=\"2e55a7e\" data-element_type=\"widget\" data-widget_type=\"wp-widget-advads_ad_widget.default\">\n\t\t\t\t<div class=\"elementor-widget-container\">\n\t\t\t<div id=\"regio-2665820554\"><div class=\"regio-adlabel\">Werbung<\/div><!-- Beginn https:\/\/www.financeads.net\/-Code --><a href=\"https:\/\/www.financeads.net\/tc.php?t=36648C42614510B\" target=\"_blank\"><img decoding=\"async\" src=\"https:\/\/www.financeads.net\/tb.php?t=36648V42614510B&https=1\" alt=\"\" border=\"0\" width=\"200\" height=\"300\"><\/a><!-- Ende https:\/\/www.financeads.net\/-Code --><\/div>\t\t<\/div>\n\t\t\t\t<\/div>\n\t\t\t\t<div class=\"elementor-element elementor-element-3288943 elementor-widget elementor-widget-wp-widget-advads_ad_widget\" data-id=\"3288943\" data-element_type=\"widget\" data-widget_type=\"wp-widget-advads_ad_widget.default\">\n\t\t\t\t<div class=\"elementor-widget-container\">\n\t\t\t<div id=\"regio-419425486\"><div class=\"regio-adlabel\">Werbung<\/div><!-- Beginn https:\/\/www.financeads.net\/-Code --><a href=\"https:\/\/www.financeads.net\/tc.php?t=36648C205040072B\" target=\"_blank\"><img decoding=\"async\" src=\"https:\/\/www.financeads.net\/tb.php?t=36648V205040072B&https=1\" alt=\"\" border=\"0\" width=\"300\" height=\"250\"><\/a><!-- Ende https:\/\/www.financeads.net\/-Code --><\/div>\t\t<\/div>\n\t\t\t\t<\/div>\n\t\t\t\t<div class=\"elementor-element elementor-element-9879aa6 elementor-widget elementor-widget-wp-widget-advads_ad_widget\" data-id=\"9879aa6\" data-element_type=\"widget\" data-widget_type=\"wp-widget-advads_ad_widget.default\">\n\t\t\t\t<div class=\"elementor-widget-container\">\n\t\t\t<div id=\"regio-1131915888\"><div class=\"regio-adlabel\">Werbung<\/div><!-- Beginn https:\/\/www.financeads.net\/-Code --><a href=\"https:\/\/www.financeads.net\/tc.php?t=36648C271460142B\" target=\"_blank\"><img loading=\"lazy\" decoding=\"async\" src=\"https:\/\/www.financeads.net\/tb.php?t=36648V271460142B&https=1\" alt=\"PETPROTECT_Hund&Katze_Banner\" border=\"0\" width=\"250\" height=\"250\"><\/a><!-- Ende https:\/\/www.financeads.net\/-Code --><\/div>\t\t<\/div>\n\t\t\t\t<\/div>\n\t\t\t\t\t<\/div>\n\t\t<\/div>\n\t\t\t\t\t<\/div>\n\t\t<\/section>\n\t\t\t\t<\/div>\n\t\t","protected":false},"excerpt":{"rendered":"<div class=\"mh-excerpt\"><p>\u00dcbersicht der Gr\u00fcnabfallcontainer Entsorgung der Christb\u00e4ume in Schwabach Schwabach &#8211;&nbsp;F\u00fcr die Entsorgung von Christb\u00e4umen nach den Feiertagen stehen die&nbsp;st\u00e4dtischen Gr\u00fcnabfallcontainer zur Verf\u00fcgung. Eine Standortliste der&nbsp;ganzj\u00e4hrig aufgestellten Container findet sich unter&nbsp;https:\/\/stadtplan.schwabach.de\/tinyurl\/1tS. M\u00f6glich ist auch eine Anlieferung <a class=\"mh-excerpt-more\" href=\"https:\/\/www.region-schwabach.de\/wordpress\/christbaume-in-schwabach-ordentlich-entsorgen-2022-2023\/\" title=\"Christb\u00e4ume in Schwabach ordentlich entsorgen (2022\/2023)\">[&#8230;]<\/a><\/p>\n<\/div>","protected":false},"author":1,"featured_media":192103,"comment_status":"open","ping_status":"open","sticky":false,"template":"","format":"standard","meta":{"_cbd_carousel_blocks":"[]","footnotes":""},"categories":[16,4306,61,203,46],"tags":[21328,7161,7640,7642,7643,21312,4076,1480,2627,19,3151,7641],"class_list":{"0":"post-192102","1":"post","2":"type-post","3":"status-publish","4":"format-standard","5":"has-post-thumbnail","7":"category-aktuell","8":"category-ratgeber","9":"category-rathaus","10":"category-umwelt-nachrichten","11":"category-verbaende","12":"tag-3-januar-2023-bis-31-januar-2023","13":"tag-abholung","14":"tag-christbaeume","15":"tag-entsorgung","16":"tag-gruenabfallcontainer","17":"tag-januar-2023","18":"tag-kompostieranlage","19":"tag-rathaus","20":"tag-recyclinghof","21":"tag-schwabach","22":"tag-stadt-schwabach","23":"tag-weihnachtsbaeume"},"_links":{"self":[{"href":"https:\/\/www.region-schwabach.de\/wordpress\/wp-json\/wp\/v2\/posts\/192102","targetHints":{"allow":["GET"]}}],"collection":[{"href":"https:\/\/www.region-schwabach.de\/wordpress\/wp-json\/wp\/v2\/posts"}],"about":[{"href":"https:\/\/www.region-schwabach.de\/wordpress\/wp-json\/wp\/v2\/types\/post"}],"author":[{"embeddable":true,"href":"https:\/\/www.region-schwabach.de\/wordpress\/wp-json\/wp\/v2\/users\/1"}],"replies":[{"embeddable":true,"href":"https:\/\/www.region-schwabach.de\/wordpress\/wp-json\/wp\/v2\/comments?post=192102"}],"version-history":[{"count":0,"href":"https:\/\/www.region-schwabach.de\/wordpress\/wp-json\/wp\/v2\/posts\/192102\/revisions"}],"wp:featuredmedia":[{"embeddable":true,"href":"https:\/\/www.region-schwabach.de\/wordpress\/wp-json\/wp\/v2\/media\/192103"}],"wp:attachment":[{"href":"https:\/\/www.region-schwabach.de\/wordpress\/wp-json\/wp\/v2\/media?parent=192102"}],"wp:term":[{"taxonomy":"category","embeddable":true,"href":"https:\/\/www.region-schwabach.de\/wordpress\/wp-json\/wp\/v2\/categories?post=192102"},{"taxonomy":"post_tag","embeddable":true,"href":"https:\/\/www.region-schwabach.de\/wordpress\/wp-json\/wp\/v2\/tags?post=192102"}],"curies":[{"name":"wp","href":"https:\/\/api.w.org\/{rel}","templated":true}]}}