{"id":192615,"date":"2023-01-11T01:15:00","date_gmt":"2023-01-11T00:15:00","guid":{"rendered":"https:\/\/www.region-schwabach.de\/wordpress\/?p=192615"},"modified":"2023-01-10T21:14:12","modified_gmt":"2023-01-10T20:14:12","slug":"rother-polizei-bittet-um-hilfe-bei-suche-nach-jugendlicher-aus-rottenbach-2","status":"publish","type":"post","link":"https:\/\/www.region-schwabach.de\/wordpress\/rother-polizei-bittet-um-hilfe-bei-suche-nach-jugendlicher-aus-rottenbach-2\/","title":{"rendered":"Rother Polizei bittet um Hilfe bei Suche nach Jugendlicher aus R\u00f6ttenbach"},"content":{"rendered":"\t\t<div data-elementor-type=\"wp-post\" data-elementor-id=\"192615\" class=\"elementor elementor-192615\">\n\t\t\t\t\t\t<section class=\"elementor-section elementor-top-section elementor-element elementor-element-1cuv9jr elementor-section-boxed elementor-section-height-default elementor-section-height-default\" data-id=\"1cuv9jr\" data-element_type=\"section\">\n\t\t\t\t\t\t<div class=\"elementor-container elementor-column-gap-default\">\n\t\t\t\t\t<div class=\"elementor-column elementor-col-50 elementor-top-column elementor-element elementor-element-q5zak7b\" data-id=\"q5zak7b\" data-element_type=\"column\">\n\t\t\t<div class=\"elementor-widget-wrap elementor-element-populated\">\n\t\t\t\t\t\t<div class=\"elementor-element elementor-element-dcef279 elementor-widget elementor-widget-wp-widget-advads_ad_widget\" data-id=\"dcef279\" data-element_type=\"widget\" data-widget_type=\"wp-widget-advads_ad_widget.default\">\n\t\t\t\t<div class=\"elementor-widget-container\">\n\t\t\t<div id=\"regio-716223120\"><div class=\"regio-adlabel\">Werbung<\/div><center><a href=\"https:\/\/a.partner-versicherung.de\/click.php?partner_id=19992&ad_id=1578&deep=kreditkarten\"  target=\"_blank\"><img decoding=\"async\" src=\"https:\/\/a.partner-versicherung.de\/view.php?partner_id=19992&ad_id=1578\" ><\/a><\/center><\/div>\t\t<\/div>\n\t\t\t\t<\/div>\n\t\t\t\t<div class=\"elementor-element elementor-element-a4daeae elementor-widget elementor-widget-text-editor\" data-id=\"a4daeae\" data-element_type=\"widget\" data-widget_type=\"text-editor.default\">\n\t\t\t\t<div class=\"elementor-widget-container\">\n\t\t\t\t\t\t\t<h3>16-j\u00e4hrige Aylin L. aus R\u00f6ttenbach (Lkrs. Roth) vermisst &#8211; \u00d6ffentlichkeitsfahndung\u00a0<\/h3><p><span style=\"font-size: 12pt;\">Roth \/ N\u00fcrnberg (ots) &#8211; Seit Freitag, den 06.01.2023, wird die 16-j\u00e4hrige Aylin L. vermisst. Die Polizei bittet die Bev\u00f6lkerung um Mithilfe.\u00a0<\/span><\/p><p><span style=\"font-size: 12pt;\">Aylin L. wurde zuletzt am 06.01.2023 am Bahnhof in Georgensgm\u00fcnd gesehen. Von dort aus hat sie mutma\u00dflich einen Zug in Richtung N\u00fcrnberg genommen.\u00a0<\/span><\/p><p><a href=\"https:\/\/www.region-schwabach.de\/wordpress\/wp-content\/uploads\/2023\/01\/vermisste-roettenbach.jpg\"><img fetchpriority=\"high\" decoding=\"async\" class=\"aligncenter size-full wp-image-192634\" src=\"https:\/\/www.region-schwabach.de\/wordpress\/wp-content\/uploads\/2023\/01\/vermisste-roettenbach.jpg\" alt=\"\" width=\"576\" height=\"624\" srcset=\"https:\/\/www.region-schwabach.de\/wordpress\/wp-content\/uploads\/2023\/01\/vermisste-roettenbach.jpg 576w, https:\/\/www.region-schwabach.de\/wordpress\/wp-content\/uploads\/2023\/01\/vermisste-roettenbach-277x300.jpg 277w\" sizes=\"(max-width: 576px) 100vw, 576px\" \/><\/a><\/p><p><span style=\"font-size: 12pt;\">N\u00e4here Einzelheiten sowie ein Lichtbild der Vermissten finden Sie unter nachfolgendem Link:\u00a0<\/span><\/p><p><span style=\"font-size: 12pt;\">https:\/\/www.polizei.bayern.de\/aktuelles\/pressemitteilungen\/041849\/index.html\u00a0<\/span><\/p><p><span style=\"font-size: 12pt;\">Die Polizei bittet bei der Suche nach der vermissten Aylin L. um Mithilfe aus der Bev\u00f6lkerung. Hinweise zum Aufenthaltsort der 16-J\u00e4hrigen nimmt die Polizeiinspektion Roth unter der Telefonnummer 09171 9744-0 sowie jede andere Polizeidienststelle oder der Polizeinotruf 110 entgegen.\u00a0<\/span><\/p><p><strong><span style=\"font-size: 12pt;\">Erstellt durch: Christian Seiler\u00a0<\/span><\/strong><\/p><p><span style=\"font-size: 12pt;\">Original-Content von: Polizeipr\u00e4sidium Mittelfranken\u00a0<\/span><\/p>\t\t\t\t\t\t<\/div>\n\t\t\t\t<\/div>\n\t\t\t\t<div class=\"elementor-element elementor-element-6c3f9de elementor-widget elementor-widget-shortcode\" data-id=\"6c3f9de\" data-element_type=\"widget\" data-widget_type=\"shortcode.default\">\n\t\t\t\t<div class=\"elementor-widget-container\">\n\t\t\t\t\t<div class=\"elementor-shortcode\"><center><a href=\"https:\/\/a.partner-versicherung.de\/click.php?partner_id=19992&ad_id=441&deep=kfz-versicherung\"  target=\"_blank\"><img decoding=\"async\" src=\"https:\/\/a.partner-versicherung.de\/view.php?partner_id=19992&ad_id=441\" ><\/a><\/center><\/div>\n\t\t\t\t<\/div>\n\t\t\t\t<\/div>\n\t\t\t\t<div class=\"elementor-element elementor-element-ace1283 elementor-widget-divider--view-line elementor-widget elementor-widget-divider\" data-id=\"ace1283\" data-element_type=\"widget\" data-widget_type=\"divider.default\">\n\t\t\t\t<div class=\"elementor-widget-container\">\n\t\t\t\t\t<div class=\"elementor-divider\">\n\t\t\t<span class=\"elementor-divider-separator\">\n\t\t\t\t\t\t<\/span>\n\t\t<\/div>\n\t\t\t\t<\/div>\n\t\t\t\t<\/div>\n\t\t\t\t<div class=\"elementor-element elementor-element-ac34ac3 elementor-widget elementor-widget-google_maps\" data-id=\"ac34ac3\" data-element_type=\"widget\" data-widget_type=\"google_maps.default\">\n\t\t\t\t<div class=\"elementor-widget-container\">\n\t\t\t\t\t<div class=\"elementor-custom-embed\">\n\t\t\t<iframe loading=\"lazy\"\n\t\t\t\t\tsrc=\"https:\/\/maps.google.com\/maps?q=R%C3%B6ttenbach%2C%20Spalt%2C%20Deutschland&#038;t=m&#038;z=15&#038;output=embed&#038;iwloc=near\"\n\t\t\t\t\ttitle=\"R\u00f6ttenbach, Spalt, Deutschland\"\n\t\t\t\t\taria-label=\"R\u00f6ttenbach, Spalt, Deutschland\"\n\t\t\t><\/iframe>\n\t\t<\/div>\n\t\t\t\t<\/div>\n\t\t\t\t<\/div>\n\t\t\t\t\t<\/div>\n\t\t<\/div>\n\t\t\t\t<div class=\"elementor-column elementor-col-50 elementor-top-column elementor-element elementor-element-4ce46fb\" data-id=\"4ce46fb\" data-element_type=\"column\">\n\t\t\t<div class=\"elementor-widget-wrap elementor-element-populated\">\n\t\t\t\t\t\t<div class=\"elementor-element elementor-element-38f4e35 elementor-widget elementor-widget-heading\" data-id=\"38f4e35\" data-element_type=\"widget\" data-widget_type=\"heading.default\">\n\t\t\t\t<div class=\"elementor-widget-container\">\n\t\t\t<h3 class=\"elementor-heading-title elementor-size-default\">Schnell vergleichen und sparen!<\/h3>\t\t<\/div>\n\t\t\t\t<\/div>\n\t\t\t\t<div class=\"elementor-element elementor-element-92c49bc elementor-widget elementor-widget-wp-widget-advads_ad_widget\" data-id=\"92c49bc\" data-element_type=\"widget\" data-widget_type=\"wp-widget-advads_ad_widget.default\">\n\t\t\t\t<div class=\"elementor-widget-container\">\n\t\t\t<div id=\"regio-4294367635\"><div class=\"regio-adlabel\">Werbung<\/div><!-- Beginn https:\/\/www.financeads.net\/-Code --><a href=\"https:\/\/www.financeads.net\/tc.php?t=36648C236142529B\" target=\"_blank\"><img decoding=\"async\" src=\"https:\/\/www.financeads.net\/tb.php?t=36648V236142529B&https=1\" alt=\"\" border=\"0\" width=\"300\" height=\"250\"><\/a><!-- Ende https:\/\/www.financeads.net\/-Code --><\/div>\t\t<\/div>\n\t\t\t\t<\/div>\n\t\t\t\t<div class=\"elementor-element elementor-element-cb0c78c elementor-widget elementor-widget-wp-widget-advads_ad_widget\" data-id=\"cb0c78c\" data-element_type=\"widget\" data-widget_type=\"wp-widget-advads_ad_widget.default\">\n\t\t\t\t<div class=\"elementor-widget-container\">\n\t\t\t<div id=\"regio-1844618877\"><div class=\"regio-adlabel\">Werbung<\/div><!-- Beginn https:\/\/www.financeads.net\/-Code --><a href=\"https:\/\/www.financeads.net\/tc.php?t=36648C42614510B\" target=\"_blank\"><img decoding=\"async\" src=\"https:\/\/www.financeads.net\/tb.php?t=36648V42614510B&https=1\" alt=\"\" border=\"0\" width=\"200\" height=\"300\"><\/a><!-- Ende https:\/\/www.financeads.net\/-Code --><\/div>\t\t<\/div>\n\t\t\t\t<\/div>\n\t\t\t\t<div class=\"elementor-element elementor-element-31c9ced elementor-widget elementor-widget-wp-widget-advads_ad_widget\" data-id=\"31c9ced\" data-element_type=\"widget\" data-widget_type=\"wp-widget-advads_ad_widget.default\">\n\t\t\t\t<div class=\"elementor-widget-container\">\n\t\t\t<div id=\"regio-178168324\"><div class=\"regio-adlabel\">Werbung<\/div><!-- Beginn https:\/\/www.financeads.net\/-Code --><a href=\"https:\/\/www.financeads.net\/tc.php?t=36648C205040072B\" target=\"_blank\"><img loading=\"lazy\" decoding=\"async\" src=\"https:\/\/www.financeads.net\/tb.php?t=36648V205040072B&https=1\" alt=\"\" border=\"0\" width=\"300\" height=\"250\"><\/a><!-- Ende https:\/\/www.financeads.net\/-Code --><\/div>\t\t<\/div>\n\t\t\t\t<\/div>\n\t\t\t\t<div class=\"elementor-element elementor-element-0344b9f elementor-widget elementor-widget-wp-widget-advads_ad_widget\" data-id=\"0344b9f\" data-element_type=\"widget\" data-widget_type=\"wp-widget-advads_ad_widget.default\">\n\t\t\t\t<div class=\"elementor-widget-container\">\n\t\t\t<div id=\"regio-3416610679\"><div class=\"regio-adlabel\">Werbung<\/div><!-- Beginn https:\/\/www.financeads.net\/-Code --><a href=\"https:\/\/www.financeads.net\/tc.php?t=36648C271460142B\" target=\"_blank\"><img loading=\"lazy\" decoding=\"async\" src=\"https:\/\/www.financeads.net\/tb.php?t=36648V271460142B&https=1\" alt=\"PETPROTECT_Hund&Katze_Banner\" border=\"0\" width=\"250\" height=\"250\"><\/a><!-- Ende https:\/\/www.financeads.net\/-Code --><\/div>\t\t<\/div>\n\t\t\t\t<\/div>\n\t\t\t\t\t<\/div>\n\t\t<\/div>\n\t\t\t\t\t<\/div>\n\t\t<\/section>\n\t\t\t\t<\/div>\n\t\t","protected":false},"excerpt":{"rendered":"<div class=\"mh-excerpt\"><p>16-j\u00e4hrige Aylin L. aus R\u00f6ttenbach (Lkrs. Roth) vermisst &#8211; \u00d6ffentlichkeitsfahndung\u00a0 Roth \/ N\u00fcrnberg (ots) &#8211; Seit Freitag, den 06.01.2023, wird die 16-j\u00e4hrige Aylin L. vermisst. Die Polizei bittet die Bev\u00f6lkerung um Mithilfe.\u00a0 Aylin L. wurde <a class=\"mh-excerpt-more\" href=\"https:\/\/www.region-schwabach.de\/wordpress\/rother-polizei-bittet-um-hilfe-bei-suche-nach-jugendlicher-aus-rottenbach-2\/\" title=\"Rother Polizei bittet um Hilfe bei Suche nach Jugendlicher aus R\u00f6ttenbach\">[&#8230;]<\/a><\/p>\n<\/div>","protected":false},"author":1,"featured_media":192606,"comment_status":"open","ping_status":"open","sticky":false,"template":"","format":"standard","meta":{"_cbd_carousel_blocks":"[]","footnotes":""},"categories":[16,4321,13],"tags":[21344,19970,21372,274,527,21312,488,11015,11187,981,32,815,3095,6667],"class_list":{"0":"post-192615","1":"post","2":"type-post","3":"status-publish","4":"format-standard","5":"has-post-thumbnail","7":"category-aktuell","8":"category-gesucht-gefunden","9":"category-nachrichten","10":"tag-06-01-2023","11":"tag-aufenthaltsort","12":"tag-aylin-l","13":"tag-bahnhof","14":"tag-georgensgmuend","15":"tag-januar-2023","16":"tag-jugendliche","17":"tag-landkreis","18":"tag-lichtbild","19":"tag-polizei","20":"tag-roth","21":"tag-roettenbach","22":"tag-s-bahn","23":"tag-zug"},"_links":{"self":[{"href":"https:\/\/www.region-schwabach.de\/wordpress\/wp-json\/wp\/v2\/posts\/192615","targetHints":{"allow":["GET"]}}],"collection":[{"href":"https:\/\/www.region-schwabach.de\/wordpress\/wp-json\/wp\/v2\/posts"}],"about":[{"href":"https:\/\/www.region-schwabach.de\/wordpress\/wp-json\/wp\/v2\/types\/post"}],"author":[{"embeddable":true,"href":"https:\/\/www.region-schwabach.de\/wordpress\/wp-json\/wp\/v2\/users\/1"}],"replies":[{"embeddable":true,"href":"https:\/\/www.region-schwabach.de\/wordpress\/wp-json\/wp\/v2\/comments?post=192615"}],"version-history":[{"count":0,"href":"https:\/\/www.region-schwabach.de\/wordpress\/wp-json\/wp\/v2\/posts\/192615\/revisions"}],"wp:featuredmedia":[{"embeddable":true,"href":"https:\/\/www.region-schwabach.de\/wordpress\/wp-json\/wp\/v2\/media\/192606"}],"wp:attachment":[{"href":"https:\/\/www.region-schwabach.de\/wordpress\/wp-json\/wp\/v2\/media?parent=192615"}],"wp:term":[{"taxonomy":"category","embeddable":true,"href":"https:\/\/www.region-schwabach.de\/wordpress\/wp-json\/wp\/v2\/categories?post=192615"},{"taxonomy":"post_tag","embeddable":true,"href":"https:\/\/www.region-schwabach.de\/wordpress\/wp-json\/wp\/v2\/tags?post=192615"}],"curies":[{"name":"wp","href":"https:\/\/api.w.org\/{rel}","templated":true}]}}