{"id":192617,"date":"2023-01-11T01:00:00","date_gmt":"2023-01-11T00:00:00","guid":{"rendered":"https:\/\/www.region-schwabach.de\/wordpress\/?p=192617"},"modified":"2023-01-10T20:23:27","modified_gmt":"2023-01-10T19:23:27","slug":"der-glasfaserausbau-in-schwabach-schreitet-voran","status":"publish","type":"post","link":"https:\/\/www.region-schwabach.de\/wordpress\/der-glasfaserausbau-in-schwabach-schreitet-voran\/","title":{"rendered":"Der Glasfaserausbau in Schwabach schreitet voran"},"content":{"rendered":"\t\t<div data-elementor-type=\"wp-post\" data-elementor-id=\"192617\" class=\"elementor elementor-192617\">\n\t\t\t\t\t\t<section class=\"elementor-section elementor-top-section elementor-element elementor-element-678181b elementor-section-boxed elementor-section-height-default elementor-section-height-default\" data-id=\"678181b\" data-element_type=\"section\">\n\t\t\t\t\t\t<div class=\"elementor-container elementor-column-gap-default\">\n\t\t\t\t\t<div class=\"elementor-column elementor-col-66 elementor-top-column elementor-element elementor-element-6b34026\" data-id=\"6b34026\" data-element_type=\"column\">\n\t\t\t<div class=\"elementor-widget-wrap elementor-element-populated\">\n\t\t\t\t\t\t<div class=\"elementor-element elementor-element-ca1cc12 elementor-widget elementor-widget-wp-widget-advads_ad_widget\" data-id=\"ca1cc12\" data-element_type=\"widget\" data-widget_type=\"wp-widget-advads_ad_widget.default\">\n\t\t\t\t<div class=\"elementor-widget-container\">\n\t\t\t<div id=\"regio-2791437027\"><div class=\"regio-adlabel\">Werbung<\/div><center><a href=\"https:\/\/a.partner-versicherung.de\/click.php?partner_id=19992&ad_id=1578&deep=kreditkarten\"  target=\"_blank\"><img decoding=\"async\" src=\"https:\/\/a.partner-versicherung.de\/view.php?partner_id=19992&ad_id=1578\" ><\/a><\/center><\/div>\t\t<\/div>\n\t\t\t\t<\/div>\n\t\t\t\t<div class=\"elementor-element elementor-element-443ab98 elementor-widget elementor-widget-text-editor\" data-id=\"443ab98\" data-element_type=\"widget\" data-widget_type=\"text-editor.default\">\n\t\t\t\t<div class=\"elementor-widget-container\">\n\t\t\t\t\t\t\t<h3><span dir=\"ltr\" role=\"presentation\">Auftr\u00e4ge von OB Peter Rei\u00df erteilt:\u00a0<br \/><\/span><span dir=\"ltr\" role=\"presentation\">Glasfaserausbau an Schulen<\/span><\/h3><p><span style=\"font-size: 12pt;\">Schwabach &#8211; In den n\u00e4chsten drei Jahren werden \u00fcber 92 Prozent der Adressen im Stadtgebiet \u00fcber einen gigabitf\u00e4higen Breitbandanschluss verf\u00fcgen. Ergebnis des Markterkundungsverfahrens zeichnet positives Bild \u00fcber den Bestand an gigabitf\u00e4higen Breitbandschl\u00fcssen und zuk\u00fcnftig geplanten Glasfaseranschl\u00fcssen.\u00a0<\/span><\/p><h3>Ganzheitliches Konzept \u2013 Fl\u00e4chendeckende Verbesserung\u00a0<\/h3><p><span style=\"font-size: 12pt;\">Bereits seit Jahren arbeitet die Stadt Schwabach kontinuierlich an einer Verbesserung des Breitbandausbaus. Gro\u00dfe Verbesserungen erreichte man im Rahmen der staatlichen F\u00f6rderung. Hauptaugenmerk der Stadt Schwabach war jedoch stets eine fl\u00e4chendeckende Verbesserung und nicht lediglich eine punktuelle Fokussierung auf bestimmte Bereiche zu Lasten der f\u00fcr den freien Markt eher unwirtschaftlichen Versorgungsgebiete.\u00a0<\/span><\/p><p><span style=\"font-size: 12pt;\">Mit diesem Konzept konnte zuletzt nahezu eine fl\u00e4chendeckende Versorgung im Stadtgebiet mit Bandbreiten jenseits der 30 Mbit\/s bis zu 250 Mbits\/s im Download erreicht werden. Zur Sicherstellung dieser deutlichen fl\u00e4chendeckenden Verbesserung wurde auch die hier zum Einsatz kommende FTTC-Technologie (Glasfaser bis zum Verteiler, letzte Meile \u00fcber Kupfer) in Kauf genommen \u2013 gleichzeitig wurde jedoch auch versucht einen fl\u00e4chendeckenden Glasfaserausbau bis in die Geb\u00e4ude (FTTB) weiter voranzubringen.\u00a0<\/span><\/p><h3>Erste Schritte in Richtung Glasfaser\u00a0<\/h3><p><span style=\"font-size: 12pt;\">Unter Ausnutzung der Gigabitf\u00f6rderung des Bundes und des Landes wurden hier mit Unterst\u00fctzung des Beratungsunternehmens IK-T aus Regensburg weitere Schritte unternommen. In einem ersten Schritt konnte f\u00fcr 35 eher abseits gelegener Adressen ein Glasfaserausbau (FTTH) ausgeschrieben und beauftragt werden. Hierzu laufen derzeit die Ausbauplanungen, mit der Umsetzung soll 2023 begonnen werden.\u00a0<\/span><\/p><h3>Markterkundungsverfahren durchgef\u00fchrt\u00a0<\/h3><p><span style=\"font-size: 12pt;\">Im Rahmen des Gigabitf\u00f6rderprogramms des Bundes -dessen Aufruf im Oktober \u00fcberraschend gestoppt wurde- wurde die nach der Richtlinie vorgeschrieben Markterkundung durchgef\u00fchrt und hat erfreuliche Ergebnisse gebracht. Neben der R\u00fcckmeldung, dass bereits mehrere Tausend Adressen \u00fcber eine gigabitf\u00e4hige Anschlussm\u00f6glichkeit nach der Docsis 3 Technologie (ehem. Kabelanschluss von Kabel Deutschland) verf\u00fcgen bzw. bereits mit Glasfaser FTTH versorgt sind, hat auch die Telekom verbindlich einen eigenwirtschaftlichen Glasfaserausbau in den n\u00e4chsten drei Jahren f\u00fcr rd. 9.900 Adressen bzw. 22.000 Haushalte erkl\u00e4rt.\u00a0<\/span><\/p><h3>Telekom baut aus\u00a0<\/h3><p><span style=\"font-size: 12pt;\">Die Telekom baut 2023 bis 2025 in Schwabach und im Stadtteil Wolkersdorf ein Glasfasernetz f\u00fcr rund 22.000 Haushalte und Unternehmen. Das neue Netz erm\u00f6glicht Privatkundinnen und -kunden hohe Bandbreiten bis 1 Gbit\/s (Gigabit pro Sekunde). Au\u00dferdem k\u00f6nnen Unternehmen aus Schwabach k\u00fcnftig Gesch\u00e4ftskundentarife bis 100 Gbit\/s buchen. Damit haben Kundinnen und Kunden einen superschnellen Anschluss f\u00fcr digitales Lernen und Arbeiten, Streaming und Gaming, alles gleichzeitig.\u00a0<\/span><\/p><p><span style=\"font-size: 12pt;\">Oberb\u00fcrgermeister Peter Rei\u00df hebt die Bedeutung von schnellen Internetverbindungen hervor: \u201eGlasfaser ist die Schl\u00fcsseltechnologie f\u00fcr unsere digitale Gesellschaft. Ich freue mich, dass bereits durch den r\u00fcckgemeldeten eigenwirtschaftlichen Ausbau so viele Schwabacher Haushalte zuk\u00fcnftig einen Glasfaseranschluss erhalten k\u00f6nnen.\u201c Sascha Spahic, Wirtschaftsreferent und Stadtk\u00e4mmerer erg\u00e4nzt: \u201eDie Herstellung der Glasfaseranschl\u00fcsse bedeutet eine erhebliche Attraktivit\u00e4tssteigerung f\u00fcr den Standort Schwabach und einen Aufbruch in ein neues Zeitalter. Durch die Verlegung von Glasfaser bis ins Geb\u00e4ude entstehen sowohl f\u00fcr Private als auch f\u00fcr Unternehmen bedeutende Vorteile.\u201c\u00a0<\/span><\/p><p><span style=\"font-size: 12pt;\">Dar\u00fcber hinaus bietet der Glasfaser-Anschluss alle M\u00f6glichkeiten f\u00fcr digitale Anwendungen: Zum Beispiel Homeoffice-Anbindung, Smart Home, IP-TV, Streaming Dienste, Online Gaming oder auch Telemedizin. Hohe Geschwindigkeiten am eigenen Anschluss sind wichtig. Schlie\u00dflich soll im WLAN zuhause und im Betrieb alles stabil laufen. N\u00e4here Informationen zum Glasfaserausbau in Schwabach werden rechtzeitig durch Ver\u00f6ffentlichungen bekanntgegeben. Interessenten k\u00f6nnen sich schon jetzt an Telekom wenden.\u00a0<\/span><\/p><h3>Was sind die n\u00e4chsten Schritte?\u00a0<\/h3><p><span style=\"font-size: 12pt;\">Der Glasfaseranschluss kommt nicht von allein ins Haus. Wer als Immobilienbesitzerin oder -besitzer einen Glasfaseranschluss haben will, muss der Telekom das Einverst\u00e4ndnis geben, den neuen Anschluss zu legen. Auch wer zur Miete wohnt, kann den Glasfaseranschluss bei der Telekom beantragen: Sie kontaktiert die Vermieterinnen und -vermieter. Dann wird besprochen, wo die Glasfaser ins Haus kommt und wie sie im Haus verl\u00e4uft. Gleiches gilt f\u00fcr Eigent\u00fcmer in Mehrparteienh\u00e4usern: Auch sie k\u00f6nnen einen Glasfaseranschluss beantragen.\u00a0<\/span><\/p><h3>Wie geht\u2019s mit den verbleibenden Adressen weiter?\u00a0<\/h3><p><span style=\"font-size: 12pt;\">Der ohne Vorank\u00fcndigung mitgeteilte Antragsstopp im Gigabitf\u00f6rderverfahren des Bundes hat keine Auswirkungen auf den eigenwirtschaftlichen Ausbau. Die Telekom wird diesen ungeachtet dessen durchf\u00fchren. Nach der Auswertung des Ergebnisses des Markterkundungsverfahrens verbleiben unter Ber\u00fccksichtigung der R\u00fcckmeldungen der Telekommunikationsunternehmen nur noch etwa 870 Adressen im Stadtgebiet, die nicht mit einem gigabitf\u00e4higen Anschluss versorgt sind (werden). Davon w\u00e4ren unter Ber\u00fccksichtigung der damaligen Gigabitf\u00f6rderrichtlinie des Bundes etwa 220 Adressen f\u00fcr einen gef\u00f6rderten FTTH-Ausbau in Frage gekommen. Auf Grund des Antragstopps ist es der Stadt Schwabach nun nicht mehr m\u00f6glich, das Gigabitf\u00f6rderpro-gramm des Bundes weiter zu durchlaufen. Nach den aktuell verf\u00fcgbaren Informationen soll jedoch Anfang 2023 eine neue F\u00f6rderrichtlinie des Bundes erlassen werden. Hier wird dann die Stadt Schwabach pr\u00fcfen, inwieweit ein gef\u00f6rderter Ausbau f\u00fcr die noch verbleibenden Adressen m\u00f6glich ist.\u00a0<\/span><\/p><p><span style=\"font-size: 12pt;\">Damit unterstreicht Oberb\u00fcrgermeister Rei\u00df nochmals die Bedeutung der Glasfaser f\u00fcr die Stadt Schwabach und hat noch eine Bitte an die Bev\u00f6lkerung: \u201eSo erfreulich der fl\u00e4chendeckende Ausbau f\u00fcr das Stadtgebiet ist, so wird er auf Grund des Umfangs und der Zeitdauer nicht ohne Beeintr\u00e4chtigung des Stra\u00dfenverkehrs abgewickelt werden k\u00f6nnen. Bitte haben Sie hierf\u00fcr Verst\u00e4ndnis und sehen Sie mit uns den Vorteil dieser Ma\u00dfnahme f\u00fcr die Bev\u00f6lkerung und das Stadtgebiet. Die Herstellung eines jeden sp\u00e4teren Anschlusses w\u00e4re mit einer erneuten Aufgrabung und weiteren Kosten verbunden.\u201c\u00a0<\/span><\/p><h3>F\u00fcr weitere Informationen und Unterst\u00fctzung auf dem Weg zu Ihrem Glasfaseranschluss steht Ihnen von Telekom zur Verf\u00fcgung:\u00a0<\/h3><p><span style=\"font-size: 12pt;\">Telekom Partner Xplus1 GmbH, Rathausgasse 2, Schwabach\u00a0<\/span><\/p><p><span style=\"font-size: 12pt;\">Telekom Partner Expert TeVi, Alte Rother Str. 1, Schwabach\u00a0<\/span><\/p><p><strong><span style=\"font-size: 12pt;\">Foto (von links): Oberb\u00fcrgermeister Peter Rei\u00df, Markus Sand (Regio Manager Team N\u00fcrnberg der Telekom Deutschland GmbH), Wirtschaftsreferent Sascha Spahic und der Schwabacher Breitband-Beauftragte Michael Gei\u00dfend\u00f6rfer vor dem Schwabacher Stadtplan: Das gr\u00fcn markierte Gebiet wird 2023 ausgebaut, das gelbe 2024 und das blaue 2025.\u00a0<\/span><\/strong><\/p><p><a href=\"https:\/\/www.region-schwabach.de\/wordpress\/wp-content\/uploads\/2023\/01\/PM225_Breitbandausbau_Karte.jpg\"><img fetchpriority=\"high\" decoding=\"async\" class=\"aligncenter size-full wp-image-192620\" src=\"https:\/\/www.region-schwabach.de\/wordpress\/wp-content\/uploads\/2023\/01\/PM225_Breitbandausbau_Karte.jpg\" alt=\"\" width=\"605\" height=\"600\" srcset=\"https:\/\/www.region-schwabach.de\/wordpress\/wp-content\/uploads\/2023\/01\/PM225_Breitbandausbau_Karte.jpg 605w, https:\/\/www.region-schwabach.de\/wordpress\/wp-content\/uploads\/2023\/01\/PM225_Breitbandausbau_Karte-300x298.jpg 300w, https:\/\/www.region-schwabach.de\/wordpress\/wp-content\/uploads\/2023\/01\/PM225_Breitbandausbau_Karte-150x150.jpg 150w\" sizes=\"(max-width: 605px) 100vw, 605px\" \/><\/a><\/p>\t\t\t\t\t\t<\/div>\n\t\t\t\t<\/div>\n\t\t\t\t<div class=\"elementor-element elementor-element-899086f elementor-widget elementor-widget-shortcode\" data-id=\"899086f\" data-element_type=\"widget\" data-widget_type=\"shortcode.default\">\n\t\t\t\t<div class=\"elementor-widget-container\">\n\t\t\t\t\t<div class=\"elementor-shortcode\"><center><a href=\"https:\/\/a.partner-versicherung.de\/click.php?partner_id=19992&ad_id=1576&deep=kreditkarten\"  target=\"_blank\"><img decoding=\"async\" src=\"https:\/\/a.partner-versicherung.de\/view.php?partner_id=19992&ad_id=1576\" ><\/a><\/div>\n\t\t\t\t<\/div>\n\t\t\t\t<\/div>\n\t\t\t\t<div class=\"elementor-element elementor-element-a2cb79b elementor-widget-divider--view-line elementor-widget elementor-widget-divider\" data-id=\"a2cb79b\" data-element_type=\"widget\" data-widget_type=\"divider.default\">\n\t\t\t\t<div class=\"elementor-widget-container\">\n\t\t\t\t\t<div class=\"elementor-divider\">\n\t\t\t<span class=\"elementor-divider-separator\">\n\t\t\t\t\t\t<\/span>\n\t\t<\/div>\n\t\t\t\t<\/div>\n\t\t\t\t<\/div>\n\t\t\t\t<div class=\"elementor-element elementor-element-da20a21 elementor-widget elementor-widget-google_maps\" data-id=\"da20a21\" data-element_type=\"widget\" data-widget_type=\"google_maps.default\">\n\t\t\t\t<div class=\"elementor-widget-container\">\n\t\t\t\t\t<div class=\"elementor-custom-embed\">\n\t\t\t<iframe loading=\"lazy\"\n\t\t\t\t\tsrc=\"https:\/\/maps.google.com\/maps?q=K%C3%B6nigsplatz%201%2C%20Schwabach%2C%20Deutschland&#038;t=m&#038;z=17&#038;output=embed&#038;iwloc=near\"\n\t\t\t\t\ttitle=\"K\u00f6nigsplatz 1, Schwabach, Deutschland\"\n\t\t\t\t\taria-label=\"K\u00f6nigsplatz 1, Schwabach, Deutschland\"\n\t\t\t><\/iframe>\n\t\t<\/div>\n\t\t\t\t<\/div>\n\t\t\t\t<\/div>\n\t\t\t\t\t<\/div>\n\t\t<\/div>\n\t\t\t\t<div class=\"elementor-column elementor-col-33 elementor-top-column elementor-element elementor-element-f645137\" data-id=\"f645137\" data-element_type=\"column\">\n\t\t\t<div class=\"elementor-widget-wrap elementor-element-populated\">\n\t\t\t\t\t\t<div class=\"elementor-element elementor-element-e498d67 elementor-widget elementor-widget-heading\" data-id=\"e498d67\" data-element_type=\"widget\" data-widget_type=\"heading.default\">\n\t\t\t\t<div class=\"elementor-widget-container\">\n\t\t\t<h3 class=\"elementor-heading-title elementor-size-default\">Schnell vergleichen und sparen!<\/h3>\t\t<\/div>\n\t\t\t\t<\/div>\n\t\t\t\t<div class=\"elementor-element elementor-element-6e39724 elementor-widget elementor-widget-wp-widget-advads_ad_widget\" data-id=\"6e39724\" data-element_type=\"widget\" data-widget_type=\"wp-widget-advads_ad_widget.default\">\n\t\t\t\t<div class=\"elementor-widget-container\">\n\t\t\t<div id=\"regio-3896931430\"><div class=\"regio-adlabel\">Werbung<\/div><!-- Beginn https:\/\/www.financeads.net\/-Code --><a href=\"https:\/\/www.financeads.net\/tc.php?t=36648C236142529B\" target=\"_blank\"><img decoding=\"async\" src=\"https:\/\/www.financeads.net\/tb.php?t=36648V236142529B&https=1\" alt=\"\" border=\"0\" width=\"300\" height=\"250\"><\/a><!-- Ende https:\/\/www.financeads.net\/-Code --><\/div>\t\t<\/div>\n\t\t\t\t<\/div>\n\t\t\t\t<div class=\"elementor-element elementor-element-f54af08 elementor-widget elementor-widget-wp-widget-advads_ad_widget\" data-id=\"f54af08\" data-element_type=\"widget\" data-widget_type=\"wp-widget-advads_ad_widget.default\">\n\t\t\t\t<div class=\"elementor-widget-container\">\n\t\t\t<div id=\"regio-1382518228\"><div class=\"regio-adlabel\">Werbung<\/div><!-- Beginn https:\/\/www.financeads.net\/-Code --><a href=\"https:\/\/www.financeads.net\/tc.php?t=36648C42614510B\" target=\"_blank\"><img decoding=\"async\" src=\"https:\/\/www.financeads.net\/tb.php?t=36648V42614510B&https=1\" alt=\"\" border=\"0\" width=\"200\" height=\"300\"><\/a><!-- Ende https:\/\/www.financeads.net\/-Code --><\/div>\t\t<\/div>\n\t\t\t\t<\/div>\n\t\t\t\t<div class=\"elementor-element elementor-element-e2674dd elementor-widget elementor-widget-wp-widget-advads_ad_widget\" data-id=\"e2674dd\" data-element_type=\"widget\" data-widget_type=\"wp-widget-advads_ad_widget.default\">\n\t\t\t\t<div class=\"elementor-widget-container\">\n\t\t\t<div id=\"regio-2303044321\"><div class=\"regio-adlabel\">Werbung<\/div><!-- Beginn https:\/\/www.financeads.net\/-Code --><a href=\"https:\/\/www.financeads.net\/tc.php?t=36648C205040072B\" target=\"_blank\"><img loading=\"lazy\" decoding=\"async\" src=\"https:\/\/www.financeads.net\/tb.php?t=36648V205040072B&https=1\" alt=\"\" border=\"0\" width=\"300\" height=\"250\"><\/a><!-- Ende https:\/\/www.financeads.net\/-Code --><\/div>\t\t<\/div>\n\t\t\t\t<\/div>\n\t\t\t\t<div class=\"elementor-element elementor-element-4b2302d elementor-widget elementor-widget-wp-widget-advads_ad_widget\" data-id=\"4b2302d\" data-element_type=\"widget\" data-widget_type=\"wp-widget-advads_ad_widget.default\">\n\t\t\t\t<div class=\"elementor-widget-container\">\n\t\t\t<div id=\"regio-815208769\"><div class=\"regio-adlabel\">Werbung<\/div><!-- Beginn https:\/\/www.financeads.net\/-Code --><a href=\"https:\/\/www.financeads.net\/tc.php?t=36648C205040072B\" target=\"_blank\"><img loading=\"lazy\" decoding=\"async\" src=\"https:\/\/www.financeads.net\/tb.php?t=36648V205040072B&https=1\" alt=\"\" border=\"0\" width=\"300\" height=\"250\"><\/a><!-- Ende https:\/\/www.financeads.net\/-Code --><\/div>\t\t<\/div>\n\t\t\t\t<\/div>\n\t\t\t\t\t<\/div>\n\t\t<\/div>\n\t\t\t\t\t<\/div>\n\t\t<\/section>\n\t\t\t\t<\/div>\n\t\t","protected":false},"excerpt":{"rendered":"<div class=\"mh-excerpt\"><p>Auftr\u00e4ge von OB Peter Rei\u00df erteilt:\u00a0Glasfaserausbau an Schulen Schwabach &#8211; In den n\u00e4chsten drei Jahren werden \u00fcber 92 Prozent der Adressen im Stadtgebiet \u00fcber einen gigabitf\u00e4higen Breitbandanschluss verf\u00fcgen. Ergebnis des Markterkundungsverfahrens zeichnet positives Bild \u00fcber <a class=\"mh-excerpt-more\" href=\"https:\/\/www.region-schwabach.de\/wordpress\/der-glasfaserausbau-in-schwabach-schreitet-voran\/\" title=\"Der Glasfaserausbau in Schwabach schreitet voran\">[&#8230;]<\/a><\/p>\n<\/div>","protected":false},"author":1,"featured_media":192618,"comment_status":"open","ping_status":"open","sticky":false,"template":"","format":"standard","meta":{"_cbd_carousel_blocks":"[]","footnotes":""},"categories":[16,1,287,79,61],"tags":[21307,21373,21374,21375,17944,21312,522,1480,19,5326,3012,3151,634],"class_list":{"0":"post-192617","1":"post","2":"type-post","3":"status-publish","4":"format-standard","5":"has-post-thumbnail","7":"category-aktuell","8":"category-allgemein","9":"category-jugend-und-familie","10":"category-politik","11":"category-rathaus","12":"tag-21307","13":"tag-21373","14":"tag-21374","15":"tag-gigabitfaehiger-breitbandanschluss","16":"tag-glasfaserausbau","17":"tag-januar-2023","18":"tag-koenigsplatz","19":"tag-rathaus","20":"tag-schwabach","21":"tag-spass","22":"tag-stadt","23":"tag-stadt-schwabach","24":"tag-stadtgebiet"},"_links":{"self":[{"href":"https:\/\/www.region-schwabach.de\/wordpress\/wp-json\/wp\/v2\/posts\/192617","targetHints":{"allow":["GET"]}}],"collection":[{"href":"https:\/\/www.region-schwabach.de\/wordpress\/wp-json\/wp\/v2\/posts"}],"about":[{"href":"https:\/\/www.region-schwabach.de\/wordpress\/wp-json\/wp\/v2\/types\/post"}],"author":[{"embeddable":true,"href":"https:\/\/www.region-schwabach.de\/wordpress\/wp-json\/wp\/v2\/users\/1"}],"replies":[{"embeddable":true,"href":"https:\/\/www.region-schwabach.de\/wordpress\/wp-json\/wp\/v2\/comments?post=192617"}],"version-history":[{"count":0,"href":"https:\/\/www.region-schwabach.de\/wordpress\/wp-json\/wp\/v2\/posts\/192617\/revisions"}],"wp:featuredmedia":[{"embeddable":true,"href":"https:\/\/www.region-schwabach.de\/wordpress\/wp-json\/wp\/v2\/media\/192618"}],"wp:attachment":[{"href":"https:\/\/www.region-schwabach.de\/wordpress\/wp-json\/wp\/v2\/media?parent=192617"}],"wp:term":[{"taxonomy":"category","embeddable":true,"href":"https:\/\/www.region-schwabach.de\/wordpress\/wp-json\/wp\/v2\/categories?post=192617"},{"taxonomy":"post_tag","embeddable":true,"href":"https:\/\/www.region-schwabach.de\/wordpress\/wp-json\/wp\/v2\/tags?post=192617"}],"curies":[{"name":"wp","href":"https:\/\/api.w.org\/{rel}","templated":true}]}}