{"id":192880,"date":"2023-02-19T00:45:00","date_gmt":"2023-02-18T23:45:00","guid":{"rendered":"https:\/\/www.region-schwabach.de\/wordpress\/?p=192880"},"modified":"2023-02-18T20:42:32","modified_gmt":"2023-02-18T19:42:32","slug":"ausstellung-des-kunstlerbundes-schwabach-beyond-content-von-tobias-freude-in-der-stadtischen-galerie-ab-14-januar-2023","status":"publish","type":"post","link":"https:\/\/www.region-schwabach.de\/wordpress\/ausstellung-des-kunstlerbundes-schwabach-beyond-content-von-tobias-freude-in-der-stadtischen-galerie-ab-14-januar-2023\/","title":{"rendered":"Ausstellung des K\u00fcnstlerbundes Schwabach \u2013 \u201eBeyond Content\u201c von Tobias Freude \u2013 in der St\u00e4dtischen Galerie ab 14. Januar 2023"},"content":{"rendered":"\t\t<div data-elementor-type=\"wp-post\" data-elementor-id=\"192880\" class=\"elementor elementor-192880\">\n\t\t\t\t\t\t<section class=\"elementor-section elementor-top-section elementor-element elementor-element-678181b elementor-section-boxed elementor-section-height-default elementor-section-height-default\" data-id=\"678181b\" data-element_type=\"section\">\n\t\t\t\t\t\t<div class=\"elementor-container elementor-column-gap-default\">\n\t\t\t\t\t<div class=\"elementor-column elementor-col-66 elementor-top-column elementor-element elementor-element-6b34026\" data-id=\"6b34026\" data-element_type=\"column\">\n\t\t\t<div class=\"elementor-widget-wrap elementor-element-populated\">\n\t\t\t\t\t\t<div class=\"elementor-element elementor-element-15a5ce5 elementor-widget elementor-widget-wp-widget-advads_ad_widget\" data-id=\"15a5ce5\" data-element_type=\"widget\" data-widget_type=\"wp-widget-advads_ad_widget.default\">\n\t\t\t\t<div class=\"elementor-widget-container\">\n\t\t\t<div id=\"regio-374812055\"><div class=\"regio-adlabel\">Werbung<\/div><center><a href=\"https:\/\/a.partner-versicherung.de\/click.php?partner_id=19992&ad_id=1578&deep=kreditkarten\"  target=\"_blank\"><img decoding=\"async\" src=\"https:\/\/a.partner-versicherung.de\/view.php?partner_id=19992&ad_id=1578\" ><\/a><\/center><\/div>\t\t<\/div>\n\t\t\t\t<\/div>\n\t\t\t\t<div class=\"elementor-element elementor-element-443ab98 elementor-widget elementor-widget-text-editor\" data-id=\"443ab98\" data-element_type=\"widget\" data-widget_type=\"text-editor.default\">\n\t\t\t\t<div class=\"elementor-widget-container\">\n\t\t\t\t\t\t\t<h3 class=\"entry-title\">Vom 14. Januar 2023 bis 19. Februar 2023 in der St\u00e4dtischen Galerie Schwabach:\u00a0<br \/>Ausstellung \u201eBeyond Content\u201c von Tobias Freude\u00a0<\/h3><p><span style=\"font-size: 12pt;\">Schwabach &#8211; Der K\u00fcnstlerbund Schwabach pr\u00e4sentiert in seiner n\u00e4chsten Ausstellung Tobias Freude mit der Einzelausstellung \u201eBeyond Content\u201c:<br \/><\/span><\/p><p><span style=\"font-size: 12pt;\">In Schwabach kennt man den K\u00fcnstler bereits, denn seit der Ortung XI 2019 steht sein Schriftzug aus wei\u00dfem Marmor \u201eIst Schweigen <\/span><span style=\"font-size: 12pt;\">Gold\u201c in der Synagogengasse. Auch wenn Sprichworte wie in Stein gemei\u00dfelte Lebensweisheiten sind, m\u00fcssen sie <\/span><span style=\"font-size: 12pt;\">hinterfragt werden.<\/span><\/p><p><span style=\"font-size: 12pt;\">Tobias Freudes Wortsteine ver\u00e4ndern ihre Umgebung nachhaltig. Sie bleiben einfach stehen, k\u00f6nnen nicht umgebl\u00e4ttert <\/span><span style=\"font-size: 12pt;\">und weggeklickt werden. Ein schwerwiegender \u00e4sthetischer Eingriff in die Umwelt. <\/span><span style=\"font-size: 12pt;\">Umso mehr, als Stein das \u201eewige Material schlechthin\u201c ist.<\/span><\/p><p><span style=\"font-size: 12pt;\">Nachhaltiges im steinernen Text zu hinterlassen, Anst\u00f6\u00dfe zu geben mit dem was uns umgibt, umgarnt und uns zu <\/span><span style=\"font-size: 12pt;\">informieren scheint, das ist sein Anliegen. Seiner Meinung nach lassen Konfrontation durch die massive Form und <\/span><span style=\"font-size: 12pt;\">irritierende Sachverhalte die Aufmerksamkeit wachsen.<\/span><\/p><p><span style=\"font-size: 12pt;\">Tobias Freude lebt und arbeitet in Friedberg bei Augsburg. Er studierte Freie Kunst und Bildhauerei an der Hochschule <\/span><span style=\"font-size: 12pt;\">f\u00fcr K\u00fcnste in Bremen als Meistersch\u00fcler bei Prof. Bernd Altenstein.<\/span><\/p><p><span style=\"font-size: 12pt;\">Die Ausstellung wird in der St\u00e4dtischen Galerie Schwabach gezeigt und dauert vom 14. Januar bis 19. Februar 2023.\u00a0<\/span><\/p><h3><span style=\"font-size: 12pt;\">Infos:<\/span><\/h3><p><span style=\"font-size: 12pt;\">Die Ausstellung findet in der St\u00e4dtischen Galerie, K\u00f6nigsplatz 29a in Schwabach statt, der\u00a0Eintritt ist frei.\u00a0<\/span><\/p><h3 class=\"idgroup_7 group_container\">Ausstellungszeiten<\/h3><p><span style=\"font-size: 12pt;\">Ge\u00f6ffnet ist die Ausstellung in der St\u00e4dtischen Galerie (K\u00f6nigsplatz 29A) zu folgenden Zeiten:<\/span><\/p><table style=\"border-collapse: collapse; width: 100%; height: 144px;\" border=\"1\"><tbody><tr style=\"height: 24px;\"><td style=\"width: 33.3333%; height: 24px;\"><span style=\"font-size: 12pt;\">Tag<\/span><\/td><td style=\"width: 33.3333%; height: 24px;\"><span style=\"font-size: 12pt;\">Von &#8230;<\/span><\/td><td style=\"width: 33.3333%; height: 24px;\"><span style=\"font-size: 12pt;\">&#8230; bis<\/span><\/td><\/tr><tr style=\"height: 24px;\"><td style=\"width: 33.3333%; height: 24px;\">\u00a0<\/td><td style=\"width: 33.3333%; height: 24px;\">\u00a0<\/td><td style=\"width: 33.3333%; height: 24px;\">\u00a0<\/td><\/tr><tr style=\"height: 24px;\"><td style=\"width: 33.3333%; height: 24px;\"><span style=\"font-size: 12pt;\">Donnerstag<\/span><\/td><td style=\"width: 33.3333%; height: 24px;\"><span style=\"font-size: 12pt;\">11.00 Uhr<\/span><\/td><td style=\"width: 33.3333%; height: 24px;\"><span style=\"font-size: 12pt;\">18.00 Uhr<\/span><\/td><\/tr><tr style=\"height: 24px;\"><td style=\"width: 33.3333%; height: 24px;\"><span style=\"font-size: 12pt;\">Freitag<\/span><\/td><td style=\"width: 33.3333%; height: 24px;\"><span style=\"font-size: 12pt;\">11.00 Uhr<\/span><\/td><td style=\"width: 33.3333%; height: 24px;\"><span style=\"font-size: 12pt;\">18.00 Uhr<\/span><\/td><\/tr><tr style=\"height: 24px;\"><td style=\"width: 33.3333%; height: 24px;\"><span style=\"font-size: 12pt;\">Samstag<\/span><\/td><td style=\"width: 33.3333%; height: 24px;\"><span style=\"font-size: 12pt;\">10.00 Uhr<\/span><\/td><td style=\"width: 33.3333%; height: 24px;\"><span style=\"font-size: 12pt;\">13.00 Uhr<\/span><\/td><\/tr><tr style=\"height: 24px;\"><td style=\"width: 33.3333%; height: 24px;\"><span style=\"font-size: 12pt;\">Sonntag<\/span><\/td><td style=\"width: 33.3333%; height: 24px;\"><span style=\"font-size: 12pt;\">13.00 Uhr<\/span><\/td><td style=\"width: 33.3333%; height: 24px;\"><span style=\"font-size: 12pt;\">16.00 Uhr<\/span><\/td><\/tr><\/tbody><\/table><h3>Weiterf\u00fchrende Links:<\/h3><p><span style=\"font-size: 12pt;\"><a href=\"http:\/\/www.kuenstlerbund-schwabach.de\/buga\/index.html\" target=\"_blank\" rel=\"noopener\">Zur Homepage der St\u00e4dtischen Galerie Schwabach geht&#8217;s hier &#8230;<\/a><\/span><\/p>\t\t\t\t\t\t<\/div>\n\t\t\t\t<\/div>\n\t\t\t\t<div class=\"elementor-element elementor-element-795dacc elementor-widget elementor-widget-shortcode\" data-id=\"795dacc\" data-element_type=\"widget\" data-widget_type=\"shortcode.default\">\n\t\t\t\t<div class=\"elementor-widget-container\">\n\t\t\t\t\t<div class=\"elementor-shortcode\"><!-- Beginn https:\/\/www.financeads.net\/-Code --><a href=\"https:\/\/www.financeads.net\/tc.php?t=36648C38513858B\" target=\"_blank\"><center><img decoding=\"async\" src=\"https:\/\/www.financeads.net\/tb.php?t=36648V38513858B&https=1\" alt=\"\" border=\"0\" width=\"468\" height=\"60\"><\/a><!-- Ende https:\/\/www.financeads.net\/-Code --><\/div>\n\t\t\t\t<\/div>\n\t\t\t\t<\/div>\n\t\t\t\t<div class=\"elementor-element elementor-element-0c834d7 elementor-widget-divider--view-line elementor-widget elementor-widget-divider\" data-id=\"0c834d7\" data-element_type=\"widget\" data-widget_type=\"divider.default\">\n\t\t\t\t<div class=\"elementor-widget-container\">\n\t\t\t\t\t<div class=\"elementor-divider\">\n\t\t\t<span class=\"elementor-divider-separator\">\n\t\t\t\t\t\t<\/span>\n\t\t<\/div>\n\t\t\t\t<\/div>\n\t\t\t\t<\/div>\n\t\t\t\t<div class=\"elementor-element elementor-element-325f51f elementor-widget elementor-widget-google_maps\" data-id=\"325f51f\" data-element_type=\"widget\" data-widget_type=\"google_maps.default\">\n\t\t\t\t<div class=\"elementor-widget-container\">\n\t\t\t\t\t<div class=\"elementor-custom-embed\">\n\t\t\t<iframe loading=\"lazy\"\n\t\t\t\t\tsrc=\"https:\/\/maps.google.com\/maps?q=K%C3%B6nigsplatz%2029a%2C%20Schwabach%2C%20Deutschland&#038;t=m&#038;z=17&#038;output=embed&#038;iwloc=near\"\n\t\t\t\t\ttitle=\"K\u00f6nigsplatz 29a, Schwabach, Deutschland\"\n\t\t\t\t\taria-label=\"K\u00f6nigsplatz 29a, Schwabach, Deutschland\"\n\t\t\t><\/iframe>\n\t\t<\/div>\n\t\t\t\t<\/div>\n\t\t\t\t<\/div>\n\t\t\t\t\t<\/div>\n\t\t<\/div>\n\t\t\t\t<div class=\"elementor-column elementor-col-33 elementor-top-column elementor-element elementor-element-f645137\" data-id=\"f645137\" data-element_type=\"column\">\n\t\t\t<div class=\"elementor-widget-wrap elementor-element-populated\">\n\t\t\t\t\t\t<div class=\"elementor-element elementor-element-839bb7a elementor-widget elementor-widget-heading\" data-id=\"839bb7a\" data-element_type=\"widget\" data-widget_type=\"heading.default\">\n\t\t\t\t<div class=\"elementor-widget-container\">\n\t\t\t<h3 class=\"elementor-heading-title elementor-size-default\">Schnell vergleichen und sparen!<\/h3>\t\t<\/div>\n\t\t\t\t<\/div>\n\t\t\t\t<div class=\"elementor-element elementor-element-6036bed elementor-widget elementor-widget-wp-widget-advads_ad_widget\" data-id=\"6036bed\" data-element_type=\"widget\" data-widget_type=\"wp-widget-advads_ad_widget.default\">\n\t\t\t\t<div class=\"elementor-widget-container\">\n\t\t\t<div id=\"regio-2066962010\"><div class=\"regio-adlabel\">Werbung<\/div><!-- Beginn https:\/\/www.financeads.net\/-Code --><a href=\"https:\/\/www.financeads.net\/tc.php?t=36648C236142529B\" target=\"_blank\"><img fetchpriority=\"high\" decoding=\"async\" src=\"https:\/\/www.financeads.net\/tb.php?t=36648V236142529B&https=1\" alt=\"\" border=\"0\" width=\"300\" height=\"250\"><\/a><!-- Ende https:\/\/www.financeads.net\/-Code --><\/div>\t\t<\/div>\n\t\t\t\t<\/div>\n\t\t\t\t<div class=\"elementor-element elementor-element-eec47fd elementor-widget elementor-widget-wp-widget-advads_ad_widget\" data-id=\"eec47fd\" data-element_type=\"widget\" data-widget_type=\"wp-widget-advads_ad_widget.default\">\n\t\t\t\t<div class=\"elementor-widget-container\">\n\t\t\t<div id=\"regio-1565087031\"><div class=\"regio-adlabel\">Werbung<\/div><!-- Beginn https:\/\/www.financeads.net\/-Code --><a href=\"https:\/\/www.financeads.net\/tc.php?t=36648C42614510B\" target=\"_blank\"><img decoding=\"async\" src=\"https:\/\/www.financeads.net\/tb.php?t=36648V42614510B&https=1\" alt=\"\" border=\"0\" width=\"200\" height=\"300\"><\/a><!-- Ende https:\/\/www.financeads.net\/-Code --><\/div>\t\t<\/div>\n\t\t\t\t<\/div>\n\t\t\t\t<div class=\"elementor-element elementor-element-4cede30 elementor-widget elementor-widget-wp-widget-advads_ad_widget\" data-id=\"4cede30\" data-element_type=\"widget\" data-widget_type=\"wp-widget-advads_ad_widget.default\">\n\t\t\t\t<div class=\"elementor-widget-container\">\n\t\t\t<div id=\"regio-3420927513\"><div class=\"regio-adlabel\">Werbung<\/div><!-- Beginn https:\/\/www.financeads.net\/-Code --><a href=\"https:\/\/www.financeads.net\/tc.php?t=36648C205040072B\" target=\"_blank\"><img loading=\"lazy\" decoding=\"async\" src=\"https:\/\/www.financeads.net\/tb.php?t=36648V205040072B&https=1\" alt=\"\" border=\"0\" width=\"300\" height=\"250\"><\/a><!-- Ende https:\/\/www.financeads.net\/-Code --><\/div>\t\t<\/div>\n\t\t\t\t<\/div>\n\t\t\t\t<div class=\"elementor-element elementor-element-96a56a4 elementor-widget elementor-widget-wp-widget-advads_ad_widget\" data-id=\"96a56a4\" data-element_type=\"widget\" data-widget_type=\"wp-widget-advads_ad_widget.default\">\n\t\t\t\t<div class=\"elementor-widget-container\">\n\t\t\t<div id=\"regio-2532436150\"><div class=\"regio-adlabel\">Werbung<\/div><!-- Beginn https:\/\/www.financeads.net\/-Code --><a href=\"https:\/\/www.financeads.net\/tc.php?t=36648C271460142B\" target=\"_blank\"><img loading=\"lazy\" decoding=\"async\" src=\"https:\/\/www.financeads.net\/tb.php?t=36648V271460142B&https=1\" alt=\"PETPROTECT_Hund&Katze_Banner\" border=\"0\" width=\"250\" height=\"250\"><\/a><!-- Ende https:\/\/www.financeads.net\/-Code --><\/div>\t\t<\/div>\n\t\t\t\t<\/div>\n\t\t\t\t\t<\/div>\n\t\t<\/div>\n\t\t\t\t\t<\/div>\n\t\t<\/section>\n\t\t\t\t<\/div>\n\t\t","protected":false},"excerpt":{"rendered":"<div class=\"mh-excerpt\"><p>Vom 14. Januar 2023 bis 19. Februar 2023 in der St\u00e4dtischen Galerie Schwabach:&nbsp; Ausstellung \u201eBeyond Content\u201c von Tobias Freude&nbsp; Schwabach &#8211; Der K\u00fcnstlerbund Schwabach pr\u00e4sentiert in seiner n\u00e4chsten Ausstellung Tobias Freude mit der Einzelausstellung \u201eBeyond <a class=\"mh-excerpt-more\" href=\"https:\/\/www.region-schwabach.de\/wordpress\/ausstellung-des-kunstlerbundes-schwabach-beyond-content-von-tobias-freude-in-der-stadtischen-galerie-ab-14-januar-2023\/\" title=\"Ausstellung des K\u00fcnstlerbundes Schwabach \u2013 \u201eBeyond Content\u201c von Tobias Freude \u2013 in der St\u00e4dtischen Galerie ab 14. Januar 2023\">[&#8230;]<\/a><\/p>\n<\/div>","protected":false},"author":1,"featured_media":192881,"comment_status":"open","ping_status":"open","sticky":false,"template":"","format":"standard","meta":{"_cbd_carousel_blocks":"[]","footnotes":""},"categories":[16,287,231,140],"tags":[21422,21420,21421,3155,20750,522,4813,19,4045,21423,21424],"class_list":{"0":"post-192880","1":"post","2":"type-post","3":"status-publish","4":"format-standard","5":"has-post-thumbnail","7":"category-aktuell","8":"category-jugend-und-familie","9":"category-veranstaltungsnews","10":"category-vereine","11":"tag-beyond-content","12":"tag-14-januar-2023-bis-19-februar-2023","13":"tag-14-01-2023-bis-19-02-2023","14":"tag-ausstellung","15":"tag-einzelausstellung","16":"tag-koenigsplatz","17":"tag-kuenstlerbund","18":"tag-schwabach","19":"tag-staedtische-galerie","20":"tag-tobias-freude","21":"tag-worte-in-stein"},"_links":{"self":[{"href":"https:\/\/www.region-schwabach.de\/wordpress\/wp-json\/wp\/v2\/posts\/192880","targetHints":{"allow":["GET"]}}],"collection":[{"href":"https:\/\/www.region-schwabach.de\/wordpress\/wp-json\/wp\/v2\/posts"}],"about":[{"href":"https:\/\/www.region-schwabach.de\/wordpress\/wp-json\/wp\/v2\/types\/post"}],"author":[{"embeddable":true,"href":"https:\/\/www.region-schwabach.de\/wordpress\/wp-json\/wp\/v2\/users\/1"}],"replies":[{"embeddable":true,"href":"https:\/\/www.region-schwabach.de\/wordpress\/wp-json\/wp\/v2\/comments?post=192880"}],"version-history":[{"count":0,"href":"https:\/\/www.region-schwabach.de\/wordpress\/wp-json\/wp\/v2\/posts\/192880\/revisions"}],"wp:featuredmedia":[{"embeddable":true,"href":"https:\/\/www.region-schwabach.de\/wordpress\/wp-json\/wp\/v2\/media\/192881"}],"wp:attachment":[{"href":"https:\/\/www.region-schwabach.de\/wordpress\/wp-json\/wp\/v2\/media?parent=192880"}],"wp:term":[{"taxonomy":"category","embeddable":true,"href":"https:\/\/www.region-schwabach.de\/wordpress\/wp-json\/wp\/v2\/categories?post=192880"},{"taxonomy":"post_tag","embeddable":true,"href":"https:\/\/www.region-schwabach.de\/wordpress\/wp-json\/wp\/v2\/tags?post=192880"}],"curies":[{"name":"wp","href":"https:\/\/api.w.org\/{rel}","templated":true}]}}