{"id":193353,"date":"2023-01-19T01:30:00","date_gmt":"2023-01-19T00:30:00","guid":{"rendered":"https:\/\/www.region-schwabach.de\/wordpress\/?p=193353"},"modified":"2023-01-18T20:52:24","modified_gmt":"2023-01-18T19:52:24","slug":"exklusive-lesung-mit-pippo-pollina-am-donnerstag-den-19-januar-2023","status":"publish","type":"post","link":"https:\/\/www.region-schwabach.de\/wordpress\/exklusive-lesung-mit-pippo-pollina-am-donnerstag-den-19-januar-2023\/","title":{"rendered":"Exklusive Lesung mit Pippo Pollina am Donnerstag, den 19. Januar 2023"},"content":{"rendered":"\t\t<div data-elementor-type=\"wp-post\" data-elementor-id=\"193353\" class=\"elementor elementor-193353\">\n\t\t\t\t\t\t<section class=\"elementor-section elementor-top-section elementor-element elementor-element-678181b elementor-section-boxed elementor-section-height-default elementor-section-height-default\" data-id=\"678181b\" data-element_type=\"section\">\n\t\t\t\t\t\t<div class=\"elementor-container elementor-column-gap-default\">\n\t\t\t\t\t<div class=\"elementor-column elementor-col-66 elementor-top-column elementor-element elementor-element-6b34026\" data-id=\"6b34026\" data-element_type=\"column\">\n\t\t\t<div class=\"elementor-widget-wrap elementor-element-populated\">\n\t\t\t\t\t\t<div class=\"elementor-element elementor-element-443ab98 elementor-widget elementor-widget-text-editor\" data-id=\"443ab98\" data-element_type=\"widget\" data-widget_type=\"text-editor.default\">\n\t\t\t\t<div class=\"elementor-widget-container\">\n\t\t\t\t\t\t\t<h3>Donnerstag, den 19. Januar 2023, um 19.30 Uhr im Evangelischen Haus in der Wittelsbacherstra\u00dfe:\u00a0<br \/>Exklusive Lesung mit Pippo Pollina\u00a0<\/h3><h3><span style=\"font-size: 14pt;\"><strong>DER ANDERE &#8211; Ein Geheimnis, das zwei Leben f\u00fcr immer ver\u00e4ndert\u00a0<\/strong><\/span><\/h3><p><span style=\"font-size: 12pt;\">Leonardo Conigliaro, von Familie und Freunden Nan\u00e0 genannt, ist Arzt in Camporeale, einem sizilianischen Dorf, in dem die ehrenwerte Gesellschaft und die Mafia seit jeher eine bedeutende Rolle spielen. Frank Fischer, in Wolfsburg von einer alleinerziehenden Mutter gro\u00dfgezogen, ist ein aufsteigender Stern am deutschen Journalistenhimmel und bekannt f\u00fcr seine Investigativrecherchen. <\/span><\/p><p><span style=\"font-size: 12pt;\">Beide M\u00e4nner sind Ende der 1950er-Jahre geboren, haben aber keinerlei weitere Ber\u00fchrungspunkte, bis Nan\u00e0 ein lange Zeit gut geh\u00fctetes Geheimnis l\u00fcftet und eine alte Familienschuld bei ihm eingefordert wird. <\/span><\/p><p><span style=\"font-size: 12pt;\">Im wiedervereinten Deutschland prallen Franks und Nan\u00e0s Wege unausweichlich aufeinander und verlangen eine Entscheidung, die ihre beiden Leben f\u00fcr immer ver\u00e4ndert.\u00a0<\/span><\/p><h3>Pippo Pollina\u00a0<\/h3><p><span style=\"font-size: 12pt;\">Pippo Pollina, geboren 1963 in Palermo, besuchte das Konservatorium und studierte Rechtswissenschaften. Er engagierte sich fr\u00fch in der Antimafiabewegung und arbeitete u.a. f\u00fcr die von Giuseppe Fava gegr\u00fcndete Zeitschrift I Siciliani. Nach Favas Ermordung durch die Mafia verlie\u00df Pollina 1985 Sizilien, um erstmal als Stra\u00dfenmusiker durch die Welt zu reisen.\u00a0<\/span><\/p><p><span style=\"font-size: 12pt;\">Pippo Pollina, der seit Langem in Z\u00fcrich lebt, wurde f\u00fcr sein musikalisches Schaffen mehrfach ausgezeichnet, hat zahlreiche Alben aufgenommen und ist auf vielen gro\u00dfen B\u00fchnen aufgetreten. Der Andere ist sein Deb\u00fctroman <a href=\"http:\/\/www.pippopollina.com\" target=\"_blank\" rel=\"noopener\">www.pippopollina.com<\/a><\/span><\/p><p><a href=\"https:\/\/www.region-schwabach.de\/wordpress\/wp-content\/uploads\/2023\/01\/pippo-pollina-3.jpg\"><img fetchpriority=\"high\" decoding=\"async\" class=\"aligncenter size-full wp-image-193362\" src=\"https:\/\/www.region-schwabach.de\/wordpress\/wp-content\/uploads\/2023\/01\/pippo-pollina-3.jpg\" alt=\"\" width=\"615\" height=\"980\" srcset=\"https:\/\/www.region-schwabach.de\/wordpress\/wp-content\/uploads\/2023\/01\/pippo-pollina-3.jpg 615w, https:\/\/www.region-schwabach.de\/wordpress\/wp-content\/uploads\/2023\/01\/pippo-pollina-3-188x300.jpg 188w\" sizes=\"(max-width: 615px) 100vw, 615px\" \/><\/a><\/p><p><span style=\"font-size: 12pt;\"><strong>Info:<\/strong><\/span><br \/><span style=\"font-size: 12pt;\">Die Lesung\u00a0 findet am Donnerstag, den 19. Januar 2023, von 19.30 Uhr bis 21.00 Uhr im Evangelischen Haus in der Wittelsbacherstra\u00dfe 4 in Schwabach statt.\u00a0<\/span><\/p><h3>Weiterf\u00fchrende Informationen:\u00a0<\/h3><p><span style=\"font-size: 12pt;\"><a href=\"https:\/\/www.lesezeichen-sc.de\/shop\/item\/9783036958941\/der-andere-von-pippo-pollina-gebundenes-buch\" target=\"_blank\" rel=\"noopener\">Mehr Infos zu dieser Lesung gibt es auf der Homepage von lesezeichen &#8211; buch &amp; caffe (hier klicken &#8230;)\u00a0<\/a><\/span><\/p>\t\t\t\t\t\t<\/div>\n\t\t\t\t<\/div>\n\t\t\t\t<div class=\"elementor-element elementor-element-18df5bd elementor-widget elementor-widget-google_maps\" data-id=\"18df5bd\" data-element_type=\"widget\" data-widget_type=\"google_maps.default\">\n\t\t\t\t<div class=\"elementor-widget-container\">\n\t\t\t\t\t<div class=\"elementor-custom-embed\">\n\t\t\t<iframe loading=\"lazy\"\n\t\t\t\t\tsrc=\"https:\/\/maps.google.com\/maps?q=Limbacher%20Stra%C3%9Fe%2012g%2C%20Schwabach%2C%20Deutschland&#038;t=m&#038;z=17&#038;output=embed&#038;iwloc=near\"\n\t\t\t\t\ttitle=\"Limbacher Stra\u00dfe 12g, Schwabach, Deutschland\"\n\t\t\t\t\taria-label=\"Limbacher Stra\u00dfe 12g, Schwabach, Deutschland\"\n\t\t\t><\/iframe>\n\t\t<\/div>\n\t\t\t\t<\/div>\n\t\t\t\t<\/div>\n\t\t\t\t<div class=\"elementor-element elementor-element-fc55cc3 elementor-widget elementor-widget-shortcode\" data-id=\"fc55cc3\" data-element_type=\"widget\" data-widget_type=\"shortcode.default\">\n\t\t\t\t<div class=\"elementor-widget-container\">\n\t\t\t\t\t<div class=\"elementor-shortcode\"><center><a href=\"https:\/\/a.partner-versicherung.de\/click.php?partner_id=19992&ad_id=441&deep=kfz-versicherung\"  target=\"_blank\"><img decoding=\"async\" src=\"https:\/\/a.partner-versicherung.de\/view.php?partner_id=19992&ad_id=441\" ><\/a><\/center><\/div>\n\t\t\t\t<\/div>\n\t\t\t\t<\/div>\n\t\t\t\t\t<\/div>\n\t\t<\/div>\n\t\t\t\t<div class=\"elementor-column elementor-col-33 elementor-top-column elementor-element elementor-element-f645137\" data-id=\"f645137\" data-element_type=\"column\">\n\t\t\t<div class=\"elementor-widget-wrap elementor-element-populated\">\n\t\t\t\t\t\t<div class=\"elementor-element elementor-element-46aa455 elementor-widget elementor-widget-heading\" data-id=\"46aa455\" data-element_type=\"widget\" data-widget_type=\"heading.default\">\n\t\t\t\t<div class=\"elementor-widget-container\">\n\t\t\t<h3 class=\"elementor-heading-title elementor-size-default\">Schnell vergleichen und sparen!<\/h3>\t\t<\/div>\n\t\t\t\t<\/div>\n\t\t\t\t<div class=\"elementor-element elementor-element-7109c22 elementor-widget elementor-widget-wp-widget-advads_ad_widget\" data-id=\"7109c22\" data-element_type=\"widget\" data-widget_type=\"wp-widget-advads_ad_widget.default\">\n\t\t\t\t<div class=\"elementor-widget-container\">\n\t\t\t<div id=\"regio-2463471407\"><div class=\"regio-adlabel\">Werbung<\/div><!-- Beginn https:\/\/www.financeads.net\/-Code --><a href=\"https:\/\/www.financeads.net\/tc.php?t=36648C236142529B\" target=\"_blank\"><img decoding=\"async\" src=\"https:\/\/www.financeads.net\/tb.php?t=36648V236142529B&https=1\" alt=\"\" border=\"0\" width=\"300\" height=\"250\"><\/a><!-- Ende https:\/\/www.financeads.net\/-Code --><\/div>\t\t<\/div>\n\t\t\t\t<\/div>\n\t\t\t\t<div class=\"elementor-element elementor-element-1c90843 elementor-widget elementor-widget-wp-widget-advads_ad_widget\" data-id=\"1c90843\" data-element_type=\"widget\" data-widget_type=\"wp-widget-advads_ad_widget.default\">\n\t\t\t\t<div class=\"elementor-widget-container\">\n\t\t\t<div id=\"regio-2522886083\"><div class=\"regio-adlabel\">Werbung<\/div><!-- Beginn https:\/\/www.financeads.net\/-Code --><a href=\"https:\/\/www.financeads.net\/tc.php?t=36648C42614510B\" target=\"_blank\"><img decoding=\"async\" src=\"https:\/\/www.financeads.net\/tb.php?t=36648V42614510B&https=1\" alt=\"\" border=\"0\" width=\"200\" height=\"300\"><\/a><!-- Ende https:\/\/www.financeads.net\/-Code --><\/div>\t\t<\/div>\n\t\t\t\t<\/div>\n\t\t\t\t<div class=\"elementor-element elementor-element-f9ebf1f elementor-widget elementor-widget-wp-widget-advads_ad_widget\" data-id=\"f9ebf1f\" data-element_type=\"widget\" data-widget_type=\"wp-widget-advads_ad_widget.default\">\n\t\t\t\t<div class=\"elementor-widget-container\">\n\t\t\t<div id=\"regio-1092953296\"><div class=\"regio-adlabel\">Werbung<\/div><!-- Beginn https:\/\/www.financeads.net\/-Code --><a href=\"https:\/\/www.financeads.net\/tc.php?t=36648C205040072B\" target=\"_blank\"><img loading=\"lazy\" decoding=\"async\" src=\"https:\/\/www.financeads.net\/tb.php?t=36648V205040072B&https=1\" alt=\"\" border=\"0\" width=\"300\" height=\"250\"><\/a><!-- Ende https:\/\/www.financeads.net\/-Code --><\/div>\t\t<\/div>\n\t\t\t\t<\/div>\n\t\t\t\t<div class=\"elementor-element elementor-element-2d72782 elementor-widget elementor-widget-wp-widget-advads_ad_widget\" data-id=\"2d72782\" data-element_type=\"widget\" data-widget_type=\"wp-widget-advads_ad_widget.default\">\n\t\t\t\t<div class=\"elementor-widget-container\">\n\t\t\t<div id=\"regio-1968279469\"><div class=\"regio-adlabel\">Werbung<\/div><!-- Beginn https:\/\/www.financeads.net\/-Code --><a href=\"https:\/\/www.financeads.net\/tc.php?t=36648C271460142B\" target=\"_blank\"><img loading=\"lazy\" decoding=\"async\" src=\"https:\/\/www.financeads.net\/tb.php?t=36648V271460142B&https=1\" alt=\"PETPROTECT_Hund&Katze_Banner\" border=\"0\" width=\"250\" height=\"250\"><\/a><!-- Ende https:\/\/www.financeads.net\/-Code --><\/div>\t\t<\/div>\n\t\t\t\t<\/div>\n\t\t\t\t\t<\/div>\n\t\t<\/div>\n\t\t\t\t\t<\/div>\n\t\t<\/section>\n\t\t\t\t<\/div>\n\t\t","protected":false},"excerpt":{"rendered":"<div class=\"mh-excerpt\"><p>Donnerstag, den 19. Januar 2023, um 19.30 Uhr im Evangelischen Haus in der Wittelsbacherstra\u00dfe:\u00a0Exklusive Lesung mit Pippo Pollina\u00a0 DER ANDERE &#8211; Ein Geheimnis, das zwei Leben f\u00fcr immer ver\u00e4ndert\u00a0 Leonardo Conigliaro, von Familie und Freunden <a class=\"mh-excerpt-more\" href=\"https:\/\/www.region-schwabach.de\/wordpress\/exklusive-lesung-mit-pippo-pollina-am-donnerstag-den-19-januar-2023\/\" title=\"Exklusive Lesung mit Pippo Pollina am Donnerstag, den 19. Januar 2023\">[&#8230;]<\/a><\/p>\n<\/div>","protected":false},"author":1,"featured_media":193354,"comment_status":"open","ping_status":"open","sticky":false,"template":"","format":"standard","meta":{"_cbd_carousel_blocks":"[]","footnotes":""},"categories":[16,287,231,140],"tags":[21455,21454,17563,21457,650,522,4275,21456,1480,21458,19,2678],"class_list":{"0":"post-193353","1":"post","2":"type-post","3":"status-publish","4":"format-standard","5":"has-post-thumbnail","7":"category-aktuell","8":"category-jugend-und-familie","9":"category-veranstaltungsnews","10":"category-vereine","11":"tag-19-januar-2023","12":"tag-19-01-2023","13":"tag-buchhandlung-lesezeichen","14":"tag-der-andere","15":"tag-evangelisches-haus","16":"tag-koenigsplatz","17":"tag-lesung","18":"tag-pippo-pollina","19":"tag-rathaus","20":"tag-roman","21":"tag-schwabach","22":"tag-wittelsbacherstrasse"},"_links":{"self":[{"href":"https:\/\/www.region-schwabach.de\/wordpress\/wp-json\/wp\/v2\/posts\/193353","targetHints":{"allow":["GET"]}}],"collection":[{"href":"https:\/\/www.region-schwabach.de\/wordpress\/wp-json\/wp\/v2\/posts"}],"about":[{"href":"https:\/\/www.region-schwabach.de\/wordpress\/wp-json\/wp\/v2\/types\/post"}],"author":[{"embeddable":true,"href":"https:\/\/www.region-schwabach.de\/wordpress\/wp-json\/wp\/v2\/users\/1"}],"replies":[{"embeddable":true,"href":"https:\/\/www.region-schwabach.de\/wordpress\/wp-json\/wp\/v2\/comments?post=193353"}],"version-history":[{"count":0,"href":"https:\/\/www.region-schwabach.de\/wordpress\/wp-json\/wp\/v2\/posts\/193353\/revisions"}],"wp:featuredmedia":[{"embeddable":true,"href":"https:\/\/www.region-schwabach.de\/wordpress\/wp-json\/wp\/v2\/media\/193354"}],"wp:attachment":[{"href":"https:\/\/www.region-schwabach.de\/wordpress\/wp-json\/wp\/v2\/media?parent=193353"}],"wp:term":[{"taxonomy":"category","embeddable":true,"href":"https:\/\/www.region-schwabach.de\/wordpress\/wp-json\/wp\/v2\/categories?post=193353"},{"taxonomy":"post_tag","embeddable":true,"href":"https:\/\/www.region-schwabach.de\/wordpress\/wp-json\/wp\/v2\/tags?post=193353"}],"curies":[{"name":"wp","href":"https:\/\/api.w.org\/{rel}","templated":true}]}}