{"id":193454,"date":"2023-01-22T01:00:00","date_gmt":"2023-01-22T00:00:00","guid":{"rendered":"https:\/\/www.region-schwabach.de\/wordpress\/?p=193454"},"modified":"2023-01-21T20:06:12","modified_gmt":"2023-01-21T19:06:12","slug":"stadt-schwabach-sucht-immer-noch-raume-fur-die-kunstbiennale-ortung-13","status":"publish","type":"post","link":"https:\/\/www.region-schwabach.de\/wordpress\/stadt-schwabach-sucht-immer-noch-raume-fur-die-kunstbiennale-ortung-13\/","title":{"rendered":"Stadt Schwabach sucht immer noch R\u00e4ume f\u00fcr die Kunstbiennale \u201eortung 13\u201c"},"content":{"rendered":"\t\t<div data-elementor-type=\"wp-post\" data-elementor-id=\"193454\" class=\"elementor elementor-193454\">\n\t\t\t\t\t\t<section class=\"elementor-section elementor-top-section elementor-element elementor-element-678181b elementor-section-boxed elementor-section-height-default elementor-section-height-default\" data-id=\"678181b\" data-element_type=\"section\">\n\t\t\t\t\t\t<div class=\"elementor-container elementor-column-gap-default\">\n\t\t\t\t\t<div class=\"elementor-column elementor-col-66 elementor-top-column elementor-element elementor-element-6b34026\" data-id=\"6b34026\" data-element_type=\"column\">\n\t\t\t<div class=\"elementor-widget-wrap elementor-element-populated\">\n\t\t\t\t\t\t<div class=\"elementor-element elementor-element-443ab98 elementor-widget elementor-widget-text-editor\" data-id=\"443ab98\" data-element_type=\"widget\" data-widget_type=\"text-editor.default\">\n\t\t\t\t<div class=\"elementor-widget-container\">\n\t\t\t\t\t\t\t<h3><span id=\"page38R_mcid22\" class=\"markedContent\"><span dir=\"ltr\" role=\"presentation\">Zeitgen\u00f6ssische Kunst sucht Orte und R\u00e4ume in der Altstadt<\/span><\/span><span id=\"undefined\" class=\"markedContent\"><\/span><span id=\"page38R_mcid12\" class=\"markedContent\"><\/span><span id=\"page38R_mcid13\" class=\"markedContent\"><br role=\"presentation\" \/><span dir=\"ltr\" role=\"presentation\">R\u00e4ume f\u00fcr ortung13 gesucht<\/span><\/span><\/h3><p><span style=\"font-size: 12pt;\">Schwabach &#8211; <span id=\"page38R_mcid15\" class=\"markedContent\"><span dir=\"ltr\" role=\"presentation\">Wer einen versteckten Winkel, einen malerischen Hinterhof, eine ungenutzte <\/span><span dir=\"ltr\" role=\"presentation\">Baubrache, einen Balkon, Dachboden oder auch einen ganz anderen Ort <\/span><span dir=\"ltr\" role=\"presentation\">kennt, der sich gut f\u00fcr moderne Kunst eignen w\u00fcrde, kann dem Kulturamt <\/span><span dir=\"ltr\" role=\"presentation\">einen Tipp geben. Nat\u00fcrlich freut sich dieses auch \u00fcber Hinweise von den<\/span><span dir=\"ltr\" role=\"presentation\">jenigen, die selbst einen solch spannenden Ausstellungsort in der <\/span><span dir=\"ltr\" role=\"presentation\">Schwabacher Altstadt besitzen.\u00a0<\/span><\/span><\/span><\/p><p><span style=\"font-size: 12pt;\"><span id=\"page38R_mcid15\" class=\"markedContent\"><span dir=\"ltr\" role=\"presentation\">Denn die Kunstbiennale ortung 13 findet vom <\/span><span dir=\"ltr\" role=\"presentation\">5. bis 20. August 2023 wieder statt und f\u00fcr diese werden Ausstellungsorte noch <\/span><span dir=\"ltr\" role=\"presentation\">gesucht. Die Orte werden jedoch etwas l\u00e4nger genutzt, da die Werke bereits <\/span><span dir=\"ltr\" role=\"presentation\">Ende Juli aufgebaut und an den Tagen nach der ortung wieder abgebaut <\/span><span dir=\"ltr\" role=\"presentation\">werden.\u00a0<\/span><\/span><\/span><\/p><p><span style=\"font-size: 12pt;\"><span id=\"page38R_mcid15\" class=\"markedContent\"><span dir=\"ltr\" role=\"presentation\">Ge\u00f6ffnet ist ortung t\u00e4glich, auch am Wochenende. An allen Orten sind <\/span><span dir=\"ltr\" role=\"presentation\">Aufsichtspersonen eingeteilt.\u00a0<\/span><\/span><\/span><\/p><p><span style=\"font-size: 12pt;\"><span id=\"page38R_mcid16\" class=\"markedContent\"><\/span><span id=\"page38R_mcid17\" class=\"markedContent\"><span dir=\"ltr\" role=\"presentation\">Jede Idee und Anregung ist im Kulturamt willkommen unter Telefon 09122 860-<\/span><span dir=\"ltr\" role=\"presentation\">305 oder E-Mail<\/span><\/span><a href=\"mailto:kulturamt@schwabach.de\" target=\"_blank\" rel=\"noopener\"><span id=\"page38R_mcid18\" class=\"markedContent\"> <span dir=\"ltr\" role=\"presentation\">kulturamt@schwabach.de<\/span><\/span><\/a><span id=\"page38R_mcid23\" class=\"markedContent\"><span dir=\"ltr\" role=\"presentation\">.<\/span><\/span><span id=\"undefined\" class=\"markedContent\"><\/span><span id=\"page38R_mcid20\" class=\"markedContent\"><\/span><span id=\"page38R_mcid21\" class=\"markedContent\"><br role=\"presentation\" \/><\/span><\/span><\/p><p><strong><span style=\"font-size: 12pt;\"><span id=\"page38R_mcid21\" class=\"markedContent\"><span dir=\"ltr\" role=\"presentation\">Foto (Inka Meissner, Abdruck honorarfrei): In einem Nebenraum der Alten <\/span><span dir=\"ltr\" role=\"presentation\">M\u00e4lzerei installierte Stefan Reiss bei der ortung12 sein Werk \u201eO.T. 1027\u201c\u00a0<\/span><\/span><\/span><\/strong><\/p><h3>Weiterf\u00fchrende Links:<\/h3><p><span style=\"font-size: 12pt;\"><a href=\"https:\/\/www.schwabach.de\/de\/kulturamt\/infoseiten-kulturamt\/7314-ortung-schwabacher-kunsttage-im-zeichen-des-goldes.html\" target=\"_blank\" rel=\"noopener\">Zur Homepage von ortung 13 geht&#8217;s hier &#8230;<\/a><\/span><\/p>\t\t\t\t\t\t<\/div>\n\t\t\t\t<\/div>\n\t\t\t\t<div class=\"elementor-element elementor-element-2ecaa32 elementor-widget elementor-widget-shortcode\" data-id=\"2ecaa32\" data-element_type=\"widget\" data-widget_type=\"shortcode.default\">\n\t\t\t\t<div class=\"elementor-widget-container\">\n\t\t\t\t\t<div class=\"elementor-shortcode\"><center><a href=\"https:\/\/a.partner-versicherung.de\/click.php?partner_id=19992&ad_id=441&deep=kfz-versicherung\"  target=\"_blank\"><img decoding=\"async\" src=\"https:\/\/a.partner-versicherung.de\/view.php?partner_id=19992&ad_id=441\" ><\/a><\/center><\/div>\n\t\t\t\t<\/div>\n\t\t\t\t<\/div>\n\t\t\t\t<div class=\"elementor-element elementor-element-0c834d7 elementor-widget-divider--view-line elementor-widget elementor-widget-divider\" data-id=\"0c834d7\" data-element_type=\"widget\" data-widget_type=\"divider.default\">\n\t\t\t\t<div class=\"elementor-widget-container\">\n\t\t\t\t\t<div class=\"elementor-divider\">\n\t\t\t<span class=\"elementor-divider-separator\">\n\t\t\t\t\t\t<\/span>\n\t\t<\/div>\n\t\t\t\t<\/div>\n\t\t\t\t<\/div>\n\t\t\t\t<div class=\"elementor-element elementor-element-325f51f elementor-widget elementor-widget-google_maps\" data-id=\"325f51f\" data-element_type=\"widget\" data-widget_type=\"google_maps.default\">\n\t\t\t\t<div class=\"elementor-widget-container\">\n\t\t\t\t\t<div class=\"elementor-custom-embed\">\n\t\t\t<iframe loading=\"lazy\"\n\t\t\t\t\tsrc=\"https:\/\/maps.google.com\/maps?q=Schwabach%2C%20Deutschland&#038;t=m&#038;z=14&#038;output=embed&#038;iwloc=near\"\n\t\t\t\t\ttitle=\"Schwabach, Deutschland\"\n\t\t\t\t\taria-label=\"Schwabach, Deutschland\"\n\t\t\t><\/iframe>\n\t\t<\/div>\n\t\t\t\t<\/div>\n\t\t\t\t<\/div>\n\t\t\t\t\t<\/div>\n\t\t<\/div>\n\t\t\t\t<div class=\"elementor-column elementor-col-33 elementor-top-column elementor-element elementor-element-f645137\" data-id=\"f645137\" data-element_type=\"column\">\n\t\t\t<div class=\"elementor-widget-wrap elementor-element-populated\">\n\t\t\t\t\t\t<div class=\"elementor-element elementor-element-27b2bef elementor-widget elementor-widget-heading\" data-id=\"27b2bef\" data-element_type=\"widget\" data-widget_type=\"heading.default\">\n\t\t\t\t<div class=\"elementor-widget-container\">\n\t\t\t<h3 class=\"elementor-heading-title elementor-size-default\">Schnell vergleichen und sparen!<\/h3>\t\t<\/div>\n\t\t\t\t<\/div>\n\t\t\t\t<div class=\"elementor-element elementor-element-0254e8e elementor-widget elementor-widget-wp-widget-advads_ad_widget\" data-id=\"0254e8e\" data-element_type=\"widget\" data-widget_type=\"wp-widget-advads_ad_widget.default\">\n\t\t\t\t<div class=\"elementor-widget-container\">\n\t\t\t<div id=\"regio-471302145\"><div class=\"regio-adlabel\">Werbung<\/div><!-- Beginn https:\/\/www.financeads.net\/-Code --><a href=\"https:\/\/www.financeads.net\/tc.php?t=36648C236142529B\" target=\"_blank\"><img fetchpriority=\"high\" decoding=\"async\" src=\"https:\/\/www.financeads.net\/tb.php?t=36648V236142529B&https=1\" alt=\"\" border=\"0\" width=\"300\" height=\"250\"><\/a><!-- Ende https:\/\/www.financeads.net\/-Code --><\/div>\t\t<\/div>\n\t\t\t\t<\/div>\n\t\t\t\t<div class=\"elementor-element elementor-element-82aaa6c elementor-widget elementor-widget-wp-widget-advads_ad_widget\" data-id=\"82aaa6c\" data-element_type=\"widget\" data-widget_type=\"wp-widget-advads_ad_widget.default\">\n\t\t\t\t<div class=\"elementor-widget-container\">\n\t\t\t<div id=\"regio-3071501015\"><div class=\"regio-adlabel\">Werbung<\/div><!-- Beginn https:\/\/www.financeads.net\/-Code --><a href=\"https:\/\/www.financeads.net\/tc.php?t=36648C42614510B\" target=\"_blank\"><img decoding=\"async\" src=\"https:\/\/www.financeads.net\/tb.php?t=36648V42614510B&https=1\" alt=\"\" border=\"0\" width=\"200\" height=\"300\"><\/a><!-- Ende https:\/\/www.financeads.net\/-Code --><\/div>\t\t<\/div>\n\t\t\t\t<\/div>\n\t\t\t\t<div class=\"elementor-element elementor-element-069b5ed elementor-widget elementor-widget-wp-widget-advads_ad_widget\" data-id=\"069b5ed\" data-element_type=\"widget\" data-widget_type=\"wp-widget-advads_ad_widget.default\">\n\t\t\t\t<div class=\"elementor-widget-container\">\n\t\t\t<div id=\"regio-3352373354\"><div class=\"regio-adlabel\">Werbung<\/div><!-- Beginn https:\/\/www.financeads.net\/-Code --><a href=\"https:\/\/www.financeads.net\/tc.php?t=36648C205040072B\" target=\"_blank\"><img decoding=\"async\" src=\"https:\/\/www.financeads.net\/tb.php?t=36648V205040072B&https=1\" alt=\"\" border=\"0\" width=\"300\" height=\"250\"><\/a><!-- Ende https:\/\/www.financeads.net\/-Code --><\/div>\t\t<\/div>\n\t\t\t\t<\/div>\n\t\t\t\t<div class=\"elementor-element elementor-element-29c464b elementor-widget elementor-widget-wp-widget-advads_ad_widget\" data-id=\"29c464b\" data-element_type=\"widget\" data-widget_type=\"wp-widget-advads_ad_widget.default\">\n\t\t\t\t<div class=\"elementor-widget-container\">\n\t\t\t<div id=\"regio-1374325954\"><div class=\"regio-adlabel\">Werbung<\/div><!-- Beginn https:\/\/www.financeads.net\/-Code --><a href=\"https:\/\/www.financeads.net\/tc.php?t=36648C271460142B\" target=\"_blank\"><img loading=\"lazy\" decoding=\"async\" src=\"https:\/\/www.financeads.net\/tb.php?t=36648V271460142B&https=1\" alt=\"PETPROTECT_Hund&Katze_Banner\" border=\"0\" width=\"250\" height=\"250\"><\/a><!-- Ende https:\/\/www.financeads.net\/-Code --><\/div>\t\t<\/div>\n\t\t\t\t<\/div>\n\t\t\t\t\t<\/div>\n\t\t<\/div>\n\t\t\t\t\t<\/div>\n\t\t<\/section>\n\t\t\t\t<\/div>\n\t\t","protected":false},"excerpt":{"rendered":"<div class=\"mh-excerpt\"><p>Zeitgen\u00f6ssische Kunst sucht Orte und R\u00e4ume in der AltstadtR\u00e4ume f\u00fcr ortung13 gesucht Schwabach &#8211; Wer einen versteckten Winkel, einen malerischen Hinterhof, eine ungenutzte Baubrache, einen Balkon, Dachboden oder auch einen ganz anderen Ort kennt, der <a class=\"mh-excerpt-more\" href=\"https:\/\/www.region-schwabach.de\/wordpress\/stadt-schwabach-sucht-immer-noch-raume-fur-die-kunstbiennale-ortung-13\/\" title=\"Stadt Schwabach sucht immer noch R\u00e4ume f\u00fcr die Kunstbiennale \u201eortung 13\u201c\">[&#8230;]<\/a><\/p>\n<\/div>","protected":false},"author":1,"featured_media":193460,"comment_status":"open","ping_status":"open","sticky":false,"template":"","format":"standard","meta":{"_cbd_carousel_blocks":"[]","footnotes":""},"categories":[16,4321,287,61,204],"tags":[21474,21476,21475,6893,6894,1666,21312,6888,1480,6890,19,3151,6892,6891],"class_list":{"0":"post-193454","1":"post","2":"type-post","3":"status-publish","4":"format-standard","5":"has-post-thumbnail","7":"category-aktuell","8":"category-gesucht-gefunden","9":"category-jugend-und-familie","10":"category-rathaus","11":"category-wettbewerb","12":"tag-ortung-13","13":"tag-05-08-2023-bis-20-08-2023","14":"tag-5-august-2023-bis-20-august-2023","15":"tag-balkon","16":"tag-dachboden","17":"tag-hinterhof","18":"tag-januar-2023","19":"tag-kunstbiennale","20":"tag-rathaus","21":"tag-raeume","22":"tag-schwabach","23":"tag-stadt-schwabach","24":"tag-ungenutzte-baubrache","25":"tag-versteckten-winkel"},"_links":{"self":[{"href":"https:\/\/www.region-schwabach.de\/wordpress\/wp-json\/wp\/v2\/posts\/193454","targetHints":{"allow":["GET"]}}],"collection":[{"href":"https:\/\/www.region-schwabach.de\/wordpress\/wp-json\/wp\/v2\/posts"}],"about":[{"href":"https:\/\/www.region-schwabach.de\/wordpress\/wp-json\/wp\/v2\/types\/post"}],"author":[{"embeddable":true,"href":"https:\/\/www.region-schwabach.de\/wordpress\/wp-json\/wp\/v2\/users\/1"}],"replies":[{"embeddable":true,"href":"https:\/\/www.region-schwabach.de\/wordpress\/wp-json\/wp\/v2\/comments?post=193454"}],"version-history":[{"count":0,"href":"https:\/\/www.region-schwabach.de\/wordpress\/wp-json\/wp\/v2\/posts\/193454\/revisions"}],"wp:featuredmedia":[{"embeddable":true,"href":"https:\/\/www.region-schwabach.de\/wordpress\/wp-json\/wp\/v2\/media\/193460"}],"wp:attachment":[{"href":"https:\/\/www.region-schwabach.de\/wordpress\/wp-json\/wp\/v2\/media?parent=193454"}],"wp:term":[{"taxonomy":"category","embeddable":true,"href":"https:\/\/www.region-schwabach.de\/wordpress\/wp-json\/wp\/v2\/categories?post=193454"},{"taxonomy":"post_tag","embeddable":true,"href":"https:\/\/www.region-schwabach.de\/wordpress\/wp-json\/wp\/v2\/tags?post=193454"}],"curies":[{"name":"wp","href":"https:\/\/api.w.org\/{rel}","templated":true}]}}