{"id":193787,"date":"2023-01-26T01:00:00","date_gmt":"2023-01-26T00:00:00","guid":{"rendered":"https:\/\/www.region-schwabach.de\/wordpress\/?p=193787"},"modified":"2023-01-25T23:20:10","modified_gmt":"2023-01-25T22:20:10","slug":"vibraphonissimo-am-donnerstag-den-26-januar-2023-im-schwabacher-stadtmuseum","status":"publish","type":"post","link":"https:\/\/www.region-schwabach.de\/wordpress\/vibraphonissimo-am-donnerstag-den-26-januar-2023-im-schwabacher-stadtmuseum\/","title":{"rendered":"&#8222;Vibraphonissimo&#8220; am Donnerstag, den 26. Januar 2023, im Schwabacher Stadtmuseum"},"content":{"rendered":"\t\t<div data-elementor-type=\"wp-post\" data-elementor-id=\"193787\" class=\"elementor elementor-193787\">\n\t\t\t\t\t\t<section class=\"elementor-section elementor-top-section elementor-element elementor-element-678181b elementor-section-boxed elementor-section-height-default elementor-section-height-default\" data-id=\"678181b\" data-element_type=\"section\">\n\t\t\t\t\t\t<div class=\"elementor-container elementor-column-gap-default\">\n\t\t\t\t\t<div class=\"elementor-column elementor-col-50 elementor-top-column elementor-element elementor-element-6b34026\" data-id=\"6b34026\" data-element_type=\"column\">\n\t\t\t<div class=\"elementor-widget-wrap elementor-element-populated\">\n\t\t\t\t\t\t<div class=\"elementor-element elementor-element-5fea1cd elementor-widget elementor-widget-wp-widget-advads_ad_widget\" data-id=\"5fea1cd\" data-element_type=\"widget\" data-widget_type=\"wp-widget-advads_ad_widget.default\">\n\t\t\t\t<div class=\"elementor-widget-container\">\n\t\t\t<div id=\"regio-2739768550\"><div class=\"regio-adlabel\">Werbung<\/div><center><a href=\"https:\/\/a.partner-versicherung.de\/click.php?partner_id=19992&ad_id=1578&deep=kreditkarten\"  target=\"_blank\"><img decoding=\"async\" src=\"https:\/\/a.partner-versicherung.de\/view.php?partner_id=19992&ad_id=1578\" ><\/a><\/center><\/div>\t\t<\/div>\n\t\t\t\t<\/div>\n\t\t\t\t<div class=\"elementor-element elementor-element-443ab98 elementor-widget elementor-widget-text-editor\" data-id=\"443ab98\" data-element_type=\"widget\" data-widget_type=\"text-editor.default\">\n\t\t\t\t<div class=\"elementor-widget-container\">\n\t\t\t\t\t\t\t<h3><span dir=\"ltr\" role=\"presentation\">Donnerstag, den 26. Januar 202, um 19.30 Uhr im Stadtmuseum Schwabach:\u00a0<\/span><br role=\"presentation\" \/>10 Jahre Vibraphonissimo &#8211; \u201e2&#215;2\u201c im Stadtmuseum<\/h3><p><span style=\"font-size: 12pt;\">Schwabach &#8211; Zum Jubil\u00e4umskonzert l\u00e4dt das Kulturamt Schwabach am Donnerstag, den 26. Januar 2023, im Rahmen der facettenreichen Musikreihe &#8222;Vibraphonissimo&#8220; in das Stadtmuseum, Museumsstra\u00dfe 1, ein. Gleich zwei ausgezeichnete Duos versprechen ein abwechslungsreiches Konzerterlebnis.<br \/><\/span><\/p><p><span style=\"font-size: 12pt;\">Den ersten Teil des Abends gestaltet ab 19:30 Uhr das D\u00edaz Wojtas-Duo aus Kuba und Polen. Die beiden mischen ihre Kulturen und erreichen so einen ganz eigenen Sound. In ihrem Repertoire finden sich bedeutende Komponisten (Chopin, Stravinski, Bach, Ernesto Lecuona oder Thelonious Monk) wie auch eigene Kompositionen. Bei diesem Konzert kommen Marimba, Vibraphon, Klavier, Keyboards und Schlaginstrumente sowie moderne Techniken der elektronischen Musik zum Einsatz. <\/span><\/p><p><span style=\"font-size: 12pt;\">Im zweiten Teil des Abends pr\u00e4sentieren die jungen Musiker Philipp Mohr und Tim Weidig als Duo \u201ezweiPLUSeins\u201c au\u00dfergew\u00f6hnliche Kl\u00e4nge unterschied-lichster Epochen und Stilrichtungen. Von Barock \u00fcber Romantik bis hin zu Jazz und Minimal &#8211; das Programm verspricht Vielf\u00e4ltigkeit auf musikalisch h\u00f6chstem Niveau. Um die ganze Dynamik der Percussion-Instrumente vermitteln zu k\u00f6nnen, agiert das Duo \u00fcberwiegend als eine Einheit. So spielen die beiden K\u00fcnstler zu zweit an einem Marimbaphon oder sich gegen\u00fcberstehend an gro\u00dfen Trommeln.<br \/><\/span><\/p><p><span style=\"font-size: 12pt;\">Seit zehn Jahren veranstaltet die Vibraphonistin und Multimusikalistin Izabella Effenberg in der Metropolregion das au\u00dfergew\u00f6hnliche Festival mit Schwerpunkt auf dem Vibraphon, dem es auch seinen Namen verdankt. Unterst\u00fctzt wird Effenberg seit mehreren Jahren durch Radek Szarek, Professor an der Musikhochschule und ebenfalls Vibra- und Marimbaphonist.<br \/><\/span><\/p><p><span style=\"font-size: 12pt;\">Tickets sind erh\u00e4ltlich online \u00fcber www.reservix.de und vor Ort in Schwabach im B\u00fcrgerb\u00fcro im Rathaus, K\u00f6nigsplatz 1, beim Schwabacher Tagblatt, Spitalberg 3, sowie im Ticket-Paradise im ORO-Einkaufszentrum, Am Falbenholzweg 15.<br \/>Eintrittspreis: 15,- \u20ac\/ erm\u00e4\u00dfigt 12,- \u20ac<br \/><\/span><\/p><p><span style=\"font-size: 12pt;\"><span dir=\"ltr\" role=\"presentation\">Weitere Informationen unter<\/span> <a href=\"http:\/\/www.schwabach.de\/vibraphonissimo\" target=\"_blank\" rel=\"noopener\"><span dir=\"ltr\" role=\"presentation\">www.schwabach.de\/vibraphonissimo<\/span><\/a> <span dir=\"ltr\" role=\"presentation\">und <\/span><a href=\"http:\/\/www.vibraphonissimo.de\" target=\"_blank\" rel=\"noopener\"><span dir=\"ltr\" role=\"presentation\">www.vibraphonissimo.de<\/span><\/a><\/span><\/p><p><strong><span style=\"font-size: 12pt;\">Fotos: Die beiden Duos<\/span><\/strong><\/p><p><a href=\"https:\/\/www.region-schwabach.de\/wordpress\/wp-content\/uploads\/2023\/01\/PM12_zweiPLUSeins-scaled-e1674513052697.jpg\"><img fetchpriority=\"high\" decoding=\"async\" class=\"aligncenter size-full wp-image-193790\" src=\"https:\/\/www.region-schwabach.de\/wordpress\/wp-content\/uploads\/2023\/01\/PM12_zweiPLUSeins-scaled-e1674513052697.jpg\" alt=\"\" width=\"640\" height=\"302\" srcset=\"https:\/\/www.region-schwabach.de\/wordpress\/wp-content\/uploads\/2023\/01\/PM12_zweiPLUSeins-scaled-e1674513052697.jpg 640w, https:\/\/www.region-schwabach.de\/wordpress\/wp-content\/uploads\/2023\/01\/PM12_zweiPLUSeins-scaled-e1674513052697-300x142.jpg 300w\" sizes=\"(max-width: 640px) 100vw, 640px\" \/><\/a><\/p>\t\t\t\t\t\t<\/div>\n\t\t\t\t<\/div>\n\t\t\t\t<div class=\"elementor-element elementor-element-7cc9469 elementor-widget elementor-widget-shortcode\" data-id=\"7cc9469\" data-element_type=\"widget\" data-widget_type=\"shortcode.default\">\n\t\t\t\t<div class=\"elementor-widget-container\">\n\t\t\t\t\t<div class=\"elementor-shortcode\"><center><a href=\"https:\/\/a.partner-versicherung.de\/click.php?partner_id=19992&ad_id=441&deep=kfz-versicherung\"  target=\"_blank\"><img decoding=\"async\" src=\"https:\/\/a.partner-versicherung.de\/view.php?partner_id=19992&ad_id=441\" ><\/a><\/center><\/div>\n\t\t\t\t<\/div>\n\t\t\t\t<\/div>\n\t\t\t\t<div class=\"elementor-element elementor-element-0c834d7 elementor-widget-divider--view-line elementor-widget elementor-widget-divider\" data-id=\"0c834d7\" data-element_type=\"widget\" data-widget_type=\"divider.default\">\n\t\t\t\t<div class=\"elementor-widget-container\">\n\t\t\t\t\t<div class=\"elementor-divider\">\n\t\t\t<span class=\"elementor-divider-separator\">\n\t\t\t\t\t\t<\/span>\n\t\t<\/div>\n\t\t\t\t<\/div>\n\t\t\t\t<\/div>\n\t\t\t\t<div class=\"elementor-element elementor-element-325f51f elementor-widget elementor-widget-google_maps\" data-id=\"325f51f\" data-element_type=\"widget\" data-widget_type=\"google_maps.default\">\n\t\t\t\t<div class=\"elementor-widget-container\">\n\t\t\t\t\t<div class=\"elementor-custom-embed\">\n\t\t\t<iframe loading=\"lazy\"\n\t\t\t\t\tsrc=\"https:\/\/maps.google.com\/maps?q=Ludwigstra%C3%9Fe%2016%2C%20Schwabach%2C%20Deutschland&#038;t=m&#038;z=17&#038;output=embed&#038;iwloc=near\"\n\t\t\t\t\ttitle=\"Ludwigstra\u00dfe 16, Schwabach, Deutschland\"\n\t\t\t\t\taria-label=\"Ludwigstra\u00dfe 16, Schwabach, Deutschland\"\n\t\t\t><\/iframe>\n\t\t<\/div>\n\t\t\t\t<\/div>\n\t\t\t\t<\/div>\n\t\t\t\t\t<\/div>\n\t\t<\/div>\n\t\t\t\t<div class=\"elementor-column elementor-col-50 elementor-top-column elementor-element elementor-element-f141625\" data-id=\"f141625\" data-element_type=\"column\">\n\t\t\t<div class=\"elementor-widget-wrap elementor-element-populated\">\n\t\t\t\t\t\t<div class=\"elementor-element elementor-element-aa635e8 elementor-widget elementor-widget-heading\" data-id=\"aa635e8\" data-element_type=\"widget\" data-widget_type=\"heading.default\">\n\t\t\t\t<div class=\"elementor-widget-container\">\n\t\t\t<h3 class=\"elementor-heading-title elementor-size-default\">Schnell vergleichen und sparen!<\/h3>\t\t<\/div>\n\t\t\t\t<\/div>\n\t\t\t\t<div class=\"elementor-element elementor-element-380778c elementor-widget elementor-widget-wp-widget-advads_ad_widget\" data-id=\"380778c\" data-element_type=\"widget\" data-widget_type=\"wp-widget-advads_ad_widget.default\">\n\t\t\t\t<div class=\"elementor-widget-container\">\n\t\t\t<div id=\"regio-3291349459\"><div class=\"regio-adlabel\">Werbung<\/div><!-- Beginn https:\/\/www.financeads.net\/-Code --><a href=\"https:\/\/www.financeads.net\/tc.php?t=36648C236142529B\" target=\"_blank\"><img decoding=\"async\" src=\"https:\/\/www.financeads.net\/tb.php?t=36648V236142529B&https=1\" alt=\"\" border=\"0\" width=\"300\" height=\"250\"><\/a><!-- Ende https:\/\/www.financeads.net\/-Code --><\/div>\t\t<\/div>\n\t\t\t\t<\/div>\n\t\t\t\t<div class=\"elementor-element elementor-element-bd26aa5 elementor-widget elementor-widget-wp-widget-advads_ad_widget\" data-id=\"bd26aa5\" data-element_type=\"widget\" data-widget_type=\"wp-widget-advads_ad_widget.default\">\n\t\t\t\t<div class=\"elementor-widget-container\">\n\t\t\t<div id=\"regio-3938571387\"><div class=\"regio-adlabel\">Werbung<\/div><!-- Beginn https:\/\/www.financeads.net\/-Code --><a href=\"https:\/\/www.financeads.net\/tc.php?t=36648C42614510B\" target=\"_blank\"><img decoding=\"async\" src=\"https:\/\/www.financeads.net\/tb.php?t=36648V42614510B&https=1\" alt=\"\" border=\"0\" width=\"200\" height=\"300\"><\/a><!-- Ende https:\/\/www.financeads.net\/-Code --><\/div>\t\t<\/div>\n\t\t\t\t<\/div>\n\t\t\t\t<div class=\"elementor-element elementor-element-abfc6b5 elementor-widget elementor-widget-wp-widget-advads_ad_widget\" data-id=\"abfc6b5\" data-element_type=\"widget\" data-widget_type=\"wp-widget-advads_ad_widget.default\">\n\t\t\t\t<div class=\"elementor-widget-container\">\n\t\t\t<div id=\"regio-2759389038\"><div class=\"regio-adlabel\">Werbung<\/div><!-- Beginn https:\/\/www.financeads.net\/-Code --><a href=\"https:\/\/www.financeads.net\/tc.php?t=36648C205040072B\" target=\"_blank\"><img loading=\"lazy\" decoding=\"async\" src=\"https:\/\/www.financeads.net\/tb.php?t=36648V205040072B&https=1\" alt=\"\" border=\"0\" width=\"300\" height=\"250\"><\/a><!-- Ende https:\/\/www.financeads.net\/-Code --><\/div>\t\t<\/div>\n\t\t\t\t<\/div>\n\t\t\t\t<div class=\"elementor-element elementor-element-9b68655 elementor-widget elementor-widget-wp-widget-advads_ad_widget\" data-id=\"9b68655\" data-element_type=\"widget\" data-widget_type=\"wp-widget-advads_ad_widget.default\">\n\t\t\t\t<div class=\"elementor-widget-container\">\n\t\t\t<div id=\"regio-316407040\"><div class=\"regio-adlabel\">Werbung<\/div><!-- Beginn https:\/\/www.financeads.net\/-Code --><a href=\"https:\/\/www.financeads.net\/tc.php?t=36648C271460142B\" target=\"_blank\"><img loading=\"lazy\" decoding=\"async\" src=\"https:\/\/www.financeads.net\/tb.php?t=36648V271460142B&https=1\" alt=\"PETPROTECT_Hund&Katze_Banner\" border=\"0\" width=\"250\" height=\"250\"><\/a><!-- Ende https:\/\/www.financeads.net\/-Code --><\/div>\t\t<\/div>\n\t\t\t\t<\/div>\n\t\t\t\t\t<\/div>\n\t\t<\/div>\n\t\t\t\t\t<\/div>\n\t\t<\/section>\n\t\t\t\t<\/div>\n\t\t","protected":false},"excerpt":{"rendered":"<div class=\"mh-excerpt\"><p>Donnerstag, den 26. Januar 202, um 19.30 Uhr im Stadtmuseum Schwabach:\u00a010 Jahre Vibraphonissimo &#8211; \u201e2&#215;2\u201c im Stadtmuseum Schwabach &#8211; Zum Jubil\u00e4umskonzert l\u00e4dt das Kulturamt Schwabach am Donnerstag, den 26. Januar 2023, im Rahmen der facettenreichen <a class=\"mh-excerpt-more\" href=\"https:\/\/www.region-schwabach.de\/wordpress\/vibraphonissimo-am-donnerstag-den-26-januar-2023-im-schwabacher-stadtmuseum\/\" title=\"&#8222;Vibraphonissimo&#8220; am Donnerstag, den 26. Januar 2023, im Schwabacher Stadtmuseum\">[&#8230;]<\/a><\/p>\n<\/div>","protected":false},"author":1,"featured_media":193788,"comment_status":"open","ping_status":"open","sticky":false,"template":"","format":"standard","meta":{"_cbd_carousel_blocks":"[]","footnotes":""},"categories":[16,61],"tags":[21510,21509,21512,21516,21511,15473,522,3128,21513,14305,420,21515,4595,1480,19,3012,3151,3739,21514,7895,15474],"class_list":{"0":"post-193787","1":"post","2":"type-post","3":"status-publish","4":"format-standard","5":"has-post-thumbnail","7":"category-aktuell","8":"category-rathaus","9":"tag-26-januar-2023","10":"tag-26-01-2023","11":"tag-diaz-wojtas-duo","12":"tag-duo-zweipluseins","13":"tag-jubilaeumskonzert","14":"tag-komponist","15":"tag-koenigsplatz","16":"tag-konzert","17":"tag-kuba","18":"tag-kulturamt","19":"tag-museumsstrasse","20":"tag-philipp-mohr","21":"tag-polen","22":"tag-rathaus","23":"tag-schwabach","24":"tag-stadt","25":"tag-stadt-schwabach","26":"tag-stadtmuseum","27":"tag-tim-weidig","28":"tag-vibraphonissimo","29":"tag-vibraphonist"},"_links":{"self":[{"href":"https:\/\/www.region-schwabach.de\/wordpress\/wp-json\/wp\/v2\/posts\/193787","targetHints":{"allow":["GET"]}}],"collection":[{"href":"https:\/\/www.region-schwabach.de\/wordpress\/wp-json\/wp\/v2\/posts"}],"about":[{"href":"https:\/\/www.region-schwabach.de\/wordpress\/wp-json\/wp\/v2\/types\/post"}],"author":[{"embeddable":true,"href":"https:\/\/www.region-schwabach.de\/wordpress\/wp-json\/wp\/v2\/users\/1"}],"replies":[{"embeddable":true,"href":"https:\/\/www.region-schwabach.de\/wordpress\/wp-json\/wp\/v2\/comments?post=193787"}],"version-history":[{"count":0,"href":"https:\/\/www.region-schwabach.de\/wordpress\/wp-json\/wp\/v2\/posts\/193787\/revisions"}],"wp:featuredmedia":[{"embeddable":true,"href":"https:\/\/www.region-schwabach.de\/wordpress\/wp-json\/wp\/v2\/media\/193788"}],"wp:attachment":[{"href":"https:\/\/www.region-schwabach.de\/wordpress\/wp-json\/wp\/v2\/media?parent=193787"}],"wp:term":[{"taxonomy":"category","embeddable":true,"href":"https:\/\/www.region-schwabach.de\/wordpress\/wp-json\/wp\/v2\/categories?post=193787"},{"taxonomy":"post_tag","embeddable":true,"href":"https:\/\/www.region-schwabach.de\/wordpress\/wp-json\/wp\/v2\/tags?post=193787"}],"curies":[{"name":"wp","href":"https:\/\/api.w.org\/{rel}","templated":true}]}}