{"id":194027,"date":"2023-01-29T01:15:00","date_gmt":"2023-01-29T00:15:00","guid":{"rendered":"https:\/\/www.region-schwabach.de\/wordpress\/?p=194027"},"modified":"2023-01-28T22:46:27","modified_gmt":"2023-01-28T21:46:27","slug":"tag-des-kinderliedes-am-sonntag-den-29-januar-2023-im-schwabacher-burgerhaus","status":"publish","type":"post","link":"https:\/\/www.region-schwabach.de\/wordpress\/tag-des-kinderliedes-am-sonntag-den-29-januar-2023-im-schwabacher-burgerhaus\/","title":{"rendered":"Tag des Kinderliedes am Sonntag, den 29. Januar 2023, im Schwabacher B\u00fcrgerhaus"},"content":{"rendered":"\t\t<div data-elementor-type=\"wp-post\" data-elementor-id=\"194027\" class=\"elementor elementor-194027\">\n\t\t\t\t\t\t<section class=\"elementor-section elementor-top-section elementor-element elementor-element-678181b elementor-section-boxed elementor-section-height-default elementor-section-height-default\" data-id=\"678181b\" data-element_type=\"section\">\n\t\t\t\t\t\t<div class=\"elementor-container elementor-column-gap-default\">\n\t\t\t\t\t<div class=\"elementor-column elementor-col-50 elementor-top-column elementor-element elementor-element-6b34026\" data-id=\"6b34026\" data-element_type=\"column\">\n\t\t\t<div class=\"elementor-widget-wrap elementor-element-populated\">\n\t\t\t\t\t\t<div class=\"elementor-element elementor-element-90385e4 elementor-widget elementor-widget-wp-widget-advads_ad_widget\" data-id=\"90385e4\" data-element_type=\"widget\" data-widget_type=\"wp-widget-advads_ad_widget.default\">\n\t\t\t\t<div class=\"elementor-widget-container\">\n\t\t\t<div id=\"regio-2032827757\"><div class=\"regio-adlabel\">Werbung<\/div><center><a href=\"https:\/\/a.partner-versicherung.de\/click.php?partner_id=19992&ad_id=1578&deep=kreditkarten\"  target=\"_blank\"><img decoding=\"async\" src=\"https:\/\/a.partner-versicherung.de\/view.php?partner_id=19992&ad_id=1578\" ><\/a><\/center><\/div>\t\t<\/div>\n\t\t\t\t<\/div>\n\t\t\t\t<div class=\"elementor-element elementor-element-443ab98 elementor-widget elementor-widget-text-editor\" data-id=\"443ab98\" data-element_type=\"widget\" data-widget_type=\"text-editor.default\">\n\t\t\t\t<div class=\"elementor-widget-container\">\n\t\t\t\t\t\t\t<h3>Am Sonntag, den 29. Januar 202, um 15.00 Uhr im B\u00fcrgerhaus:\u00a0<br \/><span id=\"page43R_mcid26\" class=\"markedContent\"><span dir=\"ltr\" role=\"presentation\">Mitsingspa\u00df f\u00fcr Gro\u00df und Klein am Tag des Kinderliedes<\/span><\/span><span id=\"undefined\" class=\"markedContent\"><\/span><span id=\"page43R_mcid11\" class=\"markedContent\"><br role=\"presentation\" \/><span dir=\"ltr\" role=\"presentation\">Frische Songs von Geraldino und Daniel Dorfkind<\/span><\/span><\/h3><p><span style=\"font-size: 12pt;\">Schwabach &#8211; <span id=\"page43R_mcid12\" class=\"markedContent\"><span dir=\"ltr\" role=\"presentation\">Zum Tag des Kinderliedes am Sonntag, 29. Januar, wurde in diesem Jahr der <\/span><span dir=\"ltr\" role=\"presentation\">Familien-Liedermacher Daniel Dorfkind aus Koblenz in das Schwabacher <\/span><span dir=\"ltr\" role=\"presentation\">B\u00fcrgerhaus, K\u00f6nigsplatz 33a, eingeladen. Dieser bringt als Texter und <\/span><span dir=\"ltr\" role=\"presentation\">Komponist frischen Wind in die Kinderlieder-Szene. Seine fr\u00f6hlichen Songs <\/span><span dir=\"ltr\" role=\"presentation\">sind mit viel Liebe gemacht und begeistern die ganze Familie.<\/span><\/span><span id=\"page43R_mcid13\" class=\"markedContent\"><\/span><span id=\"page43R_mcid14\" class=\"markedContent\"><br role=\"presentation\" \/><\/span><\/span><\/p><p><span style=\"font-size: 12pt;\"><span id=\"page43R_mcid14\" class=\"markedContent\"><span dir=\"ltr\" role=\"presentation\">Und nat\u00fcrlich ist auch Geraldino wieder dabei und d\u00fcst mit Pop und Folk durch <\/span><span dir=\"ltr\" role=\"presentation\">die Kindermusikwelt. Kleine Mitmach-Aktionen und Songgeschichten mit <\/span><span dir=\"ltr\" role=\"presentation\">Riesenbildtafeln hat er genauso im Programm wie eine neue Mini-CD.\u00a0<\/span><\/span><\/span><\/p><p><span style=\"font-size: 12pt;\"><span id=\"page43R_mcid14\" class=\"markedContent\"><span dir=\"ltr\" role=\"presentation\">Kinder von vier bis zehn Jahren und die ganze Familie sind zu diesem <\/span><span dir=\"ltr\" role=\"presentation\">besonderen Musikabenteuer eingeladen. Die Veranstaltung beginnt um 15.00 Uhr.\u00a0<\/span><\/span><span id=\"page43R_mcid15\" class=\"markedContent\"><\/span><span id=\"page43R_mcid16\" class=\"markedContent\"><br role=\"presentation\" \/><\/span><\/span><\/p><p><span style=\"font-size: 12pt;\"><span id=\"page43R_mcid16\" class=\"markedContent\"><span dir=\"ltr\" role=\"presentation\">Tickets sind erh\u00e4ltlich online \u00fcber<\/span><\/span><a href=\"http:\/\/www.reservix.de\" target=\"_blank\" rel=\"noopener\"><span id=\"page43R_mcid17\" class=\"markedContent\"> <span dir=\"ltr\" role=\"presentation\">www.reservix.de<\/span><\/span><\/a><span id=\"page43R_mcid27\" class=\"markedContent\"> <span dir=\"ltr\" role=\"presentation\">und vor Ort in Schwabach <\/span><\/span><span id=\"page43R_mcid28\" class=\"markedContent\"><span dir=\"ltr\" role=\"presentation\">im B\u00fcrgerb\u00fcro im Rathaus, K\u00f6nigsplatz 1, beim Schwabacher Tagblatt, <\/span><span dir=\"ltr\" role=\"presentation\">Spitalberg 3, sowie im Ticket-Paradise im ORO-Einkaufszentrum, Am <\/span><span dir=\"ltr\" role=\"presentation\">Falbenholzweg 15.<\/span><\/span><span id=\"page43R_mcid19\" class=\"markedContent\"><br role=\"presentation\" \/><\/span><\/span><\/p><p><span style=\"font-size: 12pt;\"><span id=\"page43R_mcid19\" class=\"markedContent\"><span dir=\"ltr\" role=\"presentation\">Eintrittspreis: Kinder 5,- \u20ac \/ Erwachsene 7,- \u20ac<\/span><\/span><span id=\"page43R_mcid20\" class=\"markedContent\"><br role=\"presentation\" \/><\/span><\/span><\/p><p><span style=\"font-size: 12pt;\"><span id=\"page43R_mcid20\" class=\"markedContent\"><span dir=\"ltr\" role=\"presentation\">Weitere Informationen unter<\/span><\/span><a href=\"http:\/\/www.schwabach.de\/tagdeskinderliedes\" target=\"_blank\" rel=\"noopener\"><span id=\"page43R_mcid21\" class=\"markedContent\"> <span dir=\"ltr\" role=\"presentation\">www.schwabach.de\/tagdeskinderliedes\u00a0<\/span><\/span><\/a><span id=\"page43R_mcid29\" class=\"markedContent\"><\/span><span id=\"undefined\" class=\"markedContent\"><\/span><span id=\"page43R_mcid23\" class=\"markedContent\"><\/span><span id=\"page43R_mcid24\" class=\"markedContent\"><br role=\"presentation\" \/><\/span><\/span><\/p><p><strong><span style=\"font-size: 12pt;\"><span id=\"page43R_mcid24\" class=\"markedContent\"><span dir=\"ltr\" role=\"presentation\">Foto (privat, Abdruck honorarfrei): Geraldino an der Gitarre\u00a0<\/span><\/span><\/span><\/strong><\/p><h3><span style=\"font-size: 14pt;\">Weiterf\u00fchrende Links:\u00a0<\/span><\/h3><p><span style=\"font-size: 12pt;\"><a href=\"https:\/\/www.schwabach.de\/de\/infoseiten-kulturportal\/11231-tag-des-kinderliedes-mit-geraldino-und-daniel-dorfkind.html\" target=\"_blank\" rel=\"noopener\">Zur Infoseite zum Tag des Kinderliedes geht es hier &#8230;<\/a><\/span><\/p><p><span style=\"font-size: 12pt;\"><a href=\"https:\/\/geraldino.net\/\" target=\"_blank\" rel=\"noopener\">Die Homepage von Geraldino ist hier zu finden &#8230;<\/a><\/span><\/p>\t\t\t\t\t\t<\/div>\n\t\t\t\t<\/div>\n\t\t\t\t<div class=\"elementor-element elementor-element-0c834d7 elementor-widget-divider--view-line elementor-widget elementor-widget-divider\" data-id=\"0c834d7\" data-element_type=\"widget\" data-widget_type=\"divider.default\">\n\t\t\t\t<div class=\"elementor-widget-container\">\n\t\t\t\t\t<div class=\"elementor-divider\">\n\t\t\t<span class=\"elementor-divider-separator\">\n\t\t\t\t\t\t<\/span>\n\t\t<\/div>\n\t\t\t\t<\/div>\n\t\t\t\t<\/div>\n\t\t\t\t<div class=\"elementor-element elementor-element-325f51f elementor-widget elementor-widget-google_maps\" data-id=\"325f51f\" data-element_type=\"widget\" data-widget_type=\"google_maps.default\">\n\t\t\t\t<div class=\"elementor-widget-container\">\n\t\t\t\t\t<div class=\"elementor-custom-embed\">\n\t\t\t<iframe loading=\"lazy\"\n\t\t\t\t\tsrc=\"https:\/\/maps.google.com\/maps?q=K%C3%B6nigsplatz%2033a%2C%20Schwabach%2C%20Deutschland&#038;t=m&#038;z=17&#038;output=embed&#038;iwloc=near\"\n\t\t\t\t\ttitle=\"K\u00f6nigsplatz 33a, Schwabach, Deutschland\"\n\t\t\t\t\taria-label=\"K\u00f6nigsplatz 33a, Schwabach, Deutschland\"\n\t\t\t><\/iframe>\n\t\t<\/div>\n\t\t\t\t<\/div>\n\t\t\t\t<\/div>\n\t\t\t\t\t<\/div>\n\t\t<\/div>\n\t\t\t\t<div class=\"elementor-column elementor-col-50 elementor-top-column elementor-element elementor-element-0a153d0\" data-id=\"0a153d0\" data-element_type=\"column\">\n\t\t\t<div class=\"elementor-widget-wrap elementor-element-populated\">\n\t\t\t\t\t\t<div class=\"elementor-element elementor-element-9b12175 elementor-widget elementor-widget-heading\" data-id=\"9b12175\" data-element_type=\"widget\" data-widget_type=\"heading.default\">\n\t\t\t\t<div class=\"elementor-widget-container\">\n\t\t\t<h3 class=\"elementor-heading-title elementor-size-default\">Schnell vergleichen und sparen!<\/h3>\t\t<\/div>\n\t\t\t\t<\/div>\n\t\t\t\t<div class=\"elementor-element elementor-element-fb9f0ed elementor-widget elementor-widget-wp-widget-advads_ad_widget\" data-id=\"fb9f0ed\" data-element_type=\"widget\" data-widget_type=\"wp-widget-advads_ad_widget.default\">\n\t\t\t\t<div class=\"elementor-widget-container\">\n\t\t\t<div id=\"regio-4160762810\"><div class=\"regio-adlabel\">Werbung<\/div><!-- Beginn https:\/\/www.financeads.net\/-Code --><a href=\"https:\/\/www.financeads.net\/tc.php?t=36648C236142529B\" target=\"_blank\"><img fetchpriority=\"high\" decoding=\"async\" src=\"https:\/\/www.financeads.net\/tb.php?t=36648V236142529B&https=1\" alt=\"\" border=\"0\" width=\"300\" height=\"250\"><\/a><!-- Ende https:\/\/www.financeads.net\/-Code --><\/div>\t\t<\/div>\n\t\t\t\t<\/div>\n\t\t\t\t<div class=\"elementor-element elementor-element-d5de016 elementor-widget elementor-widget-wp-widget-advads_ad_widget\" data-id=\"d5de016\" data-element_type=\"widget\" data-widget_type=\"wp-widget-advads_ad_widget.default\">\n\t\t\t\t<div class=\"elementor-widget-container\">\n\t\t\t<div id=\"regio-3956228640\"><div class=\"regio-adlabel\">Werbung<\/div><!-- Beginn https:\/\/www.financeads.net\/-Code --><a href=\"https:\/\/www.financeads.net\/tc.php?t=36648C42614510B\" target=\"_blank\"><img decoding=\"async\" src=\"https:\/\/www.financeads.net\/tb.php?t=36648V42614510B&https=1\" alt=\"\" border=\"0\" width=\"200\" height=\"300\"><\/a><!-- Ende https:\/\/www.financeads.net\/-Code --><\/div>\t\t<\/div>\n\t\t\t\t<\/div>\n\t\t\t\t<div class=\"elementor-element elementor-element-1f7ba8d elementor-widget elementor-widget-wp-widget-advads_ad_widget\" data-id=\"1f7ba8d\" data-element_type=\"widget\" data-widget_type=\"wp-widget-advads_ad_widget.default\">\n\t\t\t\t<div class=\"elementor-widget-container\">\n\t\t\t<div id=\"regio-3695986057\"><div class=\"regio-adlabel\">Werbung<\/div><!-- Beginn https:\/\/www.financeads.net\/-Code --><a href=\"https:\/\/www.financeads.net\/tc.php?t=36648C205040072B\" target=\"_blank\"><img decoding=\"async\" src=\"https:\/\/www.financeads.net\/tb.php?t=36648V205040072B&https=1\" alt=\"\" border=\"0\" width=\"300\" height=\"250\"><\/a><!-- Ende https:\/\/www.financeads.net\/-Code --><\/div>\t\t<\/div>\n\t\t\t\t<\/div>\n\t\t\t\t<div class=\"elementor-element elementor-element-ae634f7 elementor-widget elementor-widget-wp-widget-advads_ad_widget\" data-id=\"ae634f7\" data-element_type=\"widget\" data-widget_type=\"wp-widget-advads_ad_widget.default\">\n\t\t\t\t<div class=\"elementor-widget-container\">\n\t\t\t<div id=\"regio-4136804656\"><div class=\"regio-adlabel\">Werbung<\/div><!-- Beginn https:\/\/www.financeads.net\/-Code --><a href=\"https:\/\/www.financeads.net\/tc.php?t=36648C271460142B\" target=\"_blank\"><img loading=\"lazy\" decoding=\"async\" src=\"https:\/\/www.financeads.net\/tb.php?t=36648V271460142B&https=1\" alt=\"PETPROTECT_Hund&Katze_Banner\" border=\"0\" width=\"250\" height=\"250\"><\/a><!-- Ende https:\/\/www.financeads.net\/-Code --><\/div>\t\t<\/div>\n\t\t\t\t<\/div>\n\t\t\t\t\t<\/div>\n\t\t<\/div>\n\t\t\t\t\t<\/div>\n\t\t<\/section>\n\t\t\t\t<\/div>\n\t\t","protected":false},"excerpt":{"rendered":"<div class=\"mh-excerpt\"><p>Am Sonntag, den 29. Januar 202, um 15.00 Uhr im B\u00fcrgerhaus:\u00a0Mitsingspa\u00df f\u00fcr Gro\u00df und Klein am Tag des KinderliedesFrische Songs von Geraldino und Daniel Dorfkind Schwabach &#8211; Zum Tag des Kinderliedes am Sonntag, 29. Januar, <a class=\"mh-excerpt-more\" href=\"https:\/\/www.region-schwabach.de\/wordpress\/tag-des-kinderliedes-am-sonntag-den-29-januar-2023-im-schwabacher-burgerhaus\/\" title=\"Tag des Kinderliedes am Sonntag, den 29. Januar 2023, im Schwabacher B\u00fcrgerhaus\">[&#8230;]<\/a><\/p>\n<\/div>","protected":false},"author":1,"featured_media":194028,"comment_status":"open","ping_status":"open","sticky":false,"template":"","format":"standard","meta":{"_cbd_carousel_blocks":"[]","footnotes":""},"categories":[16,287,61,231,46],"tags":[21554,21553,7906,3604,21552,4479,7904,522,3128,14657,1480,19,7401,3151,7901,6173],"class_list":{"0":"post-194027","1":"post","2":"type-post","3":"status-publish","4":"format-standard","5":"has-post-thumbnail","7":"category-aktuell","8":"category-jugend-und-familie","9":"category-rathaus","10":"category-veranstaltungsnews","11":"category-verbaende","12":"tag-29-januar-2023","13":"tag-29-01-2023","14":"tag-bewegen","15":"tag-buergerhaus","16":"tag-daniel-dorfkind","17":"tag-geraldino","18":"tag-kinderliedermacher","19":"tag-koenigsplatz","20":"tag-konzert","21":"tag-livestream","22":"tag-rathaus","23":"tag-schwabach","24":"tag-singen","25":"tag-stadt-schwabach","26":"tag-tag-des-kinderliedes","27":"tag-tanzen"},"_links":{"self":[{"href":"https:\/\/www.region-schwabach.de\/wordpress\/wp-json\/wp\/v2\/posts\/194027","targetHints":{"allow":["GET"]}}],"collection":[{"href":"https:\/\/www.region-schwabach.de\/wordpress\/wp-json\/wp\/v2\/posts"}],"about":[{"href":"https:\/\/www.region-schwabach.de\/wordpress\/wp-json\/wp\/v2\/types\/post"}],"author":[{"embeddable":true,"href":"https:\/\/www.region-schwabach.de\/wordpress\/wp-json\/wp\/v2\/users\/1"}],"replies":[{"embeddable":true,"href":"https:\/\/www.region-schwabach.de\/wordpress\/wp-json\/wp\/v2\/comments?post=194027"}],"version-history":[{"count":0,"href":"https:\/\/www.region-schwabach.de\/wordpress\/wp-json\/wp\/v2\/posts\/194027\/revisions"}],"wp:featuredmedia":[{"embeddable":true,"href":"https:\/\/www.region-schwabach.de\/wordpress\/wp-json\/wp\/v2\/media\/194028"}],"wp:attachment":[{"href":"https:\/\/www.region-schwabach.de\/wordpress\/wp-json\/wp\/v2\/media?parent=194027"}],"wp:term":[{"taxonomy":"category","embeddable":true,"href":"https:\/\/www.region-schwabach.de\/wordpress\/wp-json\/wp\/v2\/categories?post=194027"},{"taxonomy":"post_tag","embeddable":true,"href":"https:\/\/www.region-schwabach.de\/wordpress\/wp-json\/wp\/v2\/tags?post=194027"}],"curies":[{"name":"wp","href":"https:\/\/api.w.org\/{rel}","templated":true}]}}