{"id":194474,"date":"2023-02-26T00:45:00","date_gmt":"2023-02-25T23:45:00","guid":{"rendered":"https:\/\/www.region-schwabach.de\/wordpress\/?p=194474"},"modified":"2023-02-26T09:41:20","modified_gmt":"2023-02-26T08:41:20","slug":"wanderungen-des-frankischen-albvereins-schwabach-e-v-februar-2023","status":"publish","type":"post","link":"https:\/\/www.region-schwabach.de\/wordpress\/wanderungen-des-frankischen-albvereins-schwabach-e-v-februar-2023\/","title":{"rendered":"Wanderungen des Fr\u00e4nkischen Albvereins Schwabach e.V. &#8211; Februar 2023"},"content":{"rendered":"\t\t<div data-elementor-type=\"wp-post\" data-elementor-id=\"194474\" class=\"elementor elementor-194474\">\n\t\t\t\t\t\t<section class=\"elementor-section elementor-top-section elementor-element elementor-element-e04de7f elementor-section-boxed elementor-section-height-default elementor-section-height-default\" data-id=\"e04de7f\" data-element_type=\"section\">\n\t\t\t\t\t\t<div class=\"elementor-container elementor-column-gap-default\">\n\t\t\t\t\t<div class=\"elementor-column elementor-col-50 elementor-top-column elementor-element elementor-element-0e30e33\" data-id=\"0e30e33\" data-element_type=\"column\">\n\t\t\t<div class=\"elementor-widget-wrap elementor-element-populated\">\n\t\t\t\t\t\t<div class=\"elementor-element elementor-element-a6dceac elementor-widget elementor-widget-wp-widget-advads_ad_widget\" data-id=\"a6dceac\" data-element_type=\"widget\" data-widget_type=\"wp-widget-advads_ad_widget.default\">\n\t\t\t\t<div class=\"elementor-widget-container\">\n\t\t\t<div id=\"regio-3766377320\"><div class=\"regio-adlabel\">Werbung<\/div><center><a href=\"https:\/\/a.partner-versicherung.de\/click.php?partner_id=19992&ad_id=1578&deep=kreditkarten\"  target=\"_blank\"><img decoding=\"async\" src=\"https:\/\/a.partner-versicherung.de\/view.php?partner_id=19992&ad_id=1578\" ><\/a><\/center><\/div>\t\t<\/div>\n\t\t\t\t<\/div>\n\t\t\t\t<div class=\"elementor-element elementor-element-1a21863 elementor-widget elementor-widget-heading\" data-id=\"1a21863\" data-element_type=\"widget\" data-widget_type=\"heading.default\">\n\t\t\t\t<div class=\"elementor-widget-container\">\n\t\t\t<h3 class=\"elementor-heading-title elementor-size-default\">Wanderungen des Fr\u00e4nkischen Albvereins Schwabach e.V. \u2013 Februar 2023<\/h3>\t\t<\/div>\n\t\t\t\t<\/div>\n\t\t\t\t<div class=\"elementor-element elementor-element-1331cc3 elementor-widget elementor-widget-text-editor\" data-id=\"1331cc3\" data-element_type=\"widget\" data-widget_type=\"text-editor.default\">\n\t\t\t\t<div class=\"elementor-widget-container\">\n\t\t\t\t\t\t\t<table style=\"border-collapse: collapse; width: 100%;\" border=\"1\"><tbody><tr><td style=\"width: 18.1323%; text-align: center;\"><span style=\"font-size: 12pt;\"><strong>Tag<\/strong><\/span><\/td><td style=\"width: 19.3048%; text-align: center;\"><span style=\"font-size: 12pt;\"><strong>Datum<\/strong><\/span><\/td><td style=\"width: 18.1325%; text-align: center;\"><span style=\"font-size: 12pt;\"><strong>Uhrzeit<\/strong><\/span><\/td><td style=\"width: 44.4304%; text-align: center;\"><span style=\"font-size: 12pt;\"><strong>Wanderung<\/strong><\/span><\/td><\/tr><tr><td style=\"width: 18.1323%;\">\u00a0<\/td><td style=\"width: 19.3048%;\">\u00a0<\/td><td style=\"width: 18.1325%;\">\u00a0<\/td><td style=\"width: 44.4304%;\">\u00a0<\/td><\/tr><tr><td style=\"width: 18.1323%; text-align: center;\"><span style=\"font-size: 12pt;\">Samstag<\/span><\/td><td style=\"width: 19.3048%; text-align: center;\"><span style=\"font-size: 12pt;\">04.02.2023<\/span><\/td><td style=\"width: 18.1325%; text-align: center;\"><span style=\"font-size: 12pt;\">08.35 Uhr<br \/>Hbf. N\u00fcrnberg\u00a0<br \/><\/span><\/td><td style=\"width: 44.4304%;\"><span style=\"font-size: 12pt;\"><strong>\u201eZu den Nordabst\u00fcrzen des Wiesenttales bei G\u00f6\u00dfweinstein\u201c<\/strong><\/span><\/td><\/tr><tr><td style=\"width: 18.1323%; text-align: center;\"><span style=\"font-size: 12pt;\">Donnerstag<\/span><\/td><td style=\"width: 19.3048%; text-align: center;\"><span style=\"font-size: 12pt;\">09.02.2023<\/span><\/td><td style=\"width: 18.1325%; text-align: center;\"><span style=\"font-size: 12pt;\">08.55 Uhr\u00a0<\/span><\/td><td style=\"width: 44.4304%;\"><span style=\"font-size: 12pt;\">\u201e<strong>Von der Oberpfalz nach Mittelfranken<\/strong>\u201c<\/span><\/td><\/tr><tr><td style=\"width: 18.1323%; text-align: center;\"><span style=\"font-size: 12pt;\">Sonntag<\/span><\/td><td style=\"width: 19.3048%; text-align: center;\"><span style=\"font-size: 12pt;\">12.02.2023<\/span><\/td><td style=\"width: 18.1325%; text-align: center;\"><span style=\"font-size: 12pt;\">08.30 Uhr<\/span><\/td><td style=\"width: 44.4304%;\"><span style=\"font-size: 12pt;\"><strong>\u201eIn die geschichtstr\u00e4chtige Vorjuraregion zum Naturdenkmal \u201ebegehbare Linde\u201c<\/strong><\/span><\/td><\/tr><tr><td style=\"width: 18.1323%; text-align: center;\"><span style=\"font-size: 12pt;\">Sonntag<\/span><\/td><td style=\"width: 19.3048%; text-align: center;\"><span style=\"font-size: 12pt;\">19.02.2023<\/span><\/td><td style=\"width: 18.1325%; text-align: center;\"><span style=\"font-size: 12pt;\">07.30 Uhr<\/span><\/td><td style=\"width: 44.4304%;\"><span style=\"font-size: 12pt;\"><strong>\u201eDer Tuchersteig\u201c<\/strong><\/span><\/td><\/tr><tr><td style=\"width: 18.1323%; text-align: center;\"><span style=\"font-size: 12pt;\">Donnerstag<\/span><\/td><td style=\"width: 19.3048%; text-align: center;\"><span style=\"font-size: 12pt;\">23.02.2023<\/span><\/td><td style=\"width: 18.1325%; text-align: center;\"><span style=\"font-size: 12pt;\">08.55 Uhr<\/span><\/td><td style=\"width: 44.4304%;\"><span style=\"font-size: 12pt;\"><strong>\u201eDie Goldene Stra\u00dfe im Winter<b>\u201c<\/b><\/strong><\/span><\/td><\/tr><tr><td style=\"width: 18.1323%; text-align: center;\"><span style=\"font-size: 12pt;\">Sonntag<\/span><\/td><td style=\"width: 19.3048%; text-align: center;\"><span style=\"font-size: 12pt;\">26.02.2023<\/span><\/td><td style=\"width: 18.1325%; text-align: center;\"><span style=\"font-size: 12pt;\">09.30 Uhr<\/span><\/td><td style=\"width: 44.4304%;\"><span style=\"font-size: 12pt;\"><strong>\u201eSolnhofen nach Treuchtlingen\u201c<\/strong><\/span><\/td><\/tr><tr><td style=\"width: 18.1323%; text-align: center;\"><span style=\"font-size: 12pt;\">Dienstag<\/span><\/td><td style=\"width: 19.3048%; text-align: center;\"><span style=\"font-size: 12pt;\">28.02.2023<\/span><\/td><td style=\"width: 18.1325%; text-align: center;\"><span style=\"font-size: 12pt;\">18.00 Uhr<\/span><\/td><td style=\"width: 44.4304%;\"><span style=\"font-size: 12pt;\"><strong><b>Jahreshauptversammlung FAV Schwabach im Restaurant \u201eDas Laumer\u201c\u00a0<\/b><\/strong><\/span><\/td><\/tr><\/tbody><\/table><h3>Infos:<\/h3><ul style=\"list-style-type: disc;\"><li><span style=\"font-size: 12pt;\">Treffpunkt ist zum angegebenen Zeitpunkt jeweils am Schwabacher Bahnhof (sofern nicht anders angegeben)\u00a0<\/span><\/li><\/ul><h3><span style=\"font-size: 12pt;\">Weiterf\u00fchrende Links:<\/span><\/h3><p><span style=\"font-size: 12pt;\"><a href=\"https:\/\/www.fav-schwabach.de\/Wandern\/index.php\/#STRATP_cm4all_com_widgets_EventCalendar_1970305\" target=\"_blank\" rel=\"noopener\">Homepage des Fr\u00e4nkischen Albvereins Schwabach e.V. &#8230;<\/a><\/span><\/p>\t\t\t\t\t\t<\/div>\n\t\t\t\t<\/div>\n\t\t\t\t<div class=\"elementor-element elementor-element-9c4562b elementor-widget-divider--view-line elementor-widget elementor-widget-divider\" data-id=\"9c4562b\" data-element_type=\"widget\" data-widget_type=\"divider.default\">\n\t\t\t\t<div class=\"elementor-widget-container\">\n\t\t\t\t\t<div class=\"elementor-divider\">\n\t\t\t<span class=\"elementor-divider-separator\">\n\t\t\t\t\t\t<\/span>\n\t\t<\/div>\n\t\t\t\t<\/div>\n\t\t\t\t<\/div>\n\t\t\t\t<div class=\"elementor-element elementor-element-86e1f80 elementor-widget elementor-widget-google_maps\" data-id=\"86e1f80\" data-element_type=\"widget\" data-widget_type=\"google_maps.default\">\n\t\t\t\t<div class=\"elementor-widget-container\">\n\t\t\t\t\t<div class=\"elementor-custom-embed\">\n\t\t\t<iframe loading=\"lazy\"\n\t\t\t\t\tsrc=\"https:\/\/maps.google.com\/maps?q=49.326160%2C%2011.034864&#038;t=m&#038;z=17&#038;output=embed&#038;iwloc=near\"\n\t\t\t\t\ttitle=\"49.326160, 11.034864\"\n\t\t\t\t\taria-label=\"49.326160, 11.034864\"\n\t\t\t><\/iframe>\n\t\t<\/div>\n\t\t\t\t<\/div>\n\t\t\t\t<\/div>\n\t\t\t\t\t<\/div>\n\t\t<\/div>\n\t\t\t\t<div class=\"elementor-column elementor-col-50 elementor-top-column elementor-element elementor-element-71fd63c\" data-id=\"71fd63c\" data-element_type=\"column\">\n\t\t\t<div class=\"elementor-widget-wrap elementor-element-populated\">\n\t\t\t\t\t\t<div class=\"elementor-element elementor-element-aacb5b3 elementor-widget elementor-widget-heading\" data-id=\"aacb5b3\" data-element_type=\"widget\" data-widget_type=\"heading.default\">\n\t\t\t\t<div class=\"elementor-widget-container\">\n\t\t\t<h3 class=\"elementor-heading-title elementor-size-default\">Schnell vergleichen und sparen!<\/h3>\t\t<\/div>\n\t\t\t\t<\/div>\n\t\t\t\t<div class=\"elementor-element elementor-element-1515c99 elementor-widget elementor-widget-wp-widget-advads_ad_widget\" data-id=\"1515c99\" data-element_type=\"widget\" data-widget_type=\"wp-widget-advads_ad_widget.default\">\n\t\t\t\t<div class=\"elementor-widget-container\">\n\t\t\t<div id=\"regio-300501037\"><div class=\"regio-adlabel\">Werbung<\/div><!-- Beginn https:\/\/www.financeads.net\/-Code --><a href=\"https:\/\/www.financeads.net\/tc.php?t=36648C236142529B\" target=\"_blank\"><img fetchpriority=\"high\" decoding=\"async\" src=\"https:\/\/www.financeads.net\/tb.php?t=36648V236142529B&https=1\" alt=\"\" border=\"0\" width=\"300\" height=\"250\"><\/a><!-- Ende https:\/\/www.financeads.net\/-Code --><\/div>\t\t<\/div>\n\t\t\t\t<\/div>\n\t\t\t\t<div class=\"elementor-element elementor-element-d5d2ead elementor-widget elementor-widget-wp-widget-advads_ad_widget\" data-id=\"d5d2ead\" data-element_type=\"widget\" data-widget_type=\"wp-widget-advads_ad_widget.default\">\n\t\t\t\t<div class=\"elementor-widget-container\">\n\t\t\t<div id=\"regio-1370085624\"><div class=\"regio-adlabel\">Werbung<\/div><!-- Beginn https:\/\/www.financeads.net\/-Code --><a href=\"https:\/\/www.financeads.net\/tc.php?t=36648C42614510B\" target=\"_blank\"><img decoding=\"async\" src=\"https:\/\/www.financeads.net\/tb.php?t=36648V42614510B&https=1\" alt=\"\" border=\"0\" width=\"200\" height=\"300\"><\/a><!-- Ende https:\/\/www.financeads.net\/-Code --><\/div>\t\t<\/div>\n\t\t\t\t<\/div>\n\t\t\t\t<div class=\"elementor-element elementor-element-009c9db elementor-widget elementor-widget-wp-widget-advads_ad_widget\" data-id=\"009c9db\" data-element_type=\"widget\" data-widget_type=\"wp-widget-advads_ad_widget.default\">\n\t\t\t\t<div class=\"elementor-widget-container\">\n\t\t\t<div id=\"regio-4042903243\"><div class=\"regio-adlabel\">Werbung<\/div><!-- Beginn https:\/\/www.financeads.net\/-Code --><a href=\"https:\/\/www.financeads.net\/tc.php?t=36648C205040072B\" target=\"_blank\"><img decoding=\"async\" src=\"https:\/\/www.financeads.net\/tb.php?t=36648V205040072B&https=1\" alt=\"\" border=\"0\" width=\"300\" height=\"250\"><\/a><!-- Ende https:\/\/www.financeads.net\/-Code --><\/div>\t\t<\/div>\n\t\t\t\t<\/div>\n\t\t\t\t<div class=\"elementor-element elementor-element-72225a7 elementor-widget elementor-widget-wp-widget-advads_ad_widget\" data-id=\"72225a7\" data-element_type=\"widget\" data-widget_type=\"wp-widget-advads_ad_widget.default\">\n\t\t\t\t<div class=\"elementor-widget-container\">\n\t\t\t<div id=\"regio-220389580\"><div class=\"regio-adlabel\">Werbung<\/div><!-- Beginn https:\/\/www.financeads.net\/-Code --><a href=\"https:\/\/www.financeads.net\/tc.php?t=36648C271460142B\" target=\"_blank\"><img loading=\"lazy\" decoding=\"async\" src=\"https:\/\/www.financeads.net\/tb.php?t=36648V271460142B&https=1\" alt=\"PETPROTECT_Hund&Katze_Banner\" border=\"0\" width=\"250\" height=\"250\"><\/a><!-- Ende https:\/\/www.financeads.net\/-Code --><\/div>\t\t<\/div>\n\t\t\t\t<\/div>\n\t\t\t\t\t<\/div>\n\t\t<\/div>\n\t\t\t\t\t<\/div>\n\t\t<\/section>\n\t\t\t\t<\/div>\n\t\t","protected":false},"excerpt":{"rendered":"<div class=\"mh-excerpt\"><p>Wanderungen des Fr\u00e4nkischen Albvereins Schwabach e.V. \u2013 Februar 2023 Tag Datum Uhrzeit Wanderung &nbsp; &nbsp; &nbsp; &nbsp; Samstag 04.02.2023 08.35 Uhr Hbf. N\u00fcrnberg&nbsp; \u201eZu den Nordabst\u00fcrzen des Wiesenttales bei G\u00f6\u00dfweinstein\u201c Donnerstag 09.02.2023 08.55 Uhr&nbsp; \u201eVon <a class=\"mh-excerpt-more\" href=\"https:\/\/www.region-schwabach.de\/wordpress\/wanderungen-des-frankischen-albvereins-schwabach-e-v-februar-2023\/\" title=\"Wanderungen des Fr\u00e4nkischen Albvereins Schwabach e.V. &#8211; Februar 2023\">[&#8230;]<\/a><\/p>\n<\/div>","protected":false},"author":1,"featured_media":194475,"comment_status":"open","ping_status":"open","sticky":false,"template":"","format":"standard","meta":{"_cbd_carousel_blocks":"[]","footnotes":""},"categories":[16,287,231,140],"tags":[274,21582,6239,1913,6241,21584,19,6240,8326,6238,9534],"class_list":{"0":"post-194474","1":"post","2":"type-post","3":"status-publish","4":"format-standard","5":"has-post-thumbnail","7":"category-aktuell","8":"category-jugend-und-familie","9":"category-veranstaltungsnews","10":"category-vereine","11":"tag-bahnhof","12":"tag-februar-2023","13":"tag-fraenkischer-albverein-schwabach-e-v","14":"tag-kappadocia","15":"tag-probewanderung","16":"tag-restaurant-laumer","17":"tag-schwabach","18":"tag-tageswanderung","19":"tag-wander-treff","20":"tag-wanderungen","21":"tag-wanderwoche"},"_links":{"self":[{"href":"https:\/\/www.region-schwabach.de\/wordpress\/wp-json\/wp\/v2\/posts\/194474","targetHints":{"allow":["GET"]}}],"collection":[{"href":"https:\/\/www.region-schwabach.de\/wordpress\/wp-json\/wp\/v2\/posts"}],"about":[{"href":"https:\/\/www.region-schwabach.de\/wordpress\/wp-json\/wp\/v2\/types\/post"}],"author":[{"embeddable":true,"href":"https:\/\/www.region-schwabach.de\/wordpress\/wp-json\/wp\/v2\/users\/1"}],"replies":[{"embeddable":true,"href":"https:\/\/www.region-schwabach.de\/wordpress\/wp-json\/wp\/v2\/comments?post=194474"}],"version-history":[{"count":0,"href":"https:\/\/www.region-schwabach.de\/wordpress\/wp-json\/wp\/v2\/posts\/194474\/revisions"}],"wp:featuredmedia":[{"embeddable":true,"href":"https:\/\/www.region-schwabach.de\/wordpress\/wp-json\/wp\/v2\/media\/194475"}],"wp:attachment":[{"href":"https:\/\/www.region-schwabach.de\/wordpress\/wp-json\/wp\/v2\/media?parent=194474"}],"wp:term":[{"taxonomy":"category","embeddable":true,"href":"https:\/\/www.region-schwabach.de\/wordpress\/wp-json\/wp\/v2\/categories?post=194474"},{"taxonomy":"post_tag","embeddable":true,"href":"https:\/\/www.region-schwabach.de\/wordpress\/wp-json\/wp\/v2\/tags?post=194474"}],"curies":[{"name":"wp","href":"https:\/\/api.w.org\/{rel}","templated":true}]}}