{"id":194735,"date":"2023-02-05T01:45:00","date_gmt":"2023-02-05T00:45:00","guid":{"rendered":"https:\/\/www.region-schwabach.de\/wordpress\/?p=194735"},"modified":"2023-02-04T20:31:05","modified_gmt":"2023-02-04T19:31:05","slug":"die-malereien-in-der-schwabacher-laubhutte-im-jmf-am-sonntag-den-5-februar-2023","status":"publish","type":"post","link":"https:\/\/www.region-schwabach.de\/wordpress\/die-malereien-in-der-schwabacher-laubhutte-im-jmf-am-sonntag-den-5-februar-2023\/","title":{"rendered":"Die Malereien in der Schwabacher Laubh\u00fctte im JMF am Sonntag, den 5. Februar 2023"},"content":{"rendered":"\t\t<div data-elementor-type=\"wp-post\" data-elementor-id=\"194735\" class=\"elementor elementor-194735\">\n\t\t\t\t\t\t<section class=\"elementor-section elementor-top-section elementor-element elementor-element-678181b elementor-section-boxed elementor-section-height-default elementor-section-height-default\" data-id=\"678181b\" data-element_type=\"section\">\n\t\t\t\t\t\t<div class=\"elementor-container elementor-column-gap-default\">\n\t\t\t\t\t<div class=\"elementor-column elementor-col-50 elementor-top-column elementor-element elementor-element-6b34026\" data-id=\"6b34026\" data-element_type=\"column\">\n\t\t\t<div class=\"elementor-widget-wrap elementor-element-populated\">\n\t\t\t\t\t\t<div class=\"elementor-element elementor-element-e3fa2ca elementor-widget elementor-widget-wp-widget-advads_ad_widget\" data-id=\"e3fa2ca\" data-element_type=\"widget\" data-widget_type=\"wp-widget-advads_ad_widget.default\">\n\t\t\t\t<div class=\"elementor-widget-container\">\n\t\t\t<div id=\"regio-1037282288\"><div class=\"regio-adlabel\">Werbung<\/div><center><a href=\"https:\/\/a.partner-versicherung.de\/click.php?partner_id=19992&ad_id=1578&deep=kreditkarten\"  target=\"_blank\"><img decoding=\"async\" src=\"https:\/\/a.partner-versicherung.de\/view.php?partner_id=19992&ad_id=1578\" ><\/a><\/center><\/div>\t\t<\/div>\n\t\t\t\t<\/div>\n\t\t\t\t<div class=\"elementor-element elementor-element-443ab98 elementor-widget elementor-widget-text-editor\" data-id=\"443ab98\" data-element_type=\"widget\" data-widget_type=\"text-editor.default\">\n\t\t\t\t<div class=\"elementor-widget-container\">\n\t\t\t\t\t\t\t<h3>Sonntag, den 5. Februar 2023, um 14.00 Uhr:\u00a0<br \/><strong>Die Malereien in der Schwabacher Laubh\u00fctte &#8211; Heute im Fokus: Moses\u00a0\u00a0<\/strong><\/h3><p><span style=\"font-size: 12pt;\">Schwabach &#8211; Die historische Laubh\u00fctte im J\u00fcdischen Museum Franken in Schwabach beherbergt einen verborgenen Schatz: Barocke Fresken aus dem 18. Jahrhundert schm\u00fccken ihre W\u00e4nde und vermitteln einen Einblick in die religi\u00f6se Bilderwelt des traditionellen Judentums in Franken. Die F\u00fchrung veranschaulicht, welche Symbolik sich hinter den einzelnen Motiven verbirgt und wirft Fragen auf: <\/span><\/p><ul style=\"list-style-type: disc;\"><li><span style=\"font-size: 12pt;\">Sind Bilder im Judentum \u00fcberhaupt erlaubt? <\/span><\/li><li><span style=\"font-size: 12pt;\">Warum wird Moses so h\u00e4ufig mit H\u00f6rnern dargestellt? <\/span><\/li><li><span style=\"font-size: 12pt;\">Und was hat die Darstellung einer Hasenjagd mit dem Schabbat zu tun?\u00a0<\/span><\/li><\/ul><p><span style=\"font-size: 12pt;\">Nach der Themenf\u00fchrung erhalten die Teilnehmer:innen die Gelegenheit, die aktuelle Sonderausstellung \u201eDas Mikwen-Projekt\u201c anzuschauen.\u00a0<\/span><\/p><p><span style=\"font-size: 12pt;\"><a href=\"http:\/\/www.juedisches-museum.org\/judisches-museum-franken-in-schwabach\/\" target=\"_blank\" rel=\"noopener\">Hier geht&#8217;s zur Homepage vom JMF Schwabach &#8230;<\/a><\/span><\/p><p><span style=\"font-size: 12pt;\"><strong>Bildnachweis: Moses in der Laubh\u00fctte\u00a0 \u00a9J\u00fcdisches Museum Franken |\u00a0Fotografin: Annette Kradisch Fotodesign, N\u00fcrnberg<\/strong><\/span><\/p><table style=\"border-collapse: collapse; width: 100%;\"><tbody><tr><td style=\"width: 28.4875%;\"><span style=\"font-size: 12pt;\">Wann:<\/span><\/td><td style=\"width: 71.5125%;\"><span style=\"font-size: 12pt;\">Sonntag, den 5. Februar 2023, 14.00 Uhr bis 15.30 Uhr<\/span><\/td><\/tr><tr><td style=\"width: 28.4875%;\"><span style=\"font-size: 12pt;\">Treffpunkt:<\/span><\/td><td style=\"width: 71.5125%;\"><span style=\"font-size: 12pt;\">J\u00fcdisches Museum Franken in Schwabach, Synagogengasse 10a, r\u00fcckw\u00e4rtiger Eingang<\/span><\/td><\/tr><tr><td style=\"width: 28.4875%;\"><span style=\"font-size: 12pt;\">Altersempfehlung:<\/span><\/td><td style=\"width: 71.5125%;\"><span style=\"font-size: 12pt;\">ab 12 Jahren<\/span><\/td><\/tr><tr><td style=\"width: 28.4875%;\"><span style=\"font-size: 12pt;\">F\u00fchrung und Eintritt:<\/span><\/td><td style=\"width: 71.5125%;\"><span style=\"font-size: 12pt;\">8\u20ac regul\u00e4r | 6\u20ac erm. zzgl. 3 \u20ac Eintritt\u00a0<\/span><\/td><\/tr><tr><td style=\"width: 28.4875%;\"><span style=\"font-size: 12pt;\">Anmeldung:<\/span><\/td><td style=\"width: 71.5125%;\"><span style=\"font-size: 12pt;\"><strong><a href=\"mailto:schwabach@juedisches-museum.org\" target=\"_blank\" rel=\"noopener\">schwabach@juedisches-museum.org<\/a><\/strong><\/span><\/td><\/tr><tr><td style=\"width: 28.4875%;\"><span style=\"font-size: 12pt;\">Barrierefreiheit:<\/span><\/td><td style=\"width: 71.5125%;\"><span style=\"font-size: 12pt;\">Nein<\/span><\/td><\/tr><\/tbody><\/table>\t\t\t\t\t\t<\/div>\n\t\t\t\t<\/div>\n\t\t\t\t<div class=\"elementor-element elementor-element-c8dd997 elementor-widget elementor-widget-shortcode\" data-id=\"c8dd997\" data-element_type=\"widget\" data-widget_type=\"shortcode.default\">\n\t\t\t\t<div class=\"elementor-widget-container\">\n\t\t\t\t\t<div class=\"elementor-shortcode\"><!-- Beginn https:\/\/www.financeads.net\/-Code --><a href=\"https:\/\/www.financeads.net\/tc.php?t=36648C38513858B\" target=\"_blank\"><center><img decoding=\"async\" src=\"https:\/\/www.financeads.net\/tb.php?t=36648V38513858B&https=1\" alt=\"\" border=\"0\" width=\"468\" height=\"60\"><\/a><!-- Ende https:\/\/www.financeads.net\/-Code --><\/div>\n\t\t\t\t<\/div>\n\t\t\t\t<\/div>\n\t\t\t\t<div class=\"elementor-element elementor-element-0c834d7 elementor-widget-divider--view-line elementor-widget elementor-widget-divider\" data-id=\"0c834d7\" data-element_type=\"widget\" data-widget_type=\"divider.default\">\n\t\t\t\t<div class=\"elementor-widget-container\">\n\t\t\t\t\t<div class=\"elementor-divider\">\n\t\t\t<span class=\"elementor-divider-separator\">\n\t\t\t\t\t\t<\/span>\n\t\t<\/div>\n\t\t\t\t<\/div>\n\t\t\t\t<\/div>\n\t\t\t\t<div class=\"elementor-element elementor-element-325f51f elementor-widget elementor-widget-google_maps\" data-id=\"325f51f\" data-element_type=\"widget\" data-widget_type=\"google_maps.default\">\n\t\t\t\t<div class=\"elementor-widget-container\">\n\t\t\t\t\t<div class=\"elementor-custom-embed\">\n\t\t\t<iframe loading=\"lazy\"\n\t\t\t\t\tsrc=\"https:\/\/maps.google.com\/maps?q=Syagogengasse%2010a%2C%20Schwabach%2C%20Deutschland&#038;t=m&#038;z=17&#038;output=embed&#038;iwloc=near\"\n\t\t\t\t\ttitle=\"Syagogengasse 10a, Schwabach, Deutschland\"\n\t\t\t\t\taria-label=\"Syagogengasse 10a, Schwabach, Deutschland\"\n\t\t\t><\/iframe>\n\t\t<\/div>\n\t\t\t\t<\/div>\n\t\t\t\t<\/div>\n\t\t\t\t\t<\/div>\n\t\t<\/div>\n\t\t\t\t<div class=\"elementor-column elementor-col-50 elementor-top-column elementor-element elementor-element-f3d2d15\" data-id=\"f3d2d15\" data-element_type=\"column\">\n\t\t\t<div class=\"elementor-widget-wrap elementor-element-populated\">\n\t\t\t\t\t\t<div class=\"elementor-element elementor-element-6165363 elementor-widget elementor-widget-heading\" data-id=\"6165363\" data-element_type=\"widget\" data-widget_type=\"heading.default\">\n\t\t\t\t<div class=\"elementor-widget-container\">\n\t\t\t<h3 class=\"elementor-heading-title elementor-size-default\">Schnell vergleichen und sparen!<\/h3>\t\t<\/div>\n\t\t\t\t<\/div>\n\t\t\t\t<div class=\"elementor-element elementor-element-3842e95 elementor-widget elementor-widget-wp-widget-advads_ad_widget\" data-id=\"3842e95\" data-element_type=\"widget\" data-widget_type=\"wp-widget-advads_ad_widget.default\">\n\t\t\t\t<div class=\"elementor-widget-container\">\n\t\t\t<div id=\"regio-2998020551\"><div class=\"regio-adlabel\">Werbung<\/div><!-- Beginn https:\/\/www.financeads.net\/-Code --><a href=\"https:\/\/www.financeads.net\/tc.php?t=36648C236142529B\" target=\"_blank\"><img fetchpriority=\"high\" decoding=\"async\" src=\"https:\/\/www.financeads.net\/tb.php?t=36648V236142529B&https=1\" alt=\"\" border=\"0\" width=\"300\" height=\"250\"><\/a><!-- Ende https:\/\/www.financeads.net\/-Code --><\/div>\t\t<\/div>\n\t\t\t\t<\/div>\n\t\t\t\t<div class=\"elementor-element elementor-element-afdf71e elementor-widget elementor-widget-wp-widget-advads_ad_widget\" data-id=\"afdf71e\" data-element_type=\"widget\" data-widget_type=\"wp-widget-advads_ad_widget.default\">\n\t\t\t\t<div class=\"elementor-widget-container\">\n\t\t\t<div id=\"regio-2210596382\"><div class=\"regio-adlabel\">Werbung<\/div><!-- Beginn https:\/\/www.financeads.net\/-Code --><a href=\"https:\/\/www.financeads.net\/tc.php?t=36648C42614510B\" target=\"_blank\"><img decoding=\"async\" src=\"https:\/\/www.financeads.net\/tb.php?t=36648V42614510B&https=1\" alt=\"\" border=\"0\" width=\"200\" height=\"300\"><\/a><!-- Ende https:\/\/www.financeads.net\/-Code --><\/div>\t\t<\/div>\n\t\t\t\t<\/div>\n\t\t\t\t<div class=\"elementor-element elementor-element-faa70d1 elementor-widget elementor-widget-wp-widget-advads_ad_widget\" data-id=\"faa70d1\" data-element_type=\"widget\" data-widget_type=\"wp-widget-advads_ad_widget.default\">\n\t\t\t\t<div class=\"elementor-widget-container\">\n\t\t\t<div id=\"regio-3264060762\"><div class=\"regio-adlabel\">Werbung<\/div><!-- Beginn https:\/\/www.financeads.net\/-Code --><a href=\"https:\/\/www.financeads.net\/tc.php?t=36648C205040072B\" target=\"_blank\"><img loading=\"lazy\" decoding=\"async\" src=\"https:\/\/www.financeads.net\/tb.php?t=36648V205040072B&https=1\" alt=\"\" border=\"0\" width=\"300\" height=\"250\"><\/a><!-- Ende https:\/\/www.financeads.net\/-Code --><\/div>\t\t<\/div>\n\t\t\t\t<\/div>\n\t\t\t\t<div class=\"elementor-element elementor-element-3478f11 elementor-widget elementor-widget-wp-widget-advads_ad_widget\" data-id=\"3478f11\" data-element_type=\"widget\" data-widget_type=\"wp-widget-advads_ad_widget.default\">\n\t\t\t\t<div class=\"elementor-widget-container\">\n\t\t\t<div id=\"regio-2024823311\"><div class=\"regio-adlabel\">Werbung<\/div><!-- Beginn https:\/\/www.financeads.net\/-Code --><a href=\"https:\/\/www.financeads.net\/tc.php?t=36648C271460142B\" target=\"_blank\"><img loading=\"lazy\" decoding=\"async\" src=\"https:\/\/www.financeads.net\/tb.php?t=36648V271460142B&https=1\" alt=\"PETPROTECT_Hund&Katze_Banner\" border=\"0\" width=\"250\" height=\"250\"><\/a><!-- Ende https:\/\/www.financeads.net\/-Code --><\/div>\t\t<\/div>\n\t\t\t\t<\/div>\n\t\t\t\t\t<\/div>\n\t\t<\/div>\n\t\t\t\t\t<\/div>\n\t\t<\/section>\n\t\t\t\t<\/div>\n\t\t","protected":false},"excerpt":{"rendered":"<div class=\"mh-excerpt\"><p>Sonntag, den 5. Februar 2023, um 14.00 Uhr:\u00a0Die Malereien in der Schwabacher Laubh\u00fctte &#8211; Heute im Fokus: Moses\u00a0\u00a0 Schwabach &#8211; Die historische Laubh\u00fctte im J\u00fcdischen Museum Franken in Schwabach beherbergt einen verborgenen Schatz: Barocke Fresken <a class=\"mh-excerpt-more\" href=\"https:\/\/www.region-schwabach.de\/wordpress\/die-malereien-in-der-schwabacher-laubhutte-im-jmf-am-sonntag-den-5-februar-2023\/\" title=\"Die Malereien in der Schwabacher Laubh\u00fctte im JMF am Sonntag, den 5. Februar 2023\">[&#8230;]<\/a><\/p>\n<\/div>","protected":false},"author":1,"featured_media":194736,"comment_status":"open","ping_status":"open","sticky":false,"template":"","format":"standard","meta":{"_cbd_carousel_blocks":"[]","footnotes":""},"categories":[16,287,231,140],"tags":[21604,21603,6096,3155,4691,53,4689,5749,19,4692],"class_list":{"0":"post-194735","1":"post","2":"type-post","3":"status-publish","4":"format-standard","5":"has-post-thumbnail","7":"category-aktuell","8":"category-jugend-und-familie","9":"category-veranstaltungsnews","10":"category-vereine","11":"tag-05-02-2023","12":"tag-5-februar-2023","13":"tag-alte-synagoge","14":"tag-ausstellung","15":"tag-fraenkisch-juedische-geschichte","16":"tag-fuehrung","17":"tag-juedischen-museum-franken","18":"tag-laubhuette","19":"tag-schwabach","20":"tag-synagogengasse"},"_links":{"self":[{"href":"https:\/\/www.region-schwabach.de\/wordpress\/wp-json\/wp\/v2\/posts\/194735","targetHints":{"allow":["GET"]}}],"collection":[{"href":"https:\/\/www.region-schwabach.de\/wordpress\/wp-json\/wp\/v2\/posts"}],"about":[{"href":"https:\/\/www.region-schwabach.de\/wordpress\/wp-json\/wp\/v2\/types\/post"}],"author":[{"embeddable":true,"href":"https:\/\/www.region-schwabach.de\/wordpress\/wp-json\/wp\/v2\/users\/1"}],"replies":[{"embeddable":true,"href":"https:\/\/www.region-schwabach.de\/wordpress\/wp-json\/wp\/v2\/comments?post=194735"}],"version-history":[{"count":0,"href":"https:\/\/www.region-schwabach.de\/wordpress\/wp-json\/wp\/v2\/posts\/194735\/revisions"}],"wp:featuredmedia":[{"embeddable":true,"href":"https:\/\/www.region-schwabach.de\/wordpress\/wp-json\/wp\/v2\/media\/194736"}],"wp:attachment":[{"href":"https:\/\/www.region-schwabach.de\/wordpress\/wp-json\/wp\/v2\/media?parent=194735"}],"wp:term":[{"taxonomy":"category","embeddable":true,"href":"https:\/\/www.region-schwabach.de\/wordpress\/wp-json\/wp\/v2\/categories?post=194735"},{"taxonomy":"post_tag","embeddable":true,"href":"https:\/\/www.region-schwabach.de\/wordpress\/wp-json\/wp\/v2\/tags?post=194735"}],"curies":[{"name":"wp","href":"https:\/\/api.w.org\/{rel}","templated":true}]}}