{"id":195508,"date":"2023-02-16T00:45:00","date_gmt":"2023-02-15T23:45:00","guid":{"rendered":"https:\/\/www.region-schwabach.de\/wordpress\/?p=195508"},"modified":"2023-02-15T23:35:17","modified_gmt":"2023-02-15T22:35:17","slug":"jugend-schoffe-oder-schoffin-ab-2024-werden","status":"publish","type":"post","link":"https:\/\/www.region-schwabach.de\/wordpress\/jugend-schoffe-oder-schoffin-ab-2024-werden\/","title":{"rendered":"(Jugend-)Sch\u00f6ffe oder Sch\u00f6ffin ab 2024 werden"},"content":{"rendered":"\t\t<div data-elementor-type=\"wp-post\" data-elementor-id=\"195508\" class=\"elementor elementor-195508\">\n\t\t\t\t\t\t<section class=\"elementor-section elementor-top-section elementor-element elementor-element-1cuv9jr elementor-section-boxed elementor-section-height-default elementor-section-height-default\" data-id=\"1cuv9jr\" data-element_type=\"section\">\n\t\t\t\t\t\t<div class=\"elementor-container elementor-column-gap-default\">\n\t\t\t\t\t<div class=\"elementor-column elementor-col-50 elementor-top-column elementor-element elementor-element-q5zak7b\" data-id=\"q5zak7b\" data-element_type=\"column\">\n\t\t\t<div class=\"elementor-widget-wrap elementor-element-populated\">\n\t\t\t\t\t\t<div class=\"elementor-element elementor-element-dcef279 elementor-widget elementor-widget-wp-widget-advads_ad_widget\" data-id=\"dcef279\" data-element_type=\"widget\" data-widget_type=\"wp-widget-advads_ad_widget.default\">\n\t\t\t\t<div class=\"elementor-widget-container\">\n\t\t\t<div id=\"regio-3684410874\"><div class=\"regio-adlabel\">Werbung<\/div><center><a href=\"https:\/\/a.partner-versicherung.de\/click.php?partner_id=19992&ad_id=1578&deep=kreditkarten\"  target=\"_blank\"><img decoding=\"async\" src=\"https:\/\/a.partner-versicherung.de\/view.php?partner_id=19992&ad_id=1578\" ><\/a><\/center><\/div>\t\t<\/div>\n\t\t\t\t<\/div>\n\t\t\t\t<div class=\"elementor-element elementor-element-a4daeae elementor-widget elementor-widget-text-editor\" data-id=\"a4daeae\" data-element_type=\"widget\" data-widget_type=\"text-editor.default\">\n\t\t\t\t<div class=\"elementor-widget-container\">\n\t\t\t\t\t\t\t<h3><span id=\"page61R_mcid21\" class=\"markedContent\"><span dir=\"ltr\" role=\"presentation\">Bis 16. bzw. 22. Februar 2023 bewerben:<\/span><\/span><span id=\"undefined\" class=\"markedContent\"><\/span><span id=\"page61R_mcid12\" class=\"markedContent\"><\/span><span id=\"page61R_mcid13\" class=\"markedContent\"><br role=\"presentation\" \/><span dir=\"ltr\" role=\"presentation\">Sch\u00f6ffen und Jugendsch\u00f6ffen gesucht\u00a0<\/span><\/span><\/h3><p><span style=\"font-size: 12pt;\">Schwabach &#8211; <span id=\"page61R_mcid15\" class=\"markedContent\"><span dir=\"ltr\" role=\"presentation\">Im Jahr 2023 werden bundesweit die Sch\u00f6ffinnen und Sch\u00f6ffen sowie Jugend<\/span><span dir=\"ltr\" role=\"presentation\">sch\u00f6ffinnen und -sch\u00f6ffen f\u00fcr die Amtszeit von 2024 bis 2028 gew\u00e4hlt. Gesucht <\/span><span dir=\"ltr\" role=\"presentation\">werden in Schwabach insgesamt zehn Personen f\u00fcr das Jugendsch\u00f6ffenamt <\/span><span dir=\"ltr\" role=\"presentation\">(je zur H\u00e4lfte Frauen und M\u00e4nner) und 25 Personen f\u00fcr das Sch\u00f6ffenamt, die <\/span><span dir=\"ltr\" role=\"presentation\">am Amtsgericht Schwabach und an den Straf- bzw. Jugendkammern des <\/span><span dir=\"ltr\" role=\"presentation\">Landgerichts N\u00fcrnberg-F\u00fcrth an der Rechtsprechung in Strafsachen <\/span><span dir=\"ltr\" role=\"presentation\">teilnehmen. Bewerbungen sind bis Donnerstag, den 16. Februar 2023, bei der Stadt Schwabach m\u00f6glich.<\/span><\/span><span id=\"page61R_mcid16\" class=\"markedContent\"><\/span><span id=\"page61R_mcid17\" class=\"markedContent\"><br role=\"presentation\" \/><\/span><\/span><\/p><p><span style=\"font-size: 12pt;\"><span id=\"page61R_mcid17\" class=\"markedContent\"><span dir=\"ltr\" role=\"presentation\">Bewerben k\u00f6nnen sich Schwabacherinnen und Schwabacher, die zur Zeit der <\/span><span dir=\"ltr\" role=\"presentation\">Aufstellung der Vorschlagsliste in Schwabach wohnen und am 1. Januar 2024 <\/span><span dir=\"ltr\" role=\"presentation\">mindestens 25 und h\u00f6chstens 69 Jahre alt sein werden. W\u00e4hlbar sind <\/span><span dir=\"ltr\" role=\"presentation\">deutsche Staatsangeh\u00f6rige, die die deutsche Sprache ausreichend <\/span><span dir=\"ltr\" role=\"presentation\">beherrschen.<\/span><\/span><span id=\"page61R_mcid18\" class=\"markedContent\"><\/span><span id=\"page61R_mcid19\" class=\"markedContent\"><br role=\"presentation\" \/><\/span><\/span><\/p><p><span style=\"font-size: 12pt;\"><span id=\"page61R_mcid19\" class=\"markedContent\"><span dir=\"ltr\" role=\"presentation\">Auf Grundlage der eingegangenen Bewerbungen beschlie\u00dfen der Stadtrat <\/span><span dir=\"ltr\" role=\"presentation\">bzw. der Jugendhilfeausschuss Vorschlagslisten. Diese sollen m\u00f6glichst die <\/span><span dir=\"ltr\" role=\"presentation\">doppelte Anzahl an Personen umfassen, die tats\u00e4chlich als Sch\u00f6ffinnen und <\/span><span dir=\"ltr\" role=\"presentation\">Sch\u00f6ffen ben\u00f6tigt werden. Aus diesen Vorschl\u00e4gen w\u00e4hlt der Sch\u00f6ffenwahl<\/span><span dir=\"ltr\" role=\"presentation\">ausschuss beim Amtsgericht in der zweiten Jahresh\u00e4lfte 2023 die Haupt- und <\/span><span dir=\"ltr\" role=\"presentation\">Hilfssch\u00f6ffen und -sch\u00f6ffinnen aus.\u00a0<\/span><\/span><span id=\"page61R_mcid20\" class=\"markedContent\"><\/span><\/span><\/p><p><span style=\"font-size: 12pt;\"><span id=\"page1R_mcid0\" class=\"markedContent\"><span dir=\"ltr\" role=\"presentation\">Sch\u00f6ffen sind ehrenamtliche Richter und Richterinnen. Sie sollen als <\/span><span dir=\"ltr\" role=\"presentation\">Vertreterinnen und Vertreter des Volkes an den Gerichtsverhandlungen <\/span><span dir=\"ltr\" role=\"presentation\">teilnehmen. Dieses verantwortungsvolle Amt verlangt in hohem Ma\u00dfe <\/span><span dir=\"ltr\" role=\"presentation\">Unparteilichkeit, Selbstst\u00e4ndigkeit und Reife des Urteils, aber auch geistige <\/span><span dir=\"ltr\" role=\"presentation\">Beweglichkeit und &#8211; wegen des anstrengenden Sitzungsdienstes &#8211; gesund<\/span><span dir=\"ltr\" role=\"presentation\">heitliche Eignung.\u00a0 <\/span><\/span><\/span><\/p><p><span style=\"font-size: 12pt;\"><span id=\"page1R_mcid0\" class=\"markedContent\"><span dir=\"ltr\" role=\"presentation\">Jugendsch\u00f6ffinnen und -sch\u00f6ffen sollen zus\u00e4tzlich <\/span><span dir=\"ltr\" role=\"presentation\">erzieherisch bef\u00e4higt und in der Jugenderziehung erfahren sein. Juristische <\/span><span dir=\"ltr\" role=\"presentation\">Kenntnisse sind f\u00fcr das Amt nicht notwendig. Es besteht die M\u00f6glichkeit, sich <\/span><span dir=\"ltr\" role=\"presentation\">selbst zu bewerben oder andere geeignete Personen vorzuschlagen.<\/span><br role=\"presentation\" \/><\/span><\/span><\/p><p><span style=\"font-size: 12pt;\"><span id=\"page1R_mcid0\" class=\"markedContent\"><span dir=\"ltr\" role=\"presentation\">Vorschl\u00e4ge k\u00f6nnen auch von Parteien und Verb\u00e4nden eingereicht werden. <\/span><span dir=\"ltr\" role=\"presentation\">Dabei soll angegeben werden, ob die vorgeschlagene Person mit der Berufung <\/span><span dir=\"ltr\" role=\"presentation\">einverstanden w\u00e4re sowie die notwendigen Daten \u00fcbermittelt werden. <\/span><\/span><span id=\"page1R_mcid2\" class=\"markedContent\"><span dir=\"ltr\" role=\"presentation\">Personen, denen ein Gericht die F\u00e4higkeit zur Bekleidung \u00f6ffentlicher \u00c4mter <\/span><span dir=\"ltr\" role=\"presentation\">aberkannt hat oder die wegen einer vors\u00e4tzlichen Tat rechtskr\u00e4ftig zu einer <\/span><span dir=\"ltr\" role=\"presentation\">Freiheitsstrafe von mehr als sechs Monaten verurteilt worden sind, k\u00f6nnen <\/span><span dir=\"ltr\" role=\"presentation\">nicht f\u00fcr das Sch\u00f6ffenamt berufen werden. Weitere Ausschl\u00fcsse vom <\/span><span dir=\"ltr\" role=\"presentation\">Sch\u00f6ffenamt ergeben sich aus den gesetzlichen Regelungen.<\/span><\/span><span id=\"page1R_mcid3\" class=\"markedContent\"><\/span><span id=\"page1R_mcid4\" class=\"markedContent\"><br role=\"presentation\" \/><\/span><\/span><\/p><p><span style=\"font-size: 12pt;\"><span id=\"page1R_mcid4\" class=\"markedContent\"><span dir=\"ltr\" role=\"presentation\">Die Sch\u00f6ffinnen und Sch\u00f6ffen erhalten f\u00fcr ihre T\u00e4tigkeit eine Entsch\u00e4digung. <\/span><span dir=\"ltr\" role=\"presentation\">Eine gesonderte Verg\u00fctung wird allerdings nicht gew\u00e4hrt.<\/span><\/span><span id=\"page1R_mcid5\" class=\"markedContent\"><\/span><span id=\"page1R_mcid6\" class=\"markedContent\"><br role=\"presentation\" \/><\/span><\/span><\/p><p><span style=\"font-size: 12pt;\"><span id=\"page1R_mcid6\" class=\"markedContent\"><span dir=\"ltr\" role=\"presentation\">Weitere Informationen zur T\u00e4tigkeit als Sch\u00f6ffe finden sich unter <\/span><\/span><a href=\"https:\/\/www.justiz.bayern.de\/service\/schoeffen\/\" target=\"_blank\" rel=\"noopener\"><span id=\"page1R_mcid7\" class=\"markedContent\"><span dir=\"ltr\" role=\"presentation\">https:\/\/www.justiz.bayern.de\/service\/schoeffen\/<\/span><\/span><\/a><span id=\"page1R_mcid17\" class=\"markedContent\"><span dir=\"ltr\" role=\"presentation\">, Informationen zum <\/span><\/span><span id=\"page1R_mcid18\" class=\"markedContent\"><span dir=\"ltr\" role=\"presentation\">Bewerbungsverfahren sowie die notwendigen Bewerbungsformulare unter <\/span><\/span><a href=\"http:\/\/www.schwabach.de\" target=\"_blank\" rel=\"noopener\"><span id=\"page1R_mcid9\" class=\"markedContent\"><span dir=\"ltr\" role=\"presentation\">www.schwabach.de<\/span><\/span><\/a><span id=\"page1R_mcid19\" class=\"markedContent\"><span dir=\"ltr\" role=\"presentation\">.<\/span><\/span><span id=\"undefined\" class=\"markedContent\"><\/span><span id=\"page1R_mcid11\" class=\"markedContent\"><\/span><span id=\"page1R_mcid12\" class=\"markedContent\"><br role=\"presentation\" \/><\/span><\/span><\/p><p><span style=\"font-size: 12pt;\"><span id=\"page1R_mcid12\" class=\"markedContent\"><span dir=\"ltr\" role=\"presentation\">Interessierte f\u00fcr das<\/span> <span dir=\"ltr\" role=\"presentation\">Amt eines Jugendsch\u00f6ffen<\/span> <span dir=\"ltr\" role=\"presentation\">richten ihre Bewerbung auf <\/span><span dir=\"ltr\" role=\"presentation\">dem Bewerbungsformular bis zum 16. Februar 2023 an die Stadt Schwabach, Amt <\/span><span dir=\"ltr\" role=\"presentation\">f\u00fcr Jugend und Familien, N\u00f6rdliche Ringstra\u00dfe 2 a-c, 91126 Schwabach, <\/span><span dir=\"ltr\" role=\"presentation\"><a href=\"mailto:jugendamt@schwabach.de\" target=\"_blank\" rel=\"noopener\">jugendamt@schwabach.de<\/a>, Telefon 09122 860-223.<\/span><\/span><span id=\"page1R_mcid13\" class=\"markedContent\"><\/span><span id=\"page1R_mcid14\" class=\"markedContent\"><br role=\"presentation\" \/><\/span><\/span><\/p><p><span style=\"font-size: 12pt;\"><span id=\"page1R_mcid14\" class=\"markedContent\"><span dir=\"ltr\" role=\"presentation\">Vorschl\u00e4ge und Bewerbungen f\u00fcr das<\/span> <span dir=\"ltr\" role=\"presentation\">Sch\u00f6ffenamt in allgemeinen <\/span><span dir=\"ltr\" role=\"presentation\">Strafsachen<\/span> <span dir=\"ltr\" role=\"presentation\">(gegen Erwachsene) sollten bis zum 22. Februar 2023, ebenfalls auf <\/span><span dir=\"ltr\" role=\"presentation\">dem entsprechenden Bewerbungsformular an: Stadt Schwabach, Einwohner- <\/span><span dir=\"ltr\" role=\"presentation\">und Meldeamt, N\u00f6rdliche Ringstra\u00dfe 2 a-c, 91126 Schwabach, E-Mail: <\/span><\/span><span id=\"page1R_mcid15\" class=\"markedContent\"><a href=\"mailto:wahlamt@schwabach.de\" target=\"_blank\" rel=\"noopener\"><span dir=\"ltr\" role=\"presentation\">wahlamt@schwabach.de<\/span><\/a><\/span><span id=\"page1R_mcid20\" class=\"markedContent\"><span dir=\"ltr\" role=\"presentation\">, Telefon 09122 860-129, gerichtet werden.\u00a0<\/span><\/span><\/span><\/p>\t\t\t\t\t\t<\/div>\n\t\t\t\t<\/div>\n\t\t\t\t<div class=\"elementor-element elementor-element-6c3f9de elementor-widget elementor-widget-shortcode\" data-id=\"6c3f9de\" data-element_type=\"widget\" data-widget_type=\"shortcode.default\">\n\t\t\t\t<div class=\"elementor-widget-container\">\n\t\t\t\t\t<div class=\"elementor-shortcode\"><center><a href=\"https:\/\/a.partner-versicherung.de\/click.php?partner_id=19992&ad_id=441&deep=kfz-versicherung\"  target=\"_blank\"><img decoding=\"async\" src=\"https:\/\/a.partner-versicherung.de\/view.php?partner_id=19992&ad_id=441\" ><\/a><\/center><\/div>\n\t\t\t\t<\/div>\n\t\t\t\t<\/div>\n\t\t\t\t<div class=\"elementor-element elementor-element-ace1283 elementor-widget-divider--view-line elementor-widget elementor-widget-divider\" data-id=\"ace1283\" data-element_type=\"widget\" data-widget_type=\"divider.default\">\n\t\t\t\t<div class=\"elementor-widget-container\">\n\t\t\t\t\t<div class=\"elementor-divider\">\n\t\t\t<span class=\"elementor-divider-separator\">\n\t\t\t\t\t\t<\/span>\n\t\t<\/div>\n\t\t\t\t<\/div>\n\t\t\t\t<\/div>\n\t\t\t\t<div class=\"elementor-element elementor-element-ac34ac3 elementor-widget elementor-widget-google_maps\" data-id=\"ac34ac3\" data-element_type=\"widget\" data-widget_type=\"google_maps.default\">\n\t\t\t\t<div class=\"elementor-widget-container\">\n\t\t\t\t\t<div class=\"elementor-custom-embed\">\n\t\t\t<iframe loading=\"lazy\"\n\t\t\t\t\tsrc=\"https:\/\/maps.google.com\/maps?q=K%C3%B6nigsplatz%201%2C%20Schwabach%2C%20Deutschland&#038;t=m&#038;z=17&#038;output=embed&#038;iwloc=near\"\n\t\t\t\t\ttitle=\"K\u00f6nigsplatz 1, Schwabach, Deutschland\"\n\t\t\t\t\taria-label=\"K\u00f6nigsplatz 1, Schwabach, Deutschland\"\n\t\t\t><\/iframe>\n\t\t<\/div>\n\t\t\t\t<\/div>\n\t\t\t\t<\/div>\n\t\t\t\t\t<\/div>\n\t\t<\/div>\n\t\t\t\t<div class=\"elementor-column elementor-col-50 elementor-top-column elementor-element elementor-element-4ce46fb\" data-id=\"4ce46fb\" data-element_type=\"column\">\n\t\t\t<div class=\"elementor-widget-wrap elementor-element-populated\">\n\t\t\t\t\t\t<div class=\"elementor-element elementor-element-38f4e35 elementor-widget elementor-widget-heading\" data-id=\"38f4e35\" data-element_type=\"widget\" data-widget_type=\"heading.default\">\n\t\t\t\t<div class=\"elementor-widget-container\">\n\t\t\t<h3 class=\"elementor-heading-title elementor-size-default\">Schnell vergleichen und sparen!<\/h3>\t\t<\/div>\n\t\t\t\t<\/div>\n\t\t\t\t<div class=\"elementor-element elementor-element-92c49bc elementor-widget elementor-widget-wp-widget-advads_ad_widget\" data-id=\"92c49bc\" data-element_type=\"widget\" data-widget_type=\"wp-widget-advads_ad_widget.default\">\n\t\t\t\t<div class=\"elementor-widget-container\">\n\t\t\t<div id=\"regio-2170083771\"><div class=\"regio-adlabel\">Werbung<\/div><!-- Beginn https:\/\/www.financeads.net\/-Code --><a href=\"https:\/\/www.financeads.net\/tc.php?t=36648C236142529B\" target=\"_blank\"><img fetchpriority=\"high\" decoding=\"async\" src=\"https:\/\/www.financeads.net\/tb.php?t=36648V236142529B&https=1\" alt=\"\" border=\"0\" width=\"300\" height=\"250\"><\/a><!-- Ende https:\/\/www.financeads.net\/-Code --><\/div>\t\t<\/div>\n\t\t\t\t<\/div>\n\t\t\t\t<div class=\"elementor-element elementor-element-cb0c78c elementor-widget elementor-widget-wp-widget-advads_ad_widget\" data-id=\"cb0c78c\" data-element_type=\"widget\" data-widget_type=\"wp-widget-advads_ad_widget.default\">\n\t\t\t\t<div class=\"elementor-widget-container\">\n\t\t\t<div id=\"regio-1470115742\"><div class=\"regio-adlabel\">Werbung<\/div><!-- Beginn https:\/\/www.financeads.net\/-Code --><a href=\"https:\/\/www.financeads.net\/tc.php?t=36648C42614510B\" target=\"_blank\"><img decoding=\"async\" src=\"https:\/\/www.financeads.net\/tb.php?t=36648V42614510B&https=1\" alt=\"\" border=\"0\" width=\"200\" height=\"300\"><\/a><!-- Ende https:\/\/www.financeads.net\/-Code --><\/div>\t\t<\/div>\n\t\t\t\t<\/div>\n\t\t\t\t<div class=\"elementor-element elementor-element-31c9ced elementor-widget elementor-widget-wp-widget-advads_ad_widget\" data-id=\"31c9ced\" data-element_type=\"widget\" data-widget_type=\"wp-widget-advads_ad_widget.default\">\n\t\t\t\t<div class=\"elementor-widget-container\">\n\t\t\t<div id=\"regio-3235552594\"><div class=\"regio-adlabel\">Werbung<\/div><!-- Beginn https:\/\/www.financeads.net\/-Code --><a href=\"https:\/\/www.financeads.net\/tc.php?t=36648C205040072B\" target=\"_blank\"><img decoding=\"async\" src=\"https:\/\/www.financeads.net\/tb.php?t=36648V205040072B&https=1\" alt=\"\" border=\"0\" width=\"300\" height=\"250\"><\/a><!-- Ende https:\/\/www.financeads.net\/-Code --><\/div>\t\t<\/div>\n\t\t\t\t<\/div>\n\t\t\t\t<div class=\"elementor-element elementor-element-0344b9f elementor-widget elementor-widget-wp-widget-advads_ad_widget\" data-id=\"0344b9f\" data-element_type=\"widget\" data-widget_type=\"wp-widget-advads_ad_widget.default\">\n\t\t\t\t<div class=\"elementor-widget-container\">\n\t\t\t<div id=\"regio-3354127280\"><div class=\"regio-adlabel\">Werbung<\/div><!-- Beginn https:\/\/www.financeads.net\/-Code --><a href=\"https:\/\/www.financeads.net\/tc.php?t=36648C271460142B\" target=\"_blank\"><img loading=\"lazy\" decoding=\"async\" src=\"https:\/\/www.financeads.net\/tb.php?t=36648V271460142B&https=1\" alt=\"PETPROTECT_Hund&Katze_Banner\" border=\"0\" width=\"250\" height=\"250\"><\/a><!-- Ende https:\/\/www.financeads.net\/-Code --><\/div>\t\t<\/div>\n\t\t\t\t<\/div>\n\t\t\t\t\t<\/div>\n\t\t<\/div>\n\t\t\t\t\t<\/div>\n\t\t<\/section>\n\t\t\t\t<\/div>\n\t\t","protected":false},"excerpt":{"rendered":"<div class=\"mh-excerpt\"><p>Bis 16. bzw. 22. Februar 2023 bewerben:Sch\u00f6ffen und Jugendsch\u00f6ffen gesucht\u00a0 Schwabach &#8211; Im Jahr 2023 werden bundesweit die Sch\u00f6ffinnen und Sch\u00f6ffen sowie Jugendsch\u00f6ffinnen und -sch\u00f6ffen f\u00fcr die Amtszeit von 2024 bis 2028 gew\u00e4hlt. Gesucht werden <a class=\"mh-excerpt-more\" href=\"https:\/\/www.region-schwabach.de\/wordpress\/jugend-schoffe-oder-schoffin-ab-2024-werden\/\" title=\"(Jugend-)Sch\u00f6ffe oder Sch\u00f6ffin ab 2024 werden\">[&#8230;]<\/a><\/p>\n<\/div>","protected":false},"author":1,"featured_media":195510,"comment_status":"open","ping_status":"open","sticky":false,"template":"","format":"standard","meta":{"_cbd_carousel_blocks":"[]","footnotes":""},"categories":[16,287,79,4306,61,231],"tags":[21666,21665,21307,21373,532,20568,20567,20571,20569,20574,20570,19,3012,64],"class_list":{"0":"post-195508","1":"post","2":"type-post","3":"status-publish","4":"format-standard","5":"has-post-thumbnail","7":"category-aktuell","8":"category-jugend-und-familie","9":"category-politik","10":"category-ratgeber","11":"category-rathaus","12":"category-veranstaltungsnews","13":"tag-16-februar-2023","14":"tag-16-02-2023","15":"tag-21307","16":"tag-21373","17":"tag-bewerbung","18":"tag-pflichten","19":"tag-rechte","20":"tag-schoeffinnenwahl","21":"tag-schoeffen","22":"tag-schoeffenverband-bayern","23":"tag-schoeffinnen","24":"tag-schwabach","25":"tag-stadt","26":"tag-wahl"},"_links":{"self":[{"href":"https:\/\/www.region-schwabach.de\/wordpress\/wp-json\/wp\/v2\/posts\/195508","targetHints":{"allow":["GET"]}}],"collection":[{"href":"https:\/\/www.region-schwabach.de\/wordpress\/wp-json\/wp\/v2\/posts"}],"about":[{"href":"https:\/\/www.region-schwabach.de\/wordpress\/wp-json\/wp\/v2\/types\/post"}],"author":[{"embeddable":true,"href":"https:\/\/www.region-schwabach.de\/wordpress\/wp-json\/wp\/v2\/users\/1"}],"replies":[{"embeddable":true,"href":"https:\/\/www.region-schwabach.de\/wordpress\/wp-json\/wp\/v2\/comments?post=195508"}],"version-history":[{"count":0,"href":"https:\/\/www.region-schwabach.de\/wordpress\/wp-json\/wp\/v2\/posts\/195508\/revisions"}],"wp:featuredmedia":[{"embeddable":true,"href":"https:\/\/www.region-schwabach.de\/wordpress\/wp-json\/wp\/v2\/media\/195510"}],"wp:attachment":[{"href":"https:\/\/www.region-schwabach.de\/wordpress\/wp-json\/wp\/v2\/media?parent=195508"}],"wp:term":[{"taxonomy":"category","embeddable":true,"href":"https:\/\/www.region-schwabach.de\/wordpress\/wp-json\/wp\/v2\/categories?post=195508"},{"taxonomy":"post_tag","embeddable":true,"href":"https:\/\/www.region-schwabach.de\/wordpress\/wp-json\/wp\/v2\/tags?post=195508"}],"curies":[{"name":"wp","href":"https:\/\/api.w.org\/{rel}","templated":true}]}}