{"id":195700,"date":"2023-02-16T01:00:00","date_gmt":"2023-02-16T00:00:00","guid":{"rendered":"https:\/\/www.region-schwabach.de\/wordpress\/?p=195700"},"modified":"2023-02-15T23:32:52","modified_gmt":"2023-02-15T22:32:52","slug":"warnstreiks-in-schwabacher-kitas-am-donnerstag-den-16-februar-2023-stadtverwaltung-richtet-notbetreuung-ein","status":"publish","type":"post","link":"https:\/\/www.region-schwabach.de\/wordpress\/warnstreiks-in-schwabacher-kitas-am-donnerstag-den-16-februar-2023-stadtverwaltung-richtet-notbetreuung-ein\/","title":{"rendered":"Warnstreiks in Schwabacher Kitas am Donnerstag, den 16. Februar 2023 &#8211; Stadtverwaltung richtet Notbetreuung ein"},"content":{"rendered":"\t\t<div data-elementor-type=\"wp-post\" data-elementor-id=\"195700\" class=\"elementor elementor-195700\">\n\t\t\t\t\t\t<section class=\"elementor-section elementor-top-section elementor-element elementor-element-1cuv9jr elementor-section-boxed elementor-section-height-default elementor-section-height-default\" data-id=\"1cuv9jr\" data-element_type=\"section\">\n\t\t\t\t\t\t<div class=\"elementor-container elementor-column-gap-default\">\n\t\t\t\t\t<div class=\"elementor-column elementor-col-66 elementor-top-column elementor-element elementor-element-q5zak7b\" data-id=\"q5zak7b\" data-element_type=\"column\">\n\t\t\t<div class=\"elementor-widget-wrap elementor-element-populated\">\n\t\t\t\t\t\t<div class=\"elementor-element elementor-element-119837c elementor-widget elementor-widget-wp-widget-advads_ad_widget\" data-id=\"119837c\" data-element_type=\"widget\" data-widget_type=\"wp-widget-advads_ad_widget.default\">\n\t\t\t\t<div class=\"elementor-widget-container\">\n\t\t\t<div id=\"regio-3680033095\"><div class=\"regio-adlabel\">Werbung<\/div><center><a href=\"https:\/\/a.partner-versicherung.de\/click.php?partner_id=19992&ad_id=1578&deep=kreditkarten\"  target=\"_blank\"><img decoding=\"async\" src=\"https:\/\/a.partner-versicherung.de\/view.php?partner_id=19992&ad_id=1578\" ><\/a><\/center><\/div>\t\t<\/div>\n\t\t\t\t<\/div>\n\t\t\t\t<div class=\"elementor-element elementor-element-86qws23 elementor-widget elementor-widget-text-editor\" data-id=\"86qws23\" data-element_type=\"widget\" data-widget_type=\"text-editor.default\">\n\t\t\t\t<div class=\"elementor-widget-container\">\n\t\t\t\t\t\t\t<h3>F\u00fcr Donnerstag, den 16. Februar 2023, sind Warnstreiks der Besch\u00e4ftigten der Kitas und sozialen Dienste angek\u00fcndigt<\/h3><p><span style=\"font-size: 12pt;\">Schwabach &#8211; Aufgrund des Streikaufrufs f\u00fcr Donnerstag, 16. Februar, f\u00fcr die Besch\u00e4ftigten im \u00f6ffentlichen Dienst kommt es auch in den st\u00e4dtischen Kindertageseinrichtungen zu einem Warnstreik. Alle Eltern werden gebeten, f\u00fcr eine alternative Betreuungsm\u00f6glichkeit zu sorgen. F\u00fcr famili\u00e4re Notlagen wird wie folgt eine Notbetreuung eingerichtet:\u00a0<\/span><\/p><ul style=\"list-style-type: disc;\"><li><span style=\"font-size: 12pt;\">Haus f\u00fcr Kinder Altstadt: keine Notbetreuung m\u00f6glich\u00a0<\/span><\/li><li><span style=\"font-size: 12pt;\">Kindergarten Forsthof: verk\u00fcrzte \u00d6ffnungszeit bis 13.00 Uhr\u00a0<\/span><\/li><li><span style=\"font-size: 12pt;\">Anne-Frank-Kindergarten: Notdienst von 8.00 bis 15.00 Uhr\u00a0<\/span><\/li><li><span style=\"font-size: 12pt;\">Waldemar-Bergner-Kindertagesst\u00e4tte: Notdienst in Kindergarten und Krippe (Kindergarten von 8.00 bis 14.00 Uhr, Krippe von 7.30 Uhr bis 12.00 Uhr)<\/span><\/li><\/ul><p><span style=\"font-size: 12pt;\">Ab Freitag, den 17. Februar, sind alle Kitas voraussichtlich wieder im regul\u00e4ren Betrieb ge\u00f6ffnet.\u00a0<\/span><\/p>\t\t\t\t\t\t<\/div>\n\t\t\t\t<\/div>\n\t\t\t\t<div class=\"elementor-element elementor-element-6587193 elementor-widget elementor-widget-shortcode\" data-id=\"6587193\" data-element_type=\"widget\" data-widget_type=\"shortcode.default\">\n\t\t\t\t<div class=\"elementor-widget-container\">\n\t\t\t\t\t<div class=\"elementor-shortcode\"><center><a href=\"https:\/\/a.partner-versicherung.de\/click.php?partner_id=19992&ad_id=441&deep=kfz-versicherung\"  target=\"_blank\"><img decoding=\"async\" src=\"https:\/\/a.partner-versicherung.de\/view.php?partner_id=19992&ad_id=441\" ><\/a><\/center><\/div>\n\t\t\t\t<\/div>\n\t\t\t\t<\/div>\n\t\t\t\t<div class=\"elementor-element elementor-element-1l7zbzo elementor-widget elementor-widget-google_maps\" data-id=\"1l7zbzo\" data-element_type=\"widget\" data-widget_type=\"google_maps.default\">\n\t\t\t\t<div class=\"elementor-widget-container\">\n\t\t\t\t\t<div class=\"elementor-custom-embed\">\n\t\t\t<iframe loading=\"lazy\"\n\t\t\t\t\tsrc=\"https:\/\/maps.google.com\/maps?q=Schwabach%2C%20Deutschland&#038;t=m&#038;z=15&#038;output=embed&#038;iwloc=near\"\n\t\t\t\t\ttitle=\"Schwabach, Deutschland\"\n\t\t\t\t\taria-label=\"Schwabach, Deutschland\"\n\t\t\t><\/iframe>\n\t\t<\/div>\n\t\t\t\t<\/div>\n\t\t\t\t<\/div>\n\t\t\t\t\t<\/div>\n\t\t<\/div>\n\t\t\t\t<div class=\"elementor-column elementor-col-33 elementor-top-column elementor-element elementor-element-0w0urt1\" data-id=\"0w0urt1\" data-element_type=\"column\">\n\t\t\t<div class=\"elementor-widget-wrap elementor-element-populated\">\n\t\t\t\t\t\t<div class=\"elementor-element elementor-element-ae00abe elementor-widget elementor-widget-heading\" data-id=\"ae00abe\" data-element_type=\"widget\" data-widget_type=\"heading.default\">\n\t\t\t\t<div class=\"elementor-widget-container\">\n\t\t\t<h3 class=\"elementor-heading-title elementor-size-default\">Schnell vergleichen und sparen!<\/h3>\t\t<\/div>\n\t\t\t\t<\/div>\n\t\t\t\t<div class=\"elementor-element elementor-element-ad159b7 elementor-widget elementor-widget-wp-widget-advads_ad_widget\" data-id=\"ad159b7\" data-element_type=\"widget\" data-widget_type=\"wp-widget-advads_ad_widget.default\">\n\t\t\t\t<div class=\"elementor-widget-container\">\n\t\t\t<div id=\"regio-1122538311\"><div class=\"regio-adlabel\">Werbung<\/div><!-- Beginn https:\/\/www.financeads.net\/-Code --><a href=\"https:\/\/www.financeads.net\/tc.php?t=36648C236142529B\" target=\"_blank\"><img fetchpriority=\"high\" decoding=\"async\" src=\"https:\/\/www.financeads.net\/tb.php?t=36648V236142529B&https=1\" alt=\"\" border=\"0\" width=\"300\" height=\"250\"><\/a><!-- Ende https:\/\/www.financeads.net\/-Code --><\/div>\t\t<\/div>\n\t\t\t\t<\/div>\n\t\t\t\t<div class=\"elementor-element elementor-element-528dcf7 elementor-widget elementor-widget-wp-widget-advads_ad_widget\" data-id=\"528dcf7\" data-element_type=\"widget\" data-widget_type=\"wp-widget-advads_ad_widget.default\">\n\t\t\t\t<div class=\"elementor-widget-container\">\n\t\t\t<div id=\"regio-15631019\"><div class=\"regio-adlabel\">Werbung<\/div><!-- Beginn https:\/\/www.financeads.net\/-Code --><a href=\"https:\/\/www.financeads.net\/tc.php?t=36648C42614510B\" target=\"_blank\"><img decoding=\"async\" src=\"https:\/\/www.financeads.net\/tb.php?t=36648V42614510B&https=1\" alt=\"\" border=\"0\" width=\"200\" height=\"300\"><\/a><!-- Ende https:\/\/www.financeads.net\/-Code --><\/div>\t\t<\/div>\n\t\t\t\t<\/div>\n\t\t\t\t<div class=\"elementor-element elementor-element-3bc4796 elementor-widget elementor-widget-wp-widget-advads_ad_widget\" data-id=\"3bc4796\" data-element_type=\"widget\" data-widget_type=\"wp-widget-advads_ad_widget.default\">\n\t\t\t\t<div class=\"elementor-widget-container\">\n\t\t\t<div id=\"regio-3327685941\"><div class=\"regio-adlabel\">Werbung<\/div><!-- Beginn https:\/\/www.financeads.net\/-Code --><a href=\"https:\/\/www.financeads.net\/tc.php?t=36648C271460142B\" target=\"_blank\"><img decoding=\"async\" src=\"https:\/\/www.financeads.net\/tb.php?t=36648V271460142B&https=1\" alt=\"PETPROTECT_Hund&Katze_Banner\" border=\"0\" width=\"250\" height=\"250\"><\/a><!-- Ende https:\/\/www.financeads.net\/-Code --><\/div>\t\t<\/div>\n\t\t\t\t<\/div>\n\t\t\t\t<div class=\"elementor-element elementor-element-7a85043 elementor-widget elementor-widget-wp-widget-advads_ad_widget\" data-id=\"7a85043\" data-element_type=\"widget\" data-widget_type=\"wp-widget-advads_ad_widget.default\">\n\t\t\t\t<div class=\"elementor-widget-container\">\n\t\t\t<div id=\"regio-1939477591\"><div class=\"regio-adlabel\">Werbung<\/div><!-- Beginn https:\/\/www.financeads.net\/-Code --><a href=\"https:\/\/www.financeads.net\/tc.php?t=36648C205040072B\" target=\"_blank\"><img loading=\"lazy\" decoding=\"async\" src=\"https:\/\/www.financeads.net\/tb.php?t=36648V205040072B&https=1\" alt=\"\" border=\"0\" width=\"300\" height=\"250\"><\/a><!-- Ende https:\/\/www.financeads.net\/-Code --><\/div>\t\t<\/div>\n\t\t\t\t<\/div>\n\t\t\t\t\t<\/div>\n\t\t<\/div>\n\t\t\t\t\t<\/div>\n\t\t<\/section>\n\t\t\t\t<\/div>\n\t\t","protected":false},"excerpt":{"rendered":"<div class=\"mh-excerpt\"><p>F\u00fcr Donnerstag, den 16. Februar 2023, sind Warnstreiks der Besch\u00e4ftigten der Kitas und sozialen Dienste angek\u00fcndigt Schwabach &#8211; Aufgrund des Streikaufrufs f\u00fcr Donnerstag, 16. Februar, f\u00fcr die Besch\u00e4ftigten im \u00f6ffentlichen Dienst kommt es auch in <a class=\"mh-excerpt-more\" href=\"https:\/\/www.region-schwabach.de\/wordpress\/warnstreiks-in-schwabacher-kitas-am-donnerstag-den-16-februar-2023-stadtverwaltung-richtet-notbetreuung-ein\/\" title=\"Warnstreiks in Schwabacher Kitas am Donnerstag, den 16. Februar 2023 &#8211; Stadtverwaltung richtet Notbetreuung ein\">[&#8230;]<\/a><\/p>\n<\/div>","protected":false},"author":1,"featured_media":195701,"comment_status":"open","ping_status":"open","sticky":false,"template":"","format":"standard","meta":{"_cbd_carousel_blocks":"[]","footnotes":""},"categories":[16,1,287,13,79,61,46],"tags":[21666,18539,7115,7118,3494,522,15141,1480,19,18536,72,2176,2180,12649,3493],"class_list":{"0":"post-195700","1":"post","2":"type-post","3":"status-publish","4":"format-standard","5":"has-post-thumbnail","7":"category-aktuell","8":"category-allgemein","9":"category-jugend-und-familie","10":"category-nachrichten","11":"category-politik","12":"category-rathaus","13":"category-verbaende","14":"tag-16-februar-2023","15":"tag-altstadt-haus-der-kinder","16":"tag-anne-frank-kindergarten","17":"tag-kindergarten-forsthof","18":"tag-kindertagesstaetten","19":"tag-koenigsplatz","20":"tag-notbetreuung","21":"tag-rathaus","22":"tag-schwabach","23":"tag-soziale-dienste","24":"tag-stadtverwaltung","25":"tag-streik","26":"tag-tarifverhandlungen","27":"tag-waldemar-bergner-kindergarten","28":"tag-warnstreik"},"_links":{"self":[{"href":"https:\/\/www.region-schwabach.de\/wordpress\/wp-json\/wp\/v2\/posts\/195700","targetHints":{"allow":["GET"]}}],"collection":[{"href":"https:\/\/www.region-schwabach.de\/wordpress\/wp-json\/wp\/v2\/posts"}],"about":[{"href":"https:\/\/www.region-schwabach.de\/wordpress\/wp-json\/wp\/v2\/types\/post"}],"author":[{"embeddable":true,"href":"https:\/\/www.region-schwabach.de\/wordpress\/wp-json\/wp\/v2\/users\/1"}],"replies":[{"embeddable":true,"href":"https:\/\/www.region-schwabach.de\/wordpress\/wp-json\/wp\/v2\/comments?post=195700"}],"version-history":[{"count":0,"href":"https:\/\/www.region-schwabach.de\/wordpress\/wp-json\/wp\/v2\/posts\/195700\/revisions"}],"wp:featuredmedia":[{"embeddable":true,"href":"https:\/\/www.region-schwabach.de\/wordpress\/wp-json\/wp\/v2\/media\/195701"}],"wp:attachment":[{"href":"https:\/\/www.region-schwabach.de\/wordpress\/wp-json\/wp\/v2\/media?parent=195700"}],"wp:term":[{"taxonomy":"category","embeddable":true,"href":"https:\/\/www.region-schwabach.de\/wordpress\/wp-json\/wp\/v2\/categories?post=195700"},{"taxonomy":"post_tag","embeddable":true,"href":"https:\/\/www.region-schwabach.de\/wordpress\/wp-json\/wp\/v2\/tags?post=195700"}],"curies":[{"name":"wp","href":"https:\/\/api.w.org\/{rel}","templated":true}]}}