{"id":195812,"date":"2023-02-17T01:15:00","date_gmt":"2023-02-17T00:15:00","guid":{"rendered":"https:\/\/www.region-schwabach.de\/wordpress\/?p=195812"},"modified":"2023-02-16T22:52:22","modified_gmt":"2023-02-16T21:52:22","slug":"konzert-der-schlagzeugklasse-der-adolph-von-henselt-musikschule-am-17-februar-2023","status":"publish","type":"post","link":"https:\/\/www.region-schwabach.de\/wordpress\/konzert-der-schlagzeugklasse-der-adolph-von-henselt-musikschule-am-17-februar-2023\/","title":{"rendered":"Konzert der Schlagzeugklasse der Adolph von Henselt-Musikschule am 17. Februar 2023"},"content":{"rendered":"\t\t<div data-elementor-type=\"wp-post\" data-elementor-id=\"195812\" class=\"elementor elementor-195812\">\n\t\t\t\t\t\t<section class=\"elementor-section elementor-top-section elementor-element elementor-element-678181b elementor-section-boxed elementor-section-height-default elementor-section-height-default\" data-id=\"678181b\" data-element_type=\"section\">\n\t\t\t\t\t\t<div class=\"elementor-container elementor-column-gap-default\">\n\t\t\t\t\t<div class=\"elementor-column elementor-col-50 elementor-top-column elementor-element elementor-element-6b34026\" data-id=\"6b34026\" data-element_type=\"column\">\n\t\t\t<div class=\"elementor-widget-wrap elementor-element-populated\">\n\t\t\t\t\t\t<div class=\"elementor-element elementor-element-5d1b797 elementor-widget elementor-widget-wp-widget-advads_ad_widget\" data-id=\"5d1b797\" data-element_type=\"widget\" data-widget_type=\"wp-widget-advads_ad_widget.default\">\n\t\t\t\t<div class=\"elementor-widget-container\">\n\t\t\t<div id=\"regio-2202483777\"><div class=\"regio-adlabel\">Werbung<\/div><center><a href=\"https:\/\/a.partner-versicherung.de\/click.php?partner_id=19992&ad_id=1578&deep=kreditkarten\"  target=\"_blank\"><img decoding=\"async\" src=\"https:\/\/a.partner-versicherung.de\/view.php?partner_id=19992&ad_id=1578\" ><\/a><\/center><\/div>\t\t<\/div>\n\t\t\t\t<\/div>\n\t\t\t\t<div class=\"elementor-element elementor-element-443ab98 elementor-widget elementor-widget-text-editor\" data-id=\"443ab98\" data-element_type=\"widget\" data-widget_type=\"text-editor.default\">\n\t\t\t\t<div class=\"elementor-widget-container\">\n\t\t\t\t\t\t\t<h3>Freitag, den 16. Februar 2023, um 16.30 Uhr im AWO-Saal:\u00a0<br \/><b>Schlagzeugkonzert der Adolph von Henselt-Musikschule\u00a0<\/b><\/h3><p><span style=\"font-size: 12pt;\">Schwabach &#8211; Am Freitag, den 17. Februar 2023, findet im AWO-Saal in der Seminarstra\u00dfe 2 in Schwabach, um 16.30 Uhr ein Schlagzeugkonzert von Sch\u00fclerinnen und Sch\u00fclern der Adolph von Henselt-Musikschule statt.<\/span><\/p><p><span style=\"font-size: 12pt;\">Wild und laut, aber mit viel Gef\u00fchl zeigen die Sch\u00fclerinnen und Sch\u00fcler der Schlagzeugklasse der Adolph von Henselt-Musikschule Schwabach, was sie an den unterschiedlichsten Schlagwerkinstrumenten und in verschiedenen Besetzungen zu bieten haben. Mit dabei sind auch Teilnehmer am diesj\u00e4hrigen Jugend Musiziert-Wettbewerb. Spa\u00df am Spielen steht dabei an erster Stelle!\u00a0<\/span><\/p><p>Der Eintritt ist frei.\u00a0<\/p><h3>Weiterf\u00fchrende Links:\u00a0<\/h3><p><span style=\"font-size: 12pt;\"><a href=\"https:\/\/www.schwabach.de\/de\/kulturportal-musikschule\/musikschule.html\" target=\"_blank\" rel=\"noopener\">Zur Homepage der Adolph-von-Henselt-Musikschule geht es hier &#8230;<\/a><\/span><\/p>\t\t\t\t\t\t<\/div>\n\t\t\t\t<\/div>\n\t\t\t\t<div class=\"elementor-element elementor-element-2c99766 elementor-widget elementor-widget-google_maps\" data-id=\"2c99766\" data-element_type=\"widget\" data-widget_type=\"google_maps.default\">\n\t\t\t\t<div class=\"elementor-widget-container\">\n\t\t\t\t\t<div class=\"elementor-custom-embed\">\n\t\t\t<iframe loading=\"lazy\"\n\t\t\t\t\tsrc=\"https:\/\/maps.google.com\/maps?q=Seminarstra%C3%9Fe%202%2C%20Schwabach%2C%20Deutschland&#038;t=m&#038;z=18&#038;output=embed&#038;iwloc=near\"\n\t\t\t\t\ttitle=\"Seminarstra\u00dfe 2, Schwabach, Deutschland\"\n\t\t\t\t\taria-label=\"Seminarstra\u00dfe 2, Schwabach, Deutschland\"\n\t\t\t><\/iframe>\n\t\t<\/div>\n\t\t\t\t<\/div>\n\t\t\t\t<\/div>\n\t\t\t\t\t<\/div>\n\t\t<\/div>\n\t\t\t\t<div class=\"elementor-column elementor-col-50 elementor-top-column elementor-element elementor-element-769a326\" data-id=\"769a326\" data-element_type=\"column\">\n\t\t\t<div class=\"elementor-widget-wrap elementor-element-populated\">\n\t\t\t\t\t\t<div class=\"elementor-element elementor-element-0a9e78c elementor-widget elementor-widget-heading\" data-id=\"0a9e78c\" data-element_type=\"widget\" data-widget_type=\"heading.default\">\n\t\t\t\t<div class=\"elementor-widget-container\">\n\t\t\t<h3 class=\"elementor-heading-title elementor-size-default\">Schnell vergleichen und sparen!<\/h3>\t\t<\/div>\n\t\t\t\t<\/div>\n\t\t\t\t<div class=\"elementor-element elementor-element-629e443 elementor-widget elementor-widget-wp-widget-advads_ad_widget\" data-id=\"629e443\" data-element_type=\"widget\" data-widget_type=\"wp-widget-advads_ad_widget.default\">\n\t\t\t\t<div class=\"elementor-widget-container\">\n\t\t\t<div id=\"regio-1060363203\"><div class=\"regio-adlabel\">Werbung<\/div><!-- Beginn https:\/\/www.financeads.net\/-Code --><a href=\"https:\/\/www.financeads.net\/tc.php?t=36648C236142529B\" target=\"_blank\"><img fetchpriority=\"high\" decoding=\"async\" src=\"https:\/\/www.financeads.net\/tb.php?t=36648V236142529B&https=1\" alt=\"\" border=\"0\" width=\"300\" height=\"250\"><\/a><!-- Ende https:\/\/www.financeads.net\/-Code --><\/div>\t\t<\/div>\n\t\t\t\t<\/div>\n\t\t\t\t<div class=\"elementor-element elementor-element-31f77ab elementor-widget elementor-widget-wp-widget-advads_ad_widget\" data-id=\"31f77ab\" data-element_type=\"widget\" data-widget_type=\"wp-widget-advads_ad_widget.default\">\n\t\t\t\t<div class=\"elementor-widget-container\">\n\t\t\t<div id=\"regio-3800612329\"><div class=\"regio-adlabel\">Werbung<\/div><!-- Beginn https:\/\/www.financeads.net\/-Code --><a href=\"https:\/\/www.financeads.net\/tc.php?t=36648C42614510B\" target=\"_blank\"><img decoding=\"async\" src=\"https:\/\/www.financeads.net\/tb.php?t=36648V42614510B&https=1\" alt=\"\" border=\"0\" width=\"200\" height=\"300\"><\/a><!-- Ende https:\/\/www.financeads.net\/-Code --><\/div>\t\t<\/div>\n\t\t\t\t<\/div>\n\t\t\t\t<div class=\"elementor-element elementor-element-24f31c1 elementor-widget elementor-widget-wp-widget-advads_ad_widget\" data-id=\"24f31c1\" data-element_type=\"widget\" data-widget_type=\"wp-widget-advads_ad_widget.default\">\n\t\t\t\t<div class=\"elementor-widget-container\">\n\t\t\t<div id=\"regio-2293726418\"><div class=\"regio-adlabel\">Werbung<\/div><!-- Beginn https:\/\/www.financeads.net\/-Code --><a href=\"https:\/\/www.financeads.net\/tc.php?t=36648C205040072B\" target=\"_blank\"><img decoding=\"async\" src=\"https:\/\/www.financeads.net\/tb.php?t=36648V205040072B&https=1\" alt=\"\" border=\"0\" width=\"300\" height=\"250\"><\/a><!-- Ende https:\/\/www.financeads.net\/-Code --><\/div>\t\t<\/div>\n\t\t\t\t<\/div>\n\t\t\t\t<div class=\"elementor-element elementor-element-add57cc elementor-widget elementor-widget-wp-widget-advads_ad_widget\" data-id=\"add57cc\" data-element_type=\"widget\" data-widget_type=\"wp-widget-advads_ad_widget.default\">\n\t\t\t\t<div class=\"elementor-widget-container\">\n\t\t\t<div id=\"regio-4266712710\"><div class=\"regio-adlabel\">Werbung<\/div><!-- Beginn https:\/\/www.financeads.net\/-Code --><a href=\"https:\/\/www.financeads.net\/tc.php?t=36648C271460142B\" target=\"_blank\"><img loading=\"lazy\" decoding=\"async\" src=\"https:\/\/www.financeads.net\/tb.php?t=36648V271460142B&https=1\" alt=\"PETPROTECT_Hund&Katze_Banner\" border=\"0\" width=\"250\" height=\"250\"><\/a><!-- Ende https:\/\/www.financeads.net\/-Code --><\/div>\t\t<\/div>\n\t\t\t\t<\/div>\n\t\t\t\t\t<\/div>\n\t\t<\/div>\n\t\t\t\t\t<\/div>\n\t\t<\/section>\n\t\t\t\t<\/div>\n\t\t","protected":false},"excerpt":{"rendered":"<div class=\"mh-excerpt\"><p>Freitag, den 16. Februar 2023, um 16.30 Uhr im AWO-Saal:&nbsp; Schlagzeugkonzert der Adolph von Henselt-Musikschule&nbsp; Schwabach &#8211; Am Freitag, den 17. Februar 2023, findet im AWO-Saal in der Seminarstra\u00dfe 2 in Schwabach, um 16.30 Uhr <a class=\"mh-excerpt-more\" href=\"https:\/\/www.region-schwabach.de\/wordpress\/konzert-der-schlagzeugklasse-der-adolph-von-henselt-musikschule-am-17-februar-2023\/\" title=\"Konzert der Schlagzeugklasse der Adolph von Henselt-Musikschule am 17. Februar 2023\">[&#8230;]<\/a><\/p>\n<\/div>","protected":false},"author":1,"featured_media":195813,"comment_status":"open","ping_status":"open","sticky":false,"template":"","format":"standard","meta":{"_cbd_carousel_blocks":"[]","footnotes":""},"categories":[16,287,61,231,140],"tags":[21694,21693,4387,522,3128,3144,1480,21697,21696,4538,19,9450,3151],"class_list":{"0":"post-195812","1":"post","2":"type-post","3":"status-publish","4":"format-standard","5":"has-post-thumbnail","7":"category-aktuell","8":"category-jugend-und-familie","9":"category-rathaus","10":"category-veranstaltungsnews","11":"category-vereine","12":"tag-17-februar-2023","13":"tag-17-02-2023","14":"tag-adolph-von-henselt-musikschule","15":"tag-koenigsplatz","16":"tag-konzert","17":"tag-musikschule","18":"tag-rathaus","19":"tag-schlagzeugklasse","20":"tag-schlagzeugkonzert","21":"tag-schueler","22":"tag-schwabach","23":"tag-seminarstrasse","24":"tag-stadt-schwabach"},"_links":{"self":[{"href":"https:\/\/www.region-schwabach.de\/wordpress\/wp-json\/wp\/v2\/posts\/195812","targetHints":{"allow":["GET"]}}],"collection":[{"href":"https:\/\/www.region-schwabach.de\/wordpress\/wp-json\/wp\/v2\/posts"}],"about":[{"href":"https:\/\/www.region-schwabach.de\/wordpress\/wp-json\/wp\/v2\/types\/post"}],"author":[{"embeddable":true,"href":"https:\/\/www.region-schwabach.de\/wordpress\/wp-json\/wp\/v2\/users\/1"}],"replies":[{"embeddable":true,"href":"https:\/\/www.region-schwabach.de\/wordpress\/wp-json\/wp\/v2\/comments?post=195812"}],"version-history":[{"count":0,"href":"https:\/\/www.region-schwabach.de\/wordpress\/wp-json\/wp\/v2\/posts\/195812\/revisions"}],"wp:featuredmedia":[{"embeddable":true,"href":"https:\/\/www.region-schwabach.de\/wordpress\/wp-json\/wp\/v2\/media\/195813"}],"wp:attachment":[{"href":"https:\/\/www.region-schwabach.de\/wordpress\/wp-json\/wp\/v2\/media?parent=195812"}],"wp:term":[{"taxonomy":"category","embeddable":true,"href":"https:\/\/www.region-schwabach.de\/wordpress\/wp-json\/wp\/v2\/categories?post=195812"},{"taxonomy":"post_tag","embeddable":true,"href":"https:\/\/www.region-schwabach.de\/wordpress\/wp-json\/wp\/v2\/tags?post=195812"}],"curies":[{"name":"wp","href":"https:\/\/api.w.org\/{rel}","templated":true}]}}