{"id":195951,"date":"2023-02-18T01:15:00","date_gmt":"2023-02-18T00:15:00","guid":{"rendered":"https:\/\/www.region-schwabach.de\/wordpress\/?p=195951"},"modified":"2023-02-17T23:28:33","modified_gmt":"2023-02-17T22:28:33","slug":"ortung-13-jury-hat-die-teilnehmenden-kunstschaffenden-fur-den-sommer-ausgewahlt","status":"publish","type":"post","link":"https:\/\/www.region-schwabach.de\/wordpress\/ortung-13-jury-hat-die-teilnehmenden-kunstschaffenden-fur-den-sommer-ausgewahlt\/","title":{"rendered":"ortung 13-Jury hat die teilnehmenden Kunstschaffenden f\u00fcr den Sommer ausgew\u00e4hlt"},"content":{"rendered":"\t\t<div data-elementor-type=\"wp-post\" data-elementor-id=\"195951\" class=\"elementor elementor-195951\">\n\t\t\t\t\t\t<section class=\"elementor-section elementor-top-section elementor-element elementor-element-678181b elementor-section-boxed elementor-section-height-default elementor-section-height-default\" data-id=\"678181b\" data-element_type=\"section\">\n\t\t\t\t\t\t<div class=\"elementor-container elementor-column-gap-default\">\n\t\t\t\t\t<div class=\"elementor-column elementor-col-66 elementor-top-column elementor-element elementor-element-6b34026\" data-id=\"6b34026\" data-element_type=\"column\">\n\t\t\t<div class=\"elementor-widget-wrap elementor-element-populated\">\n\t\t\t\t\t\t<div class=\"elementor-element elementor-element-443ab98 elementor-widget elementor-widget-text-editor\" data-id=\"443ab98\" data-element_type=\"widget\" data-widget_type=\"text-editor.default\">\n\t\t\t\t<div class=\"elementor-widget-container\">\n\t\t\t\t\t\t\t<h3>Die ortung 13-Jury hat getagt:\u00a0<br \/>20 Teilnehmende ausgew\u00e4hlt\u00a0<\/h3><p><span style=\"font-size: 12pt;\">Schwabach &#8211; Aus insgesamt 360 Bewerbungen und nach \u00fcber zehnst\u00fcndiger Sitzung hat die ortung-Jury die Teilnehmenden f\u00fcr die Schwabacher Kunstbiennale im Sommer ausgew\u00e4hlt. Diese findet vom 5. bis 20. August statt.\u00a0<\/span><\/p><p><span style=\"font-size: 12pt;\">Eingereicht wurden Bewerbungen von Kunstschaffenden aus dem gesamten Bundesgebiet sowie aus 14 weiteren Nationen. Neben einer Vielzahl europ\u00e4ischer L\u00e4nder wie Italien, Frankreich, Ukraine, Litauen und etlichen mehr waren auch die USA und Japan vertreten, wodurch sich ein breites internationales Spektrum ergab. 20 Teilnehmende wurden ausgew\u00e4hlt.<br \/><\/span><\/p><p><span style=\"font-size: 12pt;\">Anfang M\u00e4rz werden die zwanzig K\u00fcnstlerinnen und K\u00fcnstler nun nach Schwabach eingeladen, um vor Ort ihre Ausstellungs-Orte f\u00fcr ortung 13 auszuw\u00e4hlen. Anschlie\u00dfend entwickeln sie ihre k\u00fcnstlerischen Konzeptideen, in denen ihr jeweiliger Raum und das Motto (\u201eIm Zeichen des Goldes\u201c) miteinander verwoben werden. <br \/><\/span><\/p><p><span style=\"font-size: 12pt;\">Weitere Informationen unter: <a href=\"http:\/\/www.schwabach.de\/ortung\" target=\"_blank\" rel=\"noopener\">www.schwabach.de\/ortung<\/a><br \/><\/span><\/p><p><strong><span style=\"font-size: 12pt;\">Foto: Frank Hegewald (K\u00fcnstlerbund Schwabach), Evelyn Grau-Karg (Stadtratspflegerin f\u00fcr Galerien und kulturelle Veranstaltungen), Barbara Leicht, Kulturamtsleiterin der Stadt Neumarkt, Manfred H\u00fcrlimann (K\u00fcnstlerbund Schwabach), Dr. Andrea Kluxen (Bezirksheimatpflegerin und Kulturdirektorin beim Bezirk Mittelfranken), Sandra Hoffmann-Rivero (Kulturamtsleiterin der Stadt Schwabach) und Alexander Schr\u00e4pler (Vorstand des Berufsverbands Bildender K\u00fcnstlerinnen und K\u00fcnstler N\u00fcrnberg) (von links) berieten \u00fcber zehn Stunden \u00fcber die eingereichten Werke.\u00a0<\/span><\/strong><\/p><h3>Weiterf\u00fchrende Links:<\/h3><p><span style=\"font-size: 12pt;\"><a href=\"https:\/\/www.schwabach.de\/de\/kulturamt\/infoseiten-kulturamt\/7314-ortung-schwabacher-kunsttage-im-zeichen-des-goldes.html\" target=\"_blank\" rel=\"noopener\">Zur Homepage von ortung 13 geht&#8217;s hier &#8230;\u00a0<\/a><\/span><\/p>\t\t\t\t\t\t<\/div>\n\t\t\t\t<\/div>\n\t\t\t\t<div class=\"elementor-element elementor-element-2ecaa32 elementor-widget elementor-widget-shortcode\" data-id=\"2ecaa32\" data-element_type=\"widget\" data-widget_type=\"shortcode.default\">\n\t\t\t\t<div class=\"elementor-widget-container\">\n\t\t\t\t\t<div class=\"elementor-shortcode\"><center><a href=\"https:\/\/a.partner-versicherung.de\/click.php?partner_id=19992&ad_id=441&deep=kfz-versicherung\"  target=\"_blank\"><img decoding=\"async\" src=\"https:\/\/a.partner-versicherung.de\/view.php?partner_id=19992&ad_id=441\" ><\/a><\/center><\/div>\n\t\t\t\t<\/div>\n\t\t\t\t<\/div>\n\t\t\t\t<div class=\"elementor-element elementor-element-0c834d7 elementor-widget-divider--view-line elementor-widget elementor-widget-divider\" data-id=\"0c834d7\" data-element_type=\"widget\" data-widget_type=\"divider.default\">\n\t\t\t\t<div class=\"elementor-widget-container\">\n\t\t\t\t\t<div class=\"elementor-divider\">\n\t\t\t<span class=\"elementor-divider-separator\">\n\t\t\t\t\t\t<\/span>\n\t\t<\/div>\n\t\t\t\t<\/div>\n\t\t\t\t<\/div>\n\t\t\t\t<div class=\"elementor-element elementor-element-325f51f elementor-widget elementor-widget-google_maps\" data-id=\"325f51f\" data-element_type=\"widget\" data-widget_type=\"google_maps.default\">\n\t\t\t\t<div class=\"elementor-widget-container\">\n\t\t\t\t\t<div class=\"elementor-custom-embed\">\n\t\t\t<iframe loading=\"lazy\"\n\t\t\t\t\tsrc=\"https:\/\/maps.google.com\/maps?q=Schwabach%2C%20Deutschland&#038;t=m&#038;z=14&#038;output=embed&#038;iwloc=near\"\n\t\t\t\t\ttitle=\"Schwabach, Deutschland\"\n\t\t\t\t\taria-label=\"Schwabach, Deutschland\"\n\t\t\t><\/iframe>\n\t\t<\/div>\n\t\t\t\t<\/div>\n\t\t\t\t<\/div>\n\t\t\t\t\t<\/div>\n\t\t<\/div>\n\t\t\t\t<div class=\"elementor-column elementor-col-33 elementor-top-column elementor-element elementor-element-f645137\" data-id=\"f645137\" data-element_type=\"column\">\n\t\t\t<div class=\"elementor-widget-wrap elementor-element-populated\">\n\t\t\t\t\t\t<div class=\"elementor-element elementor-element-27b2bef elementor-widget elementor-widget-heading\" data-id=\"27b2bef\" data-element_type=\"widget\" data-widget_type=\"heading.default\">\n\t\t\t\t<div class=\"elementor-widget-container\">\n\t\t\t<h3 class=\"elementor-heading-title elementor-size-default\">Schnell vergleichen und sparen!<\/h3>\t\t<\/div>\n\t\t\t\t<\/div>\n\t\t\t\t<div class=\"elementor-element elementor-element-0254e8e elementor-widget elementor-widget-wp-widget-advads_ad_widget\" data-id=\"0254e8e\" data-element_type=\"widget\" data-widget_type=\"wp-widget-advads_ad_widget.default\">\n\t\t\t\t<div class=\"elementor-widget-container\">\n\t\t\t<div id=\"regio-1890613456\"><div class=\"regio-adlabel\">Werbung<\/div><!-- Beginn https:\/\/www.financeads.net\/-Code --><a href=\"https:\/\/www.financeads.net\/tc.php?t=36648C236142529B\" target=\"_blank\"><img fetchpriority=\"high\" decoding=\"async\" src=\"https:\/\/www.financeads.net\/tb.php?t=36648V236142529B&https=1\" alt=\"\" border=\"0\" width=\"300\" height=\"250\"><\/a><!-- Ende https:\/\/www.financeads.net\/-Code --><\/div>\t\t<\/div>\n\t\t\t\t<\/div>\n\t\t\t\t<div class=\"elementor-element elementor-element-82aaa6c elementor-widget elementor-widget-wp-widget-advads_ad_widget\" data-id=\"82aaa6c\" data-element_type=\"widget\" data-widget_type=\"wp-widget-advads_ad_widget.default\">\n\t\t\t\t<div class=\"elementor-widget-container\">\n\t\t\t<div id=\"regio-797570067\"><div class=\"regio-adlabel\">Werbung<\/div><!-- Beginn https:\/\/www.financeads.net\/-Code --><a href=\"https:\/\/www.financeads.net\/tc.php?t=36648C42614510B\" target=\"_blank\"><img decoding=\"async\" src=\"https:\/\/www.financeads.net\/tb.php?t=36648V42614510B&https=1\" alt=\"\" border=\"0\" width=\"200\" height=\"300\"><\/a><!-- Ende https:\/\/www.financeads.net\/-Code --><\/div>\t\t<\/div>\n\t\t\t\t<\/div>\n\t\t\t\t<div class=\"elementor-element elementor-element-069b5ed elementor-widget elementor-widget-wp-widget-advads_ad_widget\" data-id=\"069b5ed\" data-element_type=\"widget\" data-widget_type=\"wp-widget-advads_ad_widget.default\">\n\t\t\t\t<div class=\"elementor-widget-container\">\n\t\t\t<div id=\"regio-113113662\"><div class=\"regio-adlabel\">Werbung<\/div><!-- Beginn https:\/\/www.financeads.net\/-Code --><a href=\"https:\/\/www.financeads.net\/tc.php?t=36648C205040072B\" target=\"_blank\"><img decoding=\"async\" src=\"https:\/\/www.financeads.net\/tb.php?t=36648V205040072B&https=1\" alt=\"\" border=\"0\" width=\"300\" height=\"250\"><\/a><!-- Ende https:\/\/www.financeads.net\/-Code --><\/div>\t\t<\/div>\n\t\t\t\t<\/div>\n\t\t\t\t<div class=\"elementor-element elementor-element-29c464b elementor-widget elementor-widget-wp-widget-advads_ad_widget\" data-id=\"29c464b\" data-element_type=\"widget\" data-widget_type=\"wp-widget-advads_ad_widget.default\">\n\t\t\t\t<div class=\"elementor-widget-container\">\n\t\t\t<div id=\"regio-1054006732\"><div class=\"regio-adlabel\">Werbung<\/div><!-- Beginn https:\/\/www.financeads.net\/-Code --><a href=\"https:\/\/www.financeads.net\/tc.php?t=36648C271460142B\" target=\"_blank\"><img loading=\"lazy\" decoding=\"async\" src=\"https:\/\/www.financeads.net\/tb.php?t=36648V271460142B&https=1\" alt=\"PETPROTECT_Hund&Katze_Banner\" border=\"0\" width=\"250\" height=\"250\"><\/a><!-- Ende https:\/\/www.financeads.net\/-Code --><\/div>\t\t<\/div>\n\t\t\t\t<\/div>\n\t\t\t\t\t<\/div>\n\t\t<\/div>\n\t\t\t\t\t<\/div>\n\t\t<\/section>\n\t\t\t\t<\/div>\n\t\t","protected":false},"excerpt":{"rendered":"<div class=\"mh-excerpt\"><p>Die ortung 13-Jury hat getagt:&nbsp; 20 Teilnehmende ausgew\u00e4hlt&nbsp; Schwabach &#8211; Aus insgesamt 360 Bewerbungen und nach \u00fcber zehnst\u00fcndiger Sitzung hat die ortung-Jury die Teilnehmenden f\u00fcr die Schwabacher Kunstbiennale im Sommer ausgew\u00e4hlt. Diese findet vom 5. <a class=\"mh-excerpt-more\" href=\"https:\/\/www.region-schwabach.de\/wordpress\/ortung-13-jury-hat-die-teilnehmenden-kunstschaffenden-fur-den-sommer-ausgewahlt\/\" title=\"ortung 13-Jury hat die teilnehmenden Kunstschaffenden f\u00fcr den Sommer ausgew\u00e4hlt\">[&#8230;]<\/a><\/p>\n<\/div>","protected":false},"author":1,"featured_media":195952,"comment_status":"open","ping_status":"open","sticky":false,"template":"","format":"standard","meta":{"_cbd_carousel_blocks":"[]","footnotes":""},"categories":[16,4321,287,61,204],"tags":[21474,21476,21475,6893,6894,1666,21312,6888,21710,21709,1480,6890,19,3151,16239,6892,6891],"class_list":{"0":"post-195951","1":"post","2":"type-post","3":"status-publish","4":"format-standard","5":"has-post-thumbnail","7":"category-aktuell","8":"category-gesucht-gefunden","9":"category-jugend-und-familie","10":"category-rathaus","11":"category-wettbewerb","12":"tag-ortung-13","13":"tag-05-08-2023-bis-20-08-2023","14":"tag-5-august-2023-bis-20-august-2023","15":"tag-balkon","16":"tag-dachboden","17":"tag-hinterhof","18":"tag-januar-2023","19":"tag-kunstbiennale","20":"tag-kunstschaffende","21":"tag-paten-gesucht","22":"tag-rathaus","23":"tag-raeume","24":"tag-schwabach","25":"tag-stadt-schwabach","26":"tag-teilnehmer","27":"tag-ungenutzte-baubrache","28":"tag-versteckten-winkel"},"_links":{"self":[{"href":"https:\/\/www.region-schwabach.de\/wordpress\/wp-json\/wp\/v2\/posts\/195951","targetHints":{"allow":["GET"]}}],"collection":[{"href":"https:\/\/www.region-schwabach.de\/wordpress\/wp-json\/wp\/v2\/posts"}],"about":[{"href":"https:\/\/www.region-schwabach.de\/wordpress\/wp-json\/wp\/v2\/types\/post"}],"author":[{"embeddable":true,"href":"https:\/\/www.region-schwabach.de\/wordpress\/wp-json\/wp\/v2\/users\/1"}],"replies":[{"embeddable":true,"href":"https:\/\/www.region-schwabach.de\/wordpress\/wp-json\/wp\/v2\/comments?post=195951"}],"version-history":[{"count":0,"href":"https:\/\/www.region-schwabach.de\/wordpress\/wp-json\/wp\/v2\/posts\/195951\/revisions"}],"wp:featuredmedia":[{"embeddable":true,"href":"https:\/\/www.region-schwabach.de\/wordpress\/wp-json\/wp\/v2\/media\/195952"}],"wp:attachment":[{"href":"https:\/\/www.region-schwabach.de\/wordpress\/wp-json\/wp\/v2\/media?parent=195951"}],"wp:term":[{"taxonomy":"category","embeddable":true,"href":"https:\/\/www.region-schwabach.de\/wordpress\/wp-json\/wp\/v2\/categories?post=195951"},{"taxonomy":"post_tag","embeddable":true,"href":"https:\/\/www.region-schwabach.de\/wordpress\/wp-json\/wp\/v2\/tags?post=195951"}],"curies":[{"name":"wp","href":"https:\/\/api.w.org\/{rel}","templated":true}]}}