{"id":195997,"date":"2023-02-21T01:00:00","date_gmt":"2023-02-21T00:00:00","guid":{"rendered":"https:\/\/www.region-schwabach.de\/wordpress\/?p=195997"},"modified":"2023-02-20T22:19:14","modified_gmt":"2023-02-20T21:19:14","slug":"faschingsumzug-in-schwabach-startet-am-faschingsdienstag-den-21-februar-2023-um-14-00-uhr","status":"publish","type":"post","link":"https:\/\/www.region-schwabach.de\/wordpress\/faschingsumzug-in-schwabach-startet-am-faschingsdienstag-den-21-februar-2023-um-14-00-uhr\/","title":{"rendered":"Faschingsumzug in Schwabach startet am Faschingsdienstag, den 21. Februar 2023 um 14.00 Uhr"},"content":{"rendered":"\t\t<div data-elementor-type=\"wp-post\" data-elementor-id=\"195997\" class=\"elementor elementor-195997\">\n\t\t\t\t\t\t<section class=\"elementor-section elementor-top-section elementor-element elementor-element-1dzeyuh elementor-section-boxed elementor-section-height-default elementor-section-height-default\" data-id=\"1dzeyuh\" data-element_type=\"section\">\n\t\t\t\t\t\t<div class=\"elementor-container elementor-column-gap-default\">\n\t\t\t\t\t<div class=\"elementor-column elementor-col-66 elementor-top-column elementor-element elementor-element-aam59ft\" data-id=\"aam59ft\" data-element_type=\"column\">\n\t\t\t<div class=\"elementor-widget-wrap elementor-element-populated\">\n\t\t\t\t\t\t<div class=\"elementor-element elementor-element-5ec72ee elementor-widget elementor-widget-wp-widget-advads_ad_widget\" data-id=\"5ec72ee\" data-element_type=\"widget\" data-widget_type=\"wp-widget-advads_ad_widget.default\">\n\t\t\t\t<div class=\"elementor-widget-container\">\n\t\t\t<div id=\"regio-2394311918\"><div class=\"regio-adlabel\">Werbung<\/div><center><a href=\"https:\/\/a.partner-versicherung.de\/click.php?partner_id=19992&ad_id=1578&deep=kreditkarten\"  target=\"_blank\"><img decoding=\"async\" src=\"https:\/\/a.partner-versicherung.de\/view.php?partner_id=19992&ad_id=1578\" ><\/a><\/center><\/div>\t\t<\/div>\n\t\t\t\t<\/div>\n\t\t\t\t<div class=\"elementor-element elementor-element-k9p1oyc elementor-widget elementor-widget-text-editor\" data-id=\"k9p1oyc\" data-element_type=\"widget\" data-widget_type=\"text-editor.default\">\n\t\t\t\t<div class=\"elementor-widget-container\">\n\t\t\t\t\t\t\t<h3>Faschingsumzug<\/h3><p><span style=\"font-size: 12pt;\">Am Faschingsdienstag, den 21. Februar 2023, findet wieder der allseits beliebte Faschingsumzug in Schwabach statt.<\/span><\/p><h3>Start in der Walpersdorfer Stra\u00dfe, Ende in der Eisentrautstra\u00dfe<\/h3><p><span style=\"font-size: 12pt;\">Der Umzug startet um 14 Uhr im Bereich der Birkenstra\u00dfe\/Walpersdorfer Stra\u00dfe, und zieht dann im weiteren Verlauf durch die Birkenstra\u00dfe, die Hindenburgstra\u00dfe, die Wittelsbacherstra\u00dfe, die Z\u00f6llnertorstra\u00dfe, die K\u00f6nigstra\u00dfe, \u00fcber den Martin-Luther-Platz, die\u00a0 Ludwigstra\u00dfe und die S\u00fcdliche Ringstra\u00dfe, bis er schlie\u00dflich in der Eisentrautstra\u00dfe endet.<\/span><\/p><h3>Stra\u00dfen- und Busverkehr beeintr\u00e4chtigt<\/h3><p><span style=\"font-size: 12pt;\">W\u00e4hrend des Umzugs sind die betroffenen Stra\u00dfen f\u00fcr den Verkehr\u00a0 gesperrt, auch die Bushaltestellen werden w\u00e4hrend des Umzugs nicht angefahren.<\/span><\/p><h3>Keine Glasbeh\u00e4lter erlaubt<\/h3><p><span style=\"font-size: 12pt;\">Um Verletzungen bereits im Vorfeld zu vermeiden, ist es nicht erlaubt, w\u00e4hrend des Faschingszuges Trinkgef\u00e4\u00dfe aus Glas zu verwenden.<\/span><\/p>\t\t\t\t\t\t<\/div>\n\t\t\t\t<\/div>\n\t\t\t\t<div class=\"elementor-element elementor-element-cj4lfz2 elementor-widget elementor-widget-google_maps\" data-id=\"cj4lfz2\" data-element_type=\"widget\" data-widget_type=\"google_maps.default\">\n\t\t\t\t<div class=\"elementor-widget-container\">\n\t\t\t\t\t<div class=\"elementor-custom-embed\">\n\t\t\t<iframe loading=\"lazy\"\n\t\t\t\t\tsrc=\"https:\/\/maps.google.com\/maps?q=Schwabach%2C%20Deutschland&#038;t=m&#038;z=14&#038;output=embed&#038;iwloc=near\"\n\t\t\t\t\ttitle=\"Schwabach, Deutschland\"\n\t\t\t\t\taria-label=\"Schwabach, Deutschland\"\n\t\t\t><\/iframe>\n\t\t<\/div>\n\t\t\t\t<\/div>\n\t\t\t\t<\/div>\n\t\t\t\t\t<\/div>\n\t\t<\/div>\n\t\t\t\t<div class=\"elementor-column elementor-col-33 elementor-top-column elementor-element elementor-element-uferl75\" data-id=\"uferl75\" data-element_type=\"column\">\n\t\t\t<div class=\"elementor-widget-wrap elementor-element-populated\">\n\t\t\t\t\t\t<div class=\"elementor-element elementor-element-bf657f7 elementor-widget elementor-widget-wp-widget-advads_ad_widget\" data-id=\"bf657f7\" data-element_type=\"widget\" data-widget_type=\"wp-widget-advads_ad_widget.default\">\n\t\t\t\t<div class=\"elementor-widget-container\">\n\t\t\t<div id=\"regio-4243118069\"><div class=\"regio-adlabel\">Werbung<\/div><div id=\"regio-1913425856\"><!-- Beginn https:\/\/www.financeads.net\/-Code --><a href=\"https:\/\/www.financeads.net\/tc.php?t=36648C271460142B\" target=\"_blank\"><img fetchpriority=\"high\" decoding=\"async\" src=\"https:\/\/www.financeads.net\/tb.php?t=36648V271460142B&https=1\" alt=\"PETPROTECT_Hund&Katze_Banner\" border=\"0\" width=\"250\" height=\"250\"><\/a><!-- Ende https:\/\/www.financeads.net\/-Code --><\/div><div id=\"regio-2621267770\"><!-- Beginn https:\/\/www.financeads.net\/-Code --><a href=\"https:\/\/www.financeads.net\/tc.php?t=36648C236142529B\" target=\"_blank\"><img decoding=\"async\" src=\"https:\/\/www.financeads.net\/tb.php?t=36648V236142529B&https=1\" alt=\"\" border=\"0\" width=\"300\" height=\"250\"><\/a><!-- Ende https:\/\/www.financeads.net\/-Code --><\/div><div id=\"regio-3493944001\"><!-- Beginn https:\/\/www.financeads.net\/-Code --><a href=\"https:\/\/www.financeads.net\/tc.php?t=36648C205040072B\" target=\"_blank\"><img decoding=\"async\" src=\"https:\/\/www.financeads.net\/tb.php?t=36648V205040072B&https=1\" alt=\"\" border=\"0\" width=\"300\" height=\"250\"><\/a><!-- Ende https:\/\/www.financeads.net\/-Code --><\/div><div id=\"regio-723821347\"><!-- Beginn https:\/\/www.financeads.net\/-Code --><a href=\"https:\/\/www.financeads.net\/tc.php?t=36648C42614510B\" target=\"_blank\"><img loading=\"lazy\" decoding=\"async\" src=\"https:\/\/www.financeads.net\/tb.php?t=36648V42614510B&https=1\" alt=\"\" border=\"0\" width=\"200\" height=\"300\"><\/a><!-- Ende https:\/\/www.financeads.net\/-Code --><\/div><\/div>\t\t<\/div>\n\t\t\t\t<\/div>\n\t\t\t\t\t<\/div>\n\t\t<\/div>\n\t\t\t\t\t<\/div>\n\t\t<\/section>\n\t\t\t\t<\/div>\n\t\t","protected":false},"excerpt":{"rendered":"<div class=\"mh-excerpt\"><p>Faschingsumzug Am Faschingsdienstag, den 21. Februar 2023, findet wieder der allseits beliebte Faschingsumzug in Schwabach statt. Start in der Walpersdorfer Stra\u00dfe, Ende in der Eisentrautstra\u00dfe Der Umzug startet um 14 Uhr im Bereich der Birkenstra\u00dfe\/Walpersdorfer <a class=\"mh-excerpt-more\" href=\"https:\/\/www.region-schwabach.de\/wordpress\/faschingsumzug-in-schwabach-startet-am-faschingsdienstag-den-21-februar-2023-um-14-00-uhr\/\" title=\"Faschingsumzug in Schwabach startet am Faschingsdienstag, den 21. Februar 2023 um 14.00 Uhr\">[&#8230;]<\/a><\/p>\n<\/div>","protected":false},"author":1,"featured_media":26999,"comment_status":"open","ping_status":"open","sticky":false,"template":"template-full.php","format":"standard","meta":{"_cbd_carousel_blocks":"[]","footnotes":""},"categories":[16,287,61,231],"tags":[21714,21713,2676,1307,2556,2675,2677,2679,2029,523,19,66,544,2678,1625],"class_list":{"0":"post-195997","1":"post","2":"type-post","3":"status-publish","4":"format-standard","5":"has-post-thumbnail","7":"category-aktuell","8":"category-jugend-und-familie","9":"category-rathaus","10":"category-veranstaltungsnews","11":"tag-21-februar-2023","12":"tag-21-02-2023","13":"tag-birkenstrasse","14":"tag-eisentrautstrasse","15":"tag-faschingsdienstag","16":"tag-faschingsumzug","17":"tag-hindenburgstrasse","18":"tag-koenigstrasse","19":"tag-ludwigstrasse","20":"tag-martin-luther-platz","21":"tag-schwabach","22":"tag-suedliche-ringstrasse","23":"tag-walpersdorfer-strasse","24":"tag-wittelsbacherstrasse","25":"tag-zoellnertorstrasse"},"_links":{"self":[{"href":"https:\/\/www.region-schwabach.de\/wordpress\/wp-json\/wp\/v2\/posts\/195997","targetHints":{"allow":["GET"]}}],"collection":[{"href":"https:\/\/www.region-schwabach.de\/wordpress\/wp-json\/wp\/v2\/posts"}],"about":[{"href":"https:\/\/www.region-schwabach.de\/wordpress\/wp-json\/wp\/v2\/types\/post"}],"author":[{"embeddable":true,"href":"https:\/\/www.region-schwabach.de\/wordpress\/wp-json\/wp\/v2\/users\/1"}],"replies":[{"embeddable":true,"href":"https:\/\/www.region-schwabach.de\/wordpress\/wp-json\/wp\/v2\/comments?post=195997"}],"version-history":[{"count":0,"href":"https:\/\/www.region-schwabach.de\/wordpress\/wp-json\/wp\/v2\/posts\/195997\/revisions"}],"wp:featuredmedia":[{"embeddable":true,"href":"https:\/\/www.region-schwabach.de\/wordpress\/wp-json\/wp\/v2\/media\/26999"}],"wp:attachment":[{"href":"https:\/\/www.region-schwabach.de\/wordpress\/wp-json\/wp\/v2\/media?parent=195997"}],"wp:term":[{"taxonomy":"category","embeddable":true,"href":"https:\/\/www.region-schwabach.de\/wordpress\/wp-json\/wp\/v2\/categories?post=195997"},{"taxonomy":"post_tag","embeddable":true,"href":"https:\/\/www.region-schwabach.de\/wordpress\/wp-json\/wp\/v2\/tags?post=195997"}],"curies":[{"name":"wp","href":"https:\/\/api.w.org\/{rel}","templated":true}]}}