{"id":196118,"date":"2023-02-22T00:45:00","date_gmt":"2023-02-21T23:45:00","guid":{"rendered":"https:\/\/www.region-schwabach.de\/wordpress\/?p=196118"},"modified":"2023-02-21T22:01:32","modified_gmt":"2023-02-21T21:01:32","slug":"co2-challenge-startet-am-mittwoch-den-22-februar-2023","status":"publish","type":"post","link":"https:\/\/www.region-schwabach.de\/wordpress\/co2-challenge-startet-am-mittwoch-den-22-februar-2023\/","title":{"rendered":"CO2-Challenge startet am Mittwoch, den 22. Februar 2023"},"content":{"rendered":"\t\t<div data-elementor-type=\"wp-post\" data-elementor-id=\"196118\" class=\"elementor elementor-196118\">\n\t\t\t\t\t\t<section class=\"elementor-section elementor-top-section elementor-element elementor-element-678181b elementor-section-boxed elementor-section-height-default elementor-section-height-default\" data-id=\"678181b\" data-element_type=\"section\">\n\t\t\t\t\t\t<div class=\"elementor-container elementor-column-gap-default\">\n\t\t\t\t\t<div class=\"elementor-column elementor-col-50 elementor-top-column elementor-element elementor-element-6b34026\" data-id=\"6b34026\" data-element_type=\"column\">\n\t\t\t<div class=\"elementor-widget-wrap elementor-element-populated\">\n\t\t\t\t\t\t<div class=\"elementor-element elementor-element-162acd9 elementor-widget elementor-widget-wp-widget-advads_ad_widget\" data-id=\"162acd9\" data-element_type=\"widget\" data-widget_type=\"wp-widget-advads_ad_widget.default\">\n\t\t\t\t<div class=\"elementor-widget-container\">\n\t\t\t<div id=\"regio-2308754272\"><div class=\"regio-adlabel\">Werbung<\/div><center><a href=\"https:\/\/a.partner-versicherung.de\/click.php?partner_id=19992&ad_id=1578&deep=kreditkarten\"  target=\"_blank\"><img decoding=\"async\" src=\"https:\/\/a.partner-versicherung.de\/view.php?partner_id=19992&ad_id=1578\" ><\/a><\/center><\/div>\t\t<\/div>\n\t\t\t\t<\/div>\n\t\t\t\t<div class=\"elementor-element elementor-element-443ab98 elementor-widget elementor-widget-text-editor\" data-id=\"443ab98\" data-element_type=\"widget\" data-widget_type=\"text-editor.default\">\n\t\t\t\t<div class=\"elementor-widget-container\">\n\t\t\t\t\t\t\t<h3><span id=\"page64R_mcid19\" class=\"markedContent\"><span dir=\"ltr\" role=\"presentation\">Ab Mittwoch, den 22. Februar 2023, CO2 einsparen\u00a0<\/span><\/span><span id=\"undefined\" class=\"markedContent\"><\/span><span id=\"page64R_mcid11\" class=\"markedContent\"><\/span><span id=\"page64R_mcid12\" class=\"markedContent\"><br role=\"presentation\" \/><span dir=\"ltr\" role=\"presentation\">14 Tage CO2-Challenge in der Metropolregion N\u00fcrnberg\u00a0<\/span><\/span><\/h3><p><span style=\"font-size: 12pt;\">Schwabach &#8211; <span id=\"page64R_mcid14\" class=\"markedContent\"><span dir=\"ltr\" role=\"presentation\">Vom 22. Februar bis 8. M\u00e4rz 2023 findet wieder die j\u00e4hrliche CO2-Challenge <\/span><span dir=\"ltr\" role=\"presentation\">statt. Die Challenge bietet allen Klimabewussten in der Metropolregion und <\/span><span dir=\"ltr\" role=\"presentation\">dar\u00fcber hinaus die M\u00f6glichkeit, Klimaschutz spielerisch in den Alltag zu <\/span><span dir=\"ltr\" role=\"presentation\">integrieren. <\/span><\/span><\/span><\/p><p><span style=\"font-size: 12pt;\"><span id=\"page64R_mcid14\" class=\"markedContent\"><span dir=\"ltr\" role=\"presentation\">Erstmals gibt es in diesem Jahr auch eine eigene CO2-<\/span><span dir=\"ltr\" role=\"presentation\">Schulchallenge, bei der Klassen aller Jahrgangsstufen teilnehmen k\u00f6nnen. <\/span><span dir=\"ltr\" role=\"presentation\">Auch die B\u00fcrgerinnen und B\u00fcrger der Stadt Schwabach k\u00f6nnen sich den <\/span><span dir=\"ltr\" role=\"presentation\">Alltagstipps der CO2-Challenge stellen.<\/span><\/span><span id=\"page64R_mcid15\" class=\"markedContent\"><\/span><span id=\"page64R_mcid16\" class=\"markedContent\"><br role=\"presentation\" \/><\/span><\/span><\/p><p><span style=\"font-size: 12pt;\"><span id=\"page64R_mcid16\" class=\"markedContent\"><span dir=\"ltr\" role=\"presentation\">Ab Aschermittwoch gibt es jeden Tag auf der Homepage der CO2-Challenge <\/span><span dir=\"ltr\" role=\"presentation\">und auf den Social-Media-Kan\u00e4len der Metropolregion N\u00fcrnberg unter dem <\/span><span dir=\"ltr\" role=\"presentation\">Hashtag #co2challenge2023 eine neue spannende Chance, Klimaschutz im <\/span><span dir=\"ltr\" role=\"presentation\">eigenen Tagesablauf zu verwirklichen. <\/span><\/span><\/span><\/p><p><span style=\"font-size: 12pt;\"><span id=\"page64R_mcid16\" class=\"markedContent\"><span dir=\"ltr\" role=\"presentation\">Mit viel Liebe und Humor geben die <\/span><span dir=\"ltr\" role=\"presentation\">Klimaschutzmanagerinnen und Klimaschutzmanager der Metropolregion <\/span><span dir=\"ltr\" role=\"presentation\">Anregungen, um die eigenen Gewohnheiten in neuem Licht zu sehen. Denn <\/span><span dir=\"ltr\" role=\"presentation\">Klimas\u00fcnden verstecken sich nicht nur im K\u00fchlschrank, im Heizungskeller oder <\/span><span dir=\"ltr\" role=\"presentation\">unter der Dusche. Unerwartete Einsparungen k\u00f6nnen sich beispielsweise auch <\/span><span dir=\"ltr\" role=\"presentation\">beim Abfall, im Freizeitverhalten und im Einkaufskorb finden.<\/span><\/span><span id=\"page64R_mcid17\" class=\"markedContent\"><\/span><span id=\"page64R_mcid18\" class=\"markedContent\"><br role=\"presentation\" \/><\/span><\/span><\/p><p><span style=\"font-size: 12pt;\"><span id=\"page64R_mcid18\" class=\"markedContent\"><span dir=\"ltr\" role=\"presentation\">Das Ziel der CO2-Challenge ist daher kein Geringeres, als Menschen f\u00fcr <\/span><span dir=\"ltr\" role=\"presentation\">Klimaschutz zu begeistern. \u201eKlimaschutz ist eines der wichtigsten Themen <\/span><span dir=\"ltr\" role=\"presentation\">unserer Zeit. Die CO2-Challenge bietet eine gute Gelegenheit, f\u00fcr zwei <\/span><span dir=\"ltr\" role=\"presentation\">Wochen auszuprobieren, wie wir alle einen Beitrag zum Klimaschutz leisten <\/span><span dir=\"ltr\" role=\"presentation\">k\u00f6nnen\u201c, sagt Peter Rei\u00df, Oberb\u00fcrgermeister der Stadt Schwabach.\u00a0<\/span><\/span><\/span><\/p><p><span style=\"font-size: 12pt;\"><span id=\"page1R_mcid0\" class=\"markedContent\"><span dir=\"ltr\" role=\"presentation\">Weil die CO2-Challenge kontinuierlich verbessert wird, gibt es auch 2023 <\/span><span dir=\"ltr\" role=\"presentation\">wieder Neuerungen: Zum einen kann man in der CO2-Challenge Web-App <\/span><span dir=\"ltr\" role=\"presentation\">direkt seine pers\u00f6nlichen CO2-Einsparungen berechnen und <\/span><span dir=\"ltr\" role=\"presentation\">Nachhaltigkeitspunkte sammeln. Damit kann man sich nun auch mit der <\/span><span dir=\"ltr\" role=\"presentation\">eigenen Familie oder dem Freundeskreis messen \u2013 wer schafft es am Ende am <\/span><span dir=\"ltr\" role=\"presentation\">meisten CO2 zu sparen und die meisten Nachhaltigkeitspunkte zu sammeln?<\/span><\/span><span id=\"page1R_mcid1\" class=\"markedContent\"><br role=\"presentation\" \/><\/span><\/span><\/p><p><span style=\"font-size: 12pt;\"><span id=\"page1R_mcid1\" class=\"markedContent\"><span dir=\"ltr\" role=\"presentation\">Zum anderen gibt es zum ersten Mal eine CO2-Schulchallenge, die extra f\u00fcr <\/span><span dir=\"ltr\" role=\"presentation\">Schulklassen jeder Jahrgangstufe konzipiert wurde. Die Inhalte sind einfach in <\/span><span dir=\"ltr\" role=\"presentation\">den Schulalltag zu integrieren und vermitteln Spa\u00df am Klimaschutz. <\/span><\/span><span id=\"page1R_mcid3\" class=\"markedContent\"><span dir=\"ltr\" role=\"presentation\">Die Materialien k\u00f6nnen unter<\/span><\/span><a href=\"http:\/\/www.co2challenge.net\/schulchallenge\" target=\"_blank\" rel=\"noopener\"><span id=\"page1R_mcid4\" class=\"markedContent\"> <span dir=\"ltr\" role=\"presentation\">www.co2challenge.net\/schulchallenge<\/span><\/span><\/a><span id=\"page1R_mcid13\" class=\"markedContent\"> <span dir=\"ltr\" role=\"presentation\">kostenlos <\/span><\/span><span id=\"page1R_mcid14\" class=\"markedContent\"><span dir=\"ltr\" role=\"presentation\">heruntergeladen werden. <\/span><\/span><\/span><\/p><p><span style=\"font-size: 12pt;\"><span id=\"page1R_mcid14\" class=\"markedContent\"><span dir=\"ltr\" role=\"presentation\">Zu gewinnen gibt es nat\u00fcrlich auch etwas bei der <\/span><span dir=\"ltr\" role=\"presentation\">diesj\u00e4hrigen CO2-Challenge, und zwar \u00fcber die Social-Media-Kan\u00e4le der <\/span><span dir=\"ltr\" role=\"presentation\">Metropolregion N\u00fcrnberg. Hier gilt es, unter dem entsprechenden Beitrag <\/span><span dir=\"ltr\" role=\"presentation\">mindestens eine Person aus dem Familien-, Freundes-, oder Bekanntenkreis <\/span><span dir=\"ltr\" role=\"presentation\">zu verlinken, um in den Lostopf zu gelangen. Auf die Teilnehmenden warten <\/span><span dir=\"ltr\" role=\"presentation\">insgesamt zehn tolle Preise f\u00fcr mehr Nachhaltigkeit im Alltag. <\/span><\/span><\/span><\/p><p><span style=\"font-size: 12pt;\"><span id=\"page1R_mcid14\" class=\"markedContent\"><span dir=\"ltr\" role=\"presentation\">Mehr Infos zum <\/span><span dir=\"ltr\" role=\"presentation\">Gewinnspiel sind ab dem 20. Februar auf der Instagram- und Facebook-Seite <\/span><span dir=\"ltr\" role=\"presentation\">der Metropolregion N\u00fcrnberg zu finden. Weitere Infos zur CO2-Challenge gibt <\/span><span dir=\"ltr\" role=\"presentation\">es unter<\/span><\/span><a href=\"http:\/\/www.co2challenge.net\" target=\"_blank\" rel=\"noopener\"><span id=\"page1R_mcid6\" class=\"markedContent\"> <span dir=\"ltr\" role=\"presentation\">www.co2challenge.net<\/span><\/span><\/a><span id=\"page1R_mcid15\" class=\"markedContent\"><span dir=\"ltr\" role=\"presentation\">. <\/span><\/span><span id=\"page1R_mcid8\" class=\"markedContent\"><span dir=\"ltr\" role=\"presentation\">Ansprechpartnerin: Tanja Helm, Klimaschutzbeauftragte Stadt Schwabach, <\/span><\/span><a href=\"mailto:tanja.helm@schwabach.de\" target=\"_blank\" rel=\"noopener\"><span id=\"page1R_mcid9\" class=\"markedContent\"><span dir=\"ltr\" role=\"presentation\">tanja.helm@schwabach.de<\/span><\/span><\/a><span id=\"page1R_mcid16\" class=\"markedContent\"><span dir=\"ltr\" role=\"presentation\">. Telefon: 09122-860-803.\u00a0<\/span><\/span><span id=\"undefined\" class=\"markedContent\"><\/span><span id=\"page1R_mcid11\" class=\"markedContent\"><\/span><span id=\"page1R_mcid12\" class=\"markedContent\"><br role=\"presentation\" \/><\/span><\/span><\/p><p><strong><span style=\"font-size: 12pt;\"><span id=\"page1R_mcid12\" class=\"markedContent\"><span dir=\"ltr\" role=\"presentation\">Foto (Katharina Funke, Klimaschutzmanagerin Stadt Erlangen, Abdruck <\/span><span dir=\"ltr\" role=\"presentation\">honorarfrei)\u00a0<\/span><\/span><\/span><\/strong><\/p><h3>Weiterf\u00fchrende Links:<\/h3><p><a href=\"https:\/\/www.schwabach.de\/de\/stadtverwaltung\/referat-2-recht-soziales-und-umwelt\/87-umweltschutzamt\/56-umweltschutzamt.html\" target=\"_blank\" rel=\"noopener\"><span style=\"font-size: 12pt;\">Hier geht&#8217;s zur Homepage des Umweltschutzamtes &#8230;<\/span><\/a><\/p><p><span style=\"font-size: 12pt;\"><a href=\"http:\/\/www.co2challenge.net\" target=\"_blank\" rel=\"noopener\">Zur Homepage der Aktion &#8211; und weiteren Infos &#8211; geht es hier &#8230;<\/a><\/span><\/p>\t\t\t\t\t\t<\/div>\n\t\t\t\t<\/div>\n\t\t\t\t\t<\/div>\n\t\t<\/div>\n\t\t\t\t<div class=\"elementor-column elementor-col-50 elementor-top-column elementor-element elementor-element-7f63ca6\" data-id=\"7f63ca6\" data-element_type=\"column\">\n\t\t\t<div class=\"elementor-widget-wrap elementor-element-populated\">\n\t\t\t\t\t\t<div class=\"elementor-element elementor-element-e6f5bb8 elementor-widget elementor-widget-heading\" data-id=\"e6f5bb8\" data-element_type=\"widget\" data-widget_type=\"heading.default\">\n\t\t\t\t<div class=\"elementor-widget-container\">\n\t\t\t<h3 class=\"elementor-heading-title elementor-size-default\">Schnell vergleichen und sparen!<\/h3>\t\t<\/div>\n\t\t\t\t<\/div>\n\t\t\t\t<div class=\"elementor-element elementor-element-90110c1 elementor-widget elementor-widget-wp-widget-advads_ad_widget\" data-id=\"90110c1\" data-element_type=\"widget\" data-widget_type=\"wp-widget-advads_ad_widget.default\">\n\t\t\t\t<div class=\"elementor-widget-container\">\n\t\t\t<div id=\"regio-3199502563\"><div class=\"regio-adlabel\">Werbung<\/div><!-- Beginn https:\/\/www.financeads.net\/-Code --><a href=\"https:\/\/www.financeads.net\/tc.php?t=36648C236142529B\" target=\"_blank\"><img fetchpriority=\"high\" decoding=\"async\" src=\"https:\/\/www.financeads.net\/tb.php?t=36648V236142529B&https=1\" alt=\"\" border=\"0\" width=\"300\" height=\"250\"><\/a><!-- Ende https:\/\/www.financeads.net\/-Code --><\/div>\t\t<\/div>\n\t\t\t\t<\/div>\n\t\t\t\t<div class=\"elementor-element elementor-element-5bee4c5 elementor-widget elementor-widget-wp-widget-advads_ad_widget\" data-id=\"5bee4c5\" data-element_type=\"widget\" data-widget_type=\"wp-widget-advads_ad_widget.default\">\n\t\t\t\t<div class=\"elementor-widget-container\">\n\t\t\t<div id=\"regio-2616815881\"><div class=\"regio-adlabel\">Werbung<\/div><!-- Beginn https:\/\/www.financeads.net\/-Code --><a href=\"https:\/\/www.financeads.net\/tc.php?t=36648C42614510B\" target=\"_blank\"><img decoding=\"async\" src=\"https:\/\/www.financeads.net\/tb.php?t=36648V42614510B&https=1\" alt=\"\" border=\"0\" width=\"200\" height=\"300\"><\/a><!-- Ende https:\/\/www.financeads.net\/-Code --><\/div>\t\t<\/div>\n\t\t\t\t<\/div>\n\t\t\t\t<div class=\"elementor-element elementor-element-6437f44 elementor-widget elementor-widget-wp-widget-advads_ad_widget\" data-id=\"6437f44\" data-element_type=\"widget\" data-widget_type=\"wp-widget-advads_ad_widget.default\">\n\t\t\t\t<div class=\"elementor-widget-container\">\n\t\t\t<div id=\"regio-2939158555\"><div class=\"regio-adlabel\">Werbung<\/div><!-- Beginn https:\/\/www.financeads.net\/-Code --><a href=\"https:\/\/www.financeads.net\/tc.php?t=36648C205040072B\" target=\"_blank\"><img decoding=\"async\" src=\"https:\/\/www.financeads.net\/tb.php?t=36648V205040072B&https=1\" alt=\"\" border=\"0\" width=\"300\" height=\"250\"><\/a><!-- Ende https:\/\/www.financeads.net\/-Code --><\/div>\t\t<\/div>\n\t\t\t\t<\/div>\n\t\t\t\t<div class=\"elementor-element elementor-element-c1c7a5f elementor-widget elementor-widget-wp-widget-advads_ad_widget\" data-id=\"c1c7a5f\" data-element_type=\"widget\" data-widget_type=\"wp-widget-advads_ad_widget.default\">\n\t\t\t\t<div class=\"elementor-widget-container\">\n\t\t\t<div id=\"regio-3590019421\"><div class=\"regio-adlabel\">Werbung<\/div><!-- Beginn https:\/\/www.financeads.net\/-Code --><a href=\"https:\/\/www.financeads.net\/tc.php?t=36648C271460142B\" target=\"_blank\"><img loading=\"lazy\" decoding=\"async\" src=\"https:\/\/www.financeads.net\/tb.php?t=36648V271460142B&https=1\" alt=\"PETPROTECT_Hund&Katze_Banner\" border=\"0\" width=\"250\" height=\"250\"><\/a><!-- Ende https:\/\/www.financeads.net\/-Code --><\/div>\t\t<\/div>\n\t\t\t\t<\/div>\n\t\t\t\t\t<\/div>\n\t\t<\/div>\n\t\t\t\t\t<\/div>\n\t\t<\/section>\n\t\t\t\t<\/div>\n\t\t","protected":false},"excerpt":{"rendered":"<div class=\"mh-excerpt\"><p>Ab Mittwoch, den 22. Februar 2023, CO2 einsparen&nbsp;14 Tage CO2-Challenge in der Metropolregion N\u00fcrnberg&nbsp; Schwabach &#8211; Vom 22. Februar bis 8. M\u00e4rz 2023 findet wieder die j\u00e4hrliche CO2-Challenge statt. Die Challenge bietet allen Klimabewussten in <a class=\"mh-excerpt-more\" href=\"https:\/\/www.region-schwabach.de\/wordpress\/co2-challenge-startet-am-mittwoch-den-22-februar-2023\/\" title=\"CO2-Challenge startet am Mittwoch, den 22. Februar 2023\">[&#8230;]<\/a><\/p>\n<\/div>","protected":false},"author":1,"featured_media":196119,"comment_status":"open","ping_status":"open","sticky":false,"template":"","format":"standard","meta":{"_cbd_carousel_blocks":"[]","footnotes":""},"categories":[16,79,61,203,46,204],"tags":[8428,21721,21722,21720,21724,7720,1480,21723,19,3151],"class_list":{"0":"post-196118","1":"post","2":"type-post","3":"status-publish","4":"format-standard","5":"has-post-thumbnail","7":"category-aktuell","8":"category-politik","9":"category-rathaus","10":"category-umwelt-nachrichten","11":"category-verbaende","12":"category-wettbewerb","13":"tag-co2challenge","14":"tag-22-februar-2023","15":"tag-22-februar-2023-bis-8-maerz-2023","16":"tag-22-02-2023","17":"tag-alltagstipps","18":"tag-metropolregion-nuernberg","19":"tag-rathaus","20":"tag-schulchallenge","21":"tag-schwabach","22":"tag-stadt-schwabach"},"_links":{"self":[{"href":"https:\/\/www.region-schwabach.de\/wordpress\/wp-json\/wp\/v2\/posts\/196118","targetHints":{"allow":["GET"]}}],"collection":[{"href":"https:\/\/www.region-schwabach.de\/wordpress\/wp-json\/wp\/v2\/posts"}],"about":[{"href":"https:\/\/www.region-schwabach.de\/wordpress\/wp-json\/wp\/v2\/types\/post"}],"author":[{"embeddable":true,"href":"https:\/\/www.region-schwabach.de\/wordpress\/wp-json\/wp\/v2\/users\/1"}],"replies":[{"embeddable":true,"href":"https:\/\/www.region-schwabach.de\/wordpress\/wp-json\/wp\/v2\/comments?post=196118"}],"version-history":[{"count":0,"href":"https:\/\/www.region-schwabach.de\/wordpress\/wp-json\/wp\/v2\/posts\/196118\/revisions"}],"wp:featuredmedia":[{"embeddable":true,"href":"https:\/\/www.region-schwabach.de\/wordpress\/wp-json\/wp\/v2\/media\/196119"}],"wp:attachment":[{"href":"https:\/\/www.region-schwabach.de\/wordpress\/wp-json\/wp\/v2\/media?parent=196118"}],"wp:term":[{"taxonomy":"category","embeddable":true,"href":"https:\/\/www.region-schwabach.de\/wordpress\/wp-json\/wp\/v2\/categories?post=196118"},{"taxonomy":"post_tag","embeddable":true,"href":"https:\/\/www.region-schwabach.de\/wordpress\/wp-json\/wp\/v2\/tags?post=196118"}],"curies":[{"name":"wp","href":"https:\/\/api.w.org\/{rel}","templated":true}]}}