{"id":196940,"date":"2023-03-03T01:00:00","date_gmt":"2023-03-03T00:00:00","guid":{"rendered":"https:\/\/www.region-schwabach.de\/wordpress\/?p=196940"},"modified":"2023-03-03T05:15:21","modified_gmt":"2023-03-03T04:15:21","slug":"vhs-kurs-fit-fur-den-quali-ab-freitag-den-3-marz-2023","status":"publish","type":"post","link":"https:\/\/www.region-schwabach.de\/wordpress\/vhs-kurs-fit-fur-den-quali-ab-freitag-den-3-marz-2023\/","title":{"rendered":"vhs-Kurs &#8222;Fit f\u00fcr den Quali&#8220; ab Freitag, den 3. M\u00e4rz 2023"},"content":{"rendered":"\t\t<div data-elementor-type=\"wp-post\" data-elementor-id=\"196940\" class=\"elementor elementor-196940\">\n\t\t\t\t\t\t<section class=\"elementor-section elementor-top-section elementor-element elementor-element-678181b elementor-section-boxed elementor-section-height-default elementor-section-height-default\" data-id=\"678181b\" data-element_type=\"section\">\n\t\t\t\t\t\t<div class=\"elementor-container elementor-column-gap-default\">\n\t\t\t\t\t<div class=\"elementor-column elementor-col-50 elementor-top-column elementor-element elementor-element-6b34026\" data-id=\"6b34026\" data-element_type=\"column\">\n\t\t\t<div class=\"elementor-widget-wrap elementor-element-populated\">\n\t\t\t\t\t\t<div class=\"elementor-element elementor-element-5fea1cd elementor-widget elementor-widget-wp-widget-advads_ad_widget\" data-id=\"5fea1cd\" data-element_type=\"widget\" data-widget_type=\"wp-widget-advads_ad_widget.default\">\n\t\t\t\t<div class=\"elementor-widget-container\">\n\t\t\t<div id=\"regio-264127867\"><div class=\"regio-adlabel\">Werbung<\/div><center><a href=\"https:\/\/a.partner-versicherung.de\/click.php?partner_id=19992&ad_id=1578&deep=kreditkarten\"  target=\"_blank\"><img decoding=\"async\" src=\"https:\/\/a.partner-versicherung.de\/view.php?partner_id=19992&ad_id=1578\" ><\/a><\/center><\/div>\t\t<\/div>\n\t\t\t\t<\/div>\n\t\t\t\t<div class=\"elementor-element elementor-element-443ab98 elementor-widget elementor-widget-text-editor\" data-id=\"443ab98\" data-element_type=\"widget\" data-widget_type=\"text-editor.default\">\n\t\t\t\t<div class=\"elementor-widget-container\">\n\t\t\t\t\t\t\t<h3 class=\"entry-title\"><span id=\"page43R_mcid26\" class=\"markedContent\"><span dir=\"ltr\" role=\"presentation\">Ab Freitag, den 3. M\u00e4rz 2023:\u00a0<br \/><\/span><\/span><span id=\"undefined\" class=\"markedContent\"><\/span><span id=\"page43R_mcid26\" class=\"markedContent\"><span dir=\"ltr\" role=\"presentation\">vhs-Kurs &#8222;<\/span><\/span><span id=\"page43R_mcid12\" class=\"markedContent\"><span dir=\"ltr\" role=\"presentation\">Fit f\u00fcr den Quali&#8220;<\/span><\/span><\/h3><p><span style=\"font-size: 12pt;\">Schwabach &#8211; <span id=\"page43R_mcid14\" class=\"markedContent\"><span dir=\"ltr\" role=\"presentation\">F\u00fcr alle Sch\u00fclerinnen und Sch\u00fcler, die den Qualifizierenden Mittelschul<\/span><span dir=\"ltr\" role=\"presentation\">abschluss nachholen oder sich intensiv darauf vorbereiten wollen, bietet die <\/span><span dir=\"ltr\" role=\"presentation\">Volkshochschule Schwabach (vhs) ab Freitag, den 3. M\u00e4rz 2023, den Kurs \u201eFit f\u00fcr den <\/span><span dir=\"ltr\" role=\"presentation\">Quali\u201c an.<\/span><\/span><span id=\"page43R_mcid15\" class=\"markedContent\"><\/span><span id=\"page43R_mcid16\" class=\"markedContent\"><br role=\"presentation\" \/><\/span><\/span><\/p><p><span style=\"font-size: 12pt;\"><span id=\"page43R_mcid16\" class=\"markedContent\"><span dir=\"ltr\" role=\"presentation\">Training in Mathematik, Deutsch und Englisch sowie bei Bedarf auch in GSE <\/span><span dir=\"ltr\" role=\"presentation\">(Geschichte-Sozialkunde-Erdkunde) und PCB (Physik &#8211; Chemie-Biologie) <\/span><span dir=\"ltr\" role=\"presentation\">absolviert mit den Teilnehmenden der Mittelschul-P\u00e4dagoge Roland H. R. <\/span><span dir=\"ltr\" role=\"presentation\">G\u00f6ssnitzer.<\/span><\/span><span id=\"page43R_mcid17\" class=\"markedContent\"><\/span><span id=\"page43R_mcid18\" class=\"markedContent\"><br role=\"presentation\" \/><\/span><\/span><\/p><p><span style=\"font-size: 12pt;\"><span id=\"page43R_mcid18\" class=\"markedContent\"><span dir=\"ltr\" role=\"presentation\">Der Kurs startet am Freitag, den 3. M\u00e4rz 2023, in der Karl-Dehm-Mittelschule, <\/span><span dir=\"ltr\" role=\"presentation\">in der Gutenbergstr. 22 in Schwabach, und findet bis zur Quali-Pr\u00fcfung zehnmal statt, immer von <\/span><span dir=\"ltr\" role=\"presentation\">16.30 Uhr bis 19.30 Uhr. Die Geb\u00fchr f\u00fcr den Kurs betr\u00e4gt 118,80 Euro.\u00a0<\/span><\/span><\/span><\/p><p><span style=\"font-size: 12pt;\"><span id=\"page43R_mcid20\" class=\"markedContent\"><span dir=\"ltr\" role=\"presentation\">Anmeldung und weitere Informationen unter<\/span><\/span><a href=\"http:\/\/www.vhs.schwabach.de\" target=\"_blank\" rel=\"noopener\"><span id=\"page43R_mcid21\" class=\"markedContent\"> <span dir=\"ltr\" role=\"presentation\">www.vhs.schwabach.de<\/span><\/span><\/a><span id=\"page43R_mcid27\" class=\"markedContent\"> <span dir=\"ltr\" role=\"presentation\">mit der <\/span><\/span><span id=\"page43R_mcid28\" class=\"markedContent\"><span dir=\"ltr\" role=\"presentation\">Kursnummer 231-602100, oder unter Telefon 09122 860-204 sowie per E-Mail <\/span><span dir=\"ltr\" role=\"presentation\">(<\/span><\/span><a href=\"mailto:vhs@schwabach.de\" target=\"_blank\" rel=\"noopener\"><span id=\"page43R_mcid23\" class=\"markedContent\"><span dir=\"ltr\" role=\"presentation\">vhs@schwabach.de<\/span><\/span><\/a><span id=\"page43R_mcid29\" class=\"markedContent\"><span dir=\"ltr\" role=\"presentation\">) an.\u00a0<\/span><\/span><\/span><\/p><p><span style=\"font-size: 12pt;\"><a dir=\"ltr\" href=\"https:\/\/www.vhs.schwabach.de\/kurssuche\/kurs\/Quali-Training-fuer-Quereinsteigerinnen\/231-60100#inhalt\" target=\"_blank\" rel=\"noopener\">Bitte hier anmelden<\/a><\/span><\/p><p><span style=\"font-size: 12pt;\"><a href=\"https:\/\/www.vhs.schwabach.de\/kurssuche\/kurs\/Quali-Training-fuer-Quereinsteigerinnen\/231-60100#inhalt\" target=\"_blank\" rel=\"noopener\">Weitere Infos zu diesem Kurs gibt es hier &#8230;<\/a><\/span><\/p>\t\t\t\t\t\t<\/div>\n\t\t\t\t<\/div>\n\t\t\t\t<div class=\"elementor-element elementor-element-7cc9469 elementor-widget elementor-widget-shortcode\" data-id=\"7cc9469\" data-element_type=\"widget\" data-widget_type=\"shortcode.default\">\n\t\t\t\t<div class=\"elementor-widget-container\">\n\t\t\t\t\t<div class=\"elementor-shortcode\"><center><a href=\"https:\/\/a.partner-versicherung.de\/click.php?partner_id=19992&ad_id=441&deep=kfz-versicherung\"  target=\"_blank\"><img decoding=\"async\" src=\"https:\/\/a.partner-versicherung.de\/view.php?partner_id=19992&ad_id=441\" ><\/a><\/center><\/div>\n\t\t\t\t<\/div>\n\t\t\t\t<\/div>\n\t\t\t\t<div class=\"elementor-element elementor-element-0c834d7 elementor-widget-divider--view-line elementor-widget elementor-widget-divider\" data-id=\"0c834d7\" data-element_type=\"widget\" data-widget_type=\"divider.default\">\n\t\t\t\t<div class=\"elementor-widget-container\">\n\t\t\t\t\t<div class=\"elementor-divider\">\n\t\t\t<span class=\"elementor-divider-separator\">\n\t\t\t\t\t\t<\/span>\n\t\t<\/div>\n\t\t\t\t<\/div>\n\t\t\t\t<\/div>\n\t\t\t\t<div class=\"elementor-element elementor-element-325f51f elementor-widget elementor-widget-google_maps\" data-id=\"325f51f\" data-element_type=\"widget\" data-widget_type=\"google_maps.default\">\n\t\t\t\t<div class=\"elementor-widget-container\">\n\t\t\t\t\t<div class=\"elementor-custom-embed\">\n\t\t\t<iframe loading=\"lazy\"\n\t\t\t\t\tsrc=\"https:\/\/maps.google.com\/maps?q=Gutenbergstra%C3%9Fe%2022%2C%20Schwabach%2C%20Deutschland&#038;t=m&#038;z=16&#038;output=embed&#038;iwloc=near\"\n\t\t\t\t\ttitle=\"Gutenbergstra\u00dfe 22, Schwabach, Deutschland\"\n\t\t\t\t\taria-label=\"Gutenbergstra\u00dfe 22, Schwabach, Deutschland\"\n\t\t\t><\/iframe>\n\t\t<\/div>\n\t\t\t\t<\/div>\n\t\t\t\t<\/div>\n\t\t\t\t\t<\/div>\n\t\t<\/div>\n\t\t\t\t<div class=\"elementor-column elementor-col-50 elementor-top-column elementor-element elementor-element-f141625\" data-id=\"f141625\" data-element_type=\"column\">\n\t\t\t<div class=\"elementor-widget-wrap elementor-element-populated\">\n\t\t\t\t\t\t<div class=\"elementor-element elementor-element-aa635e8 elementor-widget elementor-widget-heading\" data-id=\"aa635e8\" data-element_type=\"widget\" data-widget_type=\"heading.default\">\n\t\t\t\t<div class=\"elementor-widget-container\">\n\t\t\t<h3 class=\"elementor-heading-title elementor-size-default\">Schnell vergleichen und sparen!<\/h3>\t\t<\/div>\n\t\t\t\t<\/div>\n\t\t\t\t<div class=\"elementor-element elementor-element-380778c elementor-widget elementor-widget-wp-widget-advads_ad_widget\" data-id=\"380778c\" data-element_type=\"widget\" data-widget_type=\"wp-widget-advads_ad_widget.default\">\n\t\t\t\t<div class=\"elementor-widget-container\">\n\t\t\t<div id=\"regio-3211097555\"><div class=\"regio-adlabel\">Werbung<\/div><!-- Beginn https:\/\/www.financeads.net\/-Code --><a href=\"https:\/\/www.financeads.net\/tc.php?t=36648C236142529B\" target=\"_blank\"><img fetchpriority=\"high\" decoding=\"async\" src=\"https:\/\/www.financeads.net\/tb.php?t=36648V236142529B&https=1\" alt=\"\" border=\"0\" width=\"300\" height=\"250\"><\/a><!-- Ende https:\/\/www.financeads.net\/-Code --><\/div>\t\t<\/div>\n\t\t\t\t<\/div>\n\t\t\t\t<div class=\"elementor-element elementor-element-bd26aa5 elementor-widget elementor-widget-wp-widget-advads_ad_widget\" data-id=\"bd26aa5\" data-element_type=\"widget\" data-widget_type=\"wp-widget-advads_ad_widget.default\">\n\t\t\t\t<div class=\"elementor-widget-container\">\n\t\t\t<div id=\"regio-1804374331\"><div class=\"regio-adlabel\">Werbung<\/div><!-- Beginn https:\/\/www.financeads.net\/-Code --><a href=\"https:\/\/www.financeads.net\/tc.php?t=36648C42614510B\" target=\"_blank\"><img decoding=\"async\" src=\"https:\/\/www.financeads.net\/tb.php?t=36648V42614510B&https=1\" alt=\"\" border=\"0\" width=\"200\" height=\"300\"><\/a><!-- Ende https:\/\/www.financeads.net\/-Code --><\/div>\t\t<\/div>\n\t\t\t\t<\/div>\n\t\t\t\t<div class=\"elementor-element elementor-element-abfc6b5 elementor-widget elementor-widget-wp-widget-advads_ad_widget\" data-id=\"abfc6b5\" data-element_type=\"widget\" data-widget_type=\"wp-widget-advads_ad_widget.default\">\n\t\t\t\t<div class=\"elementor-widget-container\">\n\t\t\t<div id=\"regio-81210930\"><div class=\"regio-adlabel\">Werbung<\/div><!-- Beginn https:\/\/www.financeads.net\/-Code --><a href=\"https:\/\/www.financeads.net\/tc.php?t=36648C205040072B\" target=\"_blank\"><img decoding=\"async\" src=\"https:\/\/www.financeads.net\/tb.php?t=36648V205040072B&https=1\" alt=\"\" border=\"0\" width=\"300\" height=\"250\"><\/a><!-- Ende https:\/\/www.financeads.net\/-Code --><\/div>\t\t<\/div>\n\t\t\t\t<\/div>\n\t\t\t\t<div class=\"elementor-element elementor-element-9b68655 elementor-widget elementor-widget-wp-widget-advads_ad_widget\" data-id=\"9b68655\" data-element_type=\"widget\" data-widget_type=\"wp-widget-advads_ad_widget.default\">\n\t\t\t\t<div class=\"elementor-widget-container\">\n\t\t\t<div id=\"regio-2350088885\"><div class=\"regio-adlabel\">Werbung<\/div><!-- Beginn https:\/\/www.financeads.net\/-Code --><a href=\"https:\/\/www.financeads.net\/tc.php?t=36648C271460142B\" target=\"_blank\"><img loading=\"lazy\" decoding=\"async\" src=\"https:\/\/www.financeads.net\/tb.php?t=36648V271460142B&https=1\" alt=\"PETPROTECT_Hund&Katze_Banner\" border=\"0\" width=\"250\" height=\"250\"><\/a><!-- Ende https:\/\/www.financeads.net\/-Code --><\/div>\t\t<\/div>\n\t\t\t\t<\/div>\n\t\t\t\t\t<\/div>\n\t\t<\/div>\n\t\t\t\t\t<\/div>\n\t\t<\/section>\n\t\t\t\t<\/div>\n\t\t","protected":false},"excerpt":{"rendered":"<div class=\"mh-excerpt\"><p>Ab Freitag, den 3. M\u00e4rz 2023:&nbsp; vhs-Kurs &#8222;Fit f\u00fcr den Quali&#8220; Schwabach &#8211; F\u00fcr alle Sch\u00fclerinnen und Sch\u00fcler, die den Qualifizierenden Mittelschulabschluss nachholen oder sich intensiv darauf vorbereiten wollen, bietet die Volkshochschule Schwabach (vhs) ab <a class=\"mh-excerpt-more\" href=\"https:\/\/www.region-schwabach.de\/wordpress\/vhs-kurs-fit-fur-den-quali-ab-freitag-den-3-marz-2023\/\" title=\"vhs-Kurs &#8222;Fit f\u00fcr den Quali&#8220; ab Freitag, den 3. M\u00e4rz 2023\">[&#8230;]<\/a><\/p>\n<\/div>","protected":false},"author":1,"featured_media":196941,"comment_status":"open","ping_status":"open","sticky":false,"template":"","format":"standard","meta":{"_cbd_carousel_blocks":"[]","footnotes":""},"categories":[16,78,287,4306,61,203,231],"tags":[21527,21832,21833,21532,21533,21536,390,18641,522,21531,21539,21537,21530,1480,4538,17056,19,3012,3151,1281,7420,73],"class_list":{"0":"post-196940","1":"post","2":"type-post","3":"status-publish","4":"format-standard","5":"has-post-thumbnail","7":"category-aktuell","8":"category-handel-und-wirtschaft","9":"category-jugend-und-familie","10":"category-ratgeber","11":"category-rathaus","12":"category-umwelt-nachrichten","13":"category-veranstaltungsnews","14":"tag-fit-fuer-den-quali","15":"tag-03-03-2023","16":"tag-3-maerz-2023","17":"tag-deutsch","18":"tag-englisch","19":"tag-gsegeschichte-sozialkunde-erdkunde","20":"tag-gutenbergstrasse","21":"tag-karl-dehm-mittelschule","22":"tag-koenigsplatz","23":"tag-mathematik","24":"tag-mittelschul-paedagoge-roland-h-r-goessnitzer","25":"tag-pcb-physik-chemie-biologie","26":"tag-qualifizierender-mittelschulabschluss","27":"tag-rathaus","28":"tag-schueler","29":"tag-schulerinnen","30":"tag-schwabach","31":"tag-stadt","32":"tag-stadt-schwabach","33":"tag-vhs","34":"tag-vhs-schwabach","35":"tag-volkshochschule"},"_links":{"self":[{"href":"https:\/\/www.region-schwabach.de\/wordpress\/wp-json\/wp\/v2\/posts\/196940","targetHints":{"allow":["GET"]}}],"collection":[{"href":"https:\/\/www.region-schwabach.de\/wordpress\/wp-json\/wp\/v2\/posts"}],"about":[{"href":"https:\/\/www.region-schwabach.de\/wordpress\/wp-json\/wp\/v2\/types\/post"}],"author":[{"embeddable":true,"href":"https:\/\/www.region-schwabach.de\/wordpress\/wp-json\/wp\/v2\/users\/1"}],"replies":[{"embeddable":true,"href":"https:\/\/www.region-schwabach.de\/wordpress\/wp-json\/wp\/v2\/comments?post=196940"}],"version-history":[{"count":0,"href":"https:\/\/www.region-schwabach.de\/wordpress\/wp-json\/wp\/v2\/posts\/196940\/revisions"}],"wp:featuredmedia":[{"embeddable":true,"href":"https:\/\/www.region-schwabach.de\/wordpress\/wp-json\/wp\/v2\/media\/196941"}],"wp:attachment":[{"href":"https:\/\/www.region-schwabach.de\/wordpress\/wp-json\/wp\/v2\/media?parent=196940"}],"wp:term":[{"taxonomy":"category","embeddable":true,"href":"https:\/\/www.region-schwabach.de\/wordpress\/wp-json\/wp\/v2\/categories?post=196940"},{"taxonomy":"post_tag","embeddable":true,"href":"https:\/\/www.region-schwabach.de\/wordpress\/wp-json\/wp\/v2\/tags?post=196940"}],"curies":[{"name":"wp","href":"https:\/\/api.w.org\/{rel}","templated":true}]}}