{"id":196947,"date":"2023-03-03T01:30:00","date_gmt":"2023-03-03T00:30:00","guid":{"rendered":"https:\/\/www.region-schwabach.de\/wordpress\/?p=196947"},"modified":"2023-03-03T05:14:57","modified_gmt":"2023-03-03T04:14:57","slug":"museomusicale-xi-vera-mohrs-mit-gefieder-lieder-am-freitag-den-3-marz-2023-im-stadtmuseum-schwabach","status":"publish","type":"post","link":"https:\/\/www.region-schwabach.de\/wordpress\/museomusicale-xi-vera-mohrs-mit-gefieder-lieder-am-freitag-den-3-marz-2023-im-stadtmuseum-schwabach\/","title":{"rendered":"museomusicale XI: Vera Mohrs mit Gefieder-Lieder am Freitag, den 3. M\u00e4rz 2023, im Stadtmuseum Schwabach"},"content":{"rendered":"\t\t<div data-elementor-type=\"wp-post\" data-elementor-id=\"196947\" class=\"elementor elementor-196947\">\n\t\t\t\t\t\t<section class=\"elementor-section elementor-top-section elementor-element elementor-element-678181b elementor-section-boxed elementor-section-height-default elementor-section-height-default\" data-id=\"678181b\" data-element_type=\"section\">\n\t\t\t\t\t\t<div class=\"elementor-container elementor-column-gap-default\">\n\t\t\t\t\t<div class=\"elementor-column elementor-col-50 elementor-top-column elementor-element elementor-element-6b34026\" data-id=\"6b34026\" data-element_type=\"column\">\n\t\t\t<div class=\"elementor-widget-wrap elementor-element-populated\">\n\t\t\t\t\t\t<div class=\"elementor-element elementor-element-5d1b797 elementor-widget elementor-widget-wp-widget-advads_ad_widget\" data-id=\"5d1b797\" data-element_type=\"widget\" data-widget_type=\"wp-widget-advads_ad_widget.default\">\n\t\t\t\t<div class=\"elementor-widget-container\">\n\t\t\t<div id=\"regio-2094381443\"><div class=\"regio-adlabel\">Werbung<\/div><center><a href=\"https:\/\/a.partner-versicherung.de\/click.php?partner_id=19992&ad_id=1578&deep=kreditkarten\"  target=\"_blank\"><img decoding=\"async\" src=\"https:\/\/a.partner-versicherung.de\/view.php?partner_id=19992&ad_id=1578\" ><\/a><\/center><\/div>\t\t<\/div>\n\t\t\t\t<\/div>\n\t\t\t\t<div class=\"elementor-element elementor-element-443ab98 elementor-widget elementor-widget-text-editor\" data-id=\"443ab98\" data-element_type=\"widget\" data-widget_type=\"text-editor.default\">\n\t\t\t\t<div class=\"elementor-widget-container\">\n\t\t\t\t\t\t\t<h3>Am Freitag, den 3. M\u00e4rz 2023, um 19.30 Uhr:\u00a0<br \/>museomusicale XI: <span id=\"page49R_mcid12\" class=\"markedContent\"><span dir=\"ltr\" role=\"presentation\">Vera Mohrs mit Gefieder-Lieder\u00a0<\/span><\/span><\/h3><p><span style=\"font-size: 12pt;\"><strong>museomusicale XI mit Vera Mohrs &amp; Musiker:innen des Vereins Metropolmusik<\/strong><\/span><\/p><p><span style=\"font-size: 12pt;\">Schwabach &#8211; <span id=\"page49R_mcid13\" class=\"markedContent\"><span dir=\"ltr\" role=\"presentation\">Zum 11. Mal l\u00e4dt das Kulturamt Schwabach zu einem museomusicale-<\/span><span dir=\"ltr\" role=\"presentation\">Konzert am Freitag, den 3. M\u00e4rz 2023, ein \u2013 diesmal ins Stadtmuseum Schwabach in der Museumsstra\u00dfe<\/span><span dir=\"ltr\" role=\"presentation\">. Das Konzert beginnt um 19.30 Uhr.<\/span><\/span><span id=\"page49R_mcid14\" class=\"markedContent\"><\/span><span id=\"page49R_mcid15\" class=\"markedContent\"><br role=\"presentation\" \/><\/span><\/span><\/p><p><span style=\"font-size: 12pt;\">Vera Mohrs, seit der Spielzeit 2018\/19 am Staatstheater N\u00fcrnberg als musikalische Leitung und Live-Musikerin in Theaterproduktionen t\u00e4tig, stellt am 3. M\u00e4rz 2023 im Rahmen der Musikreihe \u201emuseomusicale\u201c ihr Album mit dem Titel \u201eGefieder\u201c im Stadtmuseum vor.<\/span><\/p><p><span style=\"font-size: 12pt;\">Entstanden in Zusammenarbeit mit ihrem Kollegen Kostia Rapoport, treffen bei \u201eGefieder-Lieder\u201c sentimental-fragile Gesangsmelodien auf verhallte Klangfl\u00e4chen und poetische Texte. Die Songs bleiben dabei immer Popmusik-kompatibel und besitzen Ohrwurm-Potenzial.<\/span><\/p><p><span style=\"font-size: 12pt;\">Neben den originalen Gefieder-Liedern, die Vera Mohrs an Gesang und Klavier vortr\u00e4gt, gibt es im Konzert Neubearbeitungen und Antworttexte von Musiker:innen der Metropolmusik N\u00fcrnberg als Solo, Duett und Quintett. Der aus Schwabach stammende Komponist, Arrangeur und Pianist Peter Fulda hat hierzu Songs f\u00fcr eine 5-k\u00f6pfige Besetzung arrangiert. Die S\u00e4ngerin und Texterin Elena Roeder hat Antworttexte auf die Lieder verfasst, mit deren lyrisch-musikalischem Vortrag sie das Konzert erg\u00e4nzt. \u00a0<\/span><\/p><p><span style=\"font-size: 12pt;\">Das Album GEFIEDER ist als Kunstbuch und als Notenheft ver\u00f6ffentlicht. Die 14 Songs entstanden an 14 Tagen und erz\u00e4hlen von Astronauten und Galaxien, von Utopien und ihrem Verrat. Von Rastlosigkeit und Gestaltungswut, Puppenspielertricks, Gesangscastings, der Wohnungssuche in Gro\u00dfst\u00e4dten und dem Generationenwandel. Zu jedem Lied hat eine bildende K\u00fcnstlerin\/ein bildender K\u00fcnstler ein Bild geschaffen.\u00a0<\/span><\/p><h3>museomusicale<\/h3><p><span style=\"font-size: 12pt;\">Hinter dem Titel \u201emuseomusicale\u201c verbirgt sich seit Anfang 2016 eine ganz besondere Konzertreihe des Kulturamtes Schwabach, die frische musikalische Ideen und Projekte pr\u00e4sentiert. Im intimen Rahmen des Schwabacher Stadtmuseums erwartet die Besucher:innen ein au\u00dfergew\u00f6hnlicher Musikabend allererster G\u00fcte. Wie immer verspricht das Label MetropolMusik N\u00fcrnberg au\u00dfergew\u00f6hnlichen Musikgenuss.<\/span><\/p><p><span style=\"font-size: 12pt;\"><span id=\"page49R_mcid18\" class=\"markedContent\"><span dir=\"ltr\" role=\"presentation\">Konzertkarten sind online \u00fcber www.reservix.de und im B\u00fcrgerb\u00fcro im <\/span><span dir=\"ltr\" role=\"presentation\">Rathaus, beim Schwabacher Tagblatt, Spitalberg 3, im Ticket-Paradise im <\/span><\/span><\/span><span style=\"font-size: 12pt;\"><span class=\"markedContent\"><span dir=\"ltr\" role=\"presentation\">ORO-Einkaufszentrum sowie bundesweit an allen weiteren Reservix-<\/span><span dir=\"ltr\" role=\"presentation\">Vorverkaufsstellen. Eintrittspreise: Vorverkauf 15 \u20ac\/erm. 12 \u20ac und <\/span><\/span><\/span>Abendkasse: 17,- \u20ac\/erm.* 14,- \u20ac\u00a0<\/p><p><span style=\"font-size: 12pt;\">*Erm\u00e4\u00dfigung f\u00fcr Jugendliche, Studierende, Besitzende der Schwabach-Ehrenamtskarte, Kulturkarte und des Schwabach-Passes, Menschen mit Behinderung ab 50 %. Bei Merkzeichen B Begleitperson frei gegen Vorlage eines entsprechenden Ausweises.<\/span><\/p><p><span style=\"font-size: 12pt;\"><span id=\"page1R_mcid2\" class=\"markedContent\"><span dir=\"ltr\" role=\"presentation\">Weitere Informationen: <a href=\"http:\/\/www.schwabach.de\/museomusicale\" target=\"_blank\" rel=\"noopener\">www.schwabach.de\/museomusicale<\/a>, Telefon 09122-<\/span><span dir=\"ltr\" role=\"presentation\">860-305 (Kulturamt), E-Mail:<\/span><\/span><a href=\"mailto:kulturamt@schwabach.de\" target=\"_blank\" rel=\"noopener\"><span id=\"page1R_mcid3\" class=\"markedContent\"> <span dir=\"ltr\" role=\"presentation\">kulturamt@schwabach.de<\/span><\/span><\/a><span id=\"page1R_mcid4\" class=\"markedContent\"><\/span><span id=\"page1R_mcid5\" class=\"markedContent\"><\/span><span id=\"page1R_mcid6\" class=\"markedContent\"><br role=\"presentation\" \/><\/span><\/span><\/p><p><strong><span style=\"font-size: 12pt;\"><span id=\"page1R_mcid6\" class=\"markedContent\"><span dir=\"ltr\" role=\"presentation\">Foto (Vera Mohrs, Abdruck honorarfrei): Vera Mohrs\u00a0<\/span><\/span><\/span><\/strong><\/p><h3>Weiterf\u00fchrende Links:<\/h3><p><span style=\"font-size: 12pt;\"><a href=\"http:\/\/www.schwabach.de\/museomusicale\" target=\"_blank\" rel=\"noopener\">Weitere Infos zu museomusicale gibt es hier &#8230;<\/a><\/span><\/p>\t\t\t\t\t\t<\/div>\n\t\t\t\t<\/div>\n\t\t\t\t<div class=\"elementor-element elementor-element-5dec88c elementor-widget elementor-widget-shortcode\" data-id=\"5dec88c\" data-element_type=\"widget\" data-widget_type=\"shortcode.default\">\n\t\t\t\t<div class=\"elementor-widget-container\">\n\t\t\t\t\t<div class=\"elementor-shortcode\"><!-- Beginn https:\/\/www.financeads.net\/-Code --><a href=\"https:\/\/www.financeads.net\/tc.php?t=36648C38513858B\" target=\"_blank\"><center><img decoding=\"async\" src=\"https:\/\/www.financeads.net\/tb.php?t=36648V38513858B&https=1\" alt=\"\" border=\"0\" width=\"468\" height=\"60\"><\/a><!-- Ende https:\/\/www.financeads.net\/-Code --><\/div>\n\t\t\t\t<\/div>\n\t\t\t\t<\/div>\n\t\t\t\t<div class=\"elementor-element elementor-element-2c99766 elementor-widget elementor-widget-google_maps\" data-id=\"2c99766\" data-element_type=\"widget\" data-widget_type=\"google_maps.default\">\n\t\t\t\t<div class=\"elementor-widget-container\">\n\t\t\t\t\t<div class=\"elementor-custom-embed\">\n\t\t\t<iframe loading=\"lazy\"\n\t\t\t\t\tsrc=\"https:\/\/maps.google.com\/maps?q=Museumsstra%C3%9Fe%201%2C%20Schwabach%2C%20Deutschland&#038;t=m&#038;z=17&#038;output=embed&#038;iwloc=near\"\n\t\t\t\t\ttitle=\"Museumsstra\u00dfe 1, Schwabach, Deutschland\"\n\t\t\t\t\taria-label=\"Museumsstra\u00dfe 1, Schwabach, Deutschland\"\n\t\t\t><\/iframe>\n\t\t<\/div>\n\t\t\t\t<\/div>\n\t\t\t\t<\/div>\n\t\t\t\t\t<\/div>\n\t\t<\/div>\n\t\t\t\t<div class=\"elementor-column elementor-col-50 elementor-top-column elementor-element elementor-element-b2d7762\" data-id=\"b2d7762\" data-element_type=\"column\">\n\t\t\t<div class=\"elementor-widget-wrap elementor-element-populated\">\n\t\t\t\t\t\t<div class=\"elementor-element elementor-element-75ddad1 elementor-widget elementor-widget-heading\" data-id=\"75ddad1\" data-element_type=\"widget\" data-widget_type=\"heading.default\">\n\t\t\t\t<div class=\"elementor-widget-container\">\n\t\t\t<h3 class=\"elementor-heading-title elementor-size-default\">Schnell vergleichen und sparen!<\/h3>\t\t<\/div>\n\t\t\t\t<\/div>\n\t\t\t\t<div class=\"elementor-element elementor-element-2ca467d elementor-widget elementor-widget-wp-widget-advads_ad_widget\" data-id=\"2ca467d\" data-element_type=\"widget\" data-widget_type=\"wp-widget-advads_ad_widget.default\">\n\t\t\t\t<div class=\"elementor-widget-container\">\n\t\t\t<div id=\"regio-2210939383\"><div class=\"regio-adlabel\">Werbung<\/div><!-- Beginn https:\/\/www.financeads.net\/-Code --><a href=\"https:\/\/www.financeads.net\/tc.php?t=36648C236142529B\" target=\"_blank\"><img fetchpriority=\"high\" decoding=\"async\" src=\"https:\/\/www.financeads.net\/tb.php?t=36648V236142529B&https=1\" alt=\"\" border=\"0\" width=\"300\" height=\"250\"><\/a><!-- Ende https:\/\/www.financeads.net\/-Code --><\/div>\t\t<\/div>\n\t\t\t\t<\/div>\n\t\t\t\t<div class=\"elementor-element elementor-element-237ce0f elementor-widget elementor-widget-wp-widget-advads_ad_widget\" data-id=\"237ce0f\" data-element_type=\"widget\" data-widget_type=\"wp-widget-advads_ad_widget.default\">\n\t\t\t\t<div class=\"elementor-widget-container\">\n\t\t\t<div id=\"regio-3163101855\"><div class=\"regio-adlabel\">Werbung<\/div><!-- Beginn https:\/\/www.financeads.net\/-Code --><a href=\"https:\/\/www.financeads.net\/tc.php?t=36648C42614510B\" target=\"_blank\"><img decoding=\"async\" src=\"https:\/\/www.financeads.net\/tb.php?t=36648V42614510B&https=1\" alt=\"\" border=\"0\" width=\"200\" height=\"300\"><\/a><!-- Ende https:\/\/www.financeads.net\/-Code --><\/div>\t\t<\/div>\n\t\t\t\t<\/div>\n\t\t\t\t<div class=\"elementor-element elementor-element-67abb4d elementor-widget elementor-widget-wp-widget-advads_ad_widget\" data-id=\"67abb4d\" data-element_type=\"widget\" data-widget_type=\"wp-widget-advads_ad_widget.default\">\n\t\t\t\t<div class=\"elementor-widget-container\">\n\t\t\t<div id=\"regio-811431859\"><div class=\"regio-adlabel\">Werbung<\/div><!-- Beginn https:\/\/www.financeads.net\/-Code --><a href=\"https:\/\/www.financeads.net\/tc.php?t=36648C205040072B\" target=\"_blank\"><img loading=\"lazy\" decoding=\"async\" src=\"https:\/\/www.financeads.net\/tb.php?t=36648V205040072B&https=1\" alt=\"\" border=\"0\" width=\"300\" height=\"250\"><\/a><!-- Ende https:\/\/www.financeads.net\/-Code --><\/div>\t\t<\/div>\n\t\t\t\t<\/div>\n\t\t\t\t<div class=\"elementor-element elementor-element-bd6d67f elementor-widget elementor-widget-wp-widget-advads_ad_widget\" data-id=\"bd6d67f\" data-element_type=\"widget\" data-widget_type=\"wp-widget-advads_ad_widget.default\">\n\t\t\t\t<div class=\"elementor-widget-container\">\n\t\t\t<div id=\"regio-3250541898\"><div class=\"regio-adlabel\">Werbung<\/div><!-- Beginn https:\/\/www.financeads.net\/-Code --><a href=\"https:\/\/www.financeads.net\/tc.php?t=36648C271460142B\" target=\"_blank\"><img loading=\"lazy\" decoding=\"async\" src=\"https:\/\/www.financeads.net\/tb.php?t=36648V271460142B&https=1\" alt=\"PETPROTECT_Hund&Katze_Banner\" border=\"0\" width=\"250\" height=\"250\"><\/a><!-- Ende https:\/\/www.financeads.net\/-Code --><\/div>\t\t<\/div>\n\t\t\t\t<\/div>\n\t\t\t\t\t<\/div>\n\t\t<\/div>\n\t\t\t\t\t<\/div>\n\t\t<\/section>\n\t\t\t\t<\/div>\n\t\t","protected":false},"excerpt":{"rendered":"<div class=\"mh-excerpt\"><p>Am Freitag, den 3. M\u00e4rz 2023, um 19.30 Uhr:&nbsp; museomusicale XI: Vera Mohrs mit Gefieder-Lieder&nbsp; museomusicale XI mit Vera Mohrs &amp; Musiker:innen des Vereins Metropolmusik Schwabach &#8211; Zum 11. Mal l\u00e4dt das Kulturamt Schwabach zu <a class=\"mh-excerpt-more\" href=\"https:\/\/www.region-schwabach.de\/wordpress\/museomusicale-xi-vera-mohrs-mit-gefieder-lieder-am-freitag-den-3-marz-2023-im-stadtmuseum-schwabach\/\" title=\"museomusicale XI: Vera Mohrs mit Gefieder-Lieder am Freitag, den 3. M\u00e4rz 2023, im Stadtmuseum Schwabach\">[&#8230;]<\/a><\/p>\n<\/div>","protected":false},"author":1,"featured_media":196948,"comment_status":"open","ping_status":"open","sticky":false,"template":"","format":"standard","meta":{"_cbd_carousel_blocks":"[]","footnotes":""},"categories":[16,287,61,7504,231,46],"tags":[21832,21833,21836,522,3128,14305,21834,18676,420,1480,19,3151,3739,21835],"class_list":{"0":"post-196947","1":"post","2":"type-post","3":"status-publish","4":"format-standard","5":"has-post-thumbnail","7":"category-aktuell","8":"category-jugend-und-familie","9":"category-rathaus","10":"category-stadtmuseum-nachrichten","11":"category-veranstaltungsnews","12":"category-verbaende","13":"tag-03-03-2023","14":"tag-3-maerz-2023","15":"tag-gefieder-lieder","16":"tag-koenigsplatz","17":"tag-konzert","18":"tag-kulturamt","19":"tag-museomusicale-xi","20":"tag-museomusicale-konzert","21":"tag-museumsstrasse","22":"tag-rathaus","23":"tag-schwabach","24":"tag-stadt-schwabach","25":"tag-stadtmuseum","26":"tag-vera-mohrs"},"_links":{"self":[{"href":"https:\/\/www.region-schwabach.de\/wordpress\/wp-json\/wp\/v2\/posts\/196947","targetHints":{"allow":["GET"]}}],"collection":[{"href":"https:\/\/www.region-schwabach.de\/wordpress\/wp-json\/wp\/v2\/posts"}],"about":[{"href":"https:\/\/www.region-schwabach.de\/wordpress\/wp-json\/wp\/v2\/types\/post"}],"author":[{"embeddable":true,"href":"https:\/\/www.region-schwabach.de\/wordpress\/wp-json\/wp\/v2\/users\/1"}],"replies":[{"embeddable":true,"href":"https:\/\/www.region-schwabach.de\/wordpress\/wp-json\/wp\/v2\/comments?post=196947"}],"version-history":[{"count":0,"href":"https:\/\/www.region-schwabach.de\/wordpress\/wp-json\/wp\/v2\/posts\/196947\/revisions"}],"wp:featuredmedia":[{"embeddable":true,"href":"https:\/\/www.region-schwabach.de\/wordpress\/wp-json\/wp\/v2\/media\/196948"}],"wp:attachment":[{"href":"https:\/\/www.region-schwabach.de\/wordpress\/wp-json\/wp\/v2\/media?parent=196947"}],"wp:term":[{"taxonomy":"category","embeddable":true,"href":"https:\/\/www.region-schwabach.de\/wordpress\/wp-json\/wp\/v2\/categories?post=196947"},{"taxonomy":"post_tag","embeddable":true,"href":"https:\/\/www.region-schwabach.de\/wordpress\/wp-json\/wp\/v2\/tags?post=196947"}],"curies":[{"name":"wp","href":"https:\/\/api.w.org\/{rel}","templated":true}]}}