{"id":197386,"date":"2023-03-08T01:00:00","date_gmt":"2023-03-08T00:00:00","guid":{"rendered":"https:\/\/www.region-schwabach.de\/wordpress\/?p=197386"},"modified":"2023-03-07T21:58:07","modified_gmt":"2023-03-07T20:58:07","slug":"mitmachkonzert-hor-ich-musik-heb-ich-ab-ein-ausflug-mit-dem-musikalischen-regenschirm-am-mittwoch-den-8-marz-2023","status":"publish","type":"post","link":"https:\/\/www.region-schwabach.de\/wordpress\/mitmachkonzert-hor-ich-musik-heb-ich-ab-ein-ausflug-mit-dem-musikalischen-regenschirm-am-mittwoch-den-8-marz-2023\/","title":{"rendered":"Mitmachkonzert &#8222;H\u00f6r ich Musik, heb&#8216; ich ab &#8211; ein Ausflug mit dem musikalischen Regenschirm&#8220; am Mittwoch, den 8. M\u00e4rz 2023"},"content":{"rendered":"\t\t<div data-elementor-type=\"wp-post\" data-elementor-id=\"197386\" class=\"elementor elementor-197386\">\n\t\t\t\t\t\t<section class=\"elementor-section elementor-top-section elementor-element elementor-element-678181b elementor-section-boxed elementor-section-height-default elementor-section-height-default\" data-id=\"678181b\" data-element_type=\"section\">\n\t\t\t\t\t\t<div class=\"elementor-container elementor-column-gap-default\">\n\t\t\t\t\t<div class=\"elementor-column elementor-col-50 elementor-top-column elementor-element elementor-element-6b34026\" data-id=\"6b34026\" data-element_type=\"column\">\n\t\t\t<div class=\"elementor-widget-wrap elementor-element-populated\">\n\t\t\t\t\t\t<div class=\"elementor-element elementor-element-480e34f elementor-widget elementor-widget-wp-widget-advads_ad_widget\" data-id=\"480e34f\" data-element_type=\"widget\" data-widget_type=\"wp-widget-advads_ad_widget.default\">\n\t\t\t\t<div class=\"elementor-widget-container\">\n\t\t\t<div id=\"regio-2707066484\"><div class=\"regio-adlabel\">Werbung<\/div><center><a href=\"https:\/\/a.partner-versicherung.de\/click.php?partner_id=19992&ad_id=1578&deep=kreditkarten\"  target=\"_blank\"><img decoding=\"async\" src=\"https:\/\/a.partner-versicherung.de\/view.php?partner_id=19992&ad_id=1578\" ><\/a><\/center><\/div>\t\t<\/div>\n\t\t\t\t<\/div>\n\t\t\t\t<div class=\"elementor-element elementor-element-443ab98 elementor-widget elementor-widget-text-editor\" data-id=\"443ab98\" data-element_type=\"widget\" data-widget_type=\"text-editor.default\">\n\t\t\t\t<div class=\"elementor-widget-container\">\n\t\t\t\t\t\t\t<h3>Mittwoch, den 8. M\u00e4rz 2023, 16.30 Uhr:<br \/>Mitmachkonzert \u201eH\u00f6r ich Musik, heb\u2018 ich ab\u201c<\/h3><p><span style=\"font-size: 12pt;\">Schwabach &#8211; <span id=\"page36R_mcid14\" class=\"markedContent\"><span dir=\"ltr\" role=\"presentation\">Nach dreij\u00e4hriger Pause findet am Mittwoch, 8. M\u00e4rz um 16:30 Uhr wieder das <\/span><span dir=\"ltr\" role=\"presentation\">Mitmach-Konzert der Adolph von Henselt-Musikschule im Evangelischen Haus, <\/span><span dir=\"ltr\" role=\"presentation\">Wittelsbacherstra\u00dfe 4, statt. Es ist mittlerweile das 7. Konzert unter Leitung <\/span><span dir=\"ltr\" role=\"presentation\">und Organisation von Almut Sch\u00f6ller, der Lehrkraft f\u00fcr Elementare Musikp\u00e4da<\/span><span dir=\"ltr\" role=\"presentation\">gogik und Klavier.<\/span><\/span><span id=\"page36R_mcid15\" class=\"markedContent\"><\/span><span id=\"page36R_mcid16\" class=\"markedContent\"><br role=\"presentation\" \/><\/span><\/span><\/p><p><span style=\"font-size: 12pt;\"><span id=\"page36R_mcid16\" class=\"markedContent\"><span dir=\"ltr\" role=\"presentation\">Die Idee hinter dem Mitmach-Konzert ist es, einen echten Konzerteindruck mit <\/span><span dir=\"ltr\" role=\"presentation\">eigenem Musizieren der Kinder zu verbinden. Das Mitmachlied zieht sich dabei <\/span><span dir=\"ltr\" role=\"presentation\">als roter Faden durch die selbsterfundene Geschichte, und zwischen den <\/span><span dir=\"ltr\" role=\"presentation\">Beitr\u00e4gen der Instrumental-Sch\u00fcler d\u00fcrfen die Kinder immer wieder das Lied <\/span><span dir=\"ltr\" role=\"presentation\">mitsingen.\u00a0<\/span><\/span><\/span><span style=\"font-size: 12pt;\"><span id=\"page36R_mcid16\" class=\"markedContent\"><span dir=\"ltr\" role=\"presentation\">H\u00f6hepunkt ist immer der gemeinsame Abschluss.<\/span><\/span><span id=\"page36R_mcid17\" class=\"markedContent\"><\/span><span id=\"page36R_mcid18\" class=\"markedContent\"><br role=\"presentation\" \/><\/span><\/span><\/p><p><span style=\"font-size: 12pt;\"><span id=\"page36R_mcid18\" class=\"markedContent\"><span dir=\"ltr\" role=\"presentation\">In diesem Jahr d\u00fcrfen sich die Kinder auf einen Ausflug mit dem musikalischen <\/span><span dir=\"ltr\" role=\"presentation\">Regenschirm, unter dem Titel \u201eH\u00f6r ich Musik \u2013 heb&#8216; ich ab\u201c. Die Kinder werden <\/span><span dir=\"ltr\" role=\"presentation\">dabei mit Hilfe der Musik durch die Luft getragen.\u00a0<\/span><\/span><span id=\"page36R_mcid19\" class=\"markedContent\"><\/span><span id=\"page36R_mcid20\" class=\"markedContent\"><br role=\"presentation\" \/><\/span><\/span><\/p><p><span style=\"font-size: 12pt;\"><span id=\"page36R_mcid20\" class=\"markedContent\"><span dir=\"ltr\" role=\"presentation\">Das Konzert ist f\u00fcr Kinder von vier bis acht Jahren geeignet, der Eintritt ist frei.\u00a0<\/span><\/span><\/span><\/p><h3>Weiterf\u00fchrende Links:<\/h3><p><span style=\"font-size: 12pt;\"><a href=\"http:\/\/www.schwabach.de\/de\/schwabach-erleben\/kultur\/einrichtungen\/musikschule.html\" target=\"_blank\" rel=\"noopener\">Homepage Adolph von Henselt-Musikschule &#8230;<\/a><\/span><\/p>\t\t\t\t\t\t<\/div>\n\t\t\t\t<\/div>\n\t\t\t\t<div class=\"elementor-element elementor-element-9ca12e2 elementor-widget elementor-widget-google_maps\" data-id=\"9ca12e2\" data-element_type=\"widget\" data-widget_type=\"google_maps.default\">\n\t\t\t\t<div class=\"elementor-widget-container\">\n\t\t\t\t\t<div class=\"elementor-custom-embed\">\n\t\t\t<iframe loading=\"lazy\"\n\t\t\t\t\tsrc=\"https:\/\/maps.google.com\/maps?q=Wittelsbacherstra%C3%9Fe%204%2C%20Schwabach%2C%20Deutschland&#038;t=m&#038;z=16&#038;output=embed&#038;iwloc=near\"\n\t\t\t\t\ttitle=\"Wittelsbacherstra\u00dfe 4, Schwabach, Deutschland\"\n\t\t\t\t\taria-label=\"Wittelsbacherstra\u00dfe 4, Schwabach, Deutschland\"\n\t\t\t><\/iframe>\n\t\t<\/div>\n\t\t\t\t<\/div>\n\t\t\t\t<\/div>\n\t\t\t\t\t<\/div>\n\t\t<\/div>\n\t\t\t\t<div class=\"elementor-column elementor-col-50 elementor-top-column elementor-element elementor-element-635a0e1\" data-id=\"635a0e1\" data-element_type=\"column\">\n\t\t\t<div class=\"elementor-widget-wrap elementor-element-populated\">\n\t\t\t\t\t\t<div class=\"elementor-element elementor-element-d0e9452 elementor-widget elementor-widget-heading\" data-id=\"d0e9452\" data-element_type=\"widget\" data-widget_type=\"heading.default\">\n\t\t\t\t<div class=\"elementor-widget-container\">\n\t\t\t<h3 class=\"elementor-heading-title elementor-size-default\">Schnell vergleichen und sparen!<\/h3>\t\t<\/div>\n\t\t\t\t<\/div>\n\t\t\t\t<div class=\"elementor-element elementor-element-37a0690 elementor-widget elementor-widget-wp-widget-advads_ad_widget\" data-id=\"37a0690\" data-element_type=\"widget\" data-widget_type=\"wp-widget-advads_ad_widget.default\">\n\t\t\t\t<div class=\"elementor-widget-container\">\n\t\t\t<div id=\"regio-693521124\"><div class=\"regio-adlabel\">Werbung<\/div><!-- Beginn https:\/\/www.financeads.net\/-Code --><a href=\"https:\/\/www.financeads.net\/tc.php?t=36648C236142529B\" target=\"_blank\"><img fetchpriority=\"high\" decoding=\"async\" src=\"https:\/\/www.financeads.net\/tb.php?t=36648V236142529B&https=1\" alt=\"\" border=\"0\" width=\"300\" height=\"250\"><\/a><!-- Ende https:\/\/www.financeads.net\/-Code --><\/div>\t\t<\/div>\n\t\t\t\t<\/div>\n\t\t\t\t<div class=\"elementor-element elementor-element-0f2675d elementor-widget elementor-widget-wp-widget-advads_ad_widget\" data-id=\"0f2675d\" data-element_type=\"widget\" data-widget_type=\"wp-widget-advads_ad_widget.default\">\n\t\t\t\t<div class=\"elementor-widget-container\">\n\t\t\t<div id=\"regio-3475873799\"><div class=\"regio-adlabel\">Werbung<\/div><!-- Beginn https:\/\/www.financeads.net\/-Code --><a href=\"https:\/\/www.financeads.net\/tc.php?t=36648C42614510B\" target=\"_blank\"><img decoding=\"async\" src=\"https:\/\/www.financeads.net\/tb.php?t=36648V42614510B&https=1\" alt=\"\" border=\"0\" width=\"200\" height=\"300\"><\/a><!-- Ende https:\/\/www.financeads.net\/-Code --><\/div>\t\t<\/div>\n\t\t\t\t<\/div>\n\t\t\t\t<div class=\"elementor-element elementor-element-d9a1bcb elementor-widget elementor-widget-wp-widget-advads_ad_widget\" data-id=\"d9a1bcb\" data-element_type=\"widget\" data-widget_type=\"wp-widget-advads_ad_widget.default\">\n\t\t\t\t<div class=\"elementor-widget-container\">\n\t\t\t<div id=\"regio-1712997567\"><div class=\"regio-adlabel\">Werbung<\/div><!-- Beginn https:\/\/www.financeads.net\/-Code --><a href=\"https:\/\/www.financeads.net\/tc.php?t=36648C205040072B\" target=\"_blank\"><img decoding=\"async\" src=\"https:\/\/www.financeads.net\/tb.php?t=36648V205040072B&https=1\" alt=\"\" border=\"0\" width=\"300\" height=\"250\"><\/a><!-- Ende https:\/\/www.financeads.net\/-Code --><\/div>\t\t<\/div>\n\t\t\t\t<\/div>\n\t\t\t\t<div class=\"elementor-element elementor-element-86f9c66 elementor-widget elementor-widget-wp-widget-advads_ad_widget\" data-id=\"86f9c66\" data-element_type=\"widget\" data-widget_type=\"wp-widget-advads_ad_widget.default\">\n\t\t\t\t<div class=\"elementor-widget-container\">\n\t\t\t<div id=\"regio-3011839146\"><div class=\"regio-adlabel\">Werbung<\/div><!-- Beginn https:\/\/www.financeads.net\/-Code --><a href=\"https:\/\/www.financeads.net\/tc.php?t=36648C271460142B\" target=\"_blank\"><img loading=\"lazy\" decoding=\"async\" src=\"https:\/\/www.financeads.net\/tb.php?t=36648V271460142B&https=1\" alt=\"PETPROTECT_Hund&Katze_Banner\" border=\"0\" width=\"250\" height=\"250\"><\/a><!-- Ende https:\/\/www.financeads.net\/-Code --><\/div>\t\t<\/div>\n\t\t\t\t<\/div>\n\t\t\t\t\t<\/div>\n\t\t<\/div>\n\t\t\t\t\t<\/div>\n\t\t<\/section>\n\t\t\t\t<\/div>\n\t\t","protected":false},"excerpt":{"rendered":"<div class=\"mh-excerpt\"><p>Mittwoch, den 8. M\u00e4rz 2023, 16.30 Uhr:Mitmachkonzert \u201eH\u00f6r ich Musik, heb\u2018 ich ab\u201c Schwabach &#8211; Nach dreij\u00e4hriger Pause findet am Mittwoch, 8. M\u00e4rz um 16:30 Uhr wieder das Mitmach-Konzert der Adolph von Henselt-Musikschule im Evangelischen <a class=\"mh-excerpt-more\" href=\"https:\/\/www.region-schwabach.de\/wordpress\/mitmachkonzert-hor-ich-musik-heb-ich-ab-ein-ausflug-mit-dem-musikalischen-regenschirm-am-mittwoch-den-8-marz-2023\/\" title=\"Mitmachkonzert &#8222;H\u00f6r ich Musik, heb&#8216; ich ab &#8211; ein Ausflug mit dem musikalischen Regenschirm&#8220; am Mittwoch, den 8. M\u00e4rz 2023\">[&#8230;]<\/a><\/p>\n<\/div>","protected":false},"author":1,"featured_media":197387,"comment_status":"open","ping_status":"open","sticky":false,"template":"","format":"standard","meta":{"_cbd_carousel_blocks":"[]","footnotes":""},"categories":[16,287,61,231,140],"tags":[21883,21884,4387,21882,650,21881,8193,19,2678],"class_list":{"0":"post-197386","1":"post","2":"type-post","3":"status-publish","4":"format-standard","5":"has-post-thumbnail","7":"category-aktuell","8":"category-jugend-und-familie","9":"category-rathaus","10":"category-veranstaltungsnews","11":"category-vereine","12":"tag-08-03-2023","13":"tag-8-maerz-2023","14":"tag-adolph-von-henselt-musikschule","15":"tag-almut-schoeller","16":"tag-evangelisches-haus","17":"tag-hoer-ich-musik-heb-ich-ab-ein-ausflug-mit-dem-musikalischen-regenschirm","18":"tag-mitmachkonzert","19":"tag-schwabach","20":"tag-wittelsbacherstrasse"},"_links":{"self":[{"href":"https:\/\/www.region-schwabach.de\/wordpress\/wp-json\/wp\/v2\/posts\/197386","targetHints":{"allow":["GET"]}}],"collection":[{"href":"https:\/\/www.region-schwabach.de\/wordpress\/wp-json\/wp\/v2\/posts"}],"about":[{"href":"https:\/\/www.region-schwabach.de\/wordpress\/wp-json\/wp\/v2\/types\/post"}],"author":[{"embeddable":true,"href":"https:\/\/www.region-schwabach.de\/wordpress\/wp-json\/wp\/v2\/users\/1"}],"replies":[{"embeddable":true,"href":"https:\/\/www.region-schwabach.de\/wordpress\/wp-json\/wp\/v2\/comments?post=197386"}],"version-history":[{"count":0,"href":"https:\/\/www.region-schwabach.de\/wordpress\/wp-json\/wp\/v2\/posts\/197386\/revisions"}],"wp:featuredmedia":[{"embeddable":true,"href":"https:\/\/www.region-schwabach.de\/wordpress\/wp-json\/wp\/v2\/media\/197387"}],"wp:attachment":[{"href":"https:\/\/www.region-schwabach.de\/wordpress\/wp-json\/wp\/v2\/media?parent=197386"}],"wp:term":[{"taxonomy":"category","embeddable":true,"href":"https:\/\/www.region-schwabach.de\/wordpress\/wp-json\/wp\/v2\/categories?post=197386"},{"taxonomy":"post_tag","embeddable":true,"href":"https:\/\/www.region-schwabach.de\/wordpress\/wp-json\/wp\/v2\/tags?post=197386"}],"curies":[{"name":"wp","href":"https:\/\/api.w.org\/{rel}","templated":true}]}}