{"id":197858,"date":"2023-03-10T01:30:00","date_gmt":"2023-03-10T00:30:00","guid":{"rendered":"https:\/\/www.region-schwabach.de\/wordpress\/?p=197858"},"modified":"2023-03-09T20:43:32","modified_gmt":"2023-03-09T19:43:32","slug":"ob-peter-reiss-ladt-am-freitag-den-10-marz-2023-zu-einer-infoveranstaltung-zur-integrationsratswahl-ein","status":"publish","type":"post","link":"https:\/\/www.region-schwabach.de\/wordpress\/ob-peter-reiss-ladt-am-freitag-den-10-marz-2023-zu-einer-infoveranstaltung-zur-integrationsratswahl-ein\/","title":{"rendered":"OB Peter Rei\u00df l\u00e4dt am Freitag, den 10. M\u00e4rz 2023 zu einer Infoveranstaltung zur Integrationsratswahl ein"},"content":{"rendered":"\t\t<div data-elementor-type=\"wp-post\" data-elementor-id=\"197858\" class=\"elementor elementor-197858\">\n\t\t\t\t\t\t<section class=\"elementor-section elementor-top-section elementor-element elementor-element-678181b elementor-section-boxed elementor-section-height-default elementor-section-height-default\" data-id=\"678181b\" data-element_type=\"section\">\n\t\t\t\t\t\t<div class=\"elementor-container elementor-column-gap-default\">\n\t\t\t\t\t<div class=\"elementor-column elementor-col-50 elementor-top-column elementor-element elementor-element-6b34026\" data-id=\"6b34026\" data-element_type=\"column\">\n\t\t\t<div class=\"elementor-widget-wrap elementor-element-populated\">\n\t\t\t\t\t\t<div class=\"elementor-element elementor-element-bbadf8b elementor-widget elementor-widget-wp-widget-advads_ad_widget\" data-id=\"bbadf8b\" data-element_type=\"widget\" data-widget_type=\"wp-widget-advads_ad_widget.default\">\n\t\t\t\t<div class=\"elementor-widget-container\">\n\t\t\t<div id=\"regio-538964509\"><div class=\"regio-adlabel\">Werbung<\/div><center><a href=\"https:\/\/a.partner-versicherung.de\/click.php?partner_id=19992&ad_id=1578&deep=kreditkarten\"  target=\"_blank\"><img decoding=\"async\" src=\"https:\/\/a.partner-versicherung.de\/view.php?partner_id=19992&ad_id=1578\" ><\/a><\/center><\/div>\t\t<\/div>\n\t\t\t\t<\/div>\n\t\t\t\t<div class=\"elementor-element elementor-element-443ab98 elementor-widget elementor-widget-text-editor\" data-id=\"443ab98\" data-element_type=\"widget\" data-widget_type=\"text-editor.default\">\n\t\t\t\t<div class=\"elementor-widget-container\">\n\t\t\t\t\t\t\t<h3>Freitag, den 10. M\u00e4rz 2023, um 18.00 Uhr:\u00a0<br \/>Infoveranstaltung zur Integrationsratswahl\u00a0<\/h3><p><span style=\"font-size: 12pt;\">Schwabach &#8211; D<\/span><span style=\"font-size: 12pt;\">er Schwabacher Integrationsrat vertritt Menschen mit Migrationshintergrund in unserer Stadt. Er ber\u00e4t den Stadtrat und die Stadtverwaltung. Neun der insgesamt 16 Mitglieder werden aus der Bev\u00f6lkerung ernannt.<\/span><\/p><p><span style=\"font-size: 12pt;\">Bewerben k\u00f6nnen sich Schwabacherinnen und Schwabacher, die bei ihrer Geburt keine deutsche Staatsangeh\u00f6rigkeit hatten oder bei denen Vater oder Mutter keinen deutschen Pass hatten.<\/span><\/p><p><span style=\"font-size: 12pt;\">Die Benennung erfolgt durch die Parteien und W\u00e4hlergruppen, die im Schwabacher Stadtrat vertreten sind. Die Zahl der Mitglieder, die diese jeweils benennen k\u00f6nnen, bestimmt sich nach der Zahl der Sitze, die sie im Stadtrat haben. Mitglied in einer Partei oder einer W\u00e4hlergruppe muss man f\u00fcr die Bewerbung nicht sein.<\/span><\/p><p><span style=\"font-size: 12pt;\">Wenn Sie gerne im Schwabacher Integrationsrat mitarbeiten wollen, k\u00f6nnen Sie sich bis zum 7. April hierf\u00fcr bewerben. Sie k\u00f6nnen auch andere Personen vorschlagen, die Sie f\u00fcr geeignet halten. Diese m\u00fcssen dann dem Vorschlag zustimmen.<\/span><\/p><p><span style=\"font-size: 12pt;\">Ihre Bewerbung senden Sie bitte an die Stadt Schwabach, Referat f\u00fcr Recht, Soziales und Kultur, N\u00f6rdliche Ringstra\u00dfe 2 a-c, 91126 Schwabach. Informationen und das Bewerbungsformular finden Sie auch unter\u00a0<a title=\"Link zum Bewerbungsformular\" href=\"https:\/\/schwabach.de\/de\/politik\/beiraete\/integrationsrat.html\" target=\"_blank\" rel=\"noopener\">www.schwabach.de<\/a>. Ein Bewerbungsformular erhalten Sie auch, wenn Sie dem Rechtsreferat eine E-Mail unter\u00a0<span id=\"cloak773d66fde2a531215b9177967fe13de0\"><a href=\"mailto:rechtsreferat@schwabach.de\" target=\"_blank\" rel=\"noopener\">rechtsreferat@schwabach.de<\/a><\/span>\u00a0zukommen lassen oder sich telefonisch unter der 09122 860 421 melden.<\/span><\/p><p><span style=\"font-size: 12pt;\">Sie m\u00f6chten noch mehr \u00fcber die Arbeit des Integrationsrats, die Programme und Ziele der Parteien und W\u00e4hlergruppen wissen? Dann kommen Sie zu unserer Informationsveranstaltung am Freitag, 10. M\u00e4rz, um 18 Uhr in das Haus der Begegnungen, Auf der Aich 1-3 in Schwabach. Eine Anmeldung ist nicht erforderlich! Mehr Informationen finden Sie auch unter\u00a0<a title=\"Link zum Bewerbungsformular\" href=\"https:\/\/schwabach.de\/de\/politik\/beiraete\/integrationsrat.html\" target=\"_blank\" rel=\"noopener\">www.schwabach.de\/integrationsrat<\/a>.\u00a0<\/span><\/p>\t\t\t\t\t\t<\/div>\n\t\t\t\t<\/div>\n\t\t\t\t<div class=\"elementor-element elementor-element-21c3450 elementor-widget-divider--view-line elementor-widget elementor-widget-divider\" data-id=\"21c3450\" data-element_type=\"widget\" data-widget_type=\"divider.default\">\n\t\t\t\t<div class=\"elementor-widget-container\">\n\t\t\t\t\t<div class=\"elementor-divider\">\n\t\t\t<span class=\"elementor-divider-separator\">\n\t\t\t\t\t\t<\/span>\n\t\t<\/div>\n\t\t\t\t<\/div>\n\t\t\t\t<\/div>\n\t\t\t\t<div class=\"elementor-element elementor-element-f4c690c elementor-widget elementor-widget-google_maps\" data-id=\"f4c690c\" data-element_type=\"widget\" data-widget_type=\"google_maps.default\">\n\t\t\t\t<div class=\"elementor-widget-container\">\n\t\t\t\t\t<div class=\"elementor-custom-embed\">\n\t\t\t<iframe loading=\"lazy\"\n\t\t\t\t\tsrc=\"https:\/\/maps.google.com\/maps?q=Auf%20der%20Aich%201-3%2C%20Schwabach%2C%20Deutschland&#038;t=m&#038;z=17&#038;output=embed&#038;iwloc=near\"\n\t\t\t\t\ttitle=\"Auf der Aich 1-3, Schwabach, Deutschland\"\n\t\t\t\t\taria-label=\"Auf der Aich 1-3, Schwabach, Deutschland\"\n\t\t\t><\/iframe>\n\t\t<\/div>\n\t\t\t\t<\/div>\n\t\t\t\t<\/div>\n\t\t\t\t\t<\/div>\n\t\t<\/div>\n\t\t\t\t<div class=\"elementor-column elementor-col-50 elementor-top-column elementor-element elementor-element-396eed2\" data-id=\"396eed2\" data-element_type=\"column\">\n\t\t\t<div class=\"elementor-widget-wrap elementor-element-populated\">\n\t\t\t\t\t\t<div class=\"elementor-element elementor-element-799cc3d elementor-widget elementor-widget-heading\" data-id=\"799cc3d\" data-element_type=\"widget\" data-widget_type=\"heading.default\">\n\t\t\t\t<div class=\"elementor-widget-container\">\n\t\t\t<h3 class=\"elementor-heading-title elementor-size-default\">Schnell vergleichen und sparen!<\/h3>\t\t<\/div>\n\t\t\t\t<\/div>\n\t\t\t\t<div class=\"elementor-element elementor-element-c5ccf90 elementor-widget elementor-widget-wp-widget-advads_ad_widget\" data-id=\"c5ccf90\" data-element_type=\"widget\" data-widget_type=\"wp-widget-advads_ad_widget.default\">\n\t\t\t\t<div class=\"elementor-widget-container\">\n\t\t\t<div id=\"regio-190812114\"><div class=\"regio-adlabel\">Werbung<\/div><!-- Beginn https:\/\/www.financeads.net\/-Code --><a href=\"https:\/\/www.financeads.net\/tc.php?t=36648C236142529B\" target=\"_blank\"><img fetchpriority=\"high\" decoding=\"async\" src=\"https:\/\/www.financeads.net\/tb.php?t=36648V236142529B&https=1\" alt=\"\" border=\"0\" width=\"300\" height=\"250\"><\/a><!-- Ende https:\/\/www.financeads.net\/-Code --><\/div>\t\t<\/div>\n\t\t\t\t<\/div>\n\t\t\t\t<div class=\"elementor-element elementor-element-1e0ac34 elementor-widget elementor-widget-wp-widget-advads_ad_widget\" data-id=\"1e0ac34\" data-element_type=\"widget\" data-widget_type=\"wp-widget-advads_ad_widget.default\">\n\t\t\t\t<div class=\"elementor-widget-container\">\n\t\t\t<div id=\"regio-3197123038\"><div class=\"regio-adlabel\">Werbung<\/div><!-- Beginn https:\/\/www.financeads.net\/-Code --><a href=\"https:\/\/www.financeads.net\/tc.php?t=36648C42614510B\" target=\"_blank\"><img decoding=\"async\" src=\"https:\/\/www.financeads.net\/tb.php?t=36648V42614510B&https=1\" alt=\"\" border=\"0\" width=\"200\" height=\"300\"><\/a><!-- Ende https:\/\/www.financeads.net\/-Code --><\/div>\t\t<\/div>\n\t\t\t\t<\/div>\n\t\t\t\t<div class=\"elementor-element elementor-element-5edd728 elementor-widget elementor-widget-wp-widget-advads_ad_widget\" data-id=\"5edd728\" data-element_type=\"widget\" data-widget_type=\"wp-widget-advads_ad_widget.default\">\n\t\t\t\t<div class=\"elementor-widget-container\">\n\t\t\t<div id=\"regio-3746363787\"><div class=\"regio-adlabel\">Werbung<\/div><!-- Beginn https:\/\/www.financeads.net\/-Code --><a href=\"https:\/\/www.financeads.net\/tc.php?t=36648C205040072B\" target=\"_blank\"><img decoding=\"async\" src=\"https:\/\/www.financeads.net\/tb.php?t=36648V205040072B&https=1\" alt=\"\" border=\"0\" width=\"300\" height=\"250\"><\/a><!-- Ende https:\/\/www.financeads.net\/-Code --><\/div>\t\t<\/div>\n\t\t\t\t<\/div>\n\t\t\t\t<div class=\"elementor-element elementor-element-4fab8ce elementor-widget elementor-widget-wp-widget-advads_ad_widget\" data-id=\"4fab8ce\" data-element_type=\"widget\" data-widget_type=\"wp-widget-advads_ad_widget.default\">\n\t\t\t\t<div class=\"elementor-widget-container\">\n\t\t\t<div id=\"regio-4044389806\"><div class=\"regio-adlabel\">Werbung<\/div><!-- Beginn https:\/\/www.financeads.net\/-Code --><a href=\"https:\/\/www.financeads.net\/tc.php?t=36648C271460142B\" target=\"_blank\"><img loading=\"lazy\" decoding=\"async\" src=\"https:\/\/www.financeads.net\/tb.php?t=36648V271460142B&https=1\" alt=\"PETPROTECT_Hund&Katze_Banner\" border=\"0\" width=\"250\" height=\"250\"><\/a><!-- Ende https:\/\/www.financeads.net\/-Code --><\/div>\t\t<\/div>\n\t\t\t\t<\/div>\n\t\t\t\t\t<\/div>\n\t\t<\/div>\n\t\t\t\t\t<\/div>\n\t\t<\/section>\n\t\t\t\t<\/div>\n\t\t","protected":false},"excerpt":{"rendered":"<div class=\"mh-excerpt\"><p>Freitag, den 10. M\u00e4rz 2023, um 18.00 Uhr:&nbsp; Infoveranstaltung zur Integrationsratswahl&nbsp; Schwabach &#8211; Der Schwabacher Integrationsrat vertritt Menschen mit Migrationshintergrund in unserer Stadt. Er ber\u00e4t den Stadtrat und die Stadtverwaltung. Neun der insgesamt 16 Mitglieder <a class=\"mh-excerpt-more\" href=\"https:\/\/www.region-schwabach.de\/wordpress\/ob-peter-reiss-ladt-am-freitag-den-10-marz-2023-zu-einer-infoveranstaltung-zur-integrationsratswahl-ein\/\" title=\"OB Peter Rei\u00df l\u00e4dt am Freitag, den 10. M\u00e4rz 2023 zu einer Infoveranstaltung zur Integrationsratswahl ein\">[&#8230;]<\/a><\/p>\n<\/div>","protected":false},"author":1,"featured_media":197859,"comment_status":"open","ping_status":"open","sticky":false,"template":"","format":"standard","meta":{"_cbd_carousel_blocks":"[]","footnotes":""},"categories":[16,287,79,61,46,140],"tags":[21923,21922,3965,20471,6580,3481,21938,21939,19687,3597,19,3638,72],"class_list":{"0":"post-197858","1":"post","2":"type-post","3":"status-publish","4":"format-standard","5":"has-post-thumbnail","7":"category-aktuell","8":"category-jugend-und-familie","9":"category-politik","10":"category-rathaus","11":"category-verbaende","12":"category-vereine","13":"tag-10-maerz-2023","14":"tag-10-03-2023","15":"tag-auf-der-aich","16":"tag-haus-der-begegnungen","17":"tag-infoveranstaltung","18":"tag-integrationsrat","19":"tag-integrationsratswahl","20":"tag-migrationshintergrund","21":"tag-ob-peter-reiss","22":"tag-probe","23":"tag-schwabach","24":"tag-stadtrat","25":"tag-stadtverwaltung"},"_links":{"self":[{"href":"https:\/\/www.region-schwabach.de\/wordpress\/wp-json\/wp\/v2\/posts\/197858","targetHints":{"allow":["GET"]}}],"collection":[{"href":"https:\/\/www.region-schwabach.de\/wordpress\/wp-json\/wp\/v2\/posts"}],"about":[{"href":"https:\/\/www.region-schwabach.de\/wordpress\/wp-json\/wp\/v2\/types\/post"}],"author":[{"embeddable":true,"href":"https:\/\/www.region-schwabach.de\/wordpress\/wp-json\/wp\/v2\/users\/1"}],"replies":[{"embeddable":true,"href":"https:\/\/www.region-schwabach.de\/wordpress\/wp-json\/wp\/v2\/comments?post=197858"}],"version-history":[{"count":0,"href":"https:\/\/www.region-schwabach.de\/wordpress\/wp-json\/wp\/v2\/posts\/197858\/revisions"}],"wp:featuredmedia":[{"embeddable":true,"href":"https:\/\/www.region-schwabach.de\/wordpress\/wp-json\/wp\/v2\/media\/197859"}],"wp:attachment":[{"href":"https:\/\/www.region-schwabach.de\/wordpress\/wp-json\/wp\/v2\/media?parent=197858"}],"wp:term":[{"taxonomy":"category","embeddable":true,"href":"https:\/\/www.region-schwabach.de\/wordpress\/wp-json\/wp\/v2\/categories?post=197858"},{"taxonomy":"post_tag","embeddable":true,"href":"https:\/\/www.region-schwabach.de\/wordpress\/wp-json\/wp\/v2\/tags?post=197858"}],"curies":[{"name":"wp","href":"https:\/\/api.w.org\/{rel}","templated":true}]}}