{"id":198232,"date":"2023-04-22T00:45:00","date_gmt":"2023-04-21T22:45:00","guid":{"rendered":"https:\/\/www.region-schwabach.de\/wordpress\/?p=198232"},"modified":"2023-04-21T20:05:19","modified_gmt":"2023-04-21T18:05:19","slug":"livestream-der-telekom-mit-expertenchat-zum-glasfaserausbau-in-schwabach-am-mittwoch-den-15-marz-2023","status":"publish","type":"post","link":"https:\/\/www.region-schwabach.de\/wordpress\/livestream-der-telekom-mit-expertenchat-zum-glasfaserausbau-in-schwabach-am-mittwoch-den-15-marz-2023\/","title":{"rendered":"Livestream der Telekom mit Expertenchat zum Glasfaserausbau in Schwabach am Mittwoch, den 15. M\u00e4rz 2023"},"content":{"rendered":"\t\t<div data-elementor-type=\"wp-post\" data-elementor-id=\"198232\" class=\"elementor elementor-198232\">\n\t\t\t\t\t\t<section class=\"elementor-section elementor-top-section elementor-element elementor-element-678181b elementor-section-boxed elementor-section-height-default elementor-section-height-default\" data-id=\"678181b\" data-element_type=\"section\">\n\t\t\t\t\t\t<div class=\"elementor-container elementor-column-gap-default\">\n\t\t\t\t\t<div class=\"elementor-column elementor-col-66 elementor-top-column elementor-element elementor-element-6b34026\" data-id=\"6b34026\" data-element_type=\"column\">\n\t\t\t<div class=\"elementor-widget-wrap elementor-element-populated\">\n\t\t\t\t\t\t<div class=\"elementor-element elementor-element-ca1cc12 elementor-widget elementor-widget-wp-widget-advads_ad_widget\" data-id=\"ca1cc12\" data-element_type=\"widget\" data-widget_type=\"wp-widget-advads_ad_widget.default\">\n\t\t\t\t<div class=\"elementor-widget-container\">\n\t\t\t<div id=\"regio-1746447454\"><div class=\"regio-adlabel\">Werbung<\/div><center><a href=\"https:\/\/a.partner-versicherung.de\/click.php?partner_id=19992&ad_id=1578&deep=kreditkarten\"  target=\"_blank\"><img decoding=\"async\" src=\"https:\/\/a.partner-versicherung.de\/view.php?partner_id=19992&ad_id=1578\" ><\/a><\/center><\/div>\t\t<\/div>\n\t\t\t\t<\/div>\n\t\t\t\t<div class=\"elementor-element elementor-element-443ab98 elementor-widget elementor-widget-text-editor\" data-id=\"443ab98\" data-element_type=\"widget\" data-widget_type=\"text-editor.default\">\n\t\t\t\t<div class=\"elementor-widget-container\">\n\t\t\t\t\t\t\t<h3>Livestream zum Glasfaserausbau am Mittwoch, den 15. M\u00e4rz 2023\u00a0<br \/>Vertriebsmitarbeiter der Telekom unterwegs\u00a0<\/h3><p><span style=\"font-size: 12pt;\">Schwabach &#8211;\u00a0In Schwabach wird ab diesem Jahr das Breitbandnetz zum Glasfasernetz (nach der FTTH-Technologie) ausgebaut. Damit sind k\u00fcnftig f\u00fcr etwa 92 Prozent der Haushalte in Schwabach Internetanschl\u00fcsse mit einer Bandbreite von bis zu 1 Gigabit pro Sekunde im Download pro Sekunde m\u00f6glich. Der Spatenstich f\u00fcr die Bauma\u00dfnahme findet voraussichtlich im April statt.\u00a0<\/span><\/p><p><span style=\"font-size: 12pt;\">In dem von der Stadt Schwabach nach dem Breitbandf\u00f6rderprogramm durchgef\u00fchrten Markterkundungsverfahren hat die Telekom die Durchf\u00fchrung des eigenwirtschaftlichen Glasfaserausbau erkl\u00e4rt. Daher sind im Auftrag der Deutschen Telekom Vertriebsmitarbeiter in Schwabach unterwegs. Sie k\u00f6nnen sich entsprechend ausweisen. Zum einen verteilen sie Informationsmaterial an die Haushalte, stellen zum anderen aber auch das k\u00fcnftige Angebot vor, beraten zu den Anschl\u00fcssen und k\u00f6nnen auch Vertr\u00e4ge mit den interessierten Haushalten abschlie\u00dfen.\u00a0<\/span><\/p><p><span style=\"font-size: 12pt;\">Auf der Karte sehen sie, welche Bereiche ab wann mit Glasfaser versorgt wird. Die Mitarbeiter der Telekom sind derzeit vor allem im gelb markierten Bereich unterwegs. Wer sich stattdessen lieber selbst vor Ort \u00fcber das Angebot informieren m\u00f6chte, kann sich an folgende Stellen wenden:\u00a0<\/span><\/p><ul><li><span style=\"font-size: 12pt;\">Telekom Partner Xplus1 GmbH, Rathausgasse 2, Schwabach\u00a0<\/span><\/li><li><span style=\"font-size: 12pt;\">Telekom Partner Expert TeVi, Alte Rother Str. 1, Schwabach\u00a0<\/span><\/li><li><span style=\"font-size: 12pt;\">Internet:\u00a0<a href=\"https:\/\/www.telekom.de\/glasfaser\">www.telekom.de\/glasfaser\u00a0<\/a><\/span><\/li><li><span style=\"font-size: 12pt;\">Hotline 0800 22 66 100 (kostenfrei)\u00a0<\/span><\/li><\/ul><p><span style=\"font-size: 12pt;\">Au\u00dferdem stehen Ansprechpersonen beim Infomobil der Telekom am Samstag, den 22. April 2023, von 10.00 Uhr bis 18.00 Uhr auf dem K\u00f6nigsplatz zur Verf\u00fcgung.\u00a0<\/span><\/p><h5><span style=\"font-size: 12pt;\">Livestream mit Expertenchat\u00a0<\/span><\/h5><p><span style=\"font-size: 12pt;\">Am 15.03.23 findet um16:30 Uhr ein Livestream der Telekom statt, in dem alle Interessenten sich \u00fcber den Ausbau informieren k\u00f6nnen. Zudem stehen Experten im Chat bereit, die Ihre Fragen rund um das Thema Glasfaserausbau beantworten. Die Teilnahme erfolgt \u00fcber folgenden Link\u00a0<a href=\"https:\/\/www.telekom.de\/glasfaser-events\" target=\"_blank\" rel=\"noopener\">www.telekom.de\/glasfaser-events<\/a>\u00a0<\/span><\/p><p><strong><span style=\"font-size: 12pt;\">Das gr\u00fcn markierte Gebiet wird 2023 ausgebaut, das gelbe 2024 und das blaue 2025.\u00a0<\/span><\/strong><\/p><p><a href=\"https:\/\/www.region-schwabach.de\/wordpress\/wp-content\/uploads\/2023\/01\/PM225_Breitbandausbau_Karte.jpg\"><img fetchpriority=\"high\" decoding=\"async\" class=\"aligncenter size-full wp-image-192620\" src=\"https:\/\/www.region-schwabach.de\/wordpress\/wp-content\/uploads\/2023\/01\/PM225_Breitbandausbau_Karte.jpg\" alt=\"\" width=\"605\" height=\"600\" srcset=\"https:\/\/www.region-schwabach.de\/wordpress\/wp-content\/uploads\/2023\/01\/PM225_Breitbandausbau_Karte.jpg 605w, https:\/\/www.region-schwabach.de\/wordpress\/wp-content\/uploads\/2023\/01\/PM225_Breitbandausbau_Karte-300x298.jpg 300w, https:\/\/www.region-schwabach.de\/wordpress\/wp-content\/uploads\/2023\/01\/PM225_Breitbandausbau_Karte-150x150.jpg 150w\" sizes=\"(max-width: 605px) 100vw, 605px\" \/><\/a><\/p>\t\t\t\t\t\t<\/div>\n\t\t\t\t<\/div>\n\t\t\t\t<div class=\"elementor-element elementor-element-899086f elementor-widget elementor-widget-shortcode\" data-id=\"899086f\" data-element_type=\"widget\" data-widget_type=\"shortcode.default\">\n\t\t\t\t<div class=\"elementor-widget-container\">\n\t\t\t\t\t<div class=\"elementor-shortcode\"><center><a href=\"https:\/\/a.partner-versicherung.de\/click.php?partner_id=19992&ad_id=1576&deep=kreditkarten\"  target=\"_blank\"><img decoding=\"async\" src=\"https:\/\/a.partner-versicherung.de\/view.php?partner_id=19992&ad_id=1576\" ><\/a><\/div>\n\t\t\t\t<\/div>\n\t\t\t\t<\/div>\n\t\t\t\t<div class=\"elementor-element elementor-element-a2cb79b elementor-widget-divider--view-line elementor-widget elementor-widget-divider\" data-id=\"a2cb79b\" data-element_type=\"widget\" data-widget_type=\"divider.default\">\n\t\t\t\t<div class=\"elementor-widget-container\">\n\t\t\t\t\t<div class=\"elementor-divider\">\n\t\t\t<span class=\"elementor-divider-separator\">\n\t\t\t\t\t\t<\/span>\n\t\t<\/div>\n\t\t\t\t<\/div>\n\t\t\t\t<\/div>\n\t\t\t\t<div class=\"elementor-element elementor-element-da20a21 elementor-widget elementor-widget-google_maps\" data-id=\"da20a21\" data-element_type=\"widget\" data-widget_type=\"google_maps.default\">\n\t\t\t\t<div class=\"elementor-widget-container\">\n\t\t\t\t\t<div class=\"elementor-custom-embed\">\n\t\t\t<iframe loading=\"lazy\"\n\t\t\t\t\tsrc=\"https:\/\/maps.google.com\/maps?q=K%C3%B6nigsplatz%201%2C%20Schwabach%2C%20Deutschland&#038;t=m&#038;z=17&#038;output=embed&#038;iwloc=near\"\n\t\t\t\t\ttitle=\"K\u00f6nigsplatz 1, Schwabach, Deutschland\"\n\t\t\t\t\taria-label=\"K\u00f6nigsplatz 1, Schwabach, Deutschland\"\n\t\t\t><\/iframe>\n\t\t<\/div>\n\t\t\t\t<\/div>\n\t\t\t\t<\/div>\n\t\t\t\t\t<\/div>\n\t\t<\/div>\n\t\t\t\t<div class=\"elementor-column elementor-col-33 elementor-top-column elementor-element elementor-element-f645137\" data-id=\"f645137\" data-element_type=\"column\">\n\t\t\t<div class=\"elementor-widget-wrap elementor-element-populated\">\n\t\t\t\t\t\t<div class=\"elementor-element elementor-element-e498d67 elementor-widget elementor-widget-heading\" data-id=\"e498d67\" data-element_type=\"widget\" data-widget_type=\"heading.default\">\n\t\t\t\t<div class=\"elementor-widget-container\">\n\t\t\t<h3 class=\"elementor-heading-title elementor-size-default\">Schnell vergleichen und sparen!<\/h3>\t\t<\/div>\n\t\t\t\t<\/div>\n\t\t\t\t<div class=\"elementor-element elementor-element-6e39724 elementor-widget elementor-widget-wp-widget-advads_ad_widget\" data-id=\"6e39724\" data-element_type=\"widget\" data-widget_type=\"wp-widget-advads_ad_widget.default\">\n\t\t\t\t<div class=\"elementor-widget-container\">\n\t\t\t<div id=\"regio-4152238207\"><div class=\"regio-adlabel\">Werbung<\/div><!-- Beginn https:\/\/www.financeads.net\/-Code --><a href=\"https:\/\/www.financeads.net\/tc.php?t=36648C236142529B\" target=\"_blank\"><img decoding=\"async\" src=\"https:\/\/www.financeads.net\/tb.php?t=36648V236142529B&https=1\" alt=\"\" border=\"0\" width=\"300\" height=\"250\"><\/a><!-- Ende https:\/\/www.financeads.net\/-Code --><\/div>\t\t<\/div>\n\t\t\t\t<\/div>\n\t\t\t\t<div class=\"elementor-element elementor-element-f54af08 elementor-widget elementor-widget-wp-widget-advads_ad_widget\" data-id=\"f54af08\" data-element_type=\"widget\" data-widget_type=\"wp-widget-advads_ad_widget.default\">\n\t\t\t\t<div class=\"elementor-widget-container\">\n\t\t\t<div id=\"regio-3630347192\"><div class=\"regio-adlabel\">Werbung<\/div><!-- Beginn https:\/\/www.financeads.net\/-Code --><a href=\"https:\/\/www.financeads.net\/tc.php?t=36648C42614510B\" target=\"_blank\"><img decoding=\"async\" src=\"https:\/\/www.financeads.net\/tb.php?t=36648V42614510B&https=1\" alt=\"\" border=\"0\" width=\"200\" height=\"300\"><\/a><!-- Ende https:\/\/www.financeads.net\/-Code --><\/div>\t\t<\/div>\n\t\t\t\t<\/div>\n\t\t\t\t<div class=\"elementor-element elementor-element-e2674dd elementor-widget elementor-widget-wp-widget-advads_ad_widget\" data-id=\"e2674dd\" data-element_type=\"widget\" data-widget_type=\"wp-widget-advads_ad_widget.default\">\n\t\t\t\t<div class=\"elementor-widget-container\">\n\t\t\t<div id=\"regio-4262482511\"><div class=\"regio-adlabel\">Werbung<\/div><!-- Beginn https:\/\/www.financeads.net\/-Code --><a href=\"https:\/\/www.financeads.net\/tc.php?t=36648C205040072B\" target=\"_blank\"><img loading=\"lazy\" decoding=\"async\" src=\"https:\/\/www.financeads.net\/tb.php?t=36648V205040072B&https=1\" alt=\"\" border=\"0\" width=\"300\" height=\"250\"><\/a><!-- Ende https:\/\/www.financeads.net\/-Code --><\/div>\t\t<\/div>\n\t\t\t\t<\/div>\n\t\t\t\t<div class=\"elementor-element elementor-element-4b2302d elementor-widget elementor-widget-wp-widget-advads_ad_widget\" data-id=\"4b2302d\" data-element_type=\"widget\" data-widget_type=\"wp-widget-advads_ad_widget.default\">\n\t\t\t\t<div class=\"elementor-widget-container\">\n\t\t\t<div id=\"regio-26665490\"><div class=\"regio-adlabel\">Werbung<\/div><!-- Beginn https:\/\/www.financeads.net\/-Code --><a href=\"https:\/\/www.financeads.net\/tc.php?t=36648C205040072B\" target=\"_blank\"><img loading=\"lazy\" decoding=\"async\" src=\"https:\/\/www.financeads.net\/tb.php?t=36648V205040072B&https=1\" alt=\"\" border=\"0\" width=\"300\" height=\"250\"><\/a><!-- Ende https:\/\/www.financeads.net\/-Code --><\/div>\t\t<\/div>\n\t\t\t\t<\/div>\n\t\t\t\t\t<\/div>\n\t\t<\/div>\n\t\t\t\t\t<\/div>\n\t\t<\/section>\n\t\t\t\t<\/div>\n\t\t","protected":false},"excerpt":{"rendered":"<div class=\"mh-excerpt\"><p>Livestream zum Glasfaserausbau am Mittwoch, den 15. M\u00e4rz 2023&nbsp; Vertriebsmitarbeiter der Telekom unterwegs&nbsp; Schwabach &#8211;&nbsp;In Schwabach wird ab diesem Jahr das Breitbandnetz zum Glasfasernetz (nach der FTTH-Technologie) ausgebaut. Damit sind k\u00fcnftig f\u00fcr etwa 92 Prozent <a class=\"mh-excerpt-more\" href=\"https:\/\/www.region-schwabach.de\/wordpress\/livestream-der-telekom-mit-expertenchat-zum-glasfaserausbau-in-schwabach-am-mittwoch-den-15-marz-2023\/\" title=\"Livestream der Telekom mit Expertenchat zum Glasfaserausbau in Schwabach am Mittwoch, den 15. M\u00e4rz 2023\">[&#8230;]<\/a><\/p>\n<\/div>","protected":false},"author":1,"featured_media":198233,"comment_status":"open","ping_status":"open","sticky":false,"template":"","format":"standard","meta":{"_cbd_carousel_blocks":"[]","footnotes":""},"categories":[16,1,287,79,61],"tags":[21307,21373,21374,21964,21375,17944,522,14657,1480,19,3012,3151,634,8141],"class_list":{"0":"post-198232","1":"post","2":"type-post","3":"status-publish","4":"format-standard","5":"has-post-thumbnail","7":"category-aktuell","8":"category-allgemein","9":"category-jugend-und-familie","10":"category-politik","11":"category-rathaus","12":"tag-21307","13":"tag-21373","14":"tag-21374","15":"tag-expertenchat","16":"tag-gigabitfaehiger-breitbandanschluss","17":"tag-glasfaserausbau","18":"tag-koenigsplatz","19":"tag-livestream","20":"tag-rathaus","21":"tag-schwabach","22":"tag-stadt","23":"tag-stadt-schwabach","24":"tag-stadtgebiet","25":"tag-telekom"},"_links":{"self":[{"href":"https:\/\/www.region-schwabach.de\/wordpress\/wp-json\/wp\/v2\/posts\/198232","targetHints":{"allow":["GET"]}}],"collection":[{"href":"https:\/\/www.region-schwabach.de\/wordpress\/wp-json\/wp\/v2\/posts"}],"about":[{"href":"https:\/\/www.region-schwabach.de\/wordpress\/wp-json\/wp\/v2\/types\/post"}],"author":[{"embeddable":true,"href":"https:\/\/www.region-schwabach.de\/wordpress\/wp-json\/wp\/v2\/users\/1"}],"replies":[{"embeddable":true,"href":"https:\/\/www.region-schwabach.de\/wordpress\/wp-json\/wp\/v2\/comments?post=198232"}],"version-history":[{"count":0,"href":"https:\/\/www.region-schwabach.de\/wordpress\/wp-json\/wp\/v2\/posts\/198232\/revisions"}],"wp:featuredmedia":[{"embeddable":true,"href":"https:\/\/www.region-schwabach.de\/wordpress\/wp-json\/wp\/v2\/media\/198233"}],"wp:attachment":[{"href":"https:\/\/www.region-schwabach.de\/wordpress\/wp-json\/wp\/v2\/media?parent=198232"}],"wp:term":[{"taxonomy":"category","embeddable":true,"href":"https:\/\/www.region-schwabach.de\/wordpress\/wp-json\/wp\/v2\/categories?post=198232"},{"taxonomy":"post_tag","embeddable":true,"href":"https:\/\/www.region-schwabach.de\/wordpress\/wp-json\/wp\/v2\/tags?post=198232"}],"curies":[{"name":"wp","href":"https:\/\/api.w.org\/{rel}","templated":true}]}}