{"id":198865,"date":"2023-03-22T00:45:00","date_gmt":"2023-03-21T23:45:00","guid":{"rendered":"https:\/\/www.region-schwabach.de\/wordpress\/?p=198865"},"modified":"2023-03-22T08:46:53","modified_gmt":"2023-03-22T07:46:53","slug":"warnstreiks-in-schwabacher-kitas-am-mittwoch-den-22-marz-2023-notbetreuung-in-allen-vier-einrichtungen","status":"publish","type":"post","link":"https:\/\/www.region-schwabach.de\/wordpress\/warnstreiks-in-schwabacher-kitas-am-mittwoch-den-22-marz-2023-notbetreuung-in-allen-vier-einrichtungen\/","title":{"rendered":"Warnstreiks in Schwabacher Kitas am Mittwoch, den 22. M\u00e4rz 2023 &#8211; Notbetreuung in allen vier Einrichtungen"},"content":{"rendered":"\t\t<div data-elementor-type=\"wp-post\" data-elementor-id=\"198865\" class=\"elementor elementor-198865\">\n\t\t\t\t\t\t<section class=\"elementor-section elementor-top-section elementor-element elementor-element-1cuv9jr elementor-section-boxed elementor-section-height-default elementor-section-height-default\" data-id=\"1cuv9jr\" data-element_type=\"section\">\n\t\t\t\t\t\t<div class=\"elementor-container elementor-column-gap-default\">\n\t\t\t\t\t<div class=\"elementor-column elementor-col-66 elementor-top-column elementor-element elementor-element-q5zak7b\" data-id=\"q5zak7b\" data-element_type=\"column\">\n\t\t\t<div class=\"elementor-widget-wrap elementor-element-populated\">\n\t\t\t\t\t\t<div class=\"elementor-element elementor-element-119837c elementor-widget elementor-widget-wp-widget-advads_ad_widget\" data-id=\"119837c\" data-element_type=\"widget\" data-widget_type=\"wp-widget-advads_ad_widget.default\">\n\t\t\t\t<div class=\"elementor-widget-container\">\n\t\t\t<div id=\"regio-1476055090\"><div class=\"regio-adlabel\">Werbung<\/div><center><a href=\"https:\/\/a.partner-versicherung.de\/click.php?partner_id=19992&ad_id=1578&deep=kreditkarten\"  target=\"_blank\"><img decoding=\"async\" src=\"https:\/\/a.partner-versicherung.de\/view.php?partner_id=19992&ad_id=1578\" ><\/a><\/center><\/div>\t\t<\/div>\n\t\t\t\t<\/div>\n\t\t\t\t<div class=\"elementor-element elementor-element-86qws23 elementor-widget elementor-widget-text-editor\" data-id=\"86qws23\" data-element_type=\"widget\" data-widget_type=\"text-editor.default\">\n\t\t\t\t<div class=\"elementor-widget-container\">\n\t\t\t\t\t\t\t<h3><span id=\"page3R_mcid11\" class=\"markedContent\"><span dir=\"ltr\" role=\"presentation\">Notbetreuung in allen vier Einrichtungen\u00a0<\/span><\/span><span id=\"page3R_mcid12\" class=\"markedContent\"><\/span><span id=\"page3R_mcid13\" class=\"markedContent\"><br role=\"presentation\" \/><span dir=\"ltr\" role=\"presentation\">Warnstreik in st\u00e4dtischen Kitas am<\/span> <span dir=\"ltr\" role=\"presentation\">22<\/span><span dir=\"ltr\" role=\"presentation\">. M\u00e4rz 2023<\/span><\/span><\/h3><p><span style=\"font-size: 12pt;\">Schwabach &#8211; <span id=\"page3R_mcid15\" class=\"markedContent\"><span dir=\"ltr\" role=\"presentation\">F\u00fcr Mittwoch, den 22. M\u00e4rz 2023, sind Warnstreiks in Kindertagesst\u00e4tten des \u00f6ffentlichen <\/span><span dir=\"ltr\" role=\"presentation\">Diensts angek\u00fcndigt. In Schwabach werden die Mitarbeiterinnen und <\/span><span dir=\"ltr\" role=\"presentation\">Mitarbeiter der Waldemar<\/span><span dir=\"ltr\" role=\"presentation\">&#8211;<\/span><span dir=\"ltr\" role=\"presentation\">Bergner<\/span><span dir=\"ltr\" role=\"presentation\">&#8211;<\/span><span dir=\"ltr\" role=\"presentation\">Kindertagesst\u00e4tte, des Anne<\/span><span dir=\"ltr\" role=\"presentation\">&#8211;<\/span><span dir=\"ltr\" role=\"presentation\">Frank<\/span><span dir=\"ltr\" role=\"presentation\">&#8211;<\/span><span dir=\"ltr\" role=\"presentation\">Kindergartens, des Forsthof<\/span><span dir=\"ltr\" role=\"presentation\">&#8211;<\/span><span dir=\"ltr\" role=\"presentation\">Kindergartens un<\/span><span dir=\"ltr\" role=\"presentation\">d des Hauses f\u00fcr Kinder Altstadt <\/span><span dir=\"ltr\" role=\"presentation\">ihre Arbeit niederlegen.<\/span><\/span><span id=\"page3R_mcid16\" class=\"markedContent\"><\/span><span id=\"page3R_mcid17\" class=\"markedContent\"><br role=\"presentation\" \/><\/span><\/span><\/p><p><span style=\"font-size: 12pt;\"><span id=\"page3R_mcid17\" class=\"markedContent\"><span dir=\"ltr\" role=\"presentation\">Das Amt f\u00fcr Jugend und Familie bittet alle Eltern, deren Kind eine bestreikte <\/span><span dir=\"ltr\" role=\"presentation\">st\u00e4dtische Kindertageseinrichtung besucht, f\u00fcr eine alternative <\/span><span dir=\"ltr\" role=\"presentation\">Betreuungsm\u00f6glichkeit zu sorgen. F\u00fcr famili\u00e4re Notlagen stehen <\/span><span dir=\"ltr\" role=\"presentation\">Notdiensteinrichtungen beziehungsweise Notfallbetre<\/span><span dir=\"ltr\" role=\"presentation\">uungsangebote vor Ort <\/span><span dir=\"ltr\" role=\"presentation\">oder in Nachbareinrichtungen zur Verf\u00fcgung. Die Notdienstbetreuung soll <\/span><span dir=\"ltr\" role=\"presentation\">wirklich nur von den Kindern in Anspruch genommen werden, deren Familien <\/span><span dir=\"ltr\" role=\"presentation\">keine andere L\u00f6sung bewerkstelligen k\u00f6nnen.<\/span><\/span><span id=\"page3R_mcid18\" class=\"markedContent\"><\/span><span id=\"page3R_mcid19\" class=\"markedContent\"><br role=\"presentation\" \/><\/span><\/span><\/p><p><span style=\"font-size: 12pt;\"><span id=\"page3R_mcid19\" class=\"markedContent\"><span dir=\"ltr\" role=\"presentation\">Alle vier st\u00e4dtische<\/span><span dir=\"ltr\" role=\"presentation\">n<\/span> <span dir=\"ltr\" role=\"presentation\">Kitas bieten eine Notbe<\/span><span dir=\"ltr\" role=\"presentation\">treuung an.<\/span> <span dir=\"ltr\" role=\"presentation\">Eltern werden <\/span><span dir=\"ltr\" role=\"presentation\">gebeten, sich f\u00fcr die Aufnahme in die Notbetreuung direkt an die Kita<\/span><span dir=\"ltr\" role=\"presentation\">&#8211;<\/span><span dir=\"ltr\" role=\"presentation\">Leitung <\/span><span dir=\"ltr\" role=\"presentation\">zu wenden. Die Eltern wurden durch Aush\u00e4nge auf die Schlie\u00dfung <\/span><span dir=\"ltr\" role=\"presentation\">aufmerksam gemacht.<\/span><\/span><span id=\"page3R_mcid20\" class=\"markedContent\"><\/span><span id=\"page3R_mcid21\" class=\"markedContent\"><br role=\"presentation\" \/><\/span><\/span><\/p><p><strong><span style=\"font-size: 12pt;\"><span id=\"page3R_mcid21\" class=\"markedContent\"><span dir=\"ltr\" role=\"presentation\">In dringenden F\u00e4llen<\/span> <span dir=\"ltr\" role=\"presentation\">steht<\/span> <span dir=\"ltr\" role=\"presentation\">die Kindergartenverwal<\/span><span dir=\"ltr\" role=\"presentation\">tung<\/span> <span dir=\"ltr\" role=\"presentation\">unter Telefon<\/span> <span dir=\"ltr\" role=\"presentation\">09122-<\/span><span dir=\"ltr\" role=\"presentation\">860<\/span><span dir=\"ltr\" role=\"presentation\">&#8211;<\/span><span dir=\"ltr\" role=\"presentation\">332<\/span> <span dir=\"ltr\" role=\"presentation\">zur Verf\u00fcgung<\/span><span dir=\"ltr\" role=\"presentation\">.\u00a0<\/span><\/span><\/span><\/strong><\/p>\t\t\t\t\t\t<\/div>\n\t\t\t\t<\/div>\n\t\t\t\t<div class=\"elementor-element elementor-element-6587193 elementor-widget elementor-widget-shortcode\" data-id=\"6587193\" data-element_type=\"widget\" data-widget_type=\"shortcode.default\">\n\t\t\t\t<div class=\"elementor-widget-container\">\n\t\t\t\t\t<div class=\"elementor-shortcode\"><center><a href=\"https:\/\/a.partner-versicherung.de\/click.php?partner_id=19992&ad_id=441&deep=kfz-versicherung\"  target=\"_blank\"><img decoding=\"async\" src=\"https:\/\/a.partner-versicherung.de\/view.php?partner_id=19992&ad_id=441\" ><\/a><\/center><\/div>\n\t\t\t\t<\/div>\n\t\t\t\t<\/div>\n\t\t\t\t<div class=\"elementor-element elementor-element-1l7zbzo elementor-widget elementor-widget-google_maps\" data-id=\"1l7zbzo\" data-element_type=\"widget\" data-widget_type=\"google_maps.default\">\n\t\t\t\t<div class=\"elementor-widget-container\">\n\t\t\t\t\t<div class=\"elementor-custom-embed\">\n\t\t\t<iframe loading=\"lazy\"\n\t\t\t\t\tsrc=\"https:\/\/maps.google.com\/maps?q=Schwabach%2C%20Deutschland&#038;t=m&#038;z=15&#038;output=embed&#038;iwloc=near\"\n\t\t\t\t\ttitle=\"Schwabach, Deutschland\"\n\t\t\t\t\taria-label=\"Schwabach, Deutschland\"\n\t\t\t><\/iframe>\n\t\t<\/div>\n\t\t\t\t<\/div>\n\t\t\t\t<\/div>\n\t\t\t\t\t<\/div>\n\t\t<\/div>\n\t\t\t\t<div class=\"elementor-column elementor-col-33 elementor-top-column elementor-element elementor-element-0w0urt1\" data-id=\"0w0urt1\" data-element_type=\"column\">\n\t\t\t<div class=\"elementor-widget-wrap elementor-element-populated\">\n\t\t\t\t\t\t<div class=\"elementor-element elementor-element-ae00abe elementor-widget elementor-widget-heading\" data-id=\"ae00abe\" data-element_type=\"widget\" data-widget_type=\"heading.default\">\n\t\t\t\t<div class=\"elementor-widget-container\">\n\t\t\t<h3 class=\"elementor-heading-title elementor-size-default\">Schnell vergleichen und sparen!<\/h3>\t\t<\/div>\n\t\t\t\t<\/div>\n\t\t\t\t<div class=\"elementor-element elementor-element-ad159b7 elementor-widget elementor-widget-wp-widget-advads_ad_widget\" data-id=\"ad159b7\" data-element_type=\"widget\" data-widget_type=\"wp-widget-advads_ad_widget.default\">\n\t\t\t\t<div class=\"elementor-widget-container\">\n\t\t\t<div id=\"regio-1654175700\"><div class=\"regio-adlabel\">Werbung<\/div><!-- Beginn https:\/\/www.financeads.net\/-Code --><a href=\"https:\/\/www.financeads.net\/tc.php?t=36648C236142529B\" target=\"_blank\"><img fetchpriority=\"high\" decoding=\"async\" src=\"https:\/\/www.financeads.net\/tb.php?t=36648V236142529B&https=1\" alt=\"\" border=\"0\" width=\"300\" height=\"250\"><\/a><!-- Ende https:\/\/www.financeads.net\/-Code --><\/div>\t\t<\/div>\n\t\t\t\t<\/div>\n\t\t\t\t<div class=\"elementor-element elementor-element-528dcf7 elementor-widget elementor-widget-wp-widget-advads_ad_widget\" data-id=\"528dcf7\" data-element_type=\"widget\" data-widget_type=\"wp-widget-advads_ad_widget.default\">\n\t\t\t\t<div class=\"elementor-widget-container\">\n\t\t\t<div id=\"regio-1031426458\"><div class=\"regio-adlabel\">Werbung<\/div><!-- Beginn https:\/\/www.financeads.net\/-Code --><a href=\"https:\/\/www.financeads.net\/tc.php?t=36648C42614510B\" target=\"_blank\"><img decoding=\"async\" src=\"https:\/\/www.financeads.net\/tb.php?t=36648V42614510B&https=1\" alt=\"\" border=\"0\" width=\"200\" height=\"300\"><\/a><!-- Ende https:\/\/www.financeads.net\/-Code --><\/div>\t\t<\/div>\n\t\t\t\t<\/div>\n\t\t\t\t<div class=\"elementor-element elementor-element-3bc4796 elementor-widget elementor-widget-wp-widget-advads_ad_widget\" data-id=\"3bc4796\" data-element_type=\"widget\" data-widget_type=\"wp-widget-advads_ad_widget.default\">\n\t\t\t\t<div class=\"elementor-widget-container\">\n\t\t\t<div id=\"regio-834960028\"><div class=\"regio-adlabel\">Werbung<\/div><!-- Beginn https:\/\/www.financeads.net\/-Code --><a href=\"https:\/\/www.financeads.net\/tc.php?t=36648C271460142B\" target=\"_blank\"><img decoding=\"async\" src=\"https:\/\/www.financeads.net\/tb.php?t=36648V271460142B&https=1\" alt=\"PETPROTECT_Hund&Katze_Banner\" border=\"0\" width=\"250\" height=\"250\"><\/a><!-- Ende https:\/\/www.financeads.net\/-Code --><\/div>\t\t<\/div>\n\t\t\t\t<\/div>\n\t\t\t\t<div class=\"elementor-element elementor-element-7a85043 elementor-widget elementor-widget-wp-widget-advads_ad_widget\" data-id=\"7a85043\" data-element_type=\"widget\" data-widget_type=\"wp-widget-advads_ad_widget.default\">\n\t\t\t\t<div class=\"elementor-widget-container\">\n\t\t\t<div id=\"regio-1079310429\"><div class=\"regio-adlabel\">Werbung<\/div><!-- Beginn https:\/\/www.financeads.net\/-Code --><a href=\"https:\/\/www.financeads.net\/tc.php?t=36648C205040072B\" target=\"_blank\"><img loading=\"lazy\" decoding=\"async\" src=\"https:\/\/www.financeads.net\/tb.php?t=36648V205040072B&https=1\" alt=\"\" border=\"0\" width=\"300\" height=\"250\"><\/a><!-- Ende https:\/\/www.financeads.net\/-Code --><\/div>\t\t<\/div>\n\t\t\t\t<\/div>\n\t\t\t\t\t<\/div>\n\t\t<\/div>\n\t\t\t\t\t<\/div>\n\t\t<\/section>\n\t\t\t\t<\/div>\n\t\t","protected":false},"excerpt":{"rendered":"<div class=\"mh-excerpt\"><p>Notbetreuung in allen vier Einrichtungen&nbsp;Warnstreik in st\u00e4dtischen Kitas am 22. M\u00e4rz 2023 Schwabach &#8211; F\u00fcr Mittwoch, den 22. M\u00e4rz 2023, sind Warnstreiks in Kindertagesst\u00e4tten des \u00f6ffentlichen Diensts angek\u00fcndigt. In Schwabach werden die Mitarbeiterinnen und Mitarbeiter <a class=\"mh-excerpt-more\" href=\"https:\/\/www.region-schwabach.de\/wordpress\/warnstreiks-in-schwabacher-kitas-am-mittwoch-den-22-marz-2023-notbetreuung-in-allen-vier-einrichtungen\/\" title=\"Warnstreiks in Schwabacher Kitas am Mittwoch, den 22. M\u00e4rz 2023 &#8211; Notbetreuung in allen vier Einrichtungen\">[&#8230;]<\/a><\/p>\n<\/div>","protected":false},"author":1,"featured_media":198866,"comment_status":"open","ping_status":"open","sticky":false,"template":"","format":"standard","meta":{"_cbd_carousel_blocks":"[]","footnotes":""},"categories":[16,1,287,13,79,61,46],"tags":[21883,21884,18539,7115,7118,3494,522,15141,1480,19,18536,72,2176,2180,12649,3493],"class_list":{"0":"post-198865","1":"post","2":"type-post","3":"status-publish","4":"format-standard","5":"has-post-thumbnail","7":"category-aktuell","8":"category-allgemein","9":"category-jugend-und-familie","10":"category-nachrichten","11":"category-politik","12":"category-rathaus","13":"category-verbaende","14":"tag-08-03-2023","15":"tag-8-maerz-2023","16":"tag-altstadt-haus-der-kinder","17":"tag-anne-frank-kindergarten","18":"tag-kindergarten-forsthof","19":"tag-kindertagesstaetten","20":"tag-koenigsplatz","21":"tag-notbetreuung","22":"tag-rathaus","23":"tag-schwabach","24":"tag-soziale-dienste","25":"tag-stadtverwaltung","26":"tag-streik","27":"tag-tarifverhandlungen","28":"tag-waldemar-bergner-kindergarten","29":"tag-warnstreik"},"_links":{"self":[{"href":"https:\/\/www.region-schwabach.de\/wordpress\/wp-json\/wp\/v2\/posts\/198865","targetHints":{"allow":["GET"]}}],"collection":[{"href":"https:\/\/www.region-schwabach.de\/wordpress\/wp-json\/wp\/v2\/posts"}],"about":[{"href":"https:\/\/www.region-schwabach.de\/wordpress\/wp-json\/wp\/v2\/types\/post"}],"author":[{"embeddable":true,"href":"https:\/\/www.region-schwabach.de\/wordpress\/wp-json\/wp\/v2\/users\/1"}],"replies":[{"embeddable":true,"href":"https:\/\/www.region-schwabach.de\/wordpress\/wp-json\/wp\/v2\/comments?post=198865"}],"version-history":[{"count":0,"href":"https:\/\/www.region-schwabach.de\/wordpress\/wp-json\/wp\/v2\/posts\/198865\/revisions"}],"wp:featuredmedia":[{"embeddable":true,"href":"https:\/\/www.region-schwabach.de\/wordpress\/wp-json\/wp\/v2\/media\/198866"}],"wp:attachment":[{"href":"https:\/\/www.region-schwabach.de\/wordpress\/wp-json\/wp\/v2\/media?parent=198865"}],"wp:term":[{"taxonomy":"category","embeddable":true,"href":"https:\/\/www.region-schwabach.de\/wordpress\/wp-json\/wp\/v2\/categories?post=198865"},{"taxonomy":"post_tag","embeddable":true,"href":"https:\/\/www.region-schwabach.de\/wordpress\/wp-json\/wp\/v2\/tags?post=198865"}],"curies":[{"name":"wp","href":"https:\/\/api.w.org\/{rel}","templated":true}]}}