{"id":198932,"date":"2023-03-23T01:45:00","date_gmt":"2023-03-23T00:45:00","guid":{"rendered":"https:\/\/www.region-schwabach.de\/wordpress\/?p=198932"},"modified":"2023-03-22T20:50:43","modified_gmt":"2023-03-22T19:50:43","slug":"burgerversammlung-fur-den-bezirk-forsthof-und-forsthof-sud-uigenau-obermainbach-am-donnerstag-den-23-marz-2023","status":"publish","type":"post","link":"https:\/\/www.region-schwabach.de\/wordpress\/burgerversammlung-fur-den-bezirk-forsthof-und-forsthof-sud-uigenau-obermainbach-am-donnerstag-den-23-marz-2023\/","title":{"rendered":"B\u00fcrgerversammlung f\u00fcr den Bezirk Forsthof und Forsthof-S\u00fcd\/Uigenau\/Obermainbach am Donnerstag, den 23. M\u00e4rz 2023"},"content":{"rendered":"\t\t<div data-elementor-type=\"wp-post\" data-elementor-id=\"198932\" class=\"elementor elementor-198932\">\n\t\t\t\t\t\t<section class=\"elementor-section elementor-top-section elementor-element elementor-element-678181b elementor-section-boxed elementor-section-height-default elementor-section-height-default\" data-id=\"678181b\" data-element_type=\"section\">\n\t\t\t\t\t\t<div class=\"elementor-container elementor-column-gap-default\">\n\t\t\t\t\t<div class=\"elementor-column elementor-col-50 elementor-top-column elementor-element elementor-element-6b34026\" data-id=\"6b34026\" data-element_type=\"column\">\n\t\t\t<div class=\"elementor-widget-wrap elementor-element-populated\">\n\t\t\t\t\t\t<div class=\"elementor-element elementor-element-552fbeb elementor-widget elementor-widget-wp-widget-advads_ad_widget\" data-id=\"552fbeb\" data-element_type=\"widget\" data-widget_type=\"wp-widget-advads_ad_widget.default\">\n\t\t\t\t<div class=\"elementor-widget-container\">\n\t\t\t<div id=\"regio-3172741862\"><div class=\"regio-adlabel\">Werbung<\/div><center><a href=\"https:\/\/a.partner-versicherung.de\/click.php?partner_id=19992&ad_id=1578&deep=kreditkarten\"  target=\"_blank\"><img decoding=\"async\" src=\"https:\/\/a.partner-versicherung.de\/view.php?partner_id=19992&ad_id=1578\" ><\/a><\/center><\/div>\t\t<\/div>\n\t\t\t\t<\/div>\n\t\t\t\t<div class=\"elementor-element elementor-element-443ab98 elementor-widget elementor-widget-text-editor\" data-id=\"443ab98\" data-element_type=\"widget\" data-widget_type=\"text-editor.default\">\n\t\t\t\t<div class=\"elementor-widget-container\">\n\t\t\t\t\t\t\t<div class=\"fieldsattachment after_article\"><h3 class=\"idgroup_7 group_container\">Am Donnerstag, den 23. M\u00e4rz 2023, um 19.00 Uhr in der Aula des Wolfram-von-Eschenbach-Gymnasiums:<br \/>B\u00fcrgerversammlung f\u00fcr den Bezirk Forsthof (XVI) und Forsthof-S\u00fcd\/Uigenau\/Obermainbach (IX)\u00a0<\/h3><div class=\"idgroup_7 group_container\"><span style=\"font-size: 12pt;\">Schwabach &#8211; Die Stadt Schwabach l\u00e4dt am am Donnerstag, den 23. M\u00e4rz 2023, alle B\u00fcrgerinnen und B\u00fcrger um 19.00 Uhr zu einer turnusm\u00e4\u00dfigen B\u00fcrgerversammlung die Versammlungsbezirke Forsthof (XVI.) und Forsthof-S\u00fcd\/Uigenau\/Obermainbach (IX.) \u00a0in die Aula des Wolfram-von-Eschenbach-Gymnasiums in der Haydnstra\u00dfe in Schwabach ein.\u00a0<\/span><\/div><div>\u00a0<\/div><div class=\"idgroup_7 group_container\"><span style=\"font-size: 12pt;\">Die Versammlung, die der B\u00fcrgermeister Peter Rei\u00df leiten wird, beginnt um 19.00 Uhr.\u00a0<\/span><\/div><\/div><div>\u00a0<\/div><h3>Tagesordnung:<\/h3><div class=\"fieldsattachment after_article\"><ol><li><span style=\"font-size: 12pt;\">Begr\u00fc\u00dfung durch Oberb\u00fcrgermeister Rei\u00df und allgemeine Informationen zum Versammlungsbezirk<\/span><\/li><li><span style=\"font-size: 12pt;\">Diskussion (Anregungen, W\u00fcnsche, Beschwerden)\u00a0<\/span><\/li><\/ol><h3 class=\"idgroup_7 group_container\">Anregungen, W\u00fcnsche, Beschwerden aus der B\u00fcrgerschaft<\/h3><div class=\"idgroup_7 group_container\"><span style=\"font-size: 12pt;\">F\u00fcr die Diskussion, in der Anregungen und W\u00fcnsche, aber auch Beschwerden\u00a0aus der B\u00fcrgerschaft zur Sprache gebracht werden k\u00f6nnen, stehen die\u00a0st\u00e4dtischen Referenten sowie ein Vertreter der Polizei zur Verf\u00fcgung.<\/span><\/div><div>\u00a0<\/div><div class=\"idgroup_7 group_container\"><span style=\"font-size: 12pt;\">Das Forum B\u00fcrgerversammlung bietet die M\u00f6glichkeit, Empfehlungen\u00a0(Antr\u00e4ge) zu beschlie\u00dfen, f\u00fcr deren Behandlung in einem zust\u00e4ndigen\u00a0Gremium, z. B. dem\u00a0 Stadtrat, die Bayerische Gemeindeordnung eine Frist von\u00a0drei Monaten vorsieht.<\/span><\/div><div>\u00a0<\/div><div class=\"idgroup_7 group_container\"><span style=\"font-size: 12pt;\">Gerade das direkte Gespr\u00e4ch zwischen den B\u00fcrgerinnen, B\u00fcrgern und Vertretern der Stadtverwaltung, ist wichtiger Bestandteil einer B\u00fcrgerversammlung und bringt erfahrungsgem\u00e4\u00df n\u00fctzliche Anregungen.\u00a0<\/span><\/div><\/div>\t\t\t\t\t\t<\/div>\n\t\t\t\t<\/div>\n\t\t\t\t<div class=\"elementor-element elementor-element-790a1cf elementor-widget elementor-widget-shortcode\" data-id=\"790a1cf\" data-element_type=\"widget\" data-widget_type=\"shortcode.default\">\n\t\t\t\t<div class=\"elementor-widget-container\">\n\t\t\t\t\t<div class=\"elementor-shortcode\"><!-- Beginn https:\/\/www.financeads.net\/-Code --><a href=\"https:\/\/www.financeads.net\/tc.php?t=36648C38513858B\" target=\"_blank\"><center><img decoding=\"async\" src=\"https:\/\/www.financeads.net\/tb.php?t=36648V38513858B&https=1\" alt=\"\" border=\"0\" width=\"468\" height=\"60\"><\/a><!-- Ende https:\/\/www.financeads.net\/-Code --><\/div>\n\t\t\t\t<\/div>\n\t\t\t\t<\/div>\n\t\t\t\t<div class=\"elementor-element elementor-element-21c3450 elementor-widget-divider--view-line elementor-widget elementor-widget-divider\" data-id=\"21c3450\" data-element_type=\"widget\" data-widget_type=\"divider.default\">\n\t\t\t\t<div class=\"elementor-widget-container\">\n\t\t\t\t\t<div class=\"elementor-divider\">\n\t\t\t<span class=\"elementor-divider-separator\">\n\t\t\t\t\t\t<\/span>\n\t\t<\/div>\n\t\t\t\t<\/div>\n\t\t\t\t<\/div>\n\t\t\t\t<div class=\"elementor-element elementor-element-f4c690c elementor-widget elementor-widget-google_maps\" data-id=\"f4c690c\" data-element_type=\"widget\" data-widget_type=\"google_maps.default\">\n\t\t\t\t<div class=\"elementor-widget-container\">\n\t\t\t\t\t<div class=\"elementor-custom-embed\">\n\t\t\t<iframe loading=\"lazy\"\n\t\t\t\t\tsrc=\"https:\/\/maps.google.com\/maps?q=Haydnstra%C3%9Fe%201%2C%20Schwabach%2C%20Deutschland&#038;t=m&#038;z=17&#038;output=embed&#038;iwloc=near\"\n\t\t\t\t\ttitle=\"Haydnstra\u00dfe 1, Schwabach, Deutschland\"\n\t\t\t\t\taria-label=\"Haydnstra\u00dfe 1, Schwabach, Deutschland\"\n\t\t\t><\/iframe>\n\t\t<\/div>\n\t\t\t\t<\/div>\n\t\t\t\t<\/div>\n\t\t\t\t\t<\/div>\n\t\t<\/div>\n\t\t\t\t<div class=\"elementor-column elementor-col-50 elementor-top-column elementor-element elementor-element-aa89200\" data-id=\"aa89200\" data-element_type=\"column\">\n\t\t\t<div class=\"elementor-widget-wrap elementor-element-populated\">\n\t\t\t\t\t\t<div class=\"elementor-element elementor-element-0d70d48 elementor-widget elementor-widget-heading\" data-id=\"0d70d48\" data-element_type=\"widget\" data-widget_type=\"heading.default\">\n\t\t\t\t<div class=\"elementor-widget-container\">\n\t\t\t<h3 class=\"elementor-heading-title elementor-size-default\">Schnell vergleichen und sparen!<\/h3>\t\t<\/div>\n\t\t\t\t<\/div>\n\t\t\t\t<div class=\"elementor-element elementor-element-646f078 elementor-widget elementor-widget-wp-widget-advads_ad_widget\" data-id=\"646f078\" data-element_type=\"widget\" data-widget_type=\"wp-widget-advads_ad_widget.default\">\n\t\t\t\t<div class=\"elementor-widget-container\">\n\t\t\t<div id=\"regio-237895882\"><div class=\"regio-adlabel\">Werbung<\/div><!-- Beginn https:\/\/www.financeads.net\/-Code --><a href=\"https:\/\/www.financeads.net\/tc.php?t=36648C236142529B\" target=\"_blank\"><img fetchpriority=\"high\" decoding=\"async\" src=\"https:\/\/www.financeads.net\/tb.php?t=36648V236142529B&https=1\" alt=\"\" border=\"0\" width=\"300\" height=\"250\"><\/a><!-- Ende https:\/\/www.financeads.net\/-Code --><\/div>\t\t<\/div>\n\t\t\t\t<\/div>\n\t\t\t\t<div class=\"elementor-element elementor-element-2fd9da8 elementor-widget elementor-widget-wp-widget-advads_ad_widget\" data-id=\"2fd9da8\" data-element_type=\"widget\" data-widget_type=\"wp-widget-advads_ad_widget.default\">\n\t\t\t\t<div class=\"elementor-widget-container\">\n\t\t\t<div id=\"regio-351278726\"><div class=\"regio-adlabel\">Werbung<\/div><!-- Beginn https:\/\/www.financeads.net\/-Code --><a href=\"https:\/\/www.financeads.net\/tc.php?t=36648C42614510B\" target=\"_blank\"><img decoding=\"async\" src=\"https:\/\/www.financeads.net\/tb.php?t=36648V42614510B&https=1\" alt=\"\" border=\"0\" width=\"200\" height=\"300\"><\/a><!-- Ende https:\/\/www.financeads.net\/-Code --><\/div>\t\t<\/div>\n\t\t\t\t<\/div>\n\t\t\t\t<div class=\"elementor-element elementor-element-3b38a8e elementor-widget elementor-widget-wp-widget-advads_ad_widget\" data-id=\"3b38a8e\" data-element_type=\"widget\" data-widget_type=\"wp-widget-advads_ad_widget.default\">\n\t\t\t\t<div class=\"elementor-widget-container\">\n\t\t\t<div id=\"regio-4226920569\"><div class=\"regio-adlabel\">Werbung<\/div><!-- Beginn https:\/\/www.financeads.net\/-Code --><a href=\"https:\/\/www.financeads.net\/tc.php?t=36648C205040072B\" target=\"_blank\"><img loading=\"lazy\" decoding=\"async\" src=\"https:\/\/www.financeads.net\/tb.php?t=36648V205040072B&https=1\" alt=\"\" border=\"0\" width=\"300\" height=\"250\"><\/a><!-- Ende https:\/\/www.financeads.net\/-Code --><\/div>\t\t<\/div>\n\t\t\t\t<\/div>\n\t\t\t\t<div class=\"elementor-element elementor-element-5f4f449 elementor-widget elementor-widget-wp-widget-advads_ad_widget\" data-id=\"5f4f449\" data-element_type=\"widget\" data-widget_type=\"wp-widget-advads_ad_widget.default\">\n\t\t\t\t<div class=\"elementor-widget-container\">\n\t\t\t<div id=\"regio-3818183407\"><div class=\"regio-adlabel\">Werbung<\/div><!-- Beginn https:\/\/www.financeads.net\/-Code --><a href=\"https:\/\/www.financeads.net\/tc.php?t=36648C271460142B\" target=\"_blank\"><img loading=\"lazy\" decoding=\"async\" src=\"https:\/\/www.financeads.net\/tb.php?t=36648V271460142B&https=1\" alt=\"PETPROTECT_Hund&Katze_Banner\" border=\"0\" width=\"250\" height=\"250\"><\/a><!-- Ende https:\/\/www.financeads.net\/-Code --><\/div>\t\t<\/div>\n\t\t\t\t<\/div>\n\t\t\t\t\t<\/div>\n\t\t<\/div>\n\t\t\t\t\t<\/div>\n\t\t<\/section>\n\t\t\t\t<\/div>\n\t\t","protected":false},"excerpt":{"rendered":"<div class=\"mh-excerpt\"><p>Am Donnerstag, den 23. M\u00e4rz 2023, um 19.00 Uhr in der Aula des Wolfram-von-Eschenbach-Gymnasiums: B\u00fcrgerversammlung f\u00fcr den Bezirk Forsthof (XVI) und Forsthof-S\u00fcd\/Uigenau\/Obermainbach (IX)&nbsp; Schwabach &#8211; Die Stadt Schwabach l\u00e4dt am am Donnerstag, den 23. M\u00e4rz <a class=\"mh-excerpt-more\" href=\"https:\/\/www.region-schwabach.de\/wordpress\/burgerversammlung-fur-den-bezirk-forsthof-und-forsthof-sud-uigenau-obermainbach-am-donnerstag-den-23-marz-2023\/\" title=\"B\u00fcrgerversammlung f\u00fcr den Bezirk Forsthof und Forsthof-S\u00fcd\/Uigenau\/Obermainbach am Donnerstag, den 23. M\u00e4rz 2023\">[&#8230;]<\/a><\/p>\n<\/div>","protected":false},"author":1,"featured_media":185889,"comment_status":"open","ping_status":"open","sticky":false,"template":"","format":"standard","meta":{"_cbd_carousel_blocks":"[]","footnotes":""},"categories":[16,1,79,61,231],"tags":[22026,22025,8264,22028,3486,8265,22029,2059,1480,19,3012,3151,679],"class_list":{"0":"post-198932","1":"post","2":"type-post","3":"status-publish","4":"format-standard","5":"has-post-thumbnail","7":"category-aktuell","8":"category-allgemein","9":"category-politik","10":"category-rathaus","11":"category-veranstaltungsnews","12":"tag-23-maerz-2023","13":"tag-23-03-2023","14":"tag-bezirk-ix","15":"tag-bezirk-xvi","16":"tag-buergerversammlung","17":"tag-forsthof","18":"tag-forsthof-sued","19":"tag-obermainbach","20":"tag-rathaus","21":"tag-schwabach","22":"tag-stadt","23":"tag-stadt-schwabach","24":"tag-uigenau"},"_links":{"self":[{"href":"https:\/\/www.region-schwabach.de\/wordpress\/wp-json\/wp\/v2\/posts\/198932","targetHints":{"allow":["GET"]}}],"collection":[{"href":"https:\/\/www.region-schwabach.de\/wordpress\/wp-json\/wp\/v2\/posts"}],"about":[{"href":"https:\/\/www.region-schwabach.de\/wordpress\/wp-json\/wp\/v2\/types\/post"}],"author":[{"embeddable":true,"href":"https:\/\/www.region-schwabach.de\/wordpress\/wp-json\/wp\/v2\/users\/1"}],"replies":[{"embeddable":true,"href":"https:\/\/www.region-schwabach.de\/wordpress\/wp-json\/wp\/v2\/comments?post=198932"}],"version-history":[{"count":0,"href":"https:\/\/www.region-schwabach.de\/wordpress\/wp-json\/wp\/v2\/posts\/198932\/revisions"}],"wp:featuredmedia":[{"embeddable":true,"href":"https:\/\/www.region-schwabach.de\/wordpress\/wp-json\/wp\/v2\/media\/185889"}],"wp:attachment":[{"href":"https:\/\/www.region-schwabach.de\/wordpress\/wp-json\/wp\/v2\/media?parent=198932"}],"wp:term":[{"taxonomy":"category","embeddable":true,"href":"https:\/\/www.region-schwabach.de\/wordpress\/wp-json\/wp\/v2\/categories?post=198932"},{"taxonomy":"post_tag","embeddable":true,"href":"https:\/\/www.region-schwabach.de\/wordpress\/wp-json\/wp\/v2\/tags?post=198932"}],"curies":[{"name":"wp","href":"https:\/\/api.w.org\/{rel}","templated":true}]}}