{"id":198939,"date":"2023-03-23T02:30:00","date_gmt":"2023-03-23T01:30:00","guid":{"rendered":"https:\/\/www.region-schwabach.de\/wordpress\/?p=198939"},"modified":"2023-03-22T20:51:00","modified_gmt":"2023-03-22T19:51:00","slug":"buntgemischt-konzert-der-musikschule-am-donnerstag-den-23-marz-2023-im-awo-saal","status":"publish","type":"post","link":"https:\/\/www.region-schwabach.de\/wordpress\/buntgemischt-konzert-der-musikschule-am-donnerstag-den-23-marz-2023-im-awo-saal\/","title":{"rendered":"Buntgemischt &#8211; Konzert der Musikschule am Donnerstag, den 23. M\u00e4rz 2023 im AWO-Saal"},"content":{"rendered":"\t\t<div data-elementor-type=\"wp-post\" data-elementor-id=\"198939\" class=\"elementor elementor-198939\">\n\t\t\t\t\t\t<section class=\"elementor-section elementor-top-section elementor-element elementor-element-678181b elementor-section-boxed elementor-section-height-default elementor-section-height-default\" data-id=\"678181b\" data-element_type=\"section\">\n\t\t\t\t\t\t<div class=\"elementor-container elementor-column-gap-default\">\n\t\t\t\t\t<div class=\"elementor-column elementor-col-50 elementor-top-column elementor-element elementor-element-6b34026\" data-id=\"6b34026\" data-element_type=\"column\">\n\t\t\t<div class=\"elementor-widget-wrap elementor-element-populated\">\n\t\t\t\t\t\t<div class=\"elementor-element elementor-element-5d1b797 elementor-widget elementor-widget-wp-widget-advads_ad_widget\" data-id=\"5d1b797\" data-element_type=\"widget\" data-widget_type=\"wp-widget-advads_ad_widget.default\">\n\t\t\t\t<div class=\"elementor-widget-container\">\n\t\t\t<div id=\"regio-3737817857\"><div class=\"regio-adlabel\">Werbung<\/div><center><a href=\"https:\/\/a.partner-versicherung.de\/click.php?partner_id=19992&ad_id=1578&deep=kreditkarten\"  target=\"_blank\"><img decoding=\"async\" src=\"https:\/\/a.partner-versicherung.de\/view.php?partner_id=19992&ad_id=1578\" ><\/a><\/center><\/div>\t\t<\/div>\n\t\t\t\t<\/div>\n\t\t\t\t<div class=\"elementor-element elementor-element-443ab98 elementor-widget elementor-widget-text-editor\" data-id=\"443ab98\" data-element_type=\"widget\" data-widget_type=\"text-editor.default\">\n\t\t\t\t<div class=\"elementor-widget-container\">\n\t\t\t\t\t\t\t<h3><span id=\"page37R_mcid22\" class=\"markedContent\"><span dir=\"ltr\" role=\"presentation\">Donnerstag, 23. M\u00e4rz:<\/span><\/span><span id=\"undefined\" class=\"markedContent\"><\/span><span id=\"page37R_mcid11\" class=\"markedContent\"><\/span><span id=\"page37R_mcid12\" class=\"markedContent\"><br role=\"presentation\" \/><span dir=\"ltr\" role=\"presentation\">Bunt gemischt: Instrumente von Gitarre bis Vibraphon<\/span><\/span><\/h3><p><span style=\"font-size: 12pt;\">Schwabach &#8211; Im Rahmen Konzertreihe \u201eBuntgemischt\u201c der Adolph von Henselt-Musikschule spielen die Sch\u00fclerinnen und Sch\u00fcler am Donnerstag, den 23. M\u00e4rz 2023, im AWO-Saal in der Seminarstra\u00dfe 2 in Schwabach, vor. Ab 18.30 Uhr tragen sie St\u00fccke vor, die sie sich in den letzten Monaten im Unterricht erarbeitet haben.\u00a0<\/span><\/p><p><span style=\"font-size: 12pt;\"><span id=\"page37R_mcid14\" class=\"markedContent\"><span dir=\"ltr\" role=\"presentation\">\u201eBunt gemischt\u201c steht bei der Adolph von Henselt-Musikschule der Stadt <\/span><span dir=\"ltr\" role=\"presentation\">Schwabach f\u00fcr eine abwechslungsreiche Mischung verschiedener Instrumente. <\/span><span dir=\"ltr\" role=\"presentation\">Zum ersten Mal <\/span><span dir=\"ltr\" role=\"presentation\">findet dieses Konzertformat im AWO-Saal, Seminarstra\u00dfe 2, statt. Der Saal <\/span><span dir=\"ltr\" role=\"presentation\">schlie\u00dft direkt an die R\u00e4umlichkeiten der Musikschule an und bietet damit die <\/span><span dir=\"ltr\" role=\"presentation\">M\u00f6glichkeit, dass auch gro\u00dfes Instrumentarium wie Marimba, Vibraphon und <\/span><span dir=\"ltr\" role=\"presentation\">andere leicht die Konzertb\u00fchne erreicht. Somit verspricht das Programm, noch <\/span><span dir=\"ltr\" role=\"presentation\">bunter zu werden.\u00a0<\/span><\/span><span id=\"page37R_mcid15\" class=\"markedContent\"><\/span><span id=\"page37R_mcid16\" class=\"markedContent\"><br role=\"presentation\" \/><\/span><\/span><\/p><p><span style=\"font-size: 12pt;\"><span id=\"page37R_mcid16\" class=\"markedContent\"><span dir=\"ltr\" role=\"presentation\">Die Sch\u00fclerinnen und Sch\u00fcler pr\u00e4sentieren Werke aus den F\u00e4chern Streicher, <\/span><span dir=\"ltr\" role=\"presentation\">Klavier, Schlagwerk und Gitarre. Es werden auch die drei Schlagzeuger zu <\/span><span dir=\"ltr\" role=\"presentation\">h\u00f6ren sein, die sich beim Regionalwettbewerb Jugend musiziert durch <\/span><span dir=\"ltr\" role=\"presentation\">herausragende Leistungen f\u00fcr den bayerischen Landeswettbewerb von Jugend <\/span><span dir=\"ltr\" role=\"presentation\">musiziert qualifiziert haben. Schon im Januar haben sie das Publikum mit <\/span><span dir=\"ltr\" role=\"presentation\">Eigenkompositionen und Mitmach-Animationen begeistert.\u00a0<\/span><\/span><span id=\"page37R_mcid17\" class=\"markedContent\"><\/span><span id=\"page37R_mcid18\" class=\"markedContent\"><br role=\"presentation\" \/><\/span><\/span><\/p><p><span style=\"font-size: 12pt;\"><span id=\"page37R_mcid18\" class=\"markedContent\"><span dir=\"ltr\" role=\"presentation\">Der Eintritt ist frei.\u00a0<\/span><\/span><\/span><span id=\"page37R_mcid19\" class=\"markedContent\"><\/span><span id=\"page37R_mcid20\" class=\"markedContent\"><br role=\"presentation\" \/><\/span><\/p><p><strong><span id=\"page37R_mcid20\" class=\"markedContent\" style=\"font-size: 12pt;\"><span dir=\"ltr\" role=\"presentation\">Foto (Sebastian Blutau, Abdruck honorarfrei): Auch die j\u00fcngeren Streicher <\/span><span dir=\"ltr\" role=\"presentation\">zeigen ihr K\u00f6nnen.\u00a0<\/span><\/span><\/strong><\/p><h3>Weiterf\u00fchrende Links:<\/h3><p><span style=\"font-size: 12pt;\"><a href=\"https:\/\/www.schwabach.de\/de\/kulturportal-musikschule\/musikschule.html\" target=\"_blank\" rel=\"noopener\">Zur Homepage der Adolph-von-Henselt-Musikschule geht es hier &#8230;<\/a><\/span><\/p>\t\t\t\t\t\t<\/div>\n\t\t\t\t<\/div>\n\t\t\t\t<div class=\"elementor-element elementor-element-2c99766 elementor-widget elementor-widget-google_maps\" data-id=\"2c99766\" data-element_type=\"widget\" data-widget_type=\"google_maps.default\">\n\t\t\t\t<div class=\"elementor-widget-container\">\n\t\t\t\t\t<div class=\"elementor-custom-embed\">\n\t\t\t<iframe loading=\"lazy\"\n\t\t\t\t\tsrc=\"https:\/\/maps.google.com\/maps?q=Seminarstra%C3%9Fe%202%2C%20Schwabach%2C%20Deutschland&#038;t=m&#038;z=17&#038;output=embed&#038;iwloc=near\"\n\t\t\t\t\ttitle=\"Seminarstra\u00dfe 2, Schwabach, Deutschland\"\n\t\t\t\t\taria-label=\"Seminarstra\u00dfe 2, Schwabach, Deutschland\"\n\t\t\t><\/iframe>\n\t\t<\/div>\n\t\t\t\t<\/div>\n\t\t\t\t<\/div>\n\t\t\t\t\t<\/div>\n\t\t<\/div>\n\t\t\t\t<div class=\"elementor-column elementor-col-50 elementor-top-column elementor-element elementor-element-769a326\" data-id=\"769a326\" data-element_type=\"column\">\n\t\t\t<div class=\"elementor-widget-wrap elementor-element-populated\">\n\t\t\t\t\t\t<div class=\"elementor-element elementor-element-0a9e78c elementor-widget elementor-widget-heading\" data-id=\"0a9e78c\" data-element_type=\"widget\" data-widget_type=\"heading.default\">\n\t\t\t\t<div class=\"elementor-widget-container\">\n\t\t\t<h3 class=\"elementor-heading-title elementor-size-default\">Schnell vergleichen und sparen!<\/h3>\t\t<\/div>\n\t\t\t\t<\/div>\n\t\t\t\t<div class=\"elementor-element elementor-element-629e443 elementor-widget elementor-widget-wp-widget-advads_ad_widget\" data-id=\"629e443\" data-element_type=\"widget\" data-widget_type=\"wp-widget-advads_ad_widget.default\">\n\t\t\t\t<div class=\"elementor-widget-container\">\n\t\t\t<div id=\"regio-511899966\"><div class=\"regio-adlabel\">Werbung<\/div><!-- Beginn https:\/\/www.financeads.net\/-Code --><a href=\"https:\/\/www.financeads.net\/tc.php?t=36648C236142529B\" target=\"_blank\"><img fetchpriority=\"high\" decoding=\"async\" src=\"https:\/\/www.financeads.net\/tb.php?t=36648V236142529B&https=1\" alt=\"\" border=\"0\" width=\"300\" height=\"250\"><\/a><!-- Ende https:\/\/www.financeads.net\/-Code --><\/div>\t\t<\/div>\n\t\t\t\t<\/div>\n\t\t\t\t<div class=\"elementor-element elementor-element-31f77ab elementor-widget elementor-widget-wp-widget-advads_ad_widget\" data-id=\"31f77ab\" data-element_type=\"widget\" data-widget_type=\"wp-widget-advads_ad_widget.default\">\n\t\t\t\t<div class=\"elementor-widget-container\">\n\t\t\t<div id=\"regio-784590611\"><div class=\"regio-adlabel\">Werbung<\/div><!-- Beginn https:\/\/www.financeads.net\/-Code --><a href=\"https:\/\/www.financeads.net\/tc.php?t=36648C42614510B\" target=\"_blank\"><img decoding=\"async\" src=\"https:\/\/www.financeads.net\/tb.php?t=36648V42614510B&https=1\" alt=\"\" border=\"0\" width=\"200\" height=\"300\"><\/a><!-- Ende https:\/\/www.financeads.net\/-Code --><\/div>\t\t<\/div>\n\t\t\t\t<\/div>\n\t\t\t\t<div class=\"elementor-element elementor-element-24f31c1 elementor-widget elementor-widget-wp-widget-advads_ad_widget\" data-id=\"24f31c1\" data-element_type=\"widget\" data-widget_type=\"wp-widget-advads_ad_widget.default\">\n\t\t\t\t<div class=\"elementor-widget-container\">\n\t\t\t<div id=\"regio-3855927875\"><div class=\"regio-adlabel\">Werbung<\/div><!-- Beginn https:\/\/www.financeads.net\/-Code --><a href=\"https:\/\/www.financeads.net\/tc.php?t=36648C205040072B\" target=\"_blank\"><img decoding=\"async\" src=\"https:\/\/www.financeads.net\/tb.php?t=36648V205040072B&https=1\" alt=\"\" border=\"0\" width=\"300\" height=\"250\"><\/a><!-- Ende https:\/\/www.financeads.net\/-Code --><\/div>\t\t<\/div>\n\t\t\t\t<\/div>\n\t\t\t\t<div class=\"elementor-element elementor-element-add57cc elementor-widget elementor-widget-wp-widget-advads_ad_widget\" data-id=\"add57cc\" data-element_type=\"widget\" data-widget_type=\"wp-widget-advads_ad_widget.default\">\n\t\t\t\t<div class=\"elementor-widget-container\">\n\t\t\t<div id=\"regio-3047461705\"><div class=\"regio-adlabel\">Werbung<\/div><!-- Beginn https:\/\/www.financeads.net\/-Code --><a href=\"https:\/\/www.financeads.net\/tc.php?t=36648C271460142B\" target=\"_blank\"><img loading=\"lazy\" decoding=\"async\" src=\"https:\/\/www.financeads.net\/tb.php?t=36648V271460142B&https=1\" alt=\"PETPROTECT_Hund&Katze_Banner\" border=\"0\" width=\"250\" height=\"250\"><\/a><!-- Ende https:\/\/www.financeads.net\/-Code --><\/div>\t\t<\/div>\n\t\t\t\t<\/div>\n\t\t\t\t\t<\/div>\n\t\t<\/div>\n\t\t\t\t\t<\/div>\n\t\t<\/section>\n\t\t\t\t<\/div>\n\t\t","protected":false},"excerpt":{"rendered":"<div class=\"mh-excerpt\"><p>Donnerstag, 23. M\u00e4rz:Bunt gemischt: Instrumente von Gitarre bis Vibraphon Schwabach &#8211; Im Rahmen Konzertreihe \u201eBuntgemischt\u201c der Adolph von Henselt-Musikschule spielen die Sch\u00fclerinnen und Sch\u00fcler am Donnerstag, den 23. M\u00e4rz 2023, im AWO-Saal in der Seminarstra\u00dfe <a class=\"mh-excerpt-more\" href=\"https:\/\/www.region-schwabach.de\/wordpress\/buntgemischt-konzert-der-musikschule-am-donnerstag-den-23-marz-2023-im-awo-saal\/\" title=\"Buntgemischt &#8211; Konzert der Musikschule am Donnerstag, den 23. M\u00e4rz 2023 im AWO-Saal\">[&#8230;]<\/a><\/p>\n<\/div>","protected":false},"author":1,"featured_media":198940,"comment_status":"open","ping_status":"open","sticky":false,"template":"","format":"standard","meta":{"_cbd_carousel_blocks":"[]","footnotes":""},"categories":[16,287,61,231,140],"tags":[22026,22025,4387,22030,3658,522,3128,3144,4538,19,9450,3151],"class_list":{"0":"post-198939","1":"post","2":"type-post","3":"status-publish","4":"format-standard","5":"has-post-thumbnail","7":"category-aktuell","8":"category-jugend-und-familie","9":"category-rathaus","10":"category-veranstaltungsnews","11":"category-vereine","12":"tag-23-maerz-2023","13":"tag-23-03-2023","14":"tag-adolph-von-henselt-musikschule","15":"tag-awo-saal","16":"tag-buntgemischt","17":"tag-koenigsplatz","18":"tag-konzert","19":"tag-musikschule","20":"tag-schueler","21":"tag-schwabach","22":"tag-seminarstrasse","23":"tag-stadt-schwabach"},"_links":{"self":[{"href":"https:\/\/www.region-schwabach.de\/wordpress\/wp-json\/wp\/v2\/posts\/198939","targetHints":{"allow":["GET"]}}],"collection":[{"href":"https:\/\/www.region-schwabach.de\/wordpress\/wp-json\/wp\/v2\/posts"}],"about":[{"href":"https:\/\/www.region-schwabach.de\/wordpress\/wp-json\/wp\/v2\/types\/post"}],"author":[{"embeddable":true,"href":"https:\/\/www.region-schwabach.de\/wordpress\/wp-json\/wp\/v2\/users\/1"}],"replies":[{"embeddable":true,"href":"https:\/\/www.region-schwabach.de\/wordpress\/wp-json\/wp\/v2\/comments?post=198939"}],"version-history":[{"count":0,"href":"https:\/\/www.region-schwabach.de\/wordpress\/wp-json\/wp\/v2\/posts\/198939\/revisions"}],"wp:featuredmedia":[{"embeddable":true,"href":"https:\/\/www.region-schwabach.de\/wordpress\/wp-json\/wp\/v2\/media\/198940"}],"wp:attachment":[{"href":"https:\/\/www.region-schwabach.de\/wordpress\/wp-json\/wp\/v2\/media?parent=198939"}],"wp:term":[{"taxonomy":"category","embeddable":true,"href":"https:\/\/www.region-schwabach.de\/wordpress\/wp-json\/wp\/v2\/categories?post=198939"},{"taxonomy":"post_tag","embeddable":true,"href":"https:\/\/www.region-schwabach.de\/wordpress\/wp-json\/wp\/v2\/tags?post=198939"}],"curies":[{"name":"wp","href":"https:\/\/api.w.org\/{rel}","templated":true}]}}