{"id":199006,"date":"2023-03-23T01:30:00","date_gmt":"2023-03-23T00:30:00","guid":{"rendered":"https:\/\/www.region-schwabach.de\/wordpress\/?p=199006"},"modified":"2023-03-22T20:50:18","modified_gmt":"2023-03-22T19:50:18","slug":"warnstreiks-in-drei-schwabacher-kitas-am-donnerstag-den-23-marz-2023","status":"publish","type":"post","link":"https:\/\/www.region-schwabach.de\/wordpress\/warnstreiks-in-drei-schwabacher-kitas-am-donnerstag-den-23-marz-2023\/","title":{"rendered":"Warnstreiks in drei Schwabacher Kitas am Donnerstag, den 23. M\u00e4rz 2023"},"content":{"rendered":"\t\t<div data-elementor-type=\"wp-post\" data-elementor-id=\"199006\" class=\"elementor elementor-199006\">\n\t\t\t\t\t\t<section class=\"elementor-section elementor-top-section elementor-element elementor-element-1cuv9jr elementor-section-boxed elementor-section-height-default elementor-section-height-default\" data-id=\"1cuv9jr\" data-element_type=\"section\">\n\t\t\t\t\t\t<div class=\"elementor-container elementor-column-gap-default\">\n\t\t\t\t\t<div class=\"elementor-column elementor-col-66 elementor-top-column elementor-element elementor-element-q5zak7b\" data-id=\"q5zak7b\" data-element_type=\"column\">\n\t\t\t<div class=\"elementor-widget-wrap elementor-element-populated\">\n\t\t\t\t\t\t<div class=\"elementor-element elementor-element-119837c elementor-widget elementor-widget-wp-widget-advads_ad_widget\" data-id=\"119837c\" data-element_type=\"widget\" data-widget_type=\"wp-widget-advads_ad_widget.default\">\n\t\t\t\t<div class=\"elementor-widget-container\">\n\t\t\t<div id=\"regio-3016089525\"><div class=\"regio-adlabel\">Werbung<\/div><center><a href=\"https:\/\/a.partner-versicherung.de\/click.php?partner_id=19992&ad_id=1578&deep=kreditkarten\"  target=\"_blank\"><img decoding=\"async\" src=\"https:\/\/a.partner-versicherung.de\/view.php?partner_id=19992&ad_id=1578\" ><\/a><\/center><\/div>\t\t<\/div>\n\t\t\t\t<\/div>\n\t\t\t\t<div class=\"elementor-element elementor-element-86qws23 elementor-widget elementor-widget-text-editor\" data-id=\"86qws23\" data-element_type=\"widget\" data-widget_type=\"text-editor.default\">\n\t\t\t\t<div class=\"elementor-widget-container\">\n\t\t\t\t\t\t\t<h3><span id=\"page3R_mcid13\" class=\"markedContent\"><span dir=\"ltr\" role=\"presentation\">Warnstreik in st\u00e4dtischen Kitas am<\/span> Donnerstag, den <span dir=\"ltr\" role=\"presentation\">23<\/span><span dir=\"ltr\" role=\"presentation\">. M\u00e4rz 2023\u00a0<\/span><\/span><\/h3><p><span style=\"font-size: 12pt;\">Schwabach &#8211;\u00a0Auch am Donnerstag, 23. M\u00e4rz, sind Warnstreiks in drei von vier st\u00e4dtischen Kindertagesst\u00e4tten angek\u00fcndigt. Die Mitarbeiterinnen und Mitarbeiter der Waldemar-Bergner-Kindertagesst\u00e4tte, des Anne-Frank-Kindergartens und des Hauses f\u00fcr Kinder Altstadt werden ihre Arbeit niederlegen. Der Forsthof-Kindergarten wird regul\u00e4r ge\u00f6ffnet.<\/span><\/p><p><span style=\"font-size: 12pt;\">Das Amt f\u00fcr Jugend und Familie bittet alle Eltern, deren Kind eine bestreikte st\u00e4dtische Kindertageseinrichtung besucht, f\u00fcr eine alternative Betreuungsm\u00f6glichkeit zu sorgen. F\u00fcr famili\u00e4re Notlagen stehen Notdiensteinrichtungen beziehungsweise Notfallbetreuungsangebote vor Ort oder in Nachbareinrichtungen zur Verf\u00fcgung. Die Notdienstbetreuung soll wirklich nur von den Kindern in Anspruch genommen werden, deren Familien keine andere L\u00f6sung bewerkstelligen k\u00f6nnen.<\/span><\/p><p><span style=\"font-size: 12pt;\">Die drei bestreikten st\u00e4dtischen Kitas bieten eine Notbetreuung an. Eltern werden gebeten, sich f\u00fcr die Aufnahme in die Notbetreuung direkt an die Kita-Leitung zu wenden. Die Eltern wurden durch Aush\u00e4nge auf die Schlie\u00dfung aufmerksam gemacht.<\/span><\/p><p><span style=\"font-size: 12pt;\">In dringenden F\u00e4llen steht die Kindergartenverwaltung unter Telefon 09122 860-332 zur Verf\u00fcgung.\u00a0<\/span><\/p>\t\t\t\t\t\t<\/div>\n\t\t\t\t<\/div>\n\t\t\t\t<div class=\"elementor-element elementor-element-6587193 elementor-widget elementor-widget-shortcode\" data-id=\"6587193\" data-element_type=\"widget\" data-widget_type=\"shortcode.default\">\n\t\t\t\t<div class=\"elementor-widget-container\">\n\t\t\t\t\t<div class=\"elementor-shortcode\"><center><a href=\"https:\/\/a.partner-versicherung.de\/click.php?partner_id=19992&ad_id=441&deep=kfz-versicherung\"  target=\"_blank\"><img decoding=\"async\" src=\"https:\/\/a.partner-versicherung.de\/view.php?partner_id=19992&ad_id=441\" ><\/a><\/center><\/div>\n\t\t\t\t<\/div>\n\t\t\t\t<\/div>\n\t\t\t\t<div class=\"elementor-element elementor-element-1l7zbzo elementor-widget elementor-widget-google_maps\" data-id=\"1l7zbzo\" data-element_type=\"widget\" data-widget_type=\"google_maps.default\">\n\t\t\t\t<div class=\"elementor-widget-container\">\n\t\t\t\t\t<div class=\"elementor-custom-embed\">\n\t\t\t<iframe loading=\"lazy\"\n\t\t\t\t\tsrc=\"https:\/\/maps.google.com\/maps?q=Schwabach%2C%20Deutschland&#038;t=m&#038;z=15&#038;output=embed&#038;iwloc=near\"\n\t\t\t\t\ttitle=\"Schwabach, Deutschland\"\n\t\t\t\t\taria-label=\"Schwabach, Deutschland\"\n\t\t\t><\/iframe>\n\t\t<\/div>\n\t\t\t\t<\/div>\n\t\t\t\t<\/div>\n\t\t\t\t\t<\/div>\n\t\t<\/div>\n\t\t\t\t<div class=\"elementor-column elementor-col-33 elementor-top-column elementor-element elementor-element-0w0urt1\" data-id=\"0w0urt1\" data-element_type=\"column\">\n\t\t\t<div class=\"elementor-widget-wrap elementor-element-populated\">\n\t\t\t\t\t\t<div class=\"elementor-element elementor-element-ae00abe elementor-widget elementor-widget-heading\" data-id=\"ae00abe\" data-element_type=\"widget\" data-widget_type=\"heading.default\">\n\t\t\t\t<div class=\"elementor-widget-container\">\n\t\t\t<h3 class=\"elementor-heading-title elementor-size-default\">Schnell vergleichen und sparen!<\/h3>\t\t<\/div>\n\t\t\t\t<\/div>\n\t\t\t\t<div class=\"elementor-element elementor-element-ad159b7 elementor-widget elementor-widget-wp-widget-advads_ad_widget\" data-id=\"ad159b7\" data-element_type=\"widget\" data-widget_type=\"wp-widget-advads_ad_widget.default\">\n\t\t\t\t<div class=\"elementor-widget-container\">\n\t\t\t<div id=\"regio-3768321930\"><div class=\"regio-adlabel\">Werbung<\/div><!-- Beginn https:\/\/www.financeads.net\/-Code --><a href=\"https:\/\/www.financeads.net\/tc.php?t=36648C236142529B\" target=\"_blank\"><img fetchpriority=\"high\" decoding=\"async\" src=\"https:\/\/www.financeads.net\/tb.php?t=36648V236142529B&https=1\" alt=\"\" border=\"0\" width=\"300\" height=\"250\"><\/a><!-- Ende https:\/\/www.financeads.net\/-Code --><\/div>\t\t<\/div>\n\t\t\t\t<\/div>\n\t\t\t\t<div class=\"elementor-element elementor-element-528dcf7 elementor-widget elementor-widget-wp-widget-advads_ad_widget\" data-id=\"528dcf7\" data-element_type=\"widget\" data-widget_type=\"wp-widget-advads_ad_widget.default\">\n\t\t\t\t<div class=\"elementor-widget-container\">\n\t\t\t<div id=\"regio-4180447496\"><div class=\"regio-adlabel\">Werbung<\/div><!-- Beginn https:\/\/www.financeads.net\/-Code --><a href=\"https:\/\/www.financeads.net\/tc.php?t=36648C42614510B\" target=\"_blank\"><img decoding=\"async\" src=\"https:\/\/www.financeads.net\/tb.php?t=36648V42614510B&https=1\" alt=\"\" border=\"0\" width=\"200\" height=\"300\"><\/a><!-- Ende https:\/\/www.financeads.net\/-Code --><\/div>\t\t<\/div>\n\t\t\t\t<\/div>\n\t\t\t\t<div class=\"elementor-element elementor-element-3bc4796 elementor-widget elementor-widget-wp-widget-advads_ad_widget\" data-id=\"3bc4796\" data-element_type=\"widget\" data-widget_type=\"wp-widget-advads_ad_widget.default\">\n\t\t\t\t<div class=\"elementor-widget-container\">\n\t\t\t<div id=\"regio-1392725961\"><div class=\"regio-adlabel\">Werbung<\/div><!-- Beginn https:\/\/www.financeads.net\/-Code --><a href=\"https:\/\/www.financeads.net\/tc.php?t=36648C271460142B\" target=\"_blank\"><img decoding=\"async\" src=\"https:\/\/www.financeads.net\/tb.php?t=36648V271460142B&https=1\" alt=\"PETPROTECT_Hund&Katze_Banner\" border=\"0\" width=\"250\" height=\"250\"><\/a><!-- Ende https:\/\/www.financeads.net\/-Code --><\/div>\t\t<\/div>\n\t\t\t\t<\/div>\n\t\t\t\t<div class=\"elementor-element elementor-element-7a85043 elementor-widget elementor-widget-wp-widget-advads_ad_widget\" data-id=\"7a85043\" data-element_type=\"widget\" data-widget_type=\"wp-widget-advads_ad_widget.default\">\n\t\t\t\t<div class=\"elementor-widget-container\">\n\t\t\t<div id=\"regio-2503135957\"><div class=\"regio-adlabel\">Werbung<\/div><!-- Beginn https:\/\/www.financeads.net\/-Code --><a href=\"https:\/\/www.financeads.net\/tc.php?t=36648C205040072B\" target=\"_blank\"><img loading=\"lazy\" decoding=\"async\" src=\"https:\/\/www.financeads.net\/tb.php?t=36648V205040072B&https=1\" alt=\"\" border=\"0\" width=\"300\" height=\"250\"><\/a><!-- Ende https:\/\/www.financeads.net\/-Code --><\/div>\t\t<\/div>\n\t\t\t\t<\/div>\n\t\t\t\t\t<\/div>\n\t\t<\/div>\n\t\t\t\t\t<\/div>\n\t\t<\/section>\n\t\t\t\t<\/div>\n\t\t","protected":false},"excerpt":{"rendered":"<div class=\"mh-excerpt\"><p>Warnstreik in st\u00e4dtischen Kitas am Donnerstag, den 23. M\u00e4rz 2023&nbsp; Schwabach &#8211;&nbsp;Auch am Donnerstag, 23. M\u00e4rz, sind Warnstreiks in drei von vier st\u00e4dtischen Kindertagesst\u00e4tten angek\u00fcndigt. Die Mitarbeiterinnen und Mitarbeiter der Waldemar-Bergner-Kindertagesst\u00e4tte, des Anne-Frank-Kindergartens und des <a class=\"mh-excerpt-more\" href=\"https:\/\/www.region-schwabach.de\/wordpress\/warnstreiks-in-drei-schwabacher-kitas-am-donnerstag-den-23-marz-2023\/\" title=\"Warnstreiks in drei Schwabacher Kitas am Donnerstag, den 23. M\u00e4rz 2023\">[&#8230;]<\/a><\/p>\n<\/div>","protected":false},"author":1,"featured_media":199007,"comment_status":"open","ping_status":"open","sticky":false,"template":"","format":"standard","meta":{"_cbd_carousel_blocks":"[]","footnotes":""},"categories":[16,1,287,13,79,61,46],"tags":[22026,22025,18539,7115,7118,3494,522,15141,1480,19,18536,72,2176,2180,12649,3493],"class_list":{"0":"post-199006","1":"post","2":"type-post","3":"status-publish","4":"format-standard","5":"has-post-thumbnail","7":"category-aktuell","8":"category-allgemein","9":"category-jugend-und-familie","10":"category-nachrichten","11":"category-politik","12":"category-rathaus","13":"category-verbaende","14":"tag-23-maerz-2023","15":"tag-23-03-2023","16":"tag-altstadt-haus-der-kinder","17":"tag-anne-frank-kindergarten","18":"tag-kindergarten-forsthof","19":"tag-kindertagesstaetten","20":"tag-koenigsplatz","21":"tag-notbetreuung","22":"tag-rathaus","23":"tag-schwabach","24":"tag-soziale-dienste","25":"tag-stadtverwaltung","26":"tag-streik","27":"tag-tarifverhandlungen","28":"tag-waldemar-bergner-kindergarten","29":"tag-warnstreik"},"_links":{"self":[{"href":"https:\/\/www.region-schwabach.de\/wordpress\/wp-json\/wp\/v2\/posts\/199006","targetHints":{"allow":["GET"]}}],"collection":[{"href":"https:\/\/www.region-schwabach.de\/wordpress\/wp-json\/wp\/v2\/posts"}],"about":[{"href":"https:\/\/www.region-schwabach.de\/wordpress\/wp-json\/wp\/v2\/types\/post"}],"author":[{"embeddable":true,"href":"https:\/\/www.region-schwabach.de\/wordpress\/wp-json\/wp\/v2\/users\/1"}],"replies":[{"embeddable":true,"href":"https:\/\/www.region-schwabach.de\/wordpress\/wp-json\/wp\/v2\/comments?post=199006"}],"version-history":[{"count":0,"href":"https:\/\/www.region-schwabach.de\/wordpress\/wp-json\/wp\/v2\/posts\/199006\/revisions"}],"wp:featuredmedia":[{"embeddable":true,"href":"https:\/\/www.region-schwabach.de\/wordpress\/wp-json\/wp\/v2\/media\/199007"}],"wp:attachment":[{"href":"https:\/\/www.region-schwabach.de\/wordpress\/wp-json\/wp\/v2\/media?parent=199006"}],"wp:term":[{"taxonomy":"category","embeddable":true,"href":"https:\/\/www.region-schwabach.de\/wordpress\/wp-json\/wp\/v2\/categories?post=199006"},{"taxonomy":"post_tag","embeddable":true,"href":"https:\/\/www.region-schwabach.de\/wordpress\/wp-json\/wp\/v2\/tags?post=199006"}],"curies":[{"name":"wp","href":"https:\/\/api.w.org\/{rel}","templated":true}]}}