{"id":199454,"date":"2023-03-29T00:45:00","date_gmt":"2023-03-28T22:45:00","guid":{"rendered":"https:\/\/www.region-schwabach.de\/wordpress\/?p=199454"},"modified":"2023-03-28T21:51:17","modified_gmt":"2023-03-28T19:51:17","slug":"vortrag-zum-changemanagement-am-mittwoch-den-29-marz-2023-im-burgerhaus","status":"publish","type":"post","link":"https:\/\/www.region-schwabach.de\/wordpress\/vortrag-zum-changemanagement-am-mittwoch-den-29-marz-2023-im-burgerhaus\/","title":{"rendered":"Vortrag zum Changemanagement am Mittwoch, den 29. M\u00e4rz 2023, im B\u00fcrgerhaus"},"content":{"rendered":"\t\t<div data-elementor-type=\"wp-post\" data-elementor-id=\"199454\" class=\"elementor elementor-199454\">\n\t\t\t\t\t\t<section class=\"elementor-section elementor-top-section elementor-element elementor-element-678181b elementor-section-boxed elementor-section-height-default elementor-section-height-default\" data-id=\"678181b\" data-element_type=\"section\">\n\t\t\t\t\t\t<div class=\"elementor-container elementor-column-gap-default\">\n\t\t\t\t\t<div class=\"elementor-column elementor-col-50 elementor-top-column elementor-element elementor-element-6b34026\" data-id=\"6b34026\" data-element_type=\"column\">\n\t\t\t<div class=\"elementor-widget-wrap elementor-element-populated\">\n\t\t\t\t\t\t<div class=\"elementor-element elementor-element-8280879 elementor-widget elementor-widget-wp-widget-advads_ad_widget\" data-id=\"8280879\" data-element_type=\"widget\" data-widget_type=\"wp-widget-advads_ad_widget.default\">\n\t\t\t\t<div class=\"elementor-widget-container\">\n\t\t\t<div id=\"regio-1244785264\"><div class=\"regio-adlabel\">Werbung<\/div><center><a href=\"https:\/\/a.partner-versicherung.de\/click.php?partner_id=19992&ad_id=1578&deep=kreditkarten\"  target=\"_blank\"><img decoding=\"async\" src=\"https:\/\/a.partner-versicherung.de\/view.php?partner_id=19992&ad_id=1578\" ><\/a><\/center><\/div>\t\t<\/div>\n\t\t\t\t<\/div>\n\t\t\t\t<div class=\"elementor-element elementor-element-443ab98 elementor-widget elementor-widget-text-editor\" data-id=\"443ab98\" data-element_type=\"widget\" data-widget_type=\"text-editor.default\">\n\t\t\t\t<div class=\"elementor-widget-container\">\n\t\t\t\t\t\t\t<h3><span id=\"page40R_mcid23\" class=\"markedContent\"><span dir=\"ltr\" role=\"presentation\">Am Mittwoch, den 29. M\u00e4rz 2023, um 19.00 Uhr im B\u00fcrgerhaus:\u00a0<\/span><\/span><span id=\"undefined\" class=\"markedContent\"><\/span><span id=\"page40R_mcid12\" class=\"markedContent\"><\/span><span id=\"page40R_mcid13\" class=\"markedContent\"><br role=\"presentation\" \/><span dir=\"ltr\" role=\"presentation\">Fachfrau erl\u00e4utert Chancen von Changemanagement\u00a0<\/span><\/span><\/h3><p><span style=\"font-size: 12pt;\">Schwabach &#8211; <span id=\"page40R_mcid15\" class=\"markedContent\"><span dir=\"ltr\" role=\"presentation\">\u00dcber das Thema Changemanagement referiert Dr. Stefanie Becker bei einer <\/span><span dir=\"ltr\" role=\"presentation\">Veranstaltung der Wirtschaftsf\u00f6rderung der Stadt am Mittwoch, den 29. M\u00e4rz 2023, ab 19.00 <\/span><span dir=\"ltr\" role=\"presentation\">Uhr.\u00a0<\/span><\/span><\/span><\/p><p><span style=\"font-size: 12pt;\"><span id=\"page40R_mcid15\" class=\"markedContent\"><span dir=\"ltr\" role=\"presentation\">Die Unternehmensberaterin f\u00fcr Strategieentwicklung und Change-<\/span><span dir=\"ltr\" role=\"presentation\">Management sowie erfahrene Moderatorin, Trainerin und Coach referiert im <\/span><span dir=\"ltr\" role=\"presentation\">B\u00fcrgerhaus, am K\u00f6nigsplatz 33 in Schwabach, dar\u00fcber, was Ver\u00e4nderung mit Menschen macht <\/span><span dir=\"ltr\" role=\"presentation\">und was wir daraus f\u00fcr unseren Gesch\u00e4ftserfolg lernen k\u00f6nnen.\u00a0<\/span><\/span><\/span><\/p><p><span style=\"font-size: 12pt;\"><span id=\"page40R_mcid15\" class=\"markedContent\"><span dir=\"ltr\" role=\"presentation\">Sie wird <\/span><span dir=\"ltr\" role=\"presentation\">beleuchten, was man tun kann, um mit gesch\u00e4ftlichen Ver\u00e4nderungen <\/span><span dir=\"ltr\" role=\"presentation\">erfolgreich umzugehen und sie wird Hinweise dazu geben, was <\/span><span dir=\"ltr\" role=\"presentation\">Mitarbeiterinnen und Mitarbeiter in diesem Prozess brauchen.\u00a0<\/span><\/span><\/span><\/p><p><span style=\"font-size: 12pt;\"><strong><span id=\"page40R_mcid16\" class=\"markedContent\"><span dir=\"ltr\" role=\"presentation\">Nach dem Vortrag ist Zeit f\u00fcr intensives Netzwerken.\u00a0<\/span><\/span><span id=\"page40R_mcid17\" class=\"markedContent\"><\/span><\/strong><span id=\"page40R_mcid18\" class=\"markedContent\"><br role=\"presentation\" \/><\/span><\/span><\/p><p><span style=\"font-size: 12pt;\"><span id=\"page40R_mcid18\" class=\"markedContent\"><span dir=\"ltr\" role=\"presentation\">Eine Anmeldung ist online \u00fcber<\/span><\/span><a href=\"http:\/\/www.schwabach.de\" target=\"_blank\" rel=\"noopener\"><span id=\"page40R_mcid19\" class=\"markedContent\"> <span dir=\"ltr\" role=\"presentation\">www.schwabach.de<\/span><\/span><\/a><span id=\"page40R_mcid24\" class=\"markedContent\"> <span dir=\"ltr\" role=\"presentation\">oder \u00fcber die E-Mail-<\/span><\/span><span id=\"page40R_mcid25\" class=\"markedContent\"><span dir=\"ltr\" role=\"presentation\">Adresse:<\/span><\/span><a href=\"mailto:wirtschaftsfoerderung@schwabach.de\" target=\"_blank\" rel=\"noopener\"><span id=\"page40R_mcid21\" class=\"markedContent\"> <span dir=\"ltr\" role=\"presentation\">wirtschaftsfoerderung@schwabach.de<\/span><\/span><\/a><span id=\"page40R_mcid26\" class=\"markedContent\"> <span dir=\"ltr\" role=\"presentation\">m\u00f6glich. Die Teilnehmerzahl <\/span><\/span><span id=\"page40R_mcid27\" class=\"markedContent\"><span dir=\"ltr\" role=\"presentation\">ist begrenzt und der Besuch kostenfrei.\u00a0<\/span><\/span><\/span><\/p>\t\t\t\t\t\t<\/div>\n\t\t\t\t<\/div>\n\t\t\t\t<div class=\"elementor-element elementor-element-1372e3f elementor-widget elementor-widget-shortcode\" data-id=\"1372e3f\" data-element_type=\"widget\" data-widget_type=\"shortcode.default\">\n\t\t\t\t<div class=\"elementor-widget-container\">\n\t\t\t\t\t<div class=\"elementor-shortcode\"><!-- Beginn https:\/\/www.financeads.net\/-Code --><a href=\"https:\/\/www.financeads.net\/tc.php?t=36648C38513858B\" target=\"_blank\"><center><img decoding=\"async\" src=\"https:\/\/www.financeads.net\/tb.php?t=36648V38513858B&https=1\" alt=\"\" border=\"0\" width=\"468\" height=\"60\"><\/a><!-- Ende https:\/\/www.financeads.net\/-Code --><\/div>\n\t\t\t\t<\/div>\n\t\t\t\t<\/div>\n\t\t\t\t<div class=\"elementor-element elementor-element-a2cb79b elementor-widget-divider--view-line elementor-widget elementor-widget-divider\" data-id=\"a2cb79b\" data-element_type=\"widget\" data-widget_type=\"divider.default\">\n\t\t\t\t<div class=\"elementor-widget-container\">\n\t\t\t\t\t<div class=\"elementor-divider\">\n\t\t\t<span class=\"elementor-divider-separator\">\n\t\t\t\t\t\t<\/span>\n\t\t<\/div>\n\t\t\t\t<\/div>\n\t\t\t\t<\/div>\n\t\t\t\t<div class=\"elementor-element elementor-element-da20a21 elementor-widget elementor-widget-google_maps\" data-id=\"da20a21\" data-element_type=\"widget\" data-widget_type=\"google_maps.default\">\n\t\t\t\t<div class=\"elementor-widget-container\">\n\t\t\t\t\t<div class=\"elementor-custom-embed\">\n\t\t\t<iframe loading=\"lazy\"\n\t\t\t\t\tsrc=\"https:\/\/maps.google.com\/maps?q=K%C3%B6nigsplatz%2033A%2C%20Schwabach%2C%20Deutschland&#038;t=m&#038;z=17&#038;output=embed&#038;iwloc=near\"\n\t\t\t\t\ttitle=\"K\u00f6nigsplatz 33A, Schwabach, Deutschland\"\n\t\t\t\t\taria-label=\"K\u00f6nigsplatz 33A, Schwabach, Deutschland\"\n\t\t\t><\/iframe>\n\t\t<\/div>\n\t\t\t\t<\/div>\n\t\t\t\t<\/div>\n\t\t\t\t\t<\/div>\n\t\t<\/div>\n\t\t\t\t<div class=\"elementor-column elementor-col-50 elementor-top-column elementor-element elementor-element-9ea5c6c\" data-id=\"9ea5c6c\" data-element_type=\"column\">\n\t\t\t<div class=\"elementor-widget-wrap elementor-element-populated\">\n\t\t\t\t\t\t<div class=\"elementor-element elementor-element-13a6746 elementor-widget elementor-widget-heading\" data-id=\"13a6746\" data-element_type=\"widget\" data-widget_type=\"heading.default\">\n\t\t\t\t<div class=\"elementor-widget-container\">\n\t\t\t<h3 class=\"elementor-heading-title elementor-size-default\">Schnell vergleichen und sparen!<\/h3>\t\t<\/div>\n\t\t\t\t<\/div>\n\t\t\t\t<div class=\"elementor-element elementor-element-dbc018a elementor-widget elementor-widget-wp-widget-advads_ad_widget\" data-id=\"dbc018a\" data-element_type=\"widget\" data-widget_type=\"wp-widget-advads_ad_widget.default\">\n\t\t\t\t<div class=\"elementor-widget-container\">\n\t\t\t<div id=\"regio-242189941\"><div class=\"regio-adlabel\">Werbung<\/div><!-- Beginn https:\/\/www.financeads.net\/-Code --><a href=\"https:\/\/www.financeads.net\/tc.php?t=36648C236142529B\" target=\"_blank\"><img fetchpriority=\"high\" decoding=\"async\" src=\"https:\/\/www.financeads.net\/tb.php?t=36648V236142529B&https=1\" alt=\"\" border=\"0\" width=\"300\" height=\"250\"><\/a><!-- Ende https:\/\/www.financeads.net\/-Code --><\/div>\t\t<\/div>\n\t\t\t\t<\/div>\n\t\t\t\t<div class=\"elementor-element elementor-element-7b7ed96 elementor-widget elementor-widget-wp-widget-advads_ad_widget\" data-id=\"7b7ed96\" data-element_type=\"widget\" data-widget_type=\"wp-widget-advads_ad_widget.default\">\n\t\t\t\t<div class=\"elementor-widget-container\">\n\t\t\t<div id=\"regio-3793648196\"><div class=\"regio-adlabel\">Werbung<\/div><!-- Beginn https:\/\/www.financeads.net\/-Code --><a href=\"https:\/\/www.financeads.net\/tc.php?t=36648C42614510B\" target=\"_blank\"><img decoding=\"async\" src=\"https:\/\/www.financeads.net\/tb.php?t=36648V42614510B&https=1\" alt=\"\" border=\"0\" width=\"200\" height=\"300\"><\/a><!-- Ende https:\/\/www.financeads.net\/-Code --><\/div>\t\t<\/div>\n\t\t\t\t<\/div>\n\t\t\t\t<div class=\"elementor-element elementor-element-20e1d50 elementor-widget elementor-widget-wp-widget-advads_ad_widget\" data-id=\"20e1d50\" data-element_type=\"widget\" data-widget_type=\"wp-widget-advads_ad_widget.default\">\n\t\t\t\t<div class=\"elementor-widget-container\">\n\t\t\t<div id=\"regio-2474724108\"><div class=\"regio-adlabel\">Werbung<\/div><!-- Beginn https:\/\/www.financeads.net\/-Code --><a href=\"https:\/\/www.financeads.net\/tc.php?t=36648C205040072B\" target=\"_blank\"><img loading=\"lazy\" decoding=\"async\" src=\"https:\/\/www.financeads.net\/tb.php?t=36648V205040072B&https=1\" alt=\"\" border=\"0\" width=\"300\" height=\"250\"><\/a><!-- Ende https:\/\/www.financeads.net\/-Code --><\/div>\t\t<\/div>\n\t\t\t\t<\/div>\n\t\t\t\t<div class=\"elementor-element elementor-element-6ca0266 elementor-widget elementor-widget-wp-widget-advads_ad_widget\" data-id=\"6ca0266\" data-element_type=\"widget\" data-widget_type=\"wp-widget-advads_ad_widget.default\">\n\t\t\t\t<div class=\"elementor-widget-container\">\n\t\t\t<div id=\"regio-4118084318\"><div class=\"regio-adlabel\">Werbung<\/div><!-- Beginn https:\/\/www.financeads.net\/-Code --><a href=\"https:\/\/www.financeads.net\/tc.php?t=36648C271460142B\" target=\"_blank\"><img loading=\"lazy\" decoding=\"async\" src=\"https:\/\/www.financeads.net\/tb.php?t=36648V271460142B&https=1\" alt=\"PETPROTECT_Hund&Katze_Banner\" border=\"0\" width=\"250\" height=\"250\"><\/a><!-- Ende https:\/\/www.financeads.net\/-Code --><\/div>\t\t<\/div>\n\t\t\t\t<\/div>\n\t\t\t\t\t<\/div>\n\t\t<\/div>\n\t\t\t\t\t<\/div>\n\t\t<\/section>\n\t\t\t\t<\/div>\n\t\t","protected":false},"excerpt":{"rendered":"<div class=\"mh-excerpt\"><p>Am Mittwoch, den 29. M\u00e4rz 2023, um 19.00 Uhr im B\u00fcrgerhaus:&nbsp;Fachfrau erl\u00e4utert Chancen von Changemanagement&nbsp; Schwabach &#8211; \u00dcber das Thema Changemanagement referiert Dr. Stefanie Becker bei einer Veranstaltung der Wirtschaftsf\u00f6rderung der Stadt am Mittwoch, den <a class=\"mh-excerpt-more\" href=\"https:\/\/www.region-schwabach.de\/wordpress\/vortrag-zum-changemanagement-am-mittwoch-den-29-marz-2023-im-burgerhaus\/\" title=\"Vortrag zum Changemanagement am Mittwoch, den 29. M\u00e4rz 2023, im B\u00fcrgerhaus\">[&#8230;]<\/a><\/p>\n<\/div>","protected":false},"author":1,"featured_media":199455,"comment_status":"open","ping_status":"open","sticky":false,"template":"","format":"standard","meta":{"_cbd_carousel_blocks":"[]","footnotes":""},"categories":[16,1,78,287,61,3967,46],"tags":[22099,22098,3604,22097,22096,22095,522,1480,21823,19,3609,22101,5652,22100],"class_list":{"0":"post-199454","1":"post","2":"type-post","3":"status-publish","4":"format-standard","5":"has-post-thumbnail","7":"category-aktuell","8":"category-allgemein","9":"category-handel-und-wirtschaft","10":"category-jugend-und-familie","11":"category-rathaus","12":"category-unternehmen","13":"category-verbaende","14":"tag-29-maerz-2023","15":"tag-29-03-2023","16":"tag-buergerhaus","17":"tag-chancen","18":"tag-changemanagement","19":"tag-dr-stefanie-becker","20":"tag-koenigsplatz","21":"tag-rathaus","22":"tag-referat","23":"tag-schwabach","24":"tag-sitzungssaal","25":"tag-unternehmensberaterin","26":"tag-vortrag","27":"tag-wirtschaftsfoerderung"},"_links":{"self":[{"href":"https:\/\/www.region-schwabach.de\/wordpress\/wp-json\/wp\/v2\/posts\/199454","targetHints":{"allow":["GET"]}}],"collection":[{"href":"https:\/\/www.region-schwabach.de\/wordpress\/wp-json\/wp\/v2\/posts"}],"about":[{"href":"https:\/\/www.region-schwabach.de\/wordpress\/wp-json\/wp\/v2\/types\/post"}],"author":[{"embeddable":true,"href":"https:\/\/www.region-schwabach.de\/wordpress\/wp-json\/wp\/v2\/users\/1"}],"replies":[{"embeddable":true,"href":"https:\/\/www.region-schwabach.de\/wordpress\/wp-json\/wp\/v2\/comments?post=199454"}],"version-history":[{"count":0,"href":"https:\/\/www.region-schwabach.de\/wordpress\/wp-json\/wp\/v2\/posts\/199454\/revisions"}],"wp:featuredmedia":[{"embeddable":true,"href":"https:\/\/www.region-schwabach.de\/wordpress\/wp-json\/wp\/v2\/media\/199455"}],"wp:attachment":[{"href":"https:\/\/www.region-schwabach.de\/wordpress\/wp-json\/wp\/v2\/media?parent=199454"}],"wp:term":[{"taxonomy":"category","embeddable":true,"href":"https:\/\/www.region-schwabach.de\/wordpress\/wp-json\/wp\/v2\/categories?post=199454"},{"taxonomy":"post_tag","embeddable":true,"href":"https:\/\/www.region-schwabach.de\/wordpress\/wp-json\/wp\/v2\/tags?post=199454"}],"curies":[{"name":"wp","href":"https:\/\/api.w.org\/{rel}","templated":true}]}}