{"id":199833,"date":"2023-03-31T00:27:00","date_gmt":"2023-03-30T22:27:00","guid":{"rendered":"https:\/\/www.region-schwabach.de\/wordpress\/?p=199833"},"modified":"2023-03-30T15:57:44","modified_gmt":"2023-03-30T13:57:44","slug":"lkw-auf-bundesstrasse-in-ellingen-umgekippt","status":"publish","type":"post","link":"https:\/\/www.region-schwabach.de\/wordpress\/lkw-auf-bundesstrasse-in-ellingen-umgekippt\/","title":{"rendered":"LKW auf Bundesstra\u00dfe in Ellingen umgekippt"},"content":{"rendered":"\t\t<div data-elementor-type=\"wp-post\" data-elementor-id=\"199833\" class=\"elementor elementor-199833\">\n\t\t\t\t\t\t<section class=\"elementor-section elementor-top-section elementor-element elementor-element-1cuv9jr elementor-section-boxed elementor-section-height-default elementor-section-height-default\" data-id=\"1cuv9jr\" data-element_type=\"section\">\n\t\t\t\t\t\t<div class=\"elementor-container elementor-column-gap-default\">\n\t\t\t\t\t<div class=\"elementor-column elementor-col-50 elementor-top-column elementor-element elementor-element-q5zak7b\" data-id=\"q5zak7b\" data-element_type=\"column\">\n\t\t\t<div class=\"elementor-widget-wrap elementor-element-populated\">\n\t\t\t\t\t\t<div class=\"elementor-element elementor-element-dcef279 elementor-widget elementor-widget-wp-widget-advads_ad_widget\" data-id=\"dcef279\" data-element_type=\"widget\" data-widget_type=\"wp-widget-advads_ad_widget.default\">\n\t\t\t\t<div class=\"elementor-widget-container\">\n\t\t\t<div id=\"regio-1601615362\"><div class=\"regio-adlabel\">Werbung<\/div><center><a href=\"https:\/\/a.partner-versicherung.de\/click.php?partner_id=19992&ad_id=1578&deep=kreditkarten\"  target=\"_blank\"><img decoding=\"async\" src=\"https:\/\/a.partner-versicherung.de\/view.php?partner_id=19992&ad_id=1578\" ><\/a><\/center><\/div>\t\t<\/div>\n\t\t\t\t<\/div>\n\t\t\t\t<div class=\"elementor-element elementor-element-a4daeae elementor-widget elementor-widget-text-editor\" data-id=\"a4daeae\" data-element_type=\"widget\" data-widget_type=\"text-editor.default\">\n\t\t\t\t<div class=\"elementor-widget-container\">\n\t\t\t\t\t\t\t<h3>Laster umgekippt &#8211; &#8222;Manitou&#8220; verloren\u00a0<\/h3><p><span style=\"font-size: 12pt;\">Ellingen &#8211; Am Mittwochvormittag, den 29.03.2023, kippte der LKW eines 48-j\u00e4hrigen Fahrer (inklusive einem aufgeladenem Teleskoplader \u201eManitou&#8220; &#8211; wohl wegen \u00fcberh\u00f6hter Geschwindigkeit und mangelnder Ladungssicherung &#8211; gegen 10.30 Uhr in der AS Ellingen-Mitte der Bundesstra\u00dfe 2 in Fahrtrichtung N\u00fcrnberg um.\u00a0<\/span><\/p><p><span style=\"font-size: 12pt;\">Der Lader war in einer Bauschuttwanne des LKW nur nach vorne gesichert, was zur Folge hatte, dass das gesamte Fuhrwerk in der Rechtskurve beim Verlassen der Bundesstra\u00dfe 2 nach links von der Fahrbahn abkam und umkippte, wobei ein Gesamtsachschaden von mehr als 50.000 Euro entstand.\u00a0<\/span><\/p><p><span style=\"font-size: 12pt;\">Der LKW-Fahrer wurde dabei leicht verletzt und begab sich sp\u00e4ter selbst in ambulante Behandlung. Zur Bergung der beiden Fahrzeuge, sowie zur anschlie\u00dfenden Reinigung der Unfallstelle durch die Stra\u00dfenmeisterei blieb die Anschlussstelle bis gegen 17.30 Uhr gesperrt. Die Freiwillige Feuerwehr Ellingen sicherte die Unfallstelle ab und k\u00fcmmerte sich um die auslaufenden Fl\u00fcssigkeiten.\u00a0<\/span><\/p>\t\t\t\t\t\t<\/div>\n\t\t\t\t<\/div>\n\t\t\t\t<div class=\"elementor-element elementor-element-6c3f9de elementor-widget elementor-widget-shortcode\" data-id=\"6c3f9de\" data-element_type=\"widget\" data-widget_type=\"shortcode.default\">\n\t\t\t\t<div class=\"elementor-widget-container\">\n\t\t\t\t\t<div class=\"elementor-shortcode\"><center><a href=\"https:\/\/a.partner-versicherung.de\/click.php?partner_id=19992&ad_id=441&deep=kfz-versicherung\"  target=\"_blank\"><img decoding=\"async\" src=\"https:\/\/a.partner-versicherung.de\/view.php?partner_id=19992&ad_id=441\" ><\/a><\/center><\/div>\n\t\t\t\t<\/div>\n\t\t\t\t<\/div>\n\t\t\t\t<div class=\"elementor-element elementor-element-ace1283 elementor-widget-divider--view-line elementor-widget elementor-widget-divider\" data-id=\"ace1283\" data-element_type=\"widget\" data-widget_type=\"divider.default\">\n\t\t\t\t<div class=\"elementor-widget-container\">\n\t\t\t\t\t<div class=\"elementor-divider\">\n\t\t\t<span class=\"elementor-divider-separator\">\n\t\t\t\t\t\t<\/span>\n\t\t<\/div>\n\t\t\t\t<\/div>\n\t\t\t\t<\/div>\n\t\t\t\t<div class=\"elementor-element elementor-element-ac34ac3 elementor-widget elementor-widget-google_maps\" data-id=\"ac34ac3\" data-element_type=\"widget\" data-widget_type=\"google_maps.default\">\n\t\t\t\t<div class=\"elementor-widget-container\">\n\t\t\t\t\t<div class=\"elementor-custom-embed\">\n\t\t\t<iframe loading=\"lazy\"\n\t\t\t\t\tsrc=\"https:\/\/maps.google.com\/maps?q=Ellingen%2C%20Deutschland&#038;t=m&#038;z=14&#038;output=embed&#038;iwloc=near\"\n\t\t\t\t\ttitle=\"Ellingen, Deutschland\"\n\t\t\t\t\taria-label=\"Ellingen, Deutschland\"\n\t\t\t><\/iframe>\n\t\t<\/div>\n\t\t\t\t<\/div>\n\t\t\t\t<\/div>\n\t\t\t\t\t<\/div>\n\t\t<\/div>\n\t\t\t\t<div class=\"elementor-column elementor-col-50 elementor-top-column elementor-element elementor-element-4ce46fb\" data-id=\"4ce46fb\" data-element_type=\"column\">\n\t\t\t<div class=\"elementor-widget-wrap elementor-element-populated\">\n\t\t\t\t\t\t<div class=\"elementor-element elementor-element-38f4e35 elementor-widget elementor-widget-heading\" data-id=\"38f4e35\" data-element_type=\"widget\" data-widget_type=\"heading.default\">\n\t\t\t\t<div class=\"elementor-widget-container\">\n\t\t\t<h3 class=\"elementor-heading-title elementor-size-default\">Schnell vergleichen und sparen!<\/h3>\t\t<\/div>\n\t\t\t\t<\/div>\n\t\t\t\t<div class=\"elementor-element elementor-element-92c49bc elementor-widget elementor-widget-wp-widget-advads_ad_widget\" data-id=\"92c49bc\" data-element_type=\"widget\" data-widget_type=\"wp-widget-advads_ad_widget.default\">\n\t\t\t\t<div class=\"elementor-widget-container\">\n\t\t\t<div id=\"regio-2560508922\"><div class=\"regio-adlabel\">Werbung<\/div><!-- Beginn https:\/\/www.financeads.net\/-Code --><a href=\"https:\/\/www.financeads.net\/tc.php?t=36648C236142529B\" target=\"_blank\"><img fetchpriority=\"high\" decoding=\"async\" src=\"https:\/\/www.financeads.net\/tb.php?t=36648V236142529B&https=1\" alt=\"\" border=\"0\" width=\"300\" height=\"250\"><\/a><!-- Ende https:\/\/www.financeads.net\/-Code --><\/div>\t\t<\/div>\n\t\t\t\t<\/div>\n\t\t\t\t<div class=\"elementor-element elementor-element-cb0c78c elementor-widget elementor-widget-wp-widget-advads_ad_widget\" data-id=\"cb0c78c\" data-element_type=\"widget\" data-widget_type=\"wp-widget-advads_ad_widget.default\">\n\t\t\t\t<div class=\"elementor-widget-container\">\n\t\t\t<div id=\"regio-1854341490\"><div class=\"regio-adlabel\">Werbung<\/div><!-- Beginn https:\/\/www.financeads.net\/-Code --><a href=\"https:\/\/www.financeads.net\/tc.php?t=36648C42614510B\" target=\"_blank\"><img decoding=\"async\" src=\"https:\/\/www.financeads.net\/tb.php?t=36648V42614510B&https=1\" alt=\"\" border=\"0\" width=\"200\" height=\"300\"><\/a><!-- Ende https:\/\/www.financeads.net\/-Code --><\/div>\t\t<\/div>\n\t\t\t\t<\/div>\n\t\t\t\t<div class=\"elementor-element elementor-element-31c9ced elementor-widget elementor-widget-wp-widget-advads_ad_widget\" data-id=\"31c9ced\" data-element_type=\"widget\" data-widget_type=\"wp-widget-advads_ad_widget.default\">\n\t\t\t\t<div class=\"elementor-widget-container\">\n\t\t\t<div id=\"regio-2077926659\"><div class=\"regio-adlabel\">Werbung<\/div><!-- Beginn https:\/\/www.financeads.net\/-Code --><a href=\"https:\/\/www.financeads.net\/tc.php?t=36648C205040072B\" target=\"_blank\"><img decoding=\"async\" src=\"https:\/\/www.financeads.net\/tb.php?t=36648V205040072B&https=1\" alt=\"\" border=\"0\" width=\"300\" height=\"250\"><\/a><!-- Ende https:\/\/www.financeads.net\/-Code --><\/div>\t\t<\/div>\n\t\t\t\t<\/div>\n\t\t\t\t<div class=\"elementor-element elementor-element-0344b9f elementor-widget elementor-widget-wp-widget-advads_ad_widget\" data-id=\"0344b9f\" data-element_type=\"widget\" data-widget_type=\"wp-widget-advads_ad_widget.default\">\n\t\t\t\t<div class=\"elementor-widget-container\">\n\t\t\t<div id=\"regio-2271907902\"><div class=\"regio-adlabel\">Werbung<\/div><!-- Beginn https:\/\/www.financeads.net\/-Code --><a href=\"https:\/\/www.financeads.net\/tc.php?t=36648C271460142B\" target=\"_blank\"><img loading=\"lazy\" decoding=\"async\" src=\"https:\/\/www.financeads.net\/tb.php?t=36648V271460142B&https=1\" alt=\"PETPROTECT_Hund&Katze_Banner\" border=\"0\" width=\"250\" height=\"250\"><\/a><!-- Ende https:\/\/www.financeads.net\/-Code --><\/div>\t\t<\/div>\n\t\t\t\t<\/div>\n\t\t\t\t\t<\/div>\n\t\t<\/div>\n\t\t\t\t\t<\/div>\n\t\t<\/section>\n\t\t\t\t<\/div>\n\t\t","protected":false},"excerpt":{"rendered":"<div class=\"mh-excerpt\"><p>Laster umgekippt &#8211; &#8222;Manitou&#8220; verloren\u00a0 Ellingen &#8211; Am Mittwochvormittag, den 29.03.2023, kippte der LKW eines 48-j\u00e4hrigen Fahrer (inklusive einem aufgeladenem Teleskoplader \u201eManitou&#8220; &#8211; wohl wegen \u00fcberh\u00f6hter Geschwindigkeit und mangelnder Ladungssicherung &#8211; gegen 10.30 Uhr in <a class=\"mh-excerpt-more\" href=\"https:\/\/www.region-schwabach.de\/wordpress\/lkw-auf-bundesstrasse-in-ellingen-umgekippt\/\" title=\"LKW auf Bundesstra\u00dfe in Ellingen umgekippt\">[&#8230;]<\/a><\/p>\n<\/div>","protected":false},"author":1,"featured_media":199834,"comment_status":"open","ping_status":"open","sticky":false,"template":"","format":"standard","meta":{"_cbd_carousel_blocks":"[]","footnotes":""},"categories":[21581,21316,21838,15],"tags":[22098,1513,22133,429,22131,4542,541,970,22130,1906,296,22132,973,1375,261,22128,35,981,5803,9695,8257,22129,8507,334,249],"class_list":{"0":"post-199833","1":"post","2":"type-post","3":"status-publish","4":"format-standard","5":"has-post-thumbnail","7":"category-polizei-februar-2023","8":"category-polizei-januar-2023","9":"category-polizei-maerz-2023","10":"category-polizeimeldungen","11":"tag-29-03-2023","12":"tag-anschlussstelle","13":"tag-auslaufende-fluessigkeiten","14":"tag-b2","15":"tag-bauschuttwanne","16":"tag-bergung","17":"tag-bundesstrasse-2","18":"tag-ellingen","19":"tag-ellingen-mitte","20":"tag-fahrbahn","21":"tag-feuerwehr","22":"tag-fuhrwerk","23":"tag-kurve","24":"tag-leicht-verletzt","25":"tag-lkw","26":"tag-manitou","27":"tag-nuernberg","28":"tag-polizei","29":"tag-reinigung","30":"tag-sicherung","31":"tag-strassenmeisterei","32":"tag-teleskoplader","33":"tag-ueberhoehte-geschwindigkeit-2","34":"tag-unfall","35":"tag-weissenburg"},"_links":{"self":[{"href":"https:\/\/www.region-schwabach.de\/wordpress\/wp-json\/wp\/v2\/posts\/199833","targetHints":{"allow":["GET"]}}],"collection":[{"href":"https:\/\/www.region-schwabach.de\/wordpress\/wp-json\/wp\/v2\/posts"}],"about":[{"href":"https:\/\/www.region-schwabach.de\/wordpress\/wp-json\/wp\/v2\/types\/post"}],"author":[{"embeddable":true,"href":"https:\/\/www.region-schwabach.de\/wordpress\/wp-json\/wp\/v2\/users\/1"}],"replies":[{"embeddable":true,"href":"https:\/\/www.region-schwabach.de\/wordpress\/wp-json\/wp\/v2\/comments?post=199833"}],"version-history":[{"count":0,"href":"https:\/\/www.region-schwabach.de\/wordpress\/wp-json\/wp\/v2\/posts\/199833\/revisions"}],"wp:featuredmedia":[{"embeddable":true,"href":"https:\/\/www.region-schwabach.de\/wordpress\/wp-json\/wp\/v2\/media\/199834"}],"wp:attachment":[{"href":"https:\/\/www.region-schwabach.de\/wordpress\/wp-json\/wp\/v2\/media?parent=199833"}],"wp:term":[{"taxonomy":"category","embeddable":true,"href":"https:\/\/www.region-schwabach.de\/wordpress\/wp-json\/wp\/v2\/categories?post=199833"},{"taxonomy":"post_tag","embeddable":true,"href":"https:\/\/www.region-schwabach.de\/wordpress\/wp-json\/wp\/v2\/tags?post=199833"}],"curies":[{"name":"wp","href":"https:\/\/api.w.org\/{rel}","templated":true}]}}