{"id":20113,"date":"2017-11-19T23:22:10","date_gmt":"2017-11-19T22:22:10","guid":{"rendered":"http:\/\/www.region-schwabach.de\/wordpress\/?p=20113"},"modified":"2018-07-30T10:03:07","modified_gmt":"2018-07-30T08:03:07","slug":"sperrung-der-staatsstrasse-2239-penzendorfer-hauptstrasse-und-walter-niehoff-strasse-am-25-november","status":"publish","type":"post","link":"https:\/\/www.region-schwabach.de\/wordpress\/sperrung-der-staatsstrasse-2239-penzendorfer-hauptstrasse-und-walter-niehoff-strasse-am-25-november\/","title":{"rendered":"Sperrung der Staatsstra\u00dfe 2239, Penzendorfer Hauptstra\u00dfe und Walter-Niehoff-Stra\u00dfe am 25. November"},"content":{"rendered":"\t\t<div data-elementor-type=\"wp-post\" data-elementor-id=\"20113\" class=\"elementor elementor-20113 elementor-bc-flex-widget\">\n\t\t\t\t\t\t<section class=\"elementor-section elementor-top-section elementor-element elementor-element-1dzeyuh elementor-section-boxed elementor-section-height-default elementor-section-height-default\" data-id=\"1dzeyuh\" data-element_type=\"section\">\n\t\t\t\t\t\t<div class=\"elementor-container elementor-column-gap-default\">\n\t\t\t\t\t<div class=\"elementor-column elementor-col-66 elementor-top-column elementor-element elementor-element-aam59ft\" data-id=\"aam59ft\" data-element_type=\"column\">\n\t\t\t<div class=\"elementor-widget-wrap elementor-element-populated\">\n\t\t\t\t\t\t<div class=\"elementor-element elementor-element-k9p1oyc elementor-widget elementor-widget-text-editor\" data-id=\"k9p1oyc\" data-element_type=\"widget\" data-widget_type=\"text-editor.default\">\n\t\t\t\t<div class=\"elementor-widget-container\">\n\t\t\t\t\t\t\t<h3>Sperrung\u00a0am 25. November 2017 n\u00f6tig<\/h3><p>Am Samstag, den 25.11.2017, kommt es in der Zeit von 06.00 Uhr bis 20.00 Uhr zur Sperrung der Staatsstra\u00dfe 2239, der Penzendorfer Hauptstra\u00dfe, und der Walter-Niehoff-Stra\u00dfe.<\/p><h3>Br\u00fcckenarbeiten in diesem Bereich<\/h3><p>Grund der Sperrung sind Arbeiten im Br\u00fcckenbereich f\u00fcr die B2 Br\u00fccke im Bereich der Anschlussstellen Penzendorf.<\/p><h3>Auch Geh- und Radweg von Sperrung betroffen<\/h3><p>F\u00fcr die Dauer der Sperrung ist auch der Geh- und Radweg entlang der Staatsstra\u00dfe 2239 im Br\u00fcckenbereich ebenfalls gesperrt.<\/p><p>Die B2 und die Anschlussstellen der B2, Penzendorf im Baustellenbereich sind von der Sperrung nicht betroffen.\u00a0<\/p><h3>Umleitung eingerichtet<\/h3><p>Der Verkehr von und nach Wendelstein wird in beide Richtungen \u00fcber die Kreisstra\u00dfe SC 2, RH 2 (Schwabach, Leerstetten) und RH 1 bis zum Kreisverkehr in Kleinschwarzenlohe umgeleitet.\u00a0<\/p>\t\t\t\t\t\t<\/div>\n\t\t\t\t<\/div>\n\t\t\t\t<div class=\"elementor-element elementor-element-rf47wqh elementor-widget elementor-widget-google_maps\" data-id=\"rf47wqh\" data-element_type=\"widget\" data-widget_type=\"google_maps.default\">\n\t\t\t\t<div class=\"elementor-widget-container\">\n\t\t\t\t\t<div class=\"elementor-custom-embed\">\n\t\t\t<iframe loading=\"lazy\"\n\t\t\t\t\tsrc=\"https:\/\/maps.google.com\/maps?q=Walter-Niehoff-Stra%C3%9Fe%2C%20Schwabach%2C%20Deutschland&#038;t=m&#038;z=15&#038;output=embed&#038;iwloc=near\"\n\t\t\t\t\ttitle=\"Walter-Niehoff-Stra\u00dfe, Schwabach, Deutschland\"\n\t\t\t\t\taria-label=\"Walter-Niehoff-Stra\u00dfe, Schwabach, Deutschland\"\n\t\t\t><\/iframe>\n\t\t<\/div>\n\t\t\t\t<\/div>\n\t\t\t\t<\/div>\n\t\t\t\t\t<\/div>\n\t\t<\/div>\n\t\t\t\t<div class=\"elementor-column elementor-col-33 elementor-top-column elementor-element elementor-element-uferl75\" data-id=\"uferl75\" data-element_type=\"column\">\n\t\t\t<div class=\"elementor-widget-wrap elementor-element-populated\">\n\t\t\t\t\t\t<div class=\"elementor-element elementor-element-xuttsc2 elementor-widget elementor-widget-image\" data-id=\"xuttsc2\" data-element_type=\"widget\" data-widget_type=\"image.default\">\n\t\t\t\t<div class=\"elementor-widget-container\">\n\t\t\t\t\t\t\t\t\t\t\t\t\t<img fetchpriority=\"high\" decoding=\"async\" width=\"300\" height=\"300\" src=\"https:\/\/www.region-schwabach.de\/wordpress\/wp-content\/uploads\/2017\/06\/werbung8-300x300.png\" class=\"attachment-medium size-medium wp-image-2484\" alt=\"\" srcset=\"https:\/\/www.region-schwabach.de\/wordpress\/wp-content\/uploads\/2017\/06\/werbung8-300x300.png 300w, https:\/\/www.region-schwabach.de\/wordpress\/wp-content\/uploads\/2017\/06\/werbung8-150x150.png 150w, https:\/\/www.region-schwabach.de\/wordpress\/wp-content\/uploads\/2017\/06\/werbung8-768x768.png 768w, https:\/\/www.region-schwabach.de\/wordpress\/wp-content\/uploads\/2017\/06\/werbung8-1024x1024.png 1024w, https:\/\/www.region-schwabach.de\/wordpress\/wp-content\/uploads\/2017\/06\/werbung8-600x600.png 600w, https:\/\/www.region-schwabach.de\/wordpress\/wp-content\/uploads\/2017\/06\/werbung8.png 1200w\" sizes=\"(max-width: 300px) 100vw, 300px\" \/>\t\t\t\t\t\t\t\t\t\t\t\t\t<\/div>\n\t\t\t\t<\/div>\n\t\t\t\t\t<\/div>\n\t\t<\/div>\n\t\t\t\t\t<\/div>\n\t\t<\/section>\n\t\t\t\t<\/div>\n\t\t","protected":false},"excerpt":{"rendered":"<div class=\"mh-excerpt\"><p>Sperrung\u00a0am 25. November 2017 n\u00f6tig Am Samstag, den 25.11.2017, kommt es in der Zeit von 06.00 Uhr bis 20.00 Uhr zur Sperrung der Staatsstra\u00dfe 2239, der Penzendorfer Hauptstra\u00dfe, und der Walter-Niehoff-Stra\u00dfe. Br\u00fcckenarbeiten in diesem Bereich <a class=\"mh-excerpt-more\" href=\"https:\/\/www.region-schwabach.de\/wordpress\/sperrung-der-staatsstrasse-2239-penzendorfer-hauptstrasse-und-walter-niehoff-strasse-am-25-november\/\" title=\"Sperrung der Staatsstra\u00dfe 2239, Penzendorfer Hauptstra\u00dfe und Walter-Niehoff-Stra\u00dfe am 25. November\">[&#8230;]<\/a><\/p>\n<\/div>","protected":false},"author":1,"featured_media":14958,"comment_status":"open","ping_status":"open","sticky":false,"template":"template-full.php","format":"standard","meta":{"_cbd_carousel_blocks":"[]","footnotes":""},"categories":[14],"tags":[1527,173,58,425,19,276,424,426],"class_list":{"0":"post-20113","1":"post","2":"type-post","3":"status-publish","4":"format-standard","5":"has-post-thumbnail","7":"category-verkehrsinfos","8":"tag-anschlussstelle-penzendorf","9":"tag-brueckenarbeiten","10":"tag-geh-und-radweg","11":"tag-penzendorfer-hauptstrasse","12":"tag-schwabach","13":"tag-sperrung","14":"tag-staatsstrasse-2239","15":"tag-walter-niehoff-strasse"},"_links":{"self":[{"href":"https:\/\/www.region-schwabach.de\/wordpress\/wp-json\/wp\/v2\/posts\/20113","targetHints":{"allow":["GET"]}}],"collection":[{"href":"https:\/\/www.region-schwabach.de\/wordpress\/wp-json\/wp\/v2\/posts"}],"about":[{"href":"https:\/\/www.region-schwabach.de\/wordpress\/wp-json\/wp\/v2\/types\/post"}],"author":[{"embeddable":true,"href":"https:\/\/www.region-schwabach.de\/wordpress\/wp-json\/wp\/v2\/users\/1"}],"replies":[{"embeddable":true,"href":"https:\/\/www.region-schwabach.de\/wordpress\/wp-json\/wp\/v2\/comments?post=20113"}],"version-history":[{"count":0,"href":"https:\/\/www.region-schwabach.de\/wordpress\/wp-json\/wp\/v2\/posts\/20113\/revisions"}],"wp:featuredmedia":[{"embeddable":true,"href":"https:\/\/www.region-schwabach.de\/wordpress\/wp-json\/wp\/v2\/media\/14958"}],"wp:attachment":[{"href":"https:\/\/www.region-schwabach.de\/wordpress\/wp-json\/wp\/v2\/media?parent=20113"}],"wp:term":[{"taxonomy":"category","embeddable":true,"href":"https:\/\/www.region-schwabach.de\/wordpress\/wp-json\/wp\/v2\/categories?post=20113"},{"taxonomy":"post_tag","embeddable":true,"href":"https:\/\/www.region-schwabach.de\/wordpress\/wp-json\/wp\/v2\/tags?post=20113"}],"curies":[{"name":"wp","href":"https:\/\/api.w.org\/{rel}","templated":true}]}}