{"id":201232,"date":"2023-04-19T01:00:00","date_gmt":"2023-04-18T23:00:00","guid":{"rendered":"https:\/\/www.region-schwabach.de\/wordpress\/?p=201232"},"modified":"2023-04-19T00:07:54","modified_gmt":"2023-04-18T22:07:54","slug":"unternehmerfruhstuck-in-der-diakoneo-klinik-schwabach-am-mittwoch-den-19-april-2023","status":"publish","type":"post","link":"https:\/\/www.region-schwabach.de\/wordpress\/unternehmerfruhstuck-in-der-diakoneo-klinik-schwabach-am-mittwoch-den-19-april-2023\/","title":{"rendered":"Unternehmerfr\u00fchst\u00fcck in der DIAKONEO Klinik Schwabach am Mittwoch, den 19. April 2023"},"content":{"rendered":"\t\t<div data-elementor-type=\"wp-post\" data-elementor-id=\"201232\" class=\"elementor elementor-201232\">\n\t\t\t\t\t\t<section class=\"elementor-section elementor-top-section elementor-element elementor-element-678181b elementor-section-boxed elementor-section-height-default elementor-section-height-default\" data-id=\"678181b\" data-element_type=\"section\">\n\t\t\t\t\t\t<div class=\"elementor-container elementor-column-gap-default\">\n\t\t\t\t\t<div class=\"elementor-column elementor-col-50 elementor-top-column elementor-element elementor-element-6b34026\" data-id=\"6b34026\" data-element_type=\"column\">\n\t\t\t<div class=\"elementor-widget-wrap elementor-element-populated\">\n\t\t\t\t\t\t<div class=\"elementor-element elementor-element-291029b elementor-widget elementor-widget-wp-widget-advads_ad_widget\" data-id=\"291029b\" data-element_type=\"widget\" data-widget_type=\"wp-widget-advads_ad_widget.default\">\n\t\t\t\t<div class=\"elementor-widget-container\">\n\t\t\t<div id=\"regio-4126697150\"><div class=\"regio-adlabel\">Werbung<\/div><center><a href=\"https:\/\/a.partner-versicherung.de\/click.php?partner_id=19992&ad_id=1578&deep=kreditkarten\"  target=\"_blank\"><img decoding=\"async\" src=\"https:\/\/a.partner-versicherung.de\/view.php?partner_id=19992&ad_id=1578\" ><\/a><\/center><\/div>\t\t<\/div>\n\t\t\t\t<\/div>\n\t\t\t\t<div class=\"elementor-element elementor-element-443ab98 elementor-widget elementor-widget-text-editor\" data-id=\"443ab98\" data-element_type=\"widget\" data-widget_type=\"text-editor.default\">\n\t\t\t\t<div class=\"elementor-widget-container\">\n\t\t\t\t\t\t\t<h3 class=\"entry-title\">Unternehmerfr\u00fchst\u00fcck in der DIAKONEO Klinik Schwabach<br \/>Mittwoch, den 19. April 2023, 08.00 Uhr<\/h3><p><span style=\"font-size: 12pt;\">Schwabach &#8211;\u00a0Gastgeber des ersten Unternehmerfr\u00fchst\u00fccks des Jahres ist die DIAKONEO Klinik Schwabach in der Regelsbacher Stra\u00dfe 7. Es findet am Mittwoch, den 19. April 2023, von 8 bis 10 Uhr statt.\u00a0<\/span><\/p><p><span style=\"font-size: 12pt;\">Den Impuls-Vortrag h\u00e4lt Dr. Thomas Donhauser. Er ist Altb\u00fcrgermeister der Stadt Schwabach, Rechtsanwalt sowie erfahrener Mediator, Moderator, Trainer und Coach. Er wird in seinem Vortrag das interessante Thema der Unternehmens- und Betriebsnachfolge mit unterschiedlichen Gr\u00fcnden und vielf\u00e4ltigen Alternativen behandeln.\u00a0<\/span><\/p><p><span style=\"font-size: 12pt;\">Im Anschluss wird nat\u00fcrlich wie immer auch Zeit und Raum f\u00fcr intensives Netzwerken sein.\u00a0<\/span><\/p><p><span style=\"font-size: 12pt;\">Sie k\u00f6nnen sich\u00a0<a title=\"Hier geht\u00b4s zur Online-Anmeldung\" href=\"https:\/\/login.mailing-point.de\/-lp\/2dTHM19864\/nFytP55\" target=\"_blank\" rel=\"noopener\">hier<\/a>\u00a0verbindlich online anmelden oder uns alternativ auch gern Ihre Anmeldung inklusive Kontaktdaten per\u00a0 E-Mail an\u00a0<span id=\"cloakc50a1d88ae626636013222b4a9437ef9\"><a href=\"mailto:wirtschaftsfoerderung@schwabach.de\">wirtschaftsfoerderung@schwabach.de<\/a><\/span> oder per Fax an 09122 860-244 senden. Die Teilnehmerzahl ist begrenzt und der Besuch ist kostenfrei.\u00a0<\/span><\/p><p><span style=\"font-size: 12pt;\">Im Anschluss wird nat\u00fcrlich wie immer auch Raum f\u00fcr intensives Netzwerken sein.\u00a0<\/span><\/p><p><span style=\"font-size: 12pt;\">Eine verbindliche Anmeldung inklusive Kontaktdaten ist per E-Mail m\u00f6glich an <a href=\"mailto:wirtschaftsfoerderung@schwabach.de\" target=\"_blank\" rel=\"noopener\">wirtschaftsfoerderung@schwabach.de<\/a> oder per Fax an 09122 860-244. Die <\/span><span style=\"font-size: 12pt;\">Teilnehmerzahl ist begrenzt und der Besuch ist kostenfrei.<\/span><\/p><h3>Weiterf\u00fchrende Links:<\/h3><p><span style=\"font-size: 12pt;\"><a href=\"https:\/\/schwabach.de\/de\/wirtschaft\/wirtschaftsfoerderung\/termine-und-infos\/11189-naechstes-unternehmerfruehstueck-am-8-dezember.html\" target=\"_blank\" rel=\"noopener\">Weitere Informationen zum Unternehmerfr\u00fchst\u00fcck gibt es hier &#8230;<\/a><\/span><\/p><p><span style=\"font-size: 12pt;\"><a href=\"https:\/\/www.klinik-schwabach.de\/\" target=\"_blank\" rel=\"noopener\">Zur Homepage der DIAKONEO Klinik Schwabach geht es hier &#8230;\u00a0<\/a><\/span><\/p>\t\t\t\t\t\t<\/div>\n\t\t\t\t<\/div>\n\t\t\t\t<div class=\"elementor-element elementor-element-f3afa79 elementor-widget-divider--view-line elementor-widget elementor-widget-divider\" data-id=\"f3afa79\" data-element_type=\"widget\" data-widget_type=\"divider.default\">\n\t\t\t\t<div class=\"elementor-widget-container\">\n\t\t\t\t\t<div class=\"elementor-divider\">\n\t\t\t<span class=\"elementor-divider-separator\">\n\t\t\t\t\t\t<\/span>\n\t\t<\/div>\n\t\t\t\t<\/div>\n\t\t\t\t<\/div>\n\t\t\t\t<div class=\"elementor-element elementor-element-2e04f4c elementor-widget elementor-widget-google_maps\" data-id=\"2e04f4c\" data-element_type=\"widget\" data-widget_type=\"google_maps.default\">\n\t\t\t\t<div class=\"elementor-widget-container\">\n\t\t\t\t\t<div class=\"elementor-custom-embed\">\n\t\t\t<iframe loading=\"lazy\"\n\t\t\t\t\tsrc=\"https:\/\/maps.google.com\/maps?q=Wendelsteiner%20Stra%C3%9Fe%206%2C%20Schwabach%2C%20Deutschland&#038;t=m&#038;z=15&#038;output=embed&#038;iwloc=near\"\n\t\t\t\t\ttitle=\"Wendelsteiner Stra\u00dfe 6, Schwabach, Deutschland\"\n\t\t\t\t\taria-label=\"Wendelsteiner Stra\u00dfe 6, Schwabach, Deutschland\"\n\t\t\t><\/iframe>\n\t\t<\/div>\n\t\t\t\t<\/div>\n\t\t\t\t<\/div>\n\t\t\t\t\t<\/div>\n\t\t<\/div>\n\t\t\t\t<div class=\"elementor-column elementor-col-50 elementor-top-column elementor-element elementor-element-7ae2c2d\" data-id=\"7ae2c2d\" data-element_type=\"column\">\n\t\t\t<div class=\"elementor-widget-wrap elementor-element-populated\">\n\t\t\t\t\t\t<div class=\"elementor-element elementor-element-0351952 elementor-widget elementor-widget-heading\" data-id=\"0351952\" data-element_type=\"widget\" data-widget_type=\"heading.default\">\n\t\t\t\t<div class=\"elementor-widget-container\">\n\t\t\t<h3 class=\"elementor-heading-title elementor-size-default\">Schnell vergleichen und sparen!<\/h3>\t\t<\/div>\n\t\t\t\t<\/div>\n\t\t\t\t<div class=\"elementor-element elementor-element-024fe0f elementor-widget elementor-widget-wp-widget-advads_ad_widget\" data-id=\"024fe0f\" data-element_type=\"widget\" data-widget_type=\"wp-widget-advads_ad_widget.default\">\n\t\t\t\t<div class=\"elementor-widget-container\">\n\t\t\t<div id=\"regio-1923289077\"><div class=\"regio-adlabel\">Werbung<\/div><!-- Beginn https:\/\/www.financeads.net\/-Code --><a href=\"https:\/\/www.financeads.net\/tc.php?t=36648C236142529B\" target=\"_blank\"><img fetchpriority=\"high\" decoding=\"async\" src=\"https:\/\/www.financeads.net\/tb.php?t=36648V236142529B&https=1\" alt=\"\" border=\"0\" width=\"300\" height=\"250\"><\/a><!-- Ende https:\/\/www.financeads.net\/-Code --><\/div>\t\t<\/div>\n\t\t\t\t<\/div>\n\t\t\t\t<div class=\"elementor-element elementor-element-02a6a20 elementor-widget elementor-widget-wp-widget-advads_ad_widget\" data-id=\"02a6a20\" data-element_type=\"widget\" data-widget_type=\"wp-widget-advads_ad_widget.default\">\n\t\t\t\t<div class=\"elementor-widget-container\">\n\t\t\t<div id=\"regio-3863287747\"><div class=\"regio-adlabel\">Werbung<\/div><!-- Beginn https:\/\/www.financeads.net\/-Code --><a href=\"https:\/\/www.financeads.net\/tc.php?t=36648C42614510B\" target=\"_blank\"><img decoding=\"async\" src=\"https:\/\/www.financeads.net\/tb.php?t=36648V42614510B&https=1\" alt=\"\" border=\"0\" width=\"200\" height=\"300\"><\/a><!-- Ende https:\/\/www.financeads.net\/-Code --><\/div>\t\t<\/div>\n\t\t\t\t<\/div>\n\t\t\t\t<div class=\"elementor-element elementor-element-a3a31e3 elementor-widget elementor-widget-wp-widget-advads_ad_widget\" data-id=\"a3a31e3\" data-element_type=\"widget\" data-widget_type=\"wp-widget-advads_ad_widget.default\">\n\t\t\t\t<div class=\"elementor-widget-container\">\n\t\t\t<div id=\"regio-2864597257\"><div class=\"regio-adlabel\">Werbung<\/div><!-- Beginn https:\/\/www.financeads.net\/-Code --><a href=\"https:\/\/www.financeads.net\/tc.php?t=36648C205040072B\" target=\"_blank\"><img decoding=\"async\" src=\"https:\/\/www.financeads.net\/tb.php?t=36648V205040072B&https=1\" alt=\"\" border=\"0\" width=\"300\" height=\"250\"><\/a><!-- Ende https:\/\/www.financeads.net\/-Code --><\/div>\t\t<\/div>\n\t\t\t\t<\/div>\n\t\t\t\t<div class=\"elementor-element elementor-element-83cfac5 elementor-widget elementor-widget-wp-widget-advads_ad_widget\" data-id=\"83cfac5\" data-element_type=\"widget\" data-widget_type=\"wp-widget-advads_ad_widget.default\">\n\t\t\t\t<div class=\"elementor-widget-container\">\n\t\t\t<div id=\"regio-3797868147\"><div class=\"regio-adlabel\">Werbung<\/div><!-- Beginn https:\/\/www.financeads.net\/-Code --><a href=\"https:\/\/www.financeads.net\/tc.php?t=36648C271460142B\" target=\"_blank\"><img loading=\"lazy\" decoding=\"async\" src=\"https:\/\/www.financeads.net\/tb.php?t=36648V271460142B&https=1\" alt=\"PETPROTECT_Hund&Katze_Banner\" border=\"0\" width=\"250\" height=\"250\"><\/a><!-- Ende https:\/\/www.financeads.net\/-Code --><\/div>\t\t<\/div>\n\t\t\t\t<\/div>\n\t\t\t\t\t<\/div>\n\t\t<\/div>\n\t\t\t\t\t<\/div>\n\t\t<\/section>\n\t\t\t\t<\/div>\n\t\t","protected":false},"excerpt":{"rendered":"<div class=\"mh-excerpt\"><p>Unternehmerfr\u00fchst\u00fcck in der DIAKONEO Klinik Schwabach Mittwoch, den 19. April 2023, 08.00 Uhr Schwabach &#8211;&nbsp;Gastgeber des ersten Unternehmerfr\u00fchst\u00fccks des Jahres ist die DIAKONEO Klinik Schwabach in der Regelsbacher Stra\u00dfe 7. Es findet am Mittwoch, den <a class=\"mh-excerpt-more\" href=\"https:\/\/www.region-schwabach.de\/wordpress\/unternehmerfruhstuck-in-der-diakoneo-klinik-schwabach-am-mittwoch-den-19-april-2023\/\" title=\"Unternehmerfr\u00fchst\u00fcck in der DIAKONEO Klinik Schwabach am Mittwoch, den 19. April 2023\">[&#8230;]<\/a><\/p>\n<\/div>","protected":false},"author":1,"featured_media":201233,"comment_status":"open","ping_status":"open","sticky":false,"template":"","format":"standard","meta":{"_cbd_carousel_blocks":"[]","footnotes":""},"categories":[16,78,61,3967,231,46,140],"tags":[22244,22243,22246,22245,14507,3652,3650,1390,19,3656,3151,22247,3655,7213,3651],"class_list":{"0":"post-201232","1":"post","2":"type-post","3":"status-publish","4":"format-standard","5":"has-post-thumbnail","7":"category-aktuell","8":"category-handel-und-wirtschaft","9":"category-rathaus","10":"category-unternehmen","11":"category-veranstaltungsnews","12":"category-verbaende","13":"category-vereine","14":"tag-19-april-2023","15":"tag-19-04-2023","16":"tag-betriebsnachfolge","17":"tag-diakoneo-klinik","18":"tag-dr-thomas-donhauser","19":"tag-gewerbeverein","20":"tag-ihk","21":"tag-regelsbacher-strasse","22":"tag-schwabach","23":"tag-selbststaendige","24":"tag-stadt-schwabach","25":"tag-unternehmens-und-betriebsnachfolge","26":"tag-unternehmer","27":"tag-unternehmerfruehstueck","28":"tag-wirtschaftsjunioren"},"_links":{"self":[{"href":"https:\/\/www.region-schwabach.de\/wordpress\/wp-json\/wp\/v2\/posts\/201232","targetHints":{"allow":["GET"]}}],"collection":[{"href":"https:\/\/www.region-schwabach.de\/wordpress\/wp-json\/wp\/v2\/posts"}],"about":[{"href":"https:\/\/www.region-schwabach.de\/wordpress\/wp-json\/wp\/v2\/types\/post"}],"author":[{"embeddable":true,"href":"https:\/\/www.region-schwabach.de\/wordpress\/wp-json\/wp\/v2\/users\/1"}],"replies":[{"embeddable":true,"href":"https:\/\/www.region-schwabach.de\/wordpress\/wp-json\/wp\/v2\/comments?post=201232"}],"version-history":[{"count":0,"href":"https:\/\/www.region-schwabach.de\/wordpress\/wp-json\/wp\/v2\/posts\/201232\/revisions"}],"wp:featuredmedia":[{"embeddable":true,"href":"https:\/\/www.region-schwabach.de\/wordpress\/wp-json\/wp\/v2\/media\/201233"}],"wp:attachment":[{"href":"https:\/\/www.region-schwabach.de\/wordpress\/wp-json\/wp\/v2\/media?parent=201232"}],"wp:term":[{"taxonomy":"category","embeddable":true,"href":"https:\/\/www.region-schwabach.de\/wordpress\/wp-json\/wp\/v2\/categories?post=201232"},{"taxonomy":"post_tag","embeddable":true,"href":"https:\/\/www.region-schwabach.de\/wordpress\/wp-json\/wp\/v2\/tags?post=201232"}],"curies":[{"name":"wp","href":"https:\/\/api.w.org\/{rel}","templated":true}]}}