{"id":201907,"date":"2023-04-26T01:00:00","date_gmt":"2023-04-25T23:00:00","guid":{"rendered":"https:\/\/www.region-schwabach.de\/wordpress\/?p=201907"},"modified":"2023-04-25T23:42:50","modified_gmt":"2023-04-25T21:42:50","slug":"ebw-vortrag-suizidpravention-bei-kindern-und-jugendlichen-wie-eltern-ihrem-kind-in-krisenzeiten-helfen-konnen","status":"publish","type":"post","link":"https:\/\/www.region-schwabach.de\/wordpress\/ebw-vortrag-suizidpravention-bei-kindern-und-jugendlichen-wie-eltern-ihrem-kind-in-krisenzeiten-helfen-konnen\/","title":{"rendered":"ebw-Vortrag: Suizidpr\u00e4vention bei Kindern und Jugendlichen &#8211; wie Eltern ihrem Kind in Krisenzeiten helfen k\u00f6nnen"},"content":{"rendered":"\t\t<div data-elementor-type=\"wp-post\" data-elementor-id=\"201907\" class=\"elementor elementor-201907\">\n\t\t\t\t\t\t<section class=\"elementor-section elementor-top-section elementor-element elementor-element-678181b elementor-section-boxed elementor-section-height-default elementor-section-height-default\" data-id=\"678181b\" data-element_type=\"section\">\n\t\t\t\t\t\t<div class=\"elementor-container elementor-column-gap-default\">\n\t\t\t\t\t<div class=\"elementor-column elementor-col-50 elementor-top-column elementor-element elementor-element-6b34026\" data-id=\"6b34026\" data-element_type=\"column\">\n\t\t\t<div class=\"elementor-widget-wrap elementor-element-populated\">\n\t\t\t\t\t\t<div class=\"elementor-element elementor-element-570d0b3 elementor-widget elementor-widget-wp-widget-advads_ad_widget\" data-id=\"570d0b3\" data-element_type=\"widget\" data-widget_type=\"wp-widget-advads_ad_widget.default\">\n\t\t\t\t<div class=\"elementor-widget-container\">\n\t\t\t<div id=\"regio-2753203019\"><div class=\"regio-adlabel\">Werbung<\/div><center><a href=\"https:\/\/a.partner-versicherung.de\/click.php?partner_id=19992&ad_id=1578&deep=kreditkarten\"  target=\"_blank\"><img decoding=\"async\" src=\"https:\/\/a.partner-versicherung.de\/view.php?partner_id=19992&ad_id=1578\" ><\/a><\/center><\/div>\t\t<\/div>\n\t\t\t\t<\/div>\n\t\t\t\t<div class=\"elementor-element elementor-element-443ab98 elementor-widget elementor-widget-text-editor\" data-id=\"443ab98\" data-element_type=\"widget\" data-widget_type=\"text-editor.default\">\n\t\t\t\t<div class=\"elementor-widget-container\">\n\t\t\t\t\t\t\t<h3><span dir=\"ltr\" role=\"presentation\">Mittwoch, den 26. April 2023, um 18.00 Uhr\u00a0<\/span><br role=\"presentation\" \/>Online-Vortrag des EBW-Schwabach\u00a0<\/h3><p><span style=\"font-size: 12pt;\">Schwabach &#8211; Am Mittwochabend, den 26. April 2023, um 18.00 Uhr veranstaltet das ebw-Schwabach einen Online-Vortrag mit dem Thema &#8222;Suizidpr\u00e4vention bei Kindern und Jugendlichen &#8211; wie Eltern ihrem Kind in Krisenzeiten helfen k\u00f6nnen&#8220;.\u00a0<\/span><\/p><p><span style=\"font-size: 12pt;\">Dieser Vortrag liefert wichtige Informationen zum Thema Suizidalit\u00e4t bei jungen Menschen. Besonders die Phase der Pubert\u00e4t ist eine herausfordernde Lebensphase, vor allen in Zeiten der Corona Pandemie. Diese Zeiten k\u00f6nnen f\u00fcr Kinder und Jugendliche viele Problemstellungen mit sich bringen (Entt\u00e4uschungen, Verluste, Schulprobleme, Mobbing, Gef\u00fchlswirrwarr und vieles mehr).<\/span><\/p><p><span style=\"font-size: 12pt;\">Viel mehr Jugendliche als man denkt, besch\u00e4ftigen sich dann gedanklich mit dem Thema Suizid. Manchmal abstrakt, manchmal tauchen eigene Suizidgedanken auf bis hin, dass es zu suizidalen Handlungen kommen kann und im schlimmsten Fall zu einem tats\u00e4chlichen Suizid.<\/span><\/p><p><span style=\"font-size: 12pt;\">Wie k\u00f6nnen Eltern hier ihrem Kind helfen? Suizid und Tod sind Tabuthemen, das Sprechen dar\u00fcber f\u00e4llt vielen Menschen schwer. Was macht man also, wenn das eigene Kind sagt: \u201eEigentlich will ich nicht mehr leben\u201c? Wie ernst ist so eine \u00c4u\u00dferung zu nehmen, wie kann das Suizidrisiko und der Belastungsgrad des eigenen Kindes eingesch\u00e4tzt werden?<\/span><\/p><p><span style=\"font-size: 12pt;\">Der Vortrag zeigt auf, wie Eltern die Thematik mit ihrem Kind besprechen k\u00f6nnen und wie mit einer suizidalen Krise umgegangen werden kann. Es wird thematisiert, ab wann professionelle Hilfe notwendig ist und wie diese aussehen kann.<\/span><\/p><p><span style=\"font-size: 12pt;\">Bei dem Vortrag handelt es sich um eine Onlineveranstaltung an der Eltern, Gro\u00dfeltern, andere Familienmitglieder etc. teilnehmen k\u00f6nnen.<\/span><\/p><p><span style=\"font-size: 12pt;\">Teilnahme ist kostenfrei\u00a0<\/span><\/p><p><span style=\"font-size: 12pt;\">Zugang bekommen Sie \u00fcber folgenden Link:<\/span><br \/><br \/><span style=\"font-size: 12pt;\"><a class=\"et_link\" href=\"https:\/\/eu01web.zoom.us\/j\/64461592516?pwd=aEJ4Z0I2d2pOMVJBRDhvMDJQbytzUT09\" target=\"_blank\" rel=\"noopener\">https:\/\/eu01web.zoom.us\/j\/64461592516?pwd=aEJ4Z0I2d2pOMVJBRDhvMDJQbytzUT09<\/a><\/span><br \/><br \/><span style=\"font-size: 12pt;\">Meeting-ID: 644 6159 2516<\/span><br \/><br \/><span style=\"font-size: 12pt;\">Kenncode: 401982<\/span><br \/><br \/><span style=\"font-size: 12pt;\">Sie k\u00f6nnen den Link auch \u00fcber das Sekretariat der Erziehungsberatungsstelle anfordern:\u00a0<a class=\"et_link\" href=\"mailto:info@eb-roth-schwabach.de\" target=\"_blank\" rel=\"noopener\">info@eb-roth-schwabach.de<\/a><\/span><br \/><br \/><span style=\"font-size: 12pt;\">Ein Anmeldung ist nicht erforderlich, der Vortrag ist kostenfrei!<\/span><br \/><br \/><span style=\"font-size: 12pt;\">Es kann v\u00f6llig anonym an der Veranstaltung teilgenommen werden!<\/span><\/p><h3>Weiterf\u00fchrende Links:<\/h3><p><span style=\"font-size: 12pt;\"><a href=\"https:\/\/www.ebw-schwabach.de\/\" target=\"_blank\" rel=\"noopener\">Zur Homepage des ebw-Schwabach geht es hier &#8230;<\/a><\/span><\/p>\t\t\t\t\t\t<\/div>\n\t\t\t\t<\/div>\n\t\t\t\t<div class=\"elementor-element elementor-element-3e1d824 elementor-widget elementor-widget-shortcode\" data-id=\"3e1d824\" data-element_type=\"widget\" data-widget_type=\"shortcode.default\">\n\t\t\t\t<div class=\"elementor-widget-container\">\n\t\t\t\t\t<div class=\"elementor-shortcode\"><center><a href=\"https:\/\/a.partner-versicherung.de\/click.php?partner_id=19992&ad_id=441&deep=kfz-versicherung\"  target=\"_blank\"><img decoding=\"async\" src=\"https:\/\/a.partner-versicherung.de\/view.php?partner_id=19992&ad_id=441\" ><\/a><\/center><\/div>\n\t\t\t\t<\/div>\n\t\t\t\t<\/div>\n\t\t\t\t<div class=\"elementor-element elementor-element-21c3450 elementor-widget-divider--view-line elementor-widget elementor-widget-divider\" data-id=\"21c3450\" data-element_type=\"widget\" data-widget_type=\"divider.default\">\n\t\t\t\t<div class=\"elementor-widget-container\">\n\t\t\t\t\t<div class=\"elementor-divider\">\n\t\t\t<span class=\"elementor-divider-separator\">\n\t\t\t\t\t\t<\/span>\n\t\t<\/div>\n\t\t\t\t<\/div>\n\t\t\t\t<\/div>\n\t\t\t\t<div class=\"elementor-element elementor-element-f4c690c elementor-widget elementor-widget-google_maps\" data-id=\"f4c690c\" data-element_type=\"widget\" data-widget_type=\"google_maps.default\">\n\t\t\t\t<div class=\"elementor-widget-container\">\n\t\t\t\t\t<div class=\"elementor-custom-embed\">\n\t\t\t<iframe loading=\"lazy\"\n\t\t\t\t\tsrc=\"https:\/\/maps.google.com\/maps?q=Schwabach%2C%20Deutschland&#038;t=m&#038;z=14&#038;output=embed&#038;iwloc=near\"\n\t\t\t\t\ttitle=\"Schwabach, Deutschland\"\n\t\t\t\t\taria-label=\"Schwabach, Deutschland\"\n\t\t\t><\/iframe>\n\t\t<\/div>\n\t\t\t\t<\/div>\n\t\t\t\t<\/div>\n\t\t\t\t\t<\/div>\n\t\t<\/div>\n\t\t\t\t<div class=\"elementor-column elementor-col-50 elementor-top-column elementor-element elementor-element-08f89dd\" data-id=\"08f89dd\" data-element_type=\"column\">\n\t\t\t<div class=\"elementor-widget-wrap elementor-element-populated\">\n\t\t\t\t\t\t<div class=\"elementor-element elementor-element-ade5aaf elementor-widget elementor-widget-heading\" data-id=\"ade5aaf\" data-element_type=\"widget\" data-widget_type=\"heading.default\">\n\t\t\t\t<div class=\"elementor-widget-container\">\n\t\t\t<h3 class=\"elementor-heading-title elementor-size-default\">Schnell vergleichen und sparen!<\/h3>\t\t<\/div>\n\t\t\t\t<\/div>\n\t\t\t\t<div class=\"elementor-element elementor-element-b5f0222 elementor-widget elementor-widget-wp-widget-advads_ad_widget\" data-id=\"b5f0222\" data-element_type=\"widget\" data-widget_type=\"wp-widget-advads_ad_widget.default\">\n\t\t\t\t<div class=\"elementor-widget-container\">\n\t\t\t<div id=\"regio-4068752452\"><div class=\"regio-adlabel\">Werbung<\/div><!-- Beginn https:\/\/www.financeads.net\/-Code --><a href=\"https:\/\/www.financeads.net\/tc.php?t=36648C236142529B\" target=\"_blank\"><img fetchpriority=\"high\" decoding=\"async\" src=\"https:\/\/www.financeads.net\/tb.php?t=36648V236142529B&https=1\" alt=\"\" border=\"0\" width=\"300\" height=\"250\"><\/a><!-- Ende https:\/\/www.financeads.net\/-Code --><\/div>\t\t<\/div>\n\t\t\t\t<\/div>\n\t\t\t\t<div class=\"elementor-element elementor-element-cf25e1a elementor-widget elementor-widget-wp-widget-advads_ad_widget\" data-id=\"cf25e1a\" data-element_type=\"widget\" data-widget_type=\"wp-widget-advads_ad_widget.default\">\n\t\t\t\t<div class=\"elementor-widget-container\">\n\t\t\t<div id=\"regio-535795526\"><div class=\"regio-adlabel\">Werbung<\/div><!-- Beginn https:\/\/www.financeads.net\/-Code --><a href=\"https:\/\/www.financeads.net\/tc.php?t=36648C42614510B\" target=\"_blank\"><img decoding=\"async\" src=\"https:\/\/www.financeads.net\/tb.php?t=36648V42614510B&https=1\" alt=\"\" border=\"0\" width=\"200\" height=\"300\"><\/a><!-- Ende https:\/\/www.financeads.net\/-Code --><\/div>\t\t<\/div>\n\t\t\t\t<\/div>\n\t\t\t\t<div class=\"elementor-element elementor-element-a75595b elementor-widget elementor-widget-wp-widget-advads_ad_widget\" data-id=\"a75595b\" data-element_type=\"widget\" data-widget_type=\"wp-widget-advads_ad_widget.default\">\n\t\t\t\t<div class=\"elementor-widget-container\">\n\t\t\t<div id=\"regio-2943226174\"><div class=\"regio-adlabel\">Werbung<\/div><!-- Beginn https:\/\/www.financeads.net\/-Code --><a href=\"https:\/\/www.financeads.net\/tc.php?t=36648C205040072B\" target=\"_blank\"><img decoding=\"async\" src=\"https:\/\/www.financeads.net\/tb.php?t=36648V205040072B&https=1\" alt=\"\" border=\"0\" width=\"300\" height=\"250\"><\/a><!-- Ende https:\/\/www.financeads.net\/-Code --><\/div>\t\t<\/div>\n\t\t\t\t<\/div>\n\t\t\t\t<div class=\"elementor-element elementor-element-ba9a3da elementor-widget elementor-widget-wp-widget-advads_ad_widget\" data-id=\"ba9a3da\" data-element_type=\"widget\" data-widget_type=\"wp-widget-advads_ad_widget.default\">\n\t\t\t\t<div class=\"elementor-widget-container\">\n\t\t\t<div id=\"regio-1031607507\"><div class=\"regio-adlabel\">Werbung<\/div><!-- Beginn https:\/\/www.financeads.net\/-Code --><a href=\"https:\/\/www.financeads.net\/tc.php?t=36648C271460142B\" target=\"_blank\"><img loading=\"lazy\" decoding=\"async\" src=\"https:\/\/www.financeads.net\/tb.php?t=36648V271460142B&https=1\" alt=\"PETPROTECT_Hund&Katze_Banner\" border=\"0\" width=\"250\" height=\"250\"><\/a><!-- Ende https:\/\/www.financeads.net\/-Code --><\/div>\t\t<\/div>\n\t\t\t\t<\/div>\n\t\t\t\t\t<\/div>\n\t\t<\/div>\n\t\t\t\t\t<\/div>\n\t\t<\/section>\n\t\t\t\t<\/div>\n\t\t","protected":false},"excerpt":{"rendered":"<div class=\"mh-excerpt\"><p>Mittwoch, den 26. April 2023, um 18.00 Uhr&nbsp;Online-Vortrag des EBW-Schwabach&nbsp; Schwabach &#8211; Am Mittwochabend, den 26. April 2023, um 18.00 Uhr veranstaltet das ebw-Schwabach einen Online-Vortrag mit dem Thema &#8222;Suizidpr\u00e4vention bei Kindern und Jugendlichen &#8211; <a class=\"mh-excerpt-more\" href=\"https:\/\/www.region-schwabach.de\/wordpress\/ebw-vortrag-suizidpravention-bei-kindern-und-jugendlichen-wie-eltern-ihrem-kind-in-krisenzeiten-helfen-konnen\/\" title=\"ebw-Vortrag: Suizidpr\u00e4vention bei Kindern und Jugendlichen &#8211; wie Eltern ihrem Kind in Krisenzeiten helfen k\u00f6nnen\">[&#8230;]<\/a><\/p>\n<\/div>","protected":false},"author":1,"featured_media":201908,"comment_status":"open","ping_status":"open","sticky":false,"template":"","format":"standard","meta":{"_cbd_carousel_blocks":"[]","footnotes":""},"categories":[16,1,61,231,46,140],"tags":[22318,22317,17621,3161,1624,488,1126,22319,4034,19,22316,5652],"class_list":{"0":"post-201907","1":"post","2":"type-post","3":"status-publish","4":"format-standard","5":"has-post-thumbnail","7":"category-aktuell","8":"category-allgemein","9":"category-rathaus","10":"category-veranstaltungsnews","11":"category-verbaende","12":"category-vereine","13":"tag-26-april-2023","14":"tag-26-04-2023","15":"tag-ebw-schwabach","16":"tag-hilfe","17":"tag-internet","18":"tag-jugendliche","19":"tag-kinder","20":"tag-krisenzeiten","21":"tag-online","22":"tag-schwabach","23":"tag-suizidpraevention","24":"tag-vortrag"},"_links":{"self":[{"href":"https:\/\/www.region-schwabach.de\/wordpress\/wp-json\/wp\/v2\/posts\/201907","targetHints":{"allow":["GET"]}}],"collection":[{"href":"https:\/\/www.region-schwabach.de\/wordpress\/wp-json\/wp\/v2\/posts"}],"about":[{"href":"https:\/\/www.region-schwabach.de\/wordpress\/wp-json\/wp\/v2\/types\/post"}],"author":[{"embeddable":true,"href":"https:\/\/www.region-schwabach.de\/wordpress\/wp-json\/wp\/v2\/users\/1"}],"replies":[{"embeddable":true,"href":"https:\/\/www.region-schwabach.de\/wordpress\/wp-json\/wp\/v2\/comments?post=201907"}],"version-history":[{"count":0,"href":"https:\/\/www.region-schwabach.de\/wordpress\/wp-json\/wp\/v2\/posts\/201907\/revisions"}],"wp:featuredmedia":[{"embeddable":true,"href":"https:\/\/www.region-schwabach.de\/wordpress\/wp-json\/wp\/v2\/media\/201908"}],"wp:attachment":[{"href":"https:\/\/www.region-schwabach.de\/wordpress\/wp-json\/wp\/v2\/media?parent=201907"}],"wp:term":[{"taxonomy":"category","embeddable":true,"href":"https:\/\/www.region-schwabach.de\/wordpress\/wp-json\/wp\/v2\/categories?post=201907"},{"taxonomy":"post_tag","embeddable":true,"href":"https:\/\/www.region-schwabach.de\/wordpress\/wp-json\/wp\/v2\/tags?post=201907"}],"curies":[{"name":"wp","href":"https:\/\/api.w.org\/{rel}","templated":true}]}}