{"id":203342,"date":"2023-05-13T02:30:00","date_gmt":"2023-05-13T00:30:00","guid":{"rendered":"https:\/\/www.region-schwabach.de\/wordpress\/?p=203342"},"modified":"2023-05-12T21:34:49","modified_gmt":"2023-05-12T19:34:49","slug":"adolph-von-henselt-musikschule-ladt-am-samstag-den-13-mai-2023-zum-tag-der-offenen-tur-ein","status":"publish","type":"post","link":"https:\/\/www.region-schwabach.de\/wordpress\/adolph-von-henselt-musikschule-ladt-am-samstag-den-13-mai-2023-zum-tag-der-offenen-tur-ein\/","title":{"rendered":"Adolph von Henselt-Musikschule l\u00e4dt am Samstag, den 13. Mai 2023, zum Tag der offenen T\u00fcr ein"},"content":{"rendered":"\t\t<div data-elementor-type=\"wp-post\" data-elementor-id=\"203342\" class=\"elementor elementor-203342\">\n\t\t\t\t\t\t<section class=\"elementor-section elementor-top-section elementor-element elementor-element-678181b elementor-section-boxed elementor-section-height-default elementor-section-height-default\" data-id=\"678181b\" data-element_type=\"section\">\n\t\t\t\t\t\t<div class=\"elementor-container elementor-column-gap-default\">\n\t\t\t\t\t<div class=\"elementor-column elementor-col-66 elementor-top-column elementor-element elementor-element-6b34026\" data-id=\"6b34026\" data-element_type=\"column\">\n\t\t\t<div class=\"elementor-widget-wrap elementor-element-populated\">\n\t\t\t\t\t\t<div class=\"elementor-element elementor-element-ddcf1c4 elementor-widget elementor-widget-wp-widget-advads_ad_widget\" data-id=\"ddcf1c4\" data-element_type=\"widget\" data-widget_type=\"wp-widget-advads_ad_widget.default\">\n\t\t\t\t<div class=\"elementor-widget-container\">\n\t\t\t<div id=\"regio-806651063\"><div class=\"regio-adlabel\">Werbung<\/div><center><a href=\"https:\/\/a.partner-versicherung.de\/click.php?partner_id=19992&ad_id=1578&deep=kreditkarten\"  target=\"_blank\"><img decoding=\"async\" src=\"https:\/\/a.partner-versicherung.de\/view.php?partner_id=19992&ad_id=1578\" ><\/a><\/center><\/div>\t\t<\/div>\n\t\t\t\t<\/div>\n\t\t\t\t<div class=\"elementor-element elementor-element-443ab98 elementor-widget elementor-widget-text-editor\" data-id=\"443ab98\" data-element_type=\"widget\" data-widget_type=\"text-editor.default\">\n\t\t\t\t<div class=\"elementor-widget-container\">\n\t\t\t\t\t\t\t<h3>Samstag, den 13. Mai 2023, 10.00 Uhr bis 16.00 Uhr:<br \/>Die Adolph von Henselt-Musikschule l\u00e4dt zum Tag der offenen T\u00fcr ein<\/h3><p><span style=\"font-size: 12pt;\">Schwabach &#8211; Die Adolph von Henselt-Musikschule l\u00e4dt am Samstag, den 13. Mai 2023, von 10.00 Uhr bis 16.00 Uhr zum Tag der offenen T\u00fcr ein. Hier k\u00f6nnen die vielen Instrumente und Unterrichtsangebote der Musikschule vor Ort in der Wittelsbacherstra\u00dfe 1 (Altes DG) erlebt und ausprobiert werden. Hier ist f\u00fcr alle etwas dabei: von Kleinkindern, \u00fcber Jugendliche bis hin zu Erwachsenen aller Altersklassen, die mit Spa\u00df Musik lernen und spielen m\u00f6chten. <\/span><span style=\"font-size: 12pt;\">Interessierte k\u00f6nnen die Instrumente auch ausprobieren. <\/span><\/p><p><span id=\"page47R_mcid16\" class=\"markedContent\" style=\"font-size: 12pt;\"><span dir=\"ltr\" role=\"presentation\">Es wird auch Mitmachstunden f\u00fcr die Kleineren und Kleinsten geben, in zwei <\/span><span dir=\"ltr\" role=\"presentation\">Einheiten k\u00f6nnen eineinhalb- bis sechsj\u00e4hrige Kinder teilnehmen. Die Eltern <\/span><span dir=\"ltr\" role=\"presentation\">erfahren dabei, wie schon die J\u00fcngsten spielerisch an die Musik herangef\u00fchrt <\/span><span dir=\"ltr\" role=\"presentation\">werden. Auch Besch\u00e4ftigte der Verwaltung und der Schulleitung werden vor Ort <\/span><span dir=\"ltr\" role=\"presentation\">sein und alle organisatorischen Fragen beantworten.<\/span><\/span><\/p><h3><span id=\"page47R_mcid18\" class=\"markedContent\"><span dir=\"ltr\" role=\"presentation\">Im benachbarten AWO-Saal finden verschiedene kleine Konzerte statt:\u00a0<\/span><\/span><span id=\"page47R_mcid19\" class=\"markedContent\"><br role=\"presentation\" \/><\/span><\/h3><ul style=\"list-style-type: disc;\"><li><span style=\"font-size: 12pt;\"><span id=\"page47R_mcid19\" class=\"markedContent\"><span dir=\"ltr\" role=\"presentation\">10.00 Uhr: Holzbl\u00e4ser\u00a0<\/span><\/span><\/span><\/li><li><span style=\"font-size: 12pt;\"><span id=\"page47R_mcid20\" class=\"markedContent\"><span dir=\"ltr\" role=\"presentation\">11.00 Uhr und 14.00 Uhr: Mitmachstunde f\u00fcr alle Interessierten der Musikalischen <\/span><span dir=\"ltr\" role=\"presentation\">Fr\u00fcherziehung (Musikschule Raum 201)\u00a0<\/span><\/span><\/span><\/li><li><span style=\"font-size: 12pt;\"><span id=\"page47R_mcid21\" class=\"markedContent\"><span dir=\"ltr\" role=\"presentation\">12.00 Uhr: Gitarre, Klavier und Gesang\u00a0<\/span><\/span><\/span><\/li><li><span style=\"font-size: 12pt;\"><span id=\"page47R_mcid22\" class=\"markedContent\"><span dir=\"ltr\" role=\"presentation\">13.00 Uhr: Streicher\u00a0<\/span><\/span><\/span><\/li><li><span style=\"font-size: 12pt;\"><span id=\"page47R_mcid23\" class=\"markedContent\"><span dir=\"ltr\" role=\"presentation\">15.00 Uhr: Blechbl\u00e4ser\u00a0<\/span><\/span><\/span><\/li><li><span style=\"font-size: 12pt;\"><span id=\"page47R_mcid24\" class=\"markedContent\"><span dir=\"ltr\" role=\"presentation\">15.30 Uhr: Schlagzeug (Musikschule Raum 104)\u00a0<\/span><\/span><\/span><\/li><\/ul><p><span style=\"font-size: 12pt;\"><span id=\"page1R_mcid1\" class=\"markedContent\"><span dir=\"ltr\" role=\"presentation\">Aktuelle Infos auf <a href=\"http:\/\/www.schwabach.de\/musikschule\" target=\"_blank\" rel=\"noopener\">www.schwabach.de\/musikschule<\/a> oder unter Telefon 09122-<\/span><span dir=\"ltr\" role=\"presentation\">836-706.<\/span><\/span><span id=\"page1R_mcid2\" class=\"markedContent\"><\/span><span id=\"page1R_mcid3\" class=\"markedContent\"><br role=\"presentation\" \/><\/span><\/span><\/p><p><strong><span id=\"page1R_mcid3\" class=\"markedContent\" style=\"font-size: 12pt;\"><span dir=\"ltr\" role=\"presentation\">Foto (Manuel Mauer, Abdruck honorarfrei): Auch Blechblas-Instrumente kann <\/span><span dir=\"ltr\" role=\"presentation\">man am Tag der offenen T\u00fcr h\u00f6ren und testen.\u00a0<\/span><\/span><\/strong><\/p><h3>Weiterf\u00fchrende Links:<\/h3><p><span style=\"font-size: 12pt;\"><a href=\"https:\/\/www.schwabach.de\/de\/kulturportal-musikschule\/musikschule.html\" target=\"_blank\" rel=\"noopener\">Homepage Adolph von Henselt-Musikschule &#8230;<\/a><\/span><\/p>\t\t\t\t\t\t<\/div>\n\t\t\t\t<\/div>\n\t\t\t\t<div class=\"elementor-element elementor-element-1e12fe5 elementor-widget elementor-widget-shortcode\" data-id=\"1e12fe5\" data-element_type=\"widget\" data-widget_type=\"shortcode.default\">\n\t\t\t\t<div class=\"elementor-widget-container\">\n\t\t\t\t\t<div class=\"elementor-shortcode\"><center><a href=\"https:\/\/a.partner-versicherung.de\/click.php?partner_id=19992&ad_id=441&deep=kfz-versicherung\"  target=\"_blank\"><img decoding=\"async\" src=\"https:\/\/a.partner-versicherung.de\/view.php?partner_id=19992&ad_id=441\" ><\/a><\/center><\/div>\n\t\t\t\t<\/div>\n\t\t\t\t<\/div>\n\t\t\t\t<div class=\"elementor-element elementor-element-9ca12e2 elementor-widget elementor-widget-google_maps\" data-id=\"9ca12e2\" data-element_type=\"widget\" data-widget_type=\"google_maps.default\">\n\t\t\t\t<div class=\"elementor-widget-container\">\n\t\t\t\t\t<div class=\"elementor-custom-embed\">\n\t\t\t<iframe loading=\"lazy\"\n\t\t\t\t\tsrc=\"https:\/\/maps.google.com\/maps?q=Wittelsbacherstra%C3%9Fe%201%2C%20Schwabach%2C%20Deutschland&#038;t=m&#038;z=16&#038;output=embed&#038;iwloc=near\"\n\t\t\t\t\ttitle=\"Wittelsbacherstra\u00dfe 1, Schwabach, Deutschland\"\n\t\t\t\t\taria-label=\"Wittelsbacherstra\u00dfe 1, Schwabach, Deutschland\"\n\t\t\t><\/iframe>\n\t\t<\/div>\n\t\t\t\t<\/div>\n\t\t\t\t<\/div>\n\t\t\t\t\t<\/div>\n\t\t<\/div>\n\t\t\t\t<div class=\"elementor-column elementor-col-33 elementor-top-column elementor-element elementor-element-f645137\" data-id=\"f645137\" data-element_type=\"column\">\n\t\t\t<div class=\"elementor-widget-wrap elementor-element-populated\">\n\t\t\t\t\t\t<div class=\"elementor-element elementor-element-d251940 elementor-widget elementor-widget-heading\" data-id=\"d251940\" data-element_type=\"widget\" data-widget_type=\"heading.default\">\n\t\t\t\t<div class=\"elementor-widget-container\">\n\t\t\t<h3 class=\"elementor-heading-title elementor-size-default\">Schnell vergleichen und sparen!<\/h3>\t\t<\/div>\n\t\t\t\t<\/div>\n\t\t\t\t<div class=\"elementor-element elementor-element-f5cc607 elementor-widget elementor-widget-wp-widget-advads_ad_widget\" data-id=\"f5cc607\" data-element_type=\"widget\" data-widget_type=\"wp-widget-advads_ad_widget.default\">\n\t\t\t\t<div class=\"elementor-widget-container\">\n\t\t\t<div id=\"regio-2295772709\"><div class=\"regio-adlabel\">Werbung<\/div><!-- Beginn https:\/\/www.financeads.net\/-Code --><a href=\"https:\/\/www.financeads.net\/tc.php?t=36648C236142529B\" target=\"_blank\"><img fetchpriority=\"high\" decoding=\"async\" src=\"https:\/\/www.financeads.net\/tb.php?t=36648V236142529B&https=1\" alt=\"\" border=\"0\" width=\"300\" height=\"250\"><\/a><!-- Ende https:\/\/www.financeads.net\/-Code --><\/div>\t\t<\/div>\n\t\t\t\t<\/div>\n\t\t\t\t<div class=\"elementor-element elementor-element-7139eb3 elementor-widget elementor-widget-wp-widget-advads_ad_widget\" data-id=\"7139eb3\" data-element_type=\"widget\" data-widget_type=\"wp-widget-advads_ad_widget.default\">\n\t\t\t\t<div class=\"elementor-widget-container\">\n\t\t\t<div id=\"regio-3463700632\"><div class=\"regio-adlabel\">Werbung<\/div><!-- Beginn https:\/\/www.financeads.net\/-Code --><a href=\"https:\/\/www.financeads.net\/tc.php?t=36648C42614510B\" target=\"_blank\"><img decoding=\"async\" src=\"https:\/\/www.financeads.net\/tb.php?t=36648V42614510B&https=1\" alt=\"\" border=\"0\" width=\"200\" height=\"300\"><\/a><!-- Ende https:\/\/www.financeads.net\/-Code --><\/div>\t\t<\/div>\n\t\t\t\t<\/div>\n\t\t\t\t<div class=\"elementor-element elementor-element-2bd4b64 elementor-widget elementor-widget-wp-widget-advads_ad_widget\" data-id=\"2bd4b64\" data-element_type=\"widget\" data-widget_type=\"wp-widget-advads_ad_widget.default\">\n\t\t\t\t<div class=\"elementor-widget-container\">\n\t\t\t<div id=\"regio-3009274599\"><div class=\"regio-adlabel\">Werbung<\/div><!-- Beginn https:\/\/www.financeads.net\/-Code --><a href=\"https:\/\/www.financeads.net\/tc.php?t=36648C205040072B\" target=\"_blank\"><img decoding=\"async\" src=\"https:\/\/www.financeads.net\/tb.php?t=36648V205040072B&https=1\" alt=\"\" border=\"0\" width=\"300\" height=\"250\"><\/a><!-- Ende https:\/\/www.financeads.net\/-Code --><\/div>\t\t<\/div>\n\t\t\t\t<\/div>\n\t\t\t\t<div class=\"elementor-element elementor-element-c035a77 elementor-widget elementor-widget-wp-widget-advads_ad_widget\" data-id=\"c035a77\" data-element_type=\"widget\" data-widget_type=\"wp-widget-advads_ad_widget.default\">\n\t\t\t\t<div class=\"elementor-widget-container\">\n\t\t\t<div id=\"regio-3455033379\"><div class=\"regio-adlabel\">Werbung<\/div><!-- Beginn https:\/\/www.financeads.net\/-Code --><a href=\"https:\/\/www.financeads.net\/tc.php?t=36648C271460142B\" target=\"_blank\"><img loading=\"lazy\" decoding=\"async\" src=\"https:\/\/www.financeads.net\/tb.php?t=36648V271460142B&https=1\" alt=\"PETPROTECT_Hund&Katze_Banner\" border=\"0\" width=\"250\" height=\"250\"><\/a><!-- Ende https:\/\/www.financeads.net\/-Code --><\/div>\t\t<\/div>\n\t\t\t\t<\/div>\n\t\t\t\t\t<\/div>\n\t\t<\/div>\n\t\t\t\t\t<\/div>\n\t\t<\/section>\n\t\t\t\t<\/div>\n\t\t","protected":false},"excerpt":{"rendered":"<div class=\"mh-excerpt\"><p>Samstag, den 13. Mai 2023, 10.00 Uhr bis 16.00 Uhr: Die Adolph von Henselt-Musikschule l\u00e4dt zum Tag der offenen T\u00fcr ein Schwabach &#8211; Die Adolph von Henselt-Musikschule l\u00e4dt am Samstag, den 13. Mai 2023, von <a class=\"mh-excerpt-more\" href=\"https:\/\/www.region-schwabach.de\/wordpress\/adolph-von-henselt-musikschule-ladt-am-samstag-den-13-mai-2023-zum-tag-der-offenen-tur-ein\/\" title=\"Adolph von Henselt-Musikschule l\u00e4dt am Samstag, den 13. Mai 2023, zum Tag der offenen T\u00fcr ein\">[&#8230;]<\/a><\/p>\n<\/div>","protected":false},"author":1,"featured_media":203343,"comment_status":"open","ping_status":"open","sticky":false,"template":"","format":"standard","meta":{"_cbd_carousel_blocks":"[]","footnotes":""},"categories":[16,1,287,61,231,140],"tags":[22443,22442,4387,4388,522,19,3012,3151,982,987,2678],"class_list":{"0":"post-203342","1":"post","2":"type-post","3":"status-publish","4":"format-standard","5":"has-post-thumbnail","7":"category-aktuell","8":"category-allgemein","9":"category-jugend-und-familie","10":"category-rathaus","11":"category-veranstaltungsnews","12":"category-vereine","13":"tag-13-mai-2023","14":"tag-13-05-2023","15":"tag-adolph-von-henselt-musikschule","16":"tag-altes-deutschen-gymnasium","17":"tag-koenigsplatz","18":"tag-schwabach","19":"tag-stadt","20":"tag-stadt-schwabach","21":"tag-tag-der-offenen-tuer","22":"tag-umzug","23":"tag-wittelsbacherstrasse"},"_links":{"self":[{"href":"https:\/\/www.region-schwabach.de\/wordpress\/wp-json\/wp\/v2\/posts\/203342","targetHints":{"allow":["GET"]}}],"collection":[{"href":"https:\/\/www.region-schwabach.de\/wordpress\/wp-json\/wp\/v2\/posts"}],"about":[{"href":"https:\/\/www.region-schwabach.de\/wordpress\/wp-json\/wp\/v2\/types\/post"}],"author":[{"embeddable":true,"href":"https:\/\/www.region-schwabach.de\/wordpress\/wp-json\/wp\/v2\/users\/1"}],"replies":[{"embeddable":true,"href":"https:\/\/www.region-schwabach.de\/wordpress\/wp-json\/wp\/v2\/comments?post=203342"}],"version-history":[{"count":0,"href":"https:\/\/www.region-schwabach.de\/wordpress\/wp-json\/wp\/v2\/posts\/203342\/revisions"}],"wp:featuredmedia":[{"embeddable":true,"href":"https:\/\/www.region-schwabach.de\/wordpress\/wp-json\/wp\/v2\/media\/203343"}],"wp:attachment":[{"href":"https:\/\/www.region-schwabach.de\/wordpress\/wp-json\/wp\/v2\/media?parent=203342"}],"wp:term":[{"taxonomy":"category","embeddable":true,"href":"https:\/\/www.region-schwabach.de\/wordpress\/wp-json\/wp\/v2\/categories?post=203342"},{"taxonomy":"post_tag","embeddable":true,"href":"https:\/\/www.region-schwabach.de\/wordpress\/wp-json\/wp\/v2\/tags?post=203342"}],"curies":[{"name":"wp","href":"https:\/\/api.w.org\/{rel}","templated":true}]}}