{"id":203408,"date":"2023-05-12T01:15:00","date_gmt":"2023-05-11T23:15:00","guid":{"rendered":"https:\/\/www.region-schwabach.de\/wordpress\/?p=203408"},"modified":"2023-05-12T21:14:09","modified_gmt":"2023-05-12T19:14:09","slug":"frankischer-albverein-schwabach-e-v-beteiligt-sich-mit-zwei-wanderungen-am-tag-des-wanderns","status":"publish","type":"post","link":"https:\/\/www.region-schwabach.de\/wordpress\/frankischer-albverein-schwabach-e-v-beteiligt-sich-mit-zwei-wanderungen-am-tag-des-wanderns\/","title":{"rendered":"Fr\u00e4nkischer Albverein Schwabach e.V. beteiligt sich mit zwei Wanderungen am Tag des Wanderns"},"content":{"rendered":"\t\t<div data-elementor-type=\"wp-post\" data-elementor-id=\"203408\" class=\"elementor elementor-203408\">\n\t\t\t\t\t\t<section class=\"elementor-section elementor-top-section elementor-element elementor-element-e04de7f elementor-section-boxed elementor-section-height-default elementor-section-height-default\" data-id=\"e04de7f\" data-element_type=\"section\">\n\t\t\t\t\t\t<div class=\"elementor-container elementor-column-gap-default\">\n\t\t\t\t\t<div class=\"elementor-column elementor-col-50 elementor-top-column elementor-element elementor-element-0e30e33\" data-id=\"0e30e33\" data-element_type=\"column\">\n\t\t\t<div class=\"elementor-widget-wrap elementor-element-populated\">\n\t\t\t\t\t\t<div class=\"elementor-element elementor-element-a6dceac elementor-widget elementor-widget-wp-widget-advads_ad_widget\" data-id=\"a6dceac\" data-element_type=\"widget\" data-widget_type=\"wp-widget-advads_ad_widget.default\">\n\t\t\t\t<div class=\"elementor-widget-container\">\n\t\t\t<div id=\"regio-2552816434\"><div class=\"regio-adlabel\">Werbung<\/div><center><a href=\"https:\/\/a.partner-versicherung.de\/click.php?partner_id=19992&ad_id=1578&deep=kreditkarten\"  target=\"_blank\"><img decoding=\"async\" src=\"https:\/\/a.partner-versicherung.de\/view.php?partner_id=19992&ad_id=1578\" ><\/a><\/center><\/div>\t\t<\/div>\n\t\t\t\t<\/div>\n\t\t\t\t<div class=\"elementor-element elementor-element-b44c6dc elementor-widget elementor-widget-text-editor\" data-id=\"b44c6dc\" data-element_type=\"widget\" data-widget_type=\"text-editor.default\">\n\t\t\t\t<div class=\"elementor-widget-container\">\n\t\t\t\t\t\t\t<h3><strong>Pressemitteilung zum Tag des <\/strong><strong>Wanderns am 14. Mai 2023\u00a0<br \/><\/strong><strong>Fr\u00e4nkischer Albverein Schwabach <\/strong><strong>mit zwei Wanderungen dabei!\u00a0<\/strong><\/h3><p><span style=\"font-size: 12pt;\">Schwabach &#8211; Am 14. Mai ist es wieder soweit, viele Tausend Menschen informieren sich anl\u00e4sslich des Tages des Wanderns in ganz Deutschland \u00fcber die Vielfalt des Wanderns. In diesem Jahr feiert der Deutsche Wanderverband am 14. Mai zudem sein 140. Jubil\u00e4um. Rund 400 Veranstaltungen werden bundesweit stattfinden. Wandervereine, Naturschutzorganisationen, Unternehmen aber auch Schulen und Kinderg\u00e4rten sowie viele weitere Organisationen bieten spannende und informative Aktionen an. <\/span><\/p><p><span style=\"font-size: 12pt;\">In Schwabach hat sich der Fr\u00e4nkische Albverein Schwabach e.V. etwas ganz Besonderes zum Tag des Wanderns einfallen lassen:\u00a0<\/span><\/p><p><span style=\"font-size: 12pt;\">F\u00fcr die anspruchsvollen Wanderer eine Wanderung \u201ezu den wilden Felsbastionen und deren H\u00f6hlen um die Burg Leienfels\u201c bereits am Sa. 13.5. Am Tag des Wanderns 14.5. eine ruhige und genussvolle Wanderung von Schwabach \u00fcber Rednitzhembach-B\u00fcchenbach nach Roth. Bei beiden Wanderungen sind uns G\u00e4ste nat\u00fcrlich herzlich zum Schnupperwandern willkommen. <\/span><\/p><p><a href=\"http:\/\/fav-schwabach.de\" target=\"_blank\" rel=\"noopener\"><span style=\"font-size: 12pt;\">N\u00e4heres auf der Website: fav-schwabach.de (hier klicken &#8230;)\u00a0<\/span><\/a><\/p><p><span style=\"font-size: 12pt;\">Alle Teilnehmenden von Aktionen zum Tag des Wanderns am 14. Mai bekommen vom Deutschen Wanderverband (DWV) einen Pin mit dem bunten Logo zum Tag des Wanderns, eine Blumen-Sament\u00fcte, ein Gutscheinheft und weitere \u00dcberraschungen. \u00a0<\/span><\/p><p><span style=\"font-size: 12pt;\">Bundesweit laden zum Tag des Wanderns am 14. Mai Vereine, Umwelt-, Tourismus- und andere Organisationen sowie Unternehmen, Schulen, einzelne Wanderf\u00fchrer und sogar ganze Regionen zu Aktionen rund um das Thema Wandern ein. Initiiert hat den Tag des Wanderns vor sieben Jahren der Deutsche Wanderverband. F\u00fcr dieses Jahr haben viele Organisationen schon tolle Veranstaltungen an den DWV gemeldet. Das Spektrum reicht von Naturschutz-Aktionen \u00fcber Meditationswanderungen bis zu Kultur- Familienwanderungen. \u00a0An diesem Tag wird einmal mehr deutlich, was das Wadern zu bieten hat.<\/span><\/p><p><span style=\"font-size: 12pt;\">Die unter der Schirmherrschaft des hessischen Ministerpr\u00e4sidenten Boris Rhein stattfindende Zentralveranstaltung wird in Fulda ausgerichtet.\u00a0 Somit kehrt der Deutsche Wanderverband zu seinem 140. Jubil\u00e4um an seinen Gr\u00fcndungsort zur\u00fcck. Zudem f\u00e4llt der Tag des Wanderns in diesem Jahr auch auf den Muttertag, der vielerorts Familien zu einem Tag an der frischen Luft lockt.<\/span><\/p><p><span style=\"font-size: 12pt;\">Der 14. Mai 2023 wird unterst\u00fctzt durch den Hauptsponsor, die Sparkassen-Finanzgruppe, sowie die Partner Wikinger Reisen, LOWA, KOMPASS Verlag und Manner. <a href=\"http:\/\/www.tag-des-wanderns.de\" target=\"_blank\" rel=\"noopener\">Alle Infos unter www.tag-des-wanderns.de (hier klicken &#8230;)<\/a>.<\/span><\/p><p><span style=\"font-size: 12pt;\">Der Tag des Wanderns hat im Jahr 2016 mit Unterst\u00fctzung aller damals im Bundestag vertretenen Parteien zum ersten Mal \u00fcber die Vielfalt des Wanderns informiert. Seitdem ist der 14. Mai als Tag des Wanderns fest im Jahreskalender verankert.\u00a0<\/span><\/p>\t\t\t\t\t\t<\/div>\n\t\t\t\t<\/div>\n\t\t\t\t<div class=\"elementor-element elementor-element-9c4562b elementor-widget-divider--view-line elementor-widget elementor-widget-divider\" data-id=\"9c4562b\" data-element_type=\"widget\" data-widget_type=\"divider.default\">\n\t\t\t\t<div class=\"elementor-widget-container\">\n\t\t\t\t\t<div class=\"elementor-divider\">\n\t\t\t<span class=\"elementor-divider-separator\">\n\t\t\t\t\t\t<\/span>\n\t\t<\/div>\n\t\t\t\t<\/div>\n\t\t\t\t<\/div>\n\t\t\t\t<div class=\"elementor-element elementor-element-86e1f80 elementor-widget elementor-widget-google_maps\" data-id=\"86e1f80\" data-element_type=\"widget\" data-widget_type=\"google_maps.default\">\n\t\t\t\t<div class=\"elementor-widget-container\">\n\t\t\t\t\t<div class=\"elementor-custom-embed\">\n\t\t\t<iframe loading=\"lazy\"\n\t\t\t\t\tsrc=\"https:\/\/maps.google.com\/maps?q=49.326160%2C%2011.034864&#038;t=m&#038;z=17&#038;output=embed&#038;iwloc=near\"\n\t\t\t\t\ttitle=\"49.326160, 11.034864\"\n\t\t\t\t\taria-label=\"49.326160, 11.034864\"\n\t\t\t><\/iframe>\n\t\t<\/div>\n\t\t\t\t<\/div>\n\t\t\t\t<\/div>\n\t\t\t\t\t<\/div>\n\t\t<\/div>\n\t\t\t\t<div class=\"elementor-column elementor-col-50 elementor-top-column elementor-element elementor-element-71fd63c\" data-id=\"71fd63c\" data-element_type=\"column\">\n\t\t\t<div class=\"elementor-widget-wrap elementor-element-populated\">\n\t\t\t\t\t\t<div class=\"elementor-element elementor-element-aacb5b3 elementor-widget elementor-widget-heading\" data-id=\"aacb5b3\" data-element_type=\"widget\" data-widget_type=\"heading.default\">\n\t\t\t\t<div class=\"elementor-widget-container\">\n\t\t\t<h3 class=\"elementor-heading-title elementor-size-default\">Schnell vergleichen und sparen!<\/h3>\t\t<\/div>\n\t\t\t\t<\/div>\n\t\t\t\t<div class=\"elementor-element elementor-element-1515c99 elementor-widget elementor-widget-wp-widget-advads_ad_widget\" data-id=\"1515c99\" data-element_type=\"widget\" data-widget_type=\"wp-widget-advads_ad_widget.default\">\n\t\t\t\t<div class=\"elementor-widget-container\">\n\t\t\t<div id=\"regio-4227754956\"><div class=\"regio-adlabel\">Werbung<\/div><!-- Beginn https:\/\/www.financeads.net\/-Code --><a href=\"https:\/\/www.financeads.net\/tc.php?t=36648C236142529B\" target=\"_blank\"><img fetchpriority=\"high\" decoding=\"async\" src=\"https:\/\/www.financeads.net\/tb.php?t=36648V236142529B&https=1\" alt=\"\" border=\"0\" width=\"300\" height=\"250\"><\/a><!-- Ende https:\/\/www.financeads.net\/-Code --><\/div>\t\t<\/div>\n\t\t\t\t<\/div>\n\t\t\t\t<div class=\"elementor-element elementor-element-d5d2ead elementor-widget elementor-widget-wp-widget-advads_ad_widget\" data-id=\"d5d2ead\" data-element_type=\"widget\" data-widget_type=\"wp-widget-advads_ad_widget.default\">\n\t\t\t\t<div class=\"elementor-widget-container\">\n\t\t\t<div id=\"regio-156374530\"><div class=\"regio-adlabel\">Werbung<\/div><!-- Beginn https:\/\/www.financeads.net\/-Code --><a href=\"https:\/\/www.financeads.net\/tc.php?t=36648C42614510B\" target=\"_blank\"><img decoding=\"async\" src=\"https:\/\/www.financeads.net\/tb.php?t=36648V42614510B&https=1\" alt=\"\" border=\"0\" width=\"200\" height=\"300\"><\/a><!-- Ende https:\/\/www.financeads.net\/-Code --><\/div>\t\t<\/div>\n\t\t\t\t<\/div>\n\t\t\t\t<div class=\"elementor-element elementor-element-009c9db elementor-widget elementor-widget-wp-widget-advads_ad_widget\" data-id=\"009c9db\" data-element_type=\"widget\" data-widget_type=\"wp-widget-advads_ad_widget.default\">\n\t\t\t\t<div class=\"elementor-widget-container\">\n\t\t\t<div id=\"regio-1971501873\"><div class=\"regio-adlabel\">Werbung<\/div><!-- Beginn https:\/\/www.financeads.net\/-Code --><a href=\"https:\/\/www.financeads.net\/tc.php?t=36648C205040072B\" target=\"_blank\"><img decoding=\"async\" src=\"https:\/\/www.financeads.net\/tb.php?t=36648V205040072B&https=1\" alt=\"\" border=\"0\" width=\"300\" height=\"250\"><\/a><!-- Ende https:\/\/www.financeads.net\/-Code --><\/div>\t\t<\/div>\n\t\t\t\t<\/div>\n\t\t\t\t<div class=\"elementor-element elementor-element-72225a7 elementor-widget elementor-widget-wp-widget-advads_ad_widget\" data-id=\"72225a7\" data-element_type=\"widget\" data-widget_type=\"wp-widget-advads_ad_widget.default\">\n\t\t\t\t<div class=\"elementor-widget-container\">\n\t\t\t<div id=\"regio-2999710493\"><div class=\"regio-adlabel\">Werbung<\/div><!-- Beginn https:\/\/www.financeads.net\/-Code --><a href=\"https:\/\/www.financeads.net\/tc.php?t=36648C271460142B\" target=\"_blank\"><img loading=\"lazy\" decoding=\"async\" src=\"https:\/\/www.financeads.net\/tb.php?t=36648V271460142B&https=1\" alt=\"PETPROTECT_Hund&Katze_Banner\" border=\"0\" width=\"250\" height=\"250\"><\/a><!-- Ende https:\/\/www.financeads.net\/-Code --><\/div>\t\t<\/div>\n\t\t\t\t<\/div>\n\t\t\t\t\t<\/div>\n\t\t<\/div>\n\t\t\t\t\t<\/div>\n\t\t<\/section>\n\t\t\t\t<\/div>\n\t\t","protected":false},"excerpt":{"rendered":"<div class=\"mh-excerpt\"><p>Pressemitteilung zum Tag des Wanderns am 14. Mai 2023&nbsp; Fr\u00e4nkischer Albverein Schwabach mit zwei Wanderungen dabei!&nbsp; Schwabach &#8211; Am 14. Mai ist es wieder soweit, viele Tausend Menschen informieren sich anl\u00e4sslich des Tages des Wanderns <a class=\"mh-excerpt-more\" href=\"https:\/\/www.region-schwabach.de\/wordpress\/frankischer-albverein-schwabach-e-v-beteiligt-sich-mit-zwei-wanderungen-am-tag-des-wanderns\/\" title=\"Fr\u00e4nkischer Albverein Schwabach e.V. beteiligt sich mit zwei Wanderungen am Tag des Wanderns\">[&#8230;]<\/a><\/p>\n<\/div>","protected":false},"author":1,"featured_media":203409,"comment_status":"open","ping_status":"open","sticky":false,"template":"","format":"standard","meta":{"_cbd_carousel_blocks":"[]","footnotes":""},"categories":[16,287,231,140],"tags":[22443,22442,22453,22452,274,22455,6239,22348,6241,22457,19,22454,6240,6238,22456],"class_list":{"0":"post-203408","1":"post","2":"type-post","3":"status-publish","4":"format-standard","5":"has-post-thumbnail","7":"category-aktuell","8":"category-jugend-und-familie","9":"category-veranstaltungsnews","10":"category-vereine","11":"tag-13-mai-2023","12":"tag-13-05-2023","13":"tag-14-mai-2023","14":"tag-14-05-2023","15":"tag-bahnhof","16":"tag-deutscherwanderverband","17":"tag-fraenkischer-albverein-schwabach-e-v","18":"tag-mai-2023","19":"tag-probewanderung","20":"tag-probewanderung-zum-tag-des-wanderns-am-muttertag","21":"tag-schwabach","22":"tag-tag-des-wanderns","23":"tag-tageswanderung","24":"tag-wanderungen","25":"tag-zu-wilden-felsbastionen-und-deren-hoehlen-um-die-burg-leienfels"},"_links":{"self":[{"href":"https:\/\/www.region-schwabach.de\/wordpress\/wp-json\/wp\/v2\/posts\/203408","targetHints":{"allow":["GET"]}}],"collection":[{"href":"https:\/\/www.region-schwabach.de\/wordpress\/wp-json\/wp\/v2\/posts"}],"about":[{"href":"https:\/\/www.region-schwabach.de\/wordpress\/wp-json\/wp\/v2\/types\/post"}],"author":[{"embeddable":true,"href":"https:\/\/www.region-schwabach.de\/wordpress\/wp-json\/wp\/v2\/users\/1"}],"replies":[{"embeddable":true,"href":"https:\/\/www.region-schwabach.de\/wordpress\/wp-json\/wp\/v2\/comments?post=203408"}],"version-history":[{"count":0,"href":"https:\/\/www.region-schwabach.de\/wordpress\/wp-json\/wp\/v2\/posts\/203408\/revisions"}],"wp:featuredmedia":[{"embeddable":true,"href":"https:\/\/www.region-schwabach.de\/wordpress\/wp-json\/wp\/v2\/media\/203409"}],"wp:attachment":[{"href":"https:\/\/www.region-schwabach.de\/wordpress\/wp-json\/wp\/v2\/media?parent=203408"}],"wp:term":[{"taxonomy":"category","embeddable":true,"href":"https:\/\/www.region-schwabach.de\/wordpress\/wp-json\/wp\/v2\/categories?post=203408"},{"taxonomy":"post_tag","embeddable":true,"href":"https:\/\/www.region-schwabach.de\/wordpress\/wp-json\/wp\/v2\/tags?post=203408"}],"curies":[{"name":"wp","href":"https:\/\/api.w.org\/{rel}","templated":true}]}}