{"id":20514,"date":"2017-11-24T00:06:47","date_gmt":"2017-11-23T23:06:47","guid":{"rendered":"http:\/\/www.region-schwabach.de\/wordpress\/?p=20514"},"modified":"2017-11-24T00:07:09","modified_gmt":"2017-11-23T23:07:09","slug":"missgluecktes-ueberholmanoever-bei-liebenstadt-endet-mit-unfall","status":"publish","type":"post","link":"https:\/\/www.region-schwabach.de\/wordpress\/missgluecktes-ueberholmanoever-bei-liebenstadt-endet-mit-unfall\/","title":{"rendered":"Missgl\u00fccktes \u00dcberholman\u00f6ver bei Liebenstadt endet mit Unfall"},"content":{"rendered":"\t\t<div data-elementor-type=\"wp-post\" data-elementor-id=\"20514\" class=\"elementor elementor-20514 elementor-bc-flex-widget\">\n\t\t\t\t\t\t<section class=\"elementor-section elementor-top-section elementor-element elementor-element-1cuv9jr elementor-section-boxed elementor-section-height-default elementor-section-height-default\" data-id=\"1cuv9jr\" data-element_type=\"section\">\n\t\t\t\t\t\t<div class=\"elementor-container elementor-column-gap-default\">\n\t\t\t\t\t<div class=\"elementor-column elementor-col-66 elementor-top-column elementor-element elementor-element-q5zak7b\" data-id=\"q5zak7b\" data-element_type=\"column\">\n\t\t\t<div class=\"elementor-widget-wrap elementor-element-populated\">\n\t\t\t\t\t\t<div class=\"elementor-element elementor-element-86qws23 elementor-widget elementor-widget-text-editor\" data-id=\"86qws23\" data-element_type=\"widget\" data-widget_type=\"text-editor.default\">\n\t\t\t\t<div class=\"elementor-widget-container\">\n\t\t\t\t\t\t\t<h3>Verkehrsunfall bei Liebenstadt<\/h3><p>Heideck &#8211; Am Donnerstagmorgen, den 23.11.2017, verursachte ein 52 J\u00e4hriger aus dem Landkreis Erlangen-H\u00f6chstadt auf der Staatsstra\u00dfe 2226 einen Unfall.<\/p><h3>Trotz Gegenverkehr \u00fcberholt<\/h3><p>Der Sprinter-Fahrer war auf der Staatsstra\u00dfe &#8211; von der B2 kommend &#8211; in Richtung Liebenstadt unterwegs, als er ca. einen Kilometer vor Liebenstadt mit seinem Fahrzeug einen vorausfahrenden Pkw &#8211; trotz Gegenverkehrs &#8211; \u00fcberholte.<\/p><h3>Keine Verletzten, 3.500 Euro Schaden<\/h3><p>Um einen Zusammensto\u00df zu vermeiden, versuchten sowohl der \u00dcberholte, als auch der Gegenverkehr, \u00e4u\u00dferst weit nach rechts ausweichen. Aber trotz dieses Man\u00f6vers kam es zwischen dem Sprinter und dem \u00fcberholten PKW zu einer Ber\u00fchrung, deren Folge ein Schaden in H\u00f6he von 3.500 Euro ist. Verletzt wurde aber gl\u00fccklicherweise niemand.<\/p><p>Den 52 J\u00e4hrigen erwartet nun ein Verfahren wegen Gef\u00e4hrdung des Stra\u00dfenverkehrs.<\/p>\t\t\t\t\t\t<\/div>\n\t\t\t\t<\/div>\n\t\t\t\t<div class=\"elementor-element elementor-element-id240nb elementor-widget elementor-widget-google_maps\" data-id=\"id240nb\" data-element_type=\"widget\" data-widget_type=\"google_maps.default\">\n\t\t\t\t<div class=\"elementor-widget-container\">\n\t\t\t\t\t<div class=\"elementor-custom-embed\">\n\t\t\t<iframe loading=\"lazy\"\n\t\t\t\t\tsrc=\"https:\/\/maps.google.com\/maps?q=Liebenstadt%2C%20Deutschland&#038;t=m&#038;z=14&#038;output=embed&#038;iwloc=near\"\n\t\t\t\t\ttitle=\"Liebenstadt, Deutschland\"\n\t\t\t\t\taria-label=\"Liebenstadt, Deutschland\"\n\t\t\t><\/iframe>\n\t\t<\/div>\n\t\t\t\t<\/div>\n\t\t\t\t<\/div>\n\t\t\t\t\t<\/div>\n\t\t<\/div>\n\t\t\t\t<div class=\"elementor-column elementor-col-33 elementor-top-column elementor-element elementor-element-0w0urt1\" data-id=\"0w0urt1\" data-element_type=\"column\">\n\t\t\t<div class=\"elementor-widget-wrap elementor-element-populated\">\n\t\t\t\t\t\t<div class=\"elementor-element elementor-element-mo6nk5i elementor-widget elementor-widget-image\" data-id=\"mo6nk5i\" data-element_type=\"widget\" data-widget_type=\"image.default\">\n\t\t\t\t<div class=\"elementor-widget-container\">\n\t\t\t\t\t\t\t\t\t\t\t\t\t\t<a href=\"http:\/\/www.region-schwabach.de\/wordpress\/werben-auf-region-schwabach\/\" target=\"_blank\">\n\t\t\t\t\t\t\t<img fetchpriority=\"high\" decoding=\"async\" width=\"1024\" height=\"1024\" src=\"https:\/\/www.region-schwabach.de\/wordpress\/wp-content\/uploads\/2017\/06\/werbung8-1024x1024.png\" class=\"attachment-large size-large wp-image-2484\" alt=\"\" srcset=\"https:\/\/www.region-schwabach.de\/wordpress\/wp-content\/uploads\/2017\/06\/werbung8-1024x1024.png 1024w, https:\/\/www.region-schwabach.de\/wordpress\/wp-content\/uploads\/2017\/06\/werbung8-150x150.png 150w, https:\/\/www.region-schwabach.de\/wordpress\/wp-content\/uploads\/2017\/06\/werbung8-300x300.png 300w, https:\/\/www.region-schwabach.de\/wordpress\/wp-content\/uploads\/2017\/06\/werbung8-768x768.png 768w, https:\/\/www.region-schwabach.de\/wordpress\/wp-content\/uploads\/2017\/06\/werbung8-600x600.png 600w, https:\/\/www.region-schwabach.de\/wordpress\/wp-content\/uploads\/2017\/06\/werbung8.png 1200w\" sizes=\"(max-width: 1024px) 100vw, 1024px\" \/>\t\t\t\t\t\t\t\t<\/a>\n\t\t\t\t\t\t\t\t\t\t\t\t\t<\/div>\n\t\t\t\t<\/div>\n\t\t\t\t\t<\/div>\n\t\t<\/div>\n\t\t\t\t\t<\/div>\n\t\t<\/section>\n\t\t\t\t<\/div>\n\t\t","protected":false},"excerpt":{"rendered":"<div class=\"mh-excerpt\"><p>Verkehrsunfall bei Liebenstadt Heideck &#8211; Am Donnerstagmorgen, den 23.11.2017, verursachte ein 52 J\u00e4hriger aus dem Landkreis Erlangen-H\u00f6chstadt auf der Staatsstra\u00dfe 2226 einen Unfall. Trotz Gegenverkehr \u00fcberholt Der Sprinter-Fahrer war auf der Staatsstra\u00dfe &#8211; von der <a class=\"mh-excerpt-more\" href=\"https:\/\/www.region-schwabach.de\/wordpress\/missgluecktes-ueberholmanoever-bei-liebenstadt-endet-mit-unfall\/\" title=\"Missgl\u00fccktes \u00dcberholman\u00f6ver bei Liebenstadt endet mit Unfall\">[&#8230;]<\/a><\/p>\n<\/div>","protected":false},"author":1,"featured_media":14417,"comment_status":"open","ping_status":"open","sticky":false,"template":"","format":"standard","meta":{"_cbd_carousel_blocks":"[]","footnotes":""},"categories":[15],"tags":[1176,541,555,596,297,607,463,1577,605,1078],"class_list":{"0":"post-20514","1":"post","2":"type-post","3":"status-publish","4":"format-standard","5":"has-post-thumbnail","7":"category-polizeimeldungen","8":"tag-23-11-2017","9":"tag-bundesstrasse-2","10":"tag-gegenverkehr","11":"tag-heideck","12":"tag-hilpoltstein","13":"tag-liebenstadt","14":"tag-pkw","15":"tag-sprinter","16":"tag-staatsstrasse-2226","17":"tag-strafverfahren"},"_links":{"self":[{"href":"https:\/\/www.region-schwabach.de\/wordpress\/wp-json\/wp\/v2\/posts\/20514","targetHints":{"allow":["GET"]}}],"collection":[{"href":"https:\/\/www.region-schwabach.de\/wordpress\/wp-json\/wp\/v2\/posts"}],"about":[{"href":"https:\/\/www.region-schwabach.de\/wordpress\/wp-json\/wp\/v2\/types\/post"}],"author":[{"embeddable":true,"href":"https:\/\/www.region-schwabach.de\/wordpress\/wp-json\/wp\/v2\/users\/1"}],"replies":[{"embeddable":true,"href":"https:\/\/www.region-schwabach.de\/wordpress\/wp-json\/wp\/v2\/comments?post=20514"}],"version-history":[{"count":0,"href":"https:\/\/www.region-schwabach.de\/wordpress\/wp-json\/wp\/v2\/posts\/20514\/revisions"}],"wp:featuredmedia":[{"embeddable":true,"href":"https:\/\/www.region-schwabach.de\/wordpress\/wp-json\/wp\/v2\/media\/14417"}],"wp:attachment":[{"href":"https:\/\/www.region-schwabach.de\/wordpress\/wp-json\/wp\/v2\/media?parent=20514"}],"wp:term":[{"taxonomy":"category","embeddable":true,"href":"https:\/\/www.region-schwabach.de\/wordpress\/wp-json\/wp\/v2\/categories?post=20514"},{"taxonomy":"post_tag","embeddable":true,"href":"https:\/\/www.region-schwabach.de\/wordpress\/wp-json\/wp\/v2\/tags?post=20514"}],"curies":[{"name":"wp","href":"https:\/\/api.w.org\/{rel}","templated":true}]}}