{"id":20517,"date":"2017-11-23T10:16:20","date_gmt":"2017-11-23T09:16:20","guid":{"rendered":"http:\/\/www.region-schwabach.de\/wordpress\/?p=20517"},"modified":"2017-11-23T10:34:34","modified_gmt":"2017-11-23T09:34:34","slug":"tiere-fluechten-in-hilpoltstein-aus-viehtransporter","status":"publish","type":"post","link":"https:\/\/www.region-schwabach.de\/wordpress\/tiere-fluechten-in-hilpoltstein-aus-viehtransporter\/","title":{"rendered":"Tiere fl\u00fcchten in Hilpoltstein aus Viehtransporter"},"content":{"rendered":"\t\t<div data-elementor-type=\"wp-post\" data-elementor-id=\"20517\" class=\"elementor elementor-20517 elementor-bc-flex-widget\">\n\t\t\t\t\t\t<section class=\"elementor-section elementor-top-section elementor-element elementor-element-1cuv9jr elementor-section-boxed elementor-section-height-default elementor-section-height-default\" data-id=\"1cuv9jr\" data-element_type=\"section\">\n\t\t\t\t\t\t<div class=\"elementor-container elementor-column-gap-default\">\n\t\t\t\t\t<div class=\"elementor-column elementor-col-66 elementor-top-column elementor-element elementor-element-q5zak7b\" data-id=\"q5zak7b\" data-element_type=\"column\">\n\t\t\t<div class=\"elementor-widget-wrap elementor-element-populated\">\n\t\t\t\t\t\t<div class=\"elementor-element elementor-element-86qws23 elementor-widget elementor-widget-text-editor\" data-id=\"86qws23\" data-element_type=\"widget\" data-widget_type=\"text-editor.default\">\n\t\t\t\t<div class=\"elementor-widget-container\">\n\t\t\t\t\t\t\t<h3>K\u00e4lber fl\u00fcchten von Tiertransporter<\/h3><p>Hilpoltstein &#8211; Am Mittwochabend, den 22.11.2017, war ein ein\u00a028-j\u00e4hriger Fahrer mit einem Tiertransporter &#8211; auf den er kurz vorher mehrere K\u00e4lber aufgeladen hatte &#8211; in Hilpoltstein unterwegs.<\/p><h3>Tiere nutzen kurzen Halt an Ampel zur Flucht<\/h3><p>Als er an der Ampel Altstadtring\/Allersberger Stra\u00dfe anhalten musste, \u00f6ffnete sich die Laderaumt\u00fcre, die der Fahrer offenbar nicht richtig verschlossen hatte. Diesen Umstand nutzten\u00a0 f\u00fcnf K\u00e4lber umgehend zur Flucht.<\/p><h3>Feuerwehr und Hubschrauber im Einsatz<\/h3><p>Zur Suche nach den Tieren wurde auch die Feuerwehr Hilpoltstein und ein Hubschrauber eingesetzt, die die K\u00e4lber schlie\u00dflich dann auch in einem Garten an der Freyst\u00e4dter Stra\u00dfe entdeckten und einfingen.<\/p>\t\t\t\t\t\t<\/div>\n\t\t\t\t<\/div>\n\t\t\t\t<div class=\"elementor-element elementor-element-id240nb elementor-widget elementor-widget-google_maps\" data-id=\"id240nb\" data-element_type=\"widget\" data-widget_type=\"google_maps.default\">\n\t\t\t\t<div class=\"elementor-widget-container\">\n\t\t\t\t\t<div class=\"elementor-custom-embed\">\n\t\t\t<iframe loading=\"lazy\"\n\t\t\t\t\tsrc=\"https:\/\/maps.google.com\/maps?q=Altstadtring%2C%20Hilpoltstein%2C%20Deutschland&#038;t=m&#038;z=16&#038;output=embed&#038;iwloc=near\"\n\t\t\t\t\ttitle=\"Altstadtring, Hilpoltstein, Deutschland\"\n\t\t\t\t\taria-label=\"Altstadtring, Hilpoltstein, Deutschland\"\n\t\t\t><\/iframe>\n\t\t<\/div>\n\t\t\t\t<\/div>\n\t\t\t\t<\/div>\n\t\t\t\t\t<\/div>\n\t\t<\/div>\n\t\t\t\t<div class=\"elementor-column elementor-col-33 elementor-top-column elementor-element elementor-element-0w0urt1\" data-id=\"0w0urt1\" data-element_type=\"column\">\n\t\t\t<div class=\"elementor-widget-wrap elementor-element-populated\">\n\t\t\t\t\t\t<div class=\"elementor-element elementor-element-mo6nk5i elementor-widget elementor-widget-image\" data-id=\"mo6nk5i\" data-element_type=\"widget\" data-widget_type=\"image.default\">\n\t\t\t\t<div class=\"elementor-widget-container\">\n\t\t\t\t\t\t\t\t\t\t\t\t\t\t<a href=\"http:\/\/www.region-schwabach.de\/wordpress\/werben-auf-region-schwabach\/\" target=\"_blank\">\n\t\t\t\t\t\t\t<img fetchpriority=\"high\" decoding=\"async\" width=\"1024\" height=\"1024\" src=\"https:\/\/www.region-schwabach.de\/wordpress\/wp-content\/uploads\/2017\/06\/werbung8-1024x1024.png\" class=\"attachment-large size-large wp-image-2484\" alt=\"\" srcset=\"https:\/\/www.region-schwabach.de\/wordpress\/wp-content\/uploads\/2017\/06\/werbung8-1024x1024.png 1024w, https:\/\/www.region-schwabach.de\/wordpress\/wp-content\/uploads\/2017\/06\/werbung8-150x150.png 150w, https:\/\/www.region-schwabach.de\/wordpress\/wp-content\/uploads\/2017\/06\/werbung8-300x300.png 300w, https:\/\/www.region-schwabach.de\/wordpress\/wp-content\/uploads\/2017\/06\/werbung8-768x768.png 768w, https:\/\/www.region-schwabach.de\/wordpress\/wp-content\/uploads\/2017\/06\/werbung8-600x600.png 600w, https:\/\/www.region-schwabach.de\/wordpress\/wp-content\/uploads\/2017\/06\/werbung8.png 1200w\" sizes=\"(max-width: 1024px) 100vw, 1024px\" \/>\t\t\t\t\t\t\t\t<\/a>\n\t\t\t\t\t\t\t\t\t\t\t\t\t<\/div>\n\t\t\t\t<\/div>\n\t\t\t\t\t<\/div>\n\t\t<\/div>\n\t\t\t\t\t<\/div>\n\t\t<\/section>\n\t\t\t\t<\/div>\n\t\t","protected":false},"excerpt":{"rendered":"<div class=\"mh-excerpt\"><p>K\u00e4lber fl\u00fcchten von Tiertransporter Hilpoltstein &#8211; Am Mittwochabend, den 22.11.2017, war ein ein\u00a028-j\u00e4hriger Fahrer mit einem Tiertransporter &#8211; auf den er kurz vorher mehrere K\u00e4lber aufgeladen hatte &#8211; in Hilpoltstein unterwegs. Tiere nutzen kurzen Halt <a class=\"mh-excerpt-more\" href=\"https:\/\/www.region-schwabach.de\/wordpress\/tiere-fluechten-in-hilpoltstein-aus-viehtransporter\/\" title=\"Tiere fl\u00fcchten in Hilpoltstein aus Viehtransporter\">[&#8230;]<\/a><\/p>\n<\/div>","protected":false},"author":1,"featured_media":20518,"comment_status":"open","ping_status":"open","sticky":false,"template":"","format":"standard","meta":{"_cbd_carousel_blocks":"[]","footnotes":""},"categories":[15],"tags":[1175,626,1581,296,1582,297,1583,1580,1578,1579],"class_list":{"0":"post-20517","1":"post","2":"type-post","3":"status-publish","4":"format-standard","5":"has-post-thumbnail","7":"category-polizeimeldungen","8":"tag-22-11-2017","9":"tag-allersberger-strasse","10":"tag-altstadt","11":"tag-feuerwehr","12":"tag-freystaedter-strasse","13":"tag-hilpoltstein","14":"tag-hubschrauber","15":"tag-kaelber","16":"tag-tiertransporter","17":"tag-viehtransporter"},"_links":{"self":[{"href":"https:\/\/www.region-schwabach.de\/wordpress\/wp-json\/wp\/v2\/posts\/20517","targetHints":{"allow":["GET"]}}],"collection":[{"href":"https:\/\/www.region-schwabach.de\/wordpress\/wp-json\/wp\/v2\/posts"}],"about":[{"href":"https:\/\/www.region-schwabach.de\/wordpress\/wp-json\/wp\/v2\/types\/post"}],"author":[{"embeddable":true,"href":"https:\/\/www.region-schwabach.de\/wordpress\/wp-json\/wp\/v2\/users\/1"}],"replies":[{"embeddable":true,"href":"https:\/\/www.region-schwabach.de\/wordpress\/wp-json\/wp\/v2\/comments?post=20517"}],"version-history":[{"count":0,"href":"https:\/\/www.region-schwabach.de\/wordpress\/wp-json\/wp\/v2\/posts\/20517\/revisions"}],"wp:featuredmedia":[{"embeddable":true,"href":"https:\/\/www.region-schwabach.de\/wordpress\/wp-json\/wp\/v2\/media\/20518"}],"wp:attachment":[{"href":"https:\/\/www.region-schwabach.de\/wordpress\/wp-json\/wp\/v2\/media?parent=20517"}],"wp:term":[{"taxonomy":"category","embeddable":true,"href":"https:\/\/www.region-schwabach.de\/wordpress\/wp-json\/wp\/v2\/categories?post=20517"},{"taxonomy":"post_tag","embeddable":true,"href":"https:\/\/www.region-schwabach.de\/wordpress\/wp-json\/wp\/v2\/tags?post=20517"}],"curies":[{"name":"wp","href":"https:\/\/api.w.org\/{rel}","templated":true}]}}