{"id":205177,"date":"2023-06-04T02:15:00","date_gmt":"2023-06-04T00:15:00","guid":{"rendered":"https:\/\/www.region-schwabach.de\/wordpress\/?p=205177"},"modified":"2023-06-04T03:36:11","modified_gmt":"2023-06-04T01:36:11","slug":"1-schwabacher-weinfest-von-donnerstag-den-1-juni-2023-bis-sonntag-den-4-juni-2023","status":"publish","type":"post","link":"https:\/\/www.region-schwabach.de\/wordpress\/1-schwabacher-weinfest-von-donnerstag-den-1-juni-2023-bis-sonntag-den-4-juni-2023\/","title":{"rendered":"1. Schwabacher Weinfest von Donnerstag, den 1. Juni 2023, bis Sonntag, den 4. Juni 2023"},"content":{"rendered":"\t\t<div data-elementor-type=\"wp-post\" data-elementor-id=\"205177\" class=\"elementor elementor-205177\">\n\t\t\t\t\t\t<section class=\"elementor-section elementor-top-section elementor-element elementor-element-tlus4ia elementor-section-boxed elementor-section-height-default elementor-section-height-default\" data-id=\"tlus4ia\" data-element_type=\"section\">\n\t\t\t\t\t\t<div class=\"elementor-container elementor-column-gap-default\">\n\t\t\t\t\t<div class=\"elementor-column elementor-col-50 elementor-top-column elementor-element elementor-element-sphcucl\" data-id=\"sphcucl\" data-element_type=\"column\">\n\t\t\t<div class=\"elementor-widget-wrap elementor-element-populated\">\n\t\t\t\t\t\t<div class=\"elementor-element elementor-element-4a60b1e elementor-widget elementor-widget-wp-widget-advads_ad_widget\" data-id=\"4a60b1e\" data-element_type=\"widget\" data-widget_type=\"wp-widget-advads_ad_widget.default\">\n\t\t\t\t<div class=\"elementor-widget-container\">\n\t\t\t<div id=\"regio-1985122689\"><div class=\"regio-adlabel\">Werbung<\/div><center><a href=\"https:\/\/a.partner-versicherung.de\/click.php?partner_id=19992&ad_id=1578&deep=kreditkarten\"  target=\"_blank\"><img decoding=\"async\" src=\"https:\/\/a.partner-versicherung.de\/view.php?partner_id=19992&ad_id=1578\" ><\/a><\/center><\/div>\t\t<\/div>\n\t\t\t\t<\/div>\n\t\t\t\t<div class=\"elementor-element elementor-element-4f2h2af elementor-widget elementor-widget-text-editor\" data-id=\"4f2h2af\" data-element_type=\"widget\" data-widget_type=\"text-editor.default\">\n\t\t\t\t<div class=\"elementor-widget-container\">\n\t\t\t\t\t\t\t<h3 class=\"entry-title\">Donnerstag, den 1. Juni 2023, bis Sonntag, den 4. Juni 2023:\u00a0<br \/>1. Schwabacher Weinfest auf dem Martin-Luther-Platz\u00a0<\/h3><p><span style=\"font-size: 12pt;\">Schwabach &#8211;\u00a0Anfang Juni kommt der Frankenwein in die Goldschl\u00e4gerstadt. Zur Premiere des Schwabacher Weinfest werden drei fr\u00e4nkische Weinbaubetriebe ihre besten Tropfen auf dem Martin-Luther-Platz pr\u00e4sentieren. Das 1. Schwabacher Weinfest verhei\u00dft Hochgenuss mit Kulinarik, Musik und besten Frankenweinen aktueller Jahrg\u00e4nge.<\/span><\/p><p><span style=\"font-size: 12pt;\">Die Schwabacherinnen und Schwabacher wissen wie man Feste feiert. Und da es in Schwabach leider keine Weinberge gibt l\u00e4dt man eben die Nachbarn aus Weinfranken ein. Hier werden ausgezeichnete Weine an- und ausgebaut, die weit \u00fcber die Grenzen Frankens hinaus bekannt und gesch\u00e4tzt sind. <\/span><\/p><p><span style=\"font-size: 12pt;\">Auf dem Schwabacher Weinfest, vor der imposanten Kulisse der \u00fcber 600 Jahre alten Stadtpfarrkirche St. Johannes d. T. und St. Martin, werden rund 30 verschiedene Frankenweine ausgeschenkt. G\u00e4ste k\u00f6nnen sich auf die Rebsorten der Winzer Ebert (Kammerforst), Goger (Sand am Main) und M\u00fcller (Hammelburg) freuen, letzteres Weingut ist sogar Bio-zertifiziert. <\/span><\/p><p><span style=\"font-size: 12pt;\">Auf dem Weinfest kommt auch der kulinarische Genuss nicht zu kurz. Es werden von Fisch bis Flammkuchen verschiedenste regionale und internationale Schmankerl, die hervorragend zum Frankenwein passen, angeboten. Die G\u00e4ste haben zudem die M\u00f6glichkeit, sich mit den Winzern direkt zu unterhalten und von ihnen mehr \u00fcber ihre Arbeit und die Weine zu erfahren. <\/span><\/p><p><span style=\"font-size: 12pt;\">Ein buntes Unterhaltungsprogramm mit t\u00e4glicher Live-Musik von der Weinfestb\u00fchne rundet das Schwabacher Weinfest ab und macht es bei freiem Eintritt zu einem Erlebnis f\u00fcr die ganze Familie.<\/span><\/p><p><span style=\"font-size: 12pt;\">Der fr\u00e4nkische Weinbauverband e.V. und die Zametzer &amp; Krohn GbR freuen sich unter der Schirmherrschaft von Oberb\u00fcrgermeister Peter Rei\u00df auf sch\u00f6ne Momente und Gespr\u00e4che mit Einwohnerinnen und Einwohnern sowie G\u00e4sten aus Nah und Fern. Wir w\u00fcnschen schon jetzt viele angenehme Stunden auf dem Schwabacher Weinfest! <\/span><\/p><p><span style=\"font-size: 12pt;\">Besonders freuen wir uns auf die feierliche Er\u00f6ffnung am Donnerstag, 1. Juni um 18.30 Uhr, zu der auch die neue Fr\u00e4nkische Weink\u00f6nigin erwartet wird.\u00a0<\/span><\/p><p><a href=\"https:\/\/schwabach.de\/images\/referate\/referat_2\/Ordnungsamt\/Gewerbeamt_Maerkte\/Weinfest\/Programmberblick.pdf\" target=\"_blank\" rel=\"noopener\"><span style=\"font-size: 12pt;\">Das vollst\u00e4ndige Programm zum 1. Schwabacher Weinfest gibt es hier zum Download &#8230;\u00a0<\/span><\/a><\/p><h3>Weiterf\u00fchrende Links:<\/h3><p><span style=\"font-size: 12pt;\"><a href=\"https:\/\/weinfest-schwabach.de\/\" target=\"_blank\" rel=\"noopener\">Zur Homepage vom Schwabacher Weinfest geht es hier &#8230;<\/a><\/span><\/p><p><a href=\"https:\/\/www.frankenwein-aktuell.de\/\" target=\"_blank\" rel=\"noopener\"><span style=\"font-size: 12pt;\">Die Homepage von Frankenwein aktuell finden Sie hier &#8230;\u00a0<\/span><\/a><\/p>\t\t\t\t\t\t<\/div>\n\t\t\t\t<\/div>\n\t\t\t\t<div class=\"elementor-element elementor-element-8410225 elementor-widget elementor-widget-image\" data-id=\"8410225\" data-element_type=\"widget\" data-widget_type=\"image.default\">\n\t\t\t\t<div class=\"elementor-widget-container\">\n\t\t\t\t\t\t\t\t\t\t\t\t\t<img fetchpriority=\"high\" decoding=\"async\" width=\"960\" height=\"640\" src=\"https:\/\/www.region-schwabach.de\/wordpress\/wp-content\/uploads\/2019\/04\/PM85_FoodTruck_Roundup-e1555013043760.jpg\" class=\"attachment-full size-full wp-image-88504\" alt=\"\" \/>\t\t\t\t\t\t\t\t\t\t\t\t\t<\/div>\n\t\t\t\t<\/div>\n\t\t\t\t<div class=\"elementor-element elementor-element-39c5f74 elementor-widget elementor-widget-google_maps\" data-id=\"39c5f74\" data-element_type=\"widget\" data-widget_type=\"google_maps.default\">\n\t\t\t\t<div class=\"elementor-widget-container\">\n\t\t\t\t\t<div class=\"elementor-custom-embed\">\n\t\t\t<iframe loading=\"lazy\"\n\t\t\t\t\tsrc=\"https:\/\/maps.google.com\/maps?q=K%C3%B6nigsplatz%2C%20Schwabach%2C%20Deutschland&#038;t=m&#038;z=17&#038;output=embed&#038;iwloc=near\"\n\t\t\t\t\ttitle=\"K\u00f6nigsplatz, Schwabach, Deutschland\"\n\t\t\t\t\taria-label=\"K\u00f6nigsplatz, Schwabach, Deutschland\"\n\t\t\t><\/iframe>\n\t\t<\/div>\n\t\t\t\t<\/div>\n\t\t\t\t<\/div>\n\t\t\t\t\t<\/div>\n\t\t<\/div>\n\t\t\t\t<div class=\"elementor-column elementor-col-50 elementor-top-column elementor-element elementor-element-d1365a6\" data-id=\"d1365a6\" data-element_type=\"column\">\n\t\t\t<div class=\"elementor-widget-wrap elementor-element-populated\">\n\t\t\t\t\t\t<div class=\"elementor-element elementor-element-d91157d elementor-widget elementor-widget-heading\" data-id=\"d91157d\" data-element_type=\"widget\" data-widget_type=\"heading.default\">\n\t\t\t\t<div class=\"elementor-widget-container\">\n\t\t\t<h3 class=\"elementor-heading-title elementor-size-default\">Schnell vergleichen und sparen!<\/h3>\t\t<\/div>\n\t\t\t\t<\/div>\n\t\t\t\t<div class=\"elementor-element elementor-element-8245411 elementor-widget elementor-widget-wp-widget-advads_ad_widget\" data-id=\"8245411\" data-element_type=\"widget\" data-widget_type=\"wp-widget-advads_ad_widget.default\">\n\t\t\t\t<div class=\"elementor-widget-container\">\n\t\t\t<div id=\"regio-1445785053\"><div class=\"regio-adlabel\">Werbung<\/div><!-- Beginn https:\/\/www.financeads.net\/-Code --><a href=\"https:\/\/www.financeads.net\/tc.php?t=36648C236142529B\" target=\"_blank\"><img decoding=\"async\" src=\"https:\/\/www.financeads.net\/tb.php?t=36648V236142529B&https=1\" alt=\"\" border=\"0\" width=\"300\" height=\"250\"><\/a><!-- Ende https:\/\/www.financeads.net\/-Code --><\/div>\t\t<\/div>\n\t\t\t\t<\/div>\n\t\t\t\t<div class=\"elementor-element elementor-element-94319f9 elementor-widget elementor-widget-wp-widget-advads_ad_widget\" data-id=\"94319f9\" data-element_type=\"widget\" data-widget_type=\"wp-widget-advads_ad_widget.default\">\n\t\t\t\t<div class=\"elementor-widget-container\">\n\t\t\t<div id=\"regio-1979834092\"><div class=\"regio-adlabel\">Werbung<\/div><!-- Beginn https:\/\/www.financeads.net\/-Code --><a href=\"https:\/\/www.financeads.net\/tc.php?t=36648C42614510B\" target=\"_blank\"><img decoding=\"async\" src=\"https:\/\/www.financeads.net\/tb.php?t=36648V42614510B&https=1\" alt=\"\" border=\"0\" width=\"200\" height=\"300\"><\/a><!-- Ende https:\/\/www.financeads.net\/-Code --><\/div>\t\t<\/div>\n\t\t\t\t<\/div>\n\t\t\t\t<div class=\"elementor-element elementor-element-9234bb8 elementor-widget elementor-widget-wp-widget-advads_ad_widget\" data-id=\"9234bb8\" data-element_type=\"widget\" data-widget_type=\"wp-widget-advads_ad_widget.default\">\n\t\t\t\t<div class=\"elementor-widget-container\">\n\t\t\t<div id=\"regio-227539905\"><div class=\"regio-adlabel\">Werbung<\/div><!-- Beginn https:\/\/www.financeads.net\/-Code --><a href=\"https:\/\/www.financeads.net\/tc.php?t=36648C205040072B\" target=\"_blank\"><img loading=\"lazy\" decoding=\"async\" src=\"https:\/\/www.financeads.net\/tb.php?t=36648V205040072B&https=1\" alt=\"\" border=\"0\" width=\"300\" height=\"250\"><\/a><!-- Ende https:\/\/www.financeads.net\/-Code --><\/div>\t\t<\/div>\n\t\t\t\t<\/div>\n\t\t\t\t<div class=\"elementor-element elementor-element-2928209 elementor-widget elementor-widget-wp-widget-advads_ad_widget\" data-id=\"2928209\" data-element_type=\"widget\" data-widget_type=\"wp-widget-advads_ad_widget.default\">\n\t\t\t\t<div class=\"elementor-widget-container\">\n\t\t\t<div id=\"regio-4007579962\"><div class=\"regio-adlabel\">Werbung<\/div><!-- Beginn https:\/\/www.financeads.net\/-Code --><a href=\"https:\/\/www.financeads.net\/tc.php?t=36648C271460142B\" target=\"_blank\"><img loading=\"lazy\" decoding=\"async\" src=\"https:\/\/www.financeads.net\/tb.php?t=36648V271460142B&https=1\" alt=\"PETPROTECT_Hund&Katze_Banner\" border=\"0\" width=\"250\" height=\"250\"><\/a><!-- Ende https:\/\/www.financeads.net\/-Code --><\/div>\t\t<\/div>\n\t\t\t\t<\/div>\n\t\t\t\t\t<\/div>\n\t\t<\/div>\n\t\t\t\t\t<\/div>\n\t\t<\/section>\n\t\t\t\t<\/div>\n\t\t","protected":false},"excerpt":{"rendered":"<div class=\"mh-excerpt\"><p>Donnerstag, den 1. Juni 2023, bis Sonntag, den 4. Juni 2023:&nbsp; 1. Schwabacher Weinfest auf dem Martin-Luther-Platz&nbsp; Schwabach &#8211;&nbsp;Anfang Juni kommt der Frankenwein in die Goldschl\u00e4gerstadt. Zur Premiere des Schwabacher Weinfest werden drei fr\u00e4nkische Weinbaubetriebe <a class=\"mh-excerpt-more\" href=\"https:\/\/www.region-schwabach.de\/wordpress\/1-schwabacher-weinfest-von-donnerstag-den-1-juni-2023-bis-sonntag-den-4-juni-2023\/\" title=\"1. Schwabacher Weinfest von Donnerstag, den 1. Juni 2023, bis Sonntag, den 4. Juni 2023\">[&#8230;]<\/a><\/p>\n<\/div>","protected":false},"author":1,"featured_media":205178,"comment_status":"open","ping_status":"open","sticky":false,"template":"","format":"standard","meta":{"_cbd_carousel_blocks":"[]","footnotes":""},"categories":[16,78,287,3967,231],"tags":[22594,22596,22545,22598,22595,22599,22541,22600,22603,22602,522,4854,114,523,4051,1480,19,3151,22601],"class_list":{"0":"post-205177","1":"post","2":"type-post","3":"status-publish","4":"format-standard","5":"has-post-thumbnail","7":"category-aktuell","8":"category-handel-und-wirtschaft","9":"category-jugend-und-familie","10":"category-unternehmen","11":"category-veranstaltungsnews","12":"tag-01-06-2023","13":"tag-02-06-2023","14":"tag-03-06-2023","15":"tag-04-06-2023","16":"tag-1-juni-2023","17":"tag-2-juni-2023","18":"tag-3-juni-2023","19":"tag-4-juni-2023","20":"tag-frankenwein","21":"tag-fraenkische-weinbaubetriebe","22":"tag-koenigsplatz","23":"tag-kulinarik","24":"tag-marktplatz","25":"tag-martin-luther-platz","26":"tag-musik","27":"tag-rathaus","28":"tag-schwabach","29":"tag-stadt-schwabach","30":"tag-weinfest"},"_links":{"self":[{"href":"https:\/\/www.region-schwabach.de\/wordpress\/wp-json\/wp\/v2\/posts\/205177","targetHints":{"allow":["GET"]}}],"collection":[{"href":"https:\/\/www.region-schwabach.de\/wordpress\/wp-json\/wp\/v2\/posts"}],"about":[{"href":"https:\/\/www.region-schwabach.de\/wordpress\/wp-json\/wp\/v2\/types\/post"}],"author":[{"embeddable":true,"href":"https:\/\/www.region-schwabach.de\/wordpress\/wp-json\/wp\/v2\/users\/1"}],"replies":[{"embeddable":true,"href":"https:\/\/www.region-schwabach.de\/wordpress\/wp-json\/wp\/v2\/comments?post=205177"}],"version-history":[{"count":0,"href":"https:\/\/www.region-schwabach.de\/wordpress\/wp-json\/wp\/v2\/posts\/205177\/revisions"}],"wp:featuredmedia":[{"embeddable":true,"href":"https:\/\/www.region-schwabach.de\/wordpress\/wp-json\/wp\/v2\/media\/205178"}],"wp:attachment":[{"href":"https:\/\/www.region-schwabach.de\/wordpress\/wp-json\/wp\/v2\/media?parent=205177"}],"wp:term":[{"taxonomy":"category","embeddable":true,"href":"https:\/\/www.region-schwabach.de\/wordpress\/wp-json\/wp\/v2\/categories?post=205177"},{"taxonomy":"post_tag","embeddable":true,"href":"https:\/\/www.region-schwabach.de\/wordpress\/wp-json\/wp\/v2\/tags?post=205177"}],"curies":[{"name":"wp","href":"https:\/\/api.w.org\/{rel}","templated":true}]}}