{"id":20536,"date":"2017-11-23T23:50:52","date_gmt":"2017-11-23T22:50:52","guid":{"rendered":"http:\/\/www.region-schwabach.de\/wordpress\/?p=20536"},"modified":"2017-11-24T00:04:29","modified_gmt":"2017-11-23T23:04:29","slug":"fahranfaenger-verliert-auf-der-fahrt-von-geyern-nach-ettenstatt-kontrolle-ueber-sein-fahrzeug","status":"publish","type":"post","link":"https:\/\/www.region-schwabach.de\/wordpress\/fahranfaenger-verliert-auf-der-fahrt-von-geyern-nach-ettenstatt-kontrolle-ueber-sein-fahrzeug\/","title":{"rendered":"Fahranf\u00e4nger verliert auf der Fahrt von Geyern nach Ettenstatt Kontrolle \u00fcber sein Fahrzeug"},"content":{"rendered":"\t\t<div data-elementor-type=\"wp-post\" data-elementor-id=\"20536\" class=\"elementor elementor-20536 elementor-bc-flex-widget\">\n\t\t\t\t\t\t<section class=\"elementor-section elementor-top-section elementor-element elementor-element-1cuv9jr elementor-section-boxed elementor-section-height-default elementor-section-height-default\" data-id=\"1cuv9jr\" data-element_type=\"section\">\n\t\t\t\t\t\t<div class=\"elementor-container elementor-column-gap-default\">\n\t\t\t\t\t<div class=\"elementor-column elementor-col-66 elementor-top-column elementor-element elementor-element-q5zak7b\" data-id=\"q5zak7b\" data-element_type=\"column\">\n\t\t\t<div class=\"elementor-widget-wrap elementor-element-populated\">\n\t\t\t\t\t\t<div class=\"elementor-element elementor-element-86qws23 elementor-widget elementor-widget-text-editor\" data-id=\"86qws23\" data-element_type=\"widget\" data-widget_type=\"text-editor.default\">\n\t\t\t\t<div class=\"elementor-widget-container\">\n\t\t\t\t\t\t\t<h3>Zu schnell in Kurve gefahren<\/h3><p>Bergen &#8211; Am Mittwochabend, den 22.11.2017, war ein 19-j\u00e4hriger Fahranf\u00e4nger auf der Stra\u00dfe von Geyern nach Ettenstatt unterwegs, als er in einer Rechtskurve &#8211; vermutlich wegen \u00fcberh\u00f6hter Geschwindigkeit &#8211; die Kontrolle \u00fcber seinen Pkw verlor, und in die Leitplanke krachte, die dabei auf einer L\u00e4nge von ca. 30 Meter besch\u00e4digt wurde.<\/p><h3>Schaden in H\u00f6he von 6.000 Euro entstanden<\/h3><p>Der Audi des Unfallverursachers aus Jura erlitt bei dem Unfall einen wirtschaftlichen Totalschaden, und musste einem Abschleppdienst abtransportiert werden. Der entstandene Schaden d\u00fcrfte sich insgesamt auf ca. 6.000 Euro belaufen.<\/p>\t\t\t\t\t\t<\/div>\n\t\t\t\t<\/div>\n\t\t\t\t<div class=\"elementor-element elementor-element-id240nb elementor-widget elementor-widget-google_maps\" data-id=\"id240nb\" data-element_type=\"widget\" data-widget_type=\"google_maps.default\">\n\t\t\t\t<div class=\"elementor-widget-container\">\n\t\t\t\t\t<div class=\"elementor-custom-embed\">\n\t\t\t<iframe loading=\"lazy\"\n\t\t\t\t\tsrc=\"https:\/\/maps.google.com\/maps?q=49.074265%2C%2011.078657&#038;t=m&#038;z=14&#038;output=embed&#038;iwloc=near\"\n\t\t\t\t\ttitle=\"49.074265, 11.078657\"\n\t\t\t\t\taria-label=\"49.074265, 11.078657\"\n\t\t\t><\/iframe>\n\t\t<\/div>\n\t\t\t\t<\/div>\n\t\t\t\t<\/div>\n\t\t\t\t\t<\/div>\n\t\t<\/div>\n\t\t\t\t<div class=\"elementor-column elementor-col-33 elementor-top-column elementor-element elementor-element-0w0urt1\" data-id=\"0w0urt1\" data-element_type=\"column\">\n\t\t\t<div class=\"elementor-widget-wrap elementor-element-populated\">\n\t\t\t\t\t\t<div class=\"elementor-element elementor-element-mo6nk5i elementor-widget elementor-widget-image\" data-id=\"mo6nk5i\" data-element_type=\"widget\" data-widget_type=\"image.default\">\n\t\t\t\t<div class=\"elementor-widget-container\">\n\t\t\t\t\t\t\t\t\t\t\t\t\t\t<a href=\"http:\/\/www.region-schwabach.de\/wordpress\/werben-auf-region-schwabach\/\" target=\"_blank\">\n\t\t\t\t\t\t\t<img fetchpriority=\"high\" decoding=\"async\" width=\"1024\" height=\"1024\" src=\"https:\/\/www.region-schwabach.de\/wordpress\/wp-content\/uploads\/2017\/06\/werbung8-1024x1024.png\" class=\"attachment-large size-large wp-image-2484\" alt=\"\" srcset=\"https:\/\/www.region-schwabach.de\/wordpress\/wp-content\/uploads\/2017\/06\/werbung8-1024x1024.png 1024w, https:\/\/www.region-schwabach.de\/wordpress\/wp-content\/uploads\/2017\/06\/werbung8-150x150.png 150w, https:\/\/www.region-schwabach.de\/wordpress\/wp-content\/uploads\/2017\/06\/werbung8-300x300.png 300w, https:\/\/www.region-schwabach.de\/wordpress\/wp-content\/uploads\/2017\/06\/werbung8-768x768.png 768w, https:\/\/www.region-schwabach.de\/wordpress\/wp-content\/uploads\/2017\/06\/werbung8-600x600.png 600w, https:\/\/www.region-schwabach.de\/wordpress\/wp-content\/uploads\/2017\/06\/werbung8.png 1200w\" sizes=\"(max-width: 1024px) 100vw, 1024px\" \/>\t\t\t\t\t\t\t\t<\/a>\n\t\t\t\t\t\t\t\t\t\t\t\t\t<\/div>\n\t\t\t\t<\/div>\n\t\t\t\t\t<\/div>\n\t\t<\/div>\n\t\t\t\t\t<\/div>\n\t\t<\/section>\n\t\t\t\t<\/div>\n\t\t","protected":false},"excerpt":{"rendered":"<div class=\"mh-excerpt\"><p>Zu schnell in Kurve gefahren Bergen &#8211; Am Mittwochabend, den 22.11.2017, war ein 19-j\u00e4hriger Fahranf\u00e4nger auf der Stra\u00dfe von Geyern nach Ettenstatt unterwegs, als er in einer Rechtskurve &#8211; vermutlich wegen \u00fcberh\u00f6hter Geschwindigkeit &#8211; die <a class=\"mh-excerpt-more\" href=\"https:\/\/www.region-schwabach.de\/wordpress\/fahranfaenger-verliert-auf-der-fahrt-von-geyern-nach-ettenstatt-kontrolle-ueber-sein-fahrzeug\/\" title=\"Fahranf\u00e4nger verliert auf der Fahrt von Geyern nach Ettenstatt Kontrolle \u00fcber sein Fahrzeug\">[&#8230;]<\/a><\/p>\n<\/div>","protected":false},"author":1,"featured_media":15176,"comment_status":"open","ping_status":"open","sticky":false,"template":"","format":"standard","meta":{"_cbd_carousel_blocks":"[]","footnotes":""},"categories":[15],"tags":[1175,1555,961,885,640,1592,1104,401,713,1297,1396,334,249],"class_list":{"0":"post-20536","1":"post","2":"type-post","3":"status-publish","4":"format-standard","5":"has-post-thumbnail","7":"category-polizeimeldungen","8":"tag-22-11-2017","9":"tag-abschleppdienst","10":"tag-audi","11":"tag-ettenstatt","12":"tag-fahranfaenger","13":"tag-geyern","14":"tag-leitplanke","15":"tag-sachschaden","16":"tag-schaden","17":"tag-totalschaden","18":"tag-ueberhoehte-geschwindigkeit","19":"tag-unfall","20":"tag-weissenburg"},"_links":{"self":[{"href":"https:\/\/www.region-schwabach.de\/wordpress\/wp-json\/wp\/v2\/posts\/20536","targetHints":{"allow":["GET"]}}],"collection":[{"href":"https:\/\/www.region-schwabach.de\/wordpress\/wp-json\/wp\/v2\/posts"}],"about":[{"href":"https:\/\/www.region-schwabach.de\/wordpress\/wp-json\/wp\/v2\/types\/post"}],"author":[{"embeddable":true,"href":"https:\/\/www.region-schwabach.de\/wordpress\/wp-json\/wp\/v2\/users\/1"}],"replies":[{"embeddable":true,"href":"https:\/\/www.region-schwabach.de\/wordpress\/wp-json\/wp\/v2\/comments?post=20536"}],"version-history":[{"count":0,"href":"https:\/\/www.region-schwabach.de\/wordpress\/wp-json\/wp\/v2\/posts\/20536\/revisions"}],"wp:featuredmedia":[{"embeddable":true,"href":"https:\/\/www.region-schwabach.de\/wordpress\/wp-json\/wp\/v2\/media\/15176"}],"wp:attachment":[{"href":"https:\/\/www.region-schwabach.de\/wordpress\/wp-json\/wp\/v2\/media?parent=20536"}],"wp:term":[{"taxonomy":"category","embeddable":true,"href":"https:\/\/www.region-schwabach.de\/wordpress\/wp-json\/wp\/v2\/categories?post=20536"},{"taxonomy":"post_tag","embeddable":true,"href":"https:\/\/www.region-schwabach.de\/wordpress\/wp-json\/wp\/v2\/tags?post=20536"}],"curies":[{"name":"wp","href":"https:\/\/api.w.org\/{rel}","templated":true}]}}