{"id":206431,"date":"2023-06-17T01:00:00","date_gmt":"2023-06-16T23:00:00","guid":{"rendered":"https:\/\/www.region-schwabach.de\/wordpress\/?p=206431"},"modified":"2023-06-16T21:47:32","modified_gmt":"2023-06-16T19:47:32","slug":"schwabacher-babytag-am-samstag-den-17-juni-2023-im-evangelischen-haus-der-diakonie","status":"publish","type":"post","link":"https:\/\/www.region-schwabach.de\/wordpress\/schwabacher-babytag-am-samstag-den-17-juni-2023-im-evangelischen-haus-der-diakonie\/","title":{"rendered":"Schwabacher Babytag am Samstag, den 17. Juni 2023, im Evangelischen Haus der Diakonie"},"content":{"rendered":"\t\t<div data-elementor-type=\"wp-post\" data-elementor-id=\"206431\" class=\"elementor elementor-206431\">\n\t\t\t\t\t\t<section class=\"elementor-section elementor-top-section elementor-element elementor-element-1cuv9jr elementor-section-boxed elementor-section-height-default elementor-section-height-default\" data-id=\"1cuv9jr\" data-element_type=\"section\">\n\t\t\t\t\t\t<div class=\"elementor-container elementor-column-gap-default\">\n\t\t\t\t\t<div class=\"elementor-column elementor-col-50 elementor-top-column elementor-element elementor-element-q5zak7b\" data-id=\"q5zak7b\" data-element_type=\"column\">\n\t\t\t<div class=\"elementor-widget-wrap elementor-element-populated\">\n\t\t\t\t\t\t<div class=\"elementor-element elementor-element-dcef279 elementor-widget elementor-widget-wp-widget-advads_ad_widget\" data-id=\"dcef279\" data-element_type=\"widget\" data-widget_type=\"wp-widget-advads_ad_widget.default\">\n\t\t\t\t<div class=\"elementor-widget-container\">\n\t\t\t<div id=\"regio-3964379939\"><div class=\"regio-adlabel\">Werbung<\/div><center><a href=\"https:\/\/a.partner-versicherung.de\/click.php?partner_id=19992&ad_id=1578&deep=kreditkarten\"  target=\"_blank\"><img decoding=\"async\" src=\"https:\/\/a.partner-versicherung.de\/view.php?partner_id=19992&ad_id=1578\" ><\/a><\/center><\/div>\t\t<\/div>\n\t\t\t\t<\/div>\n\t\t\t\t<div class=\"elementor-element elementor-element-a4daeae elementor-widget elementor-widget-text-editor\" data-id=\"a4daeae\" data-element_type=\"widget\" data-widget_type=\"text-editor.default\">\n\t\t\t\t<div class=\"elementor-widget-container\">\n\t\t\t\t\t\t\t<h3>Samstag, den 17. Juni 2023, 11.00 Uhr bis 15.00 Uhr\u00a0<br \/>Schwabacher Babytag im Evangelischen Haus\u00a0<\/h3><p><span style=\"font-size: 12pt;\">Schwabach &#8211; Am Samstag, den 17.06.2023, findet in der Zeit von 11:00 bis 15:00 Uhr der Schwabacher Babytag im Evangelischen Haus der Diakonie in der Wittelsbacherstr. 4 in Schwabach statt.<\/span><\/p><p><span style=\"font-size: 12pt;\">Organisiert wird die Veranstaltung von der Staatlich anerkannten Beratungsstelle f\u00fcr Schwangerschaftsfragen Landratsamt Roth \u2013 Gesundheitsamt, die KoKi \u2013Netzwerk fr\u00fche Kindheit der Stadt Schwabach und dem Familienzentrum K\u00e4nguruh in Kooperation mit der Gleichstellungsstelle der Stadt Schwabach.<\/span><\/p><p><span style=\"font-size: 12pt;\">Eingeladen sind Eltern von Babys und Kleinkindern, werdende Eltern, Alleinerziehende, Gro\u00dfeltern und sonstige Interessierte sowie Fachkr\u00e4fte.<\/span><\/p><p><span style=\"font-size: 12pt;\">Um 11.00 Uhr wird der Babytag mit dem Gru\u00dfwort des Oberb\u00fcrgermeisters er\u00f6ffnet.<\/span><\/p><p><span style=\"font-size: 12pt;\">Die Mitarbeiterinnen des Familienzentrums K\u00e4nguruh veranstalten von 11.30 bis 15.00 Uhr einen Basar f\u00fcr gebrauchte Babykleidung und Umstandsmode sowie Babyspielzeug, f<\/span><span style=\"font-size: 12pt;\">erner sorgen sie f\u00fcr das leibliche Wohl.<\/span><\/p><p><span style=\"font-size: 12pt;\">Die Kinder-Ausstattungs-Tausch-Zentrale (K.A.T.Ze) hat ebenfalls ge\u00f6ffnet.<\/span><\/p><h3><span style=\"font-size: 12pt;\">Ab 11:30 Uhr finden folgende kurze, praxisnahe Vortr\u00e4ge statt:\u00a0<\/span><\/h3><ul style=\"list-style-type: disc;\"><li><span style=\"font-size: 12pt;\">11.30 Uhr &#8211; <strong>\u201eSo klappt das Stillen &#8211; 5 Tipps f\u00fcr einen erfolgreichen Stillstart\u201c\u00a0<br \/>Nina Thalhammer, Stillberaterin\u00a0<br \/><\/strong><\/span><\/li><li><span style=\"font-size: 12pt;\">12.15 Uhr &#8211; <\/span><strong style=\"font-size: 12pt;\">\u201eV\u00e4ter im ersten Lebensjahr\u201c <br \/>Werner Schemm, Fr\u00fchf\u00f6rderstelle\u00a0<br \/><\/strong><\/li><li><span style=\"font-size: 12pt;\">13.00 Uhr &#8211; <\/span><strong style=\"font-size: 12pt;\">\u201eErste Hilfe bei S\u00e4uglings- und Kindernotf\u00e4llen \u2013 ein Schnuppervortrag f\u00fcr alle, <\/strong><strong style=\"font-size: 12pt;\">die einen kleinen Einblick in ein gro\u00dfes Thema gewinnen wollen\u201c\u00a0<br \/>Elke Spruck, Kinderkrankenschwester\u00a0<br \/><\/strong><\/li><li><span style=\"font-size: 12pt;\">13.45 Uhr &#8211; <\/span><strong style=\"font-size: 12pt;\">\u201eMit sanften Kneippschen Anwendungen und Wickeln die Gesundheit der Familie st\u00e4rken\u201c <br \/>Heike Sebald, Kneippverein\u00a0<br \/><\/strong><\/li><li><span style=\"font-size: 12pt;\">14.30 Uhr &#8211; <\/span><strong style=\"font-size: 12pt;\">\u201eSurvivaltipps f\u00fcr die erste Zeit nach der Geburt\u201c\u00a0<br \/><\/strong><strong style=\"font-size: 12pt;\">Susanne Dennerlein, Erziehungsberatungsstelle<br \/><\/strong><\/li><\/ul><p><span style=\"font-size: 12pt;\">Vor Ort stehen Ansprechpartner verschiedener Schwabacher Einrichtungen mit Infost\u00e4nden zur Verf\u00fcgung: Schwangerenberatungsstellen, K\u00e4nguruh Familienzentrum mit Familienpaten, KoKi-Netzwerk fr\u00fche Kindheit mit Familienhebamme, Erziehungsberatungsstelle Roth-Schwabach, Fachberatung Kindertagespflege Stadt Schwabach, EUTB Teilhabeberatungsstelle, Kinderkrippe Johanniter, Fr\u00fchf\u00f6rderstelle, Hebamme, PureYoga, Bundesagentur f\u00fcr Arbeit, Evangelisches Bildungswerk, Die 2te Haut, Amt f\u00fcr Ern\u00e4hrung, Landwirtschaft und Forsten, AWO und Diakonie (Kur-und Erholungsma\u00dfnahmen, Familienpflege), Kreisklinik Roth<\/span><\/p><p><span style=\"font-size: 12pt;\">Der Eintritt ist frei. Kinder sind willkommen.<\/span><\/p><h3><span style=\"font-size: 14pt;\"><strong>Kontakt:\u00a0<\/strong><\/span><\/h3><ul style=\"list-style-type: disc;\"><li><span style=\"font-size: 12pt;\">Beratungsstelle f\u00fcr Schwangerschaftsfragen Landratsamt Roth: Tel: 09171 811620\u00a0<\/span><\/li><li><span style=\"font-size: 12pt;\">KoKi &#8211; Netzwerk fr\u00fche Kindheit Tel: 09122 860225\u00a0<\/span><\/li><li><span style=\"font-size: 12pt;\">Familienzentrum K\u00e4nguruh Tel: 09122 888226\u00a0<\/span><\/li><\/ul><h3>Weiterf\u00fchrende Links:\u00a0<\/h3><p><a href=\"https:\/\/schwabach.de\/images\/referate\/referat_2\/Jugendamt\/Flyer_Babytag_2023.pdf\" target=\"_blank\" rel=\"noopener\"><span style=\"font-size: 12pt;\">Den Flyer zur Veranstaltung gibt es hier zum downloaden &#8230;\u00a0<\/span><\/a><\/p>\t\t\t\t\t\t<\/div>\n\t\t\t\t<\/div>\n\t\t\t\t<div class=\"elementor-element elementor-element-6c3f9de elementor-widget elementor-widget-shortcode\" data-id=\"6c3f9de\" data-element_type=\"widget\" data-widget_type=\"shortcode.default\">\n\t\t\t\t<div class=\"elementor-widget-container\">\n\t\t\t\t\t<div class=\"elementor-shortcode\"><center><a href=\"https:\/\/a.partner-versicherung.de\/click.php?partner_id=19992&ad_id=441&deep=kfz-versicherung\"  target=\"_blank\"><img decoding=\"async\" src=\"https:\/\/a.partner-versicherung.de\/view.php?partner_id=19992&ad_id=441\" ><\/a><\/center><\/div>\n\t\t\t\t<\/div>\n\t\t\t\t<\/div>\n\t\t\t\t<div class=\"elementor-element elementor-element-ace1283 elementor-widget-divider--view-line elementor-widget elementor-widget-divider\" data-id=\"ace1283\" data-element_type=\"widget\" data-widget_type=\"divider.default\">\n\t\t\t\t<div class=\"elementor-widget-container\">\n\t\t\t\t\t<div class=\"elementor-divider\">\n\t\t\t<span class=\"elementor-divider-separator\">\n\t\t\t\t\t\t<\/span>\n\t\t<\/div>\n\t\t\t\t<\/div>\n\t\t\t\t<\/div>\n\t\t\t\t<div class=\"elementor-element elementor-element-ac34ac3 elementor-widget elementor-widget-google_maps\" data-id=\"ac34ac3\" data-element_type=\"widget\" data-widget_type=\"google_maps.default\">\n\t\t\t\t<div class=\"elementor-widget-container\">\n\t\t\t\t\t<div class=\"elementor-custom-embed\">\n\t\t\t<iframe loading=\"lazy\"\n\t\t\t\t\tsrc=\"https:\/\/maps.google.com\/maps?q=Schwabach%2C%20Deutschland&#038;t=m&#038;z=14&#038;output=embed&#038;iwloc=near\"\n\t\t\t\t\ttitle=\"Schwabach, Deutschland\"\n\t\t\t\t\taria-label=\"Schwabach, Deutschland\"\n\t\t\t><\/iframe>\n\t\t<\/div>\n\t\t\t\t<\/div>\n\t\t\t\t<\/div>\n\t\t\t\t\t<\/div>\n\t\t<\/div>\n\t\t\t\t<div class=\"elementor-column elementor-col-50 elementor-top-column elementor-element elementor-element-4ce46fb\" data-id=\"4ce46fb\" data-element_type=\"column\">\n\t\t\t<div class=\"elementor-widget-wrap elementor-element-populated\">\n\t\t\t\t\t\t<div class=\"elementor-element elementor-element-38f4e35 elementor-widget elementor-widget-heading\" data-id=\"38f4e35\" data-element_type=\"widget\" data-widget_type=\"heading.default\">\n\t\t\t\t<div class=\"elementor-widget-container\">\n\t\t\t<h3 class=\"elementor-heading-title elementor-size-default\">Schnell vergleichen und sparen!<\/h3>\t\t<\/div>\n\t\t\t\t<\/div>\n\t\t\t\t<div class=\"elementor-element elementor-element-92c49bc elementor-widget elementor-widget-wp-widget-advads_ad_widget\" data-id=\"92c49bc\" data-element_type=\"widget\" data-widget_type=\"wp-widget-advads_ad_widget.default\">\n\t\t\t\t<div class=\"elementor-widget-container\">\n\t\t\t<div id=\"regio-2598498243\"><div class=\"regio-adlabel\">Werbung<\/div><!-- Beginn https:\/\/www.financeads.net\/-Code --><a href=\"https:\/\/www.financeads.net\/tc.php?t=36648C236142529B\" target=\"_blank\"><img fetchpriority=\"high\" decoding=\"async\" src=\"https:\/\/www.financeads.net\/tb.php?t=36648V236142529B&https=1\" alt=\"\" border=\"0\" width=\"300\" height=\"250\"><\/a><!-- Ende https:\/\/www.financeads.net\/-Code --><\/div>\t\t<\/div>\n\t\t\t\t<\/div>\n\t\t\t\t<div class=\"elementor-element elementor-element-cb0c78c elementor-widget elementor-widget-wp-widget-advads_ad_widget\" data-id=\"cb0c78c\" data-element_type=\"widget\" data-widget_type=\"wp-widget-advads_ad_widget.default\">\n\t\t\t\t<div class=\"elementor-widget-container\">\n\t\t\t<div id=\"regio-4216156596\"><div class=\"regio-adlabel\">Werbung<\/div><!-- Beginn https:\/\/www.financeads.net\/-Code --><a href=\"https:\/\/www.financeads.net\/tc.php?t=36648C42614510B\" target=\"_blank\"><img decoding=\"async\" src=\"https:\/\/www.financeads.net\/tb.php?t=36648V42614510B&https=1\" alt=\"\" border=\"0\" width=\"200\" height=\"300\"><\/a><!-- Ende https:\/\/www.financeads.net\/-Code --><\/div>\t\t<\/div>\n\t\t\t\t<\/div>\n\t\t\t\t<div class=\"elementor-element elementor-element-31c9ced elementor-widget elementor-widget-wp-widget-advads_ad_widget\" data-id=\"31c9ced\" data-element_type=\"widget\" data-widget_type=\"wp-widget-advads_ad_widget.default\">\n\t\t\t\t<div class=\"elementor-widget-container\">\n\t\t\t<div id=\"regio-657909265\"><div class=\"regio-adlabel\">Werbung<\/div><!-- Beginn https:\/\/www.financeads.net\/-Code --><a href=\"https:\/\/www.financeads.net\/tc.php?t=36648C205040072B\" target=\"_blank\"><img decoding=\"async\" src=\"https:\/\/www.financeads.net\/tb.php?t=36648V205040072B&https=1\" alt=\"\" border=\"0\" width=\"300\" height=\"250\"><\/a><!-- Ende https:\/\/www.financeads.net\/-Code --><\/div>\t\t<\/div>\n\t\t\t\t<\/div>\n\t\t\t\t<div class=\"elementor-element elementor-element-0344b9f elementor-widget elementor-widget-wp-widget-advads_ad_widget\" data-id=\"0344b9f\" data-element_type=\"widget\" data-widget_type=\"wp-widget-advads_ad_widget.default\">\n\t\t\t\t<div class=\"elementor-widget-container\">\n\t\t\t<div id=\"regio-193933488\"><div class=\"regio-adlabel\">Werbung<\/div><!-- Beginn https:\/\/www.financeads.net\/-Code --><a href=\"https:\/\/www.financeads.net\/tc.php?t=36648C271460142B\" target=\"_blank\"><img loading=\"lazy\" decoding=\"async\" src=\"https:\/\/www.financeads.net\/tb.php?t=36648V271460142B&https=1\" alt=\"PETPROTECT_Hund&Katze_Banner\" border=\"0\" width=\"250\" height=\"250\"><\/a><!-- Ende https:\/\/www.financeads.net\/-Code --><\/div>\t\t<\/div>\n\t\t\t\t<\/div>\n\t\t\t\t\t<\/div>\n\t\t<\/div>\n\t\t\t\t\t<\/div>\n\t\t<\/section>\n\t\t\t\t<\/div>\n\t\t","protected":false},"excerpt":{"rendered":"<div class=\"mh-excerpt\"><p>Samstag, den 17. Juni 2023, 11.00 Uhr bis 15.00 Uhr\u00a0Schwabacher Babytag im Evangelischen Haus\u00a0 Schwabach &#8211; Am Samstag, den 17.06.2023, findet in der Zeit von 11:00 bis 15:00 Uhr der Schwabacher Babytag im Evangelischen Haus <a class=\"mh-excerpt-more\" href=\"https:\/\/www.region-schwabach.de\/wordpress\/schwabacher-babytag-am-samstag-den-17-juni-2023-im-evangelischen-haus-der-diakonie\/\" title=\"Schwabacher Babytag am Samstag, den 17. Juni 2023, im Evangelischen Haus der Diakonie\">[&#8230;]<\/a><\/p>\n<\/div>","protected":false},"author":1,"featured_media":206432,"comment_status":"open","ping_status":"open","sticky":false,"template":"","format":"standard","meta":{"_cbd_carousel_blocks":"[]","footnotes":""},"categories":[287,13,4306,231,46],"tags":[22723,22722,22726,650,22727,3499,6905,6580,22725,1796,5269,12385,1480,19,22724,2678],"class_list":{"0":"post-206431","1":"post","2":"type-post","3":"status-publish","4":"format-standard","5":"has-post-thumbnail","7":"category-jugend-und-familie","8":"category-nachrichten","9":"category-ratgeber","10":"category-veranstaltungsnews","11":"category-verbaende","12":"tag-17-juni-2023","13":"tag-17-06-2023","14":"tag-beratungsstelle-fuer-schwangerschaftsfragen","15":"tag-evangelisches-haus","16":"tag-familienzentrum-kaenguruh","17":"tag-gesundheitsamt","18":"tag-gleichstellungsstelle","19":"tag-infoveranstaltung","20":"tag-koki","21":"tag-landratsamt-roth","22":"tag-oberbuergermeister","23":"tag-peter-reiss","24":"tag-rathaus","25":"tag-schwabach","26":"tag-schwabacher-babytag","27":"tag-wittelsbacherstrasse"},"_links":{"self":[{"href":"https:\/\/www.region-schwabach.de\/wordpress\/wp-json\/wp\/v2\/posts\/206431","targetHints":{"allow":["GET"]}}],"collection":[{"href":"https:\/\/www.region-schwabach.de\/wordpress\/wp-json\/wp\/v2\/posts"}],"about":[{"href":"https:\/\/www.region-schwabach.de\/wordpress\/wp-json\/wp\/v2\/types\/post"}],"author":[{"embeddable":true,"href":"https:\/\/www.region-schwabach.de\/wordpress\/wp-json\/wp\/v2\/users\/1"}],"replies":[{"embeddable":true,"href":"https:\/\/www.region-schwabach.de\/wordpress\/wp-json\/wp\/v2\/comments?post=206431"}],"version-history":[{"count":0,"href":"https:\/\/www.region-schwabach.de\/wordpress\/wp-json\/wp\/v2\/posts\/206431\/revisions"}],"wp:featuredmedia":[{"embeddable":true,"href":"https:\/\/www.region-schwabach.de\/wordpress\/wp-json\/wp\/v2\/media\/206432"}],"wp:attachment":[{"href":"https:\/\/www.region-schwabach.de\/wordpress\/wp-json\/wp\/v2\/media?parent=206431"}],"wp:term":[{"taxonomy":"category","embeddable":true,"href":"https:\/\/www.region-schwabach.de\/wordpress\/wp-json\/wp\/v2\/categories?post=206431"},{"taxonomy":"post_tag","embeddable":true,"href":"https:\/\/www.region-schwabach.de\/wordpress\/wp-json\/wp\/v2\/tags?post=206431"}],"curies":[{"name":"wp","href":"https:\/\/api.w.org\/{rel}","templated":true}]}}