{"id":206860,"date":"2023-06-20T00:45:00","date_gmt":"2023-06-19T22:45:00","guid":{"rendered":"https:\/\/www.region-schwabach.de\/wordpress\/?p=206860"},"modified":"2023-06-19T23:16:37","modified_gmt":"2023-06-19T21:16:37","slug":"beflaggung-zum-tages-der-heimat-und-des-nationalen-gedenktages-fur-die-opfer-von-flucht-und-vertreibung","status":"publish","type":"post","link":"https:\/\/www.region-schwabach.de\/wordpress\/beflaggung-zum-tages-der-heimat-und-des-nationalen-gedenktages-fur-die-opfer-von-flucht-und-vertreibung\/","title":{"rendered":"Beflaggung zum \u201eTages der Heimat\u201c und des nationalen \u201eGedenktages f\u00fcr die Opfer von Flucht und Vertreibung\u201c"},"content":{"rendered":"\t\t<div data-elementor-type=\"wp-post\" data-elementor-id=\"206860\" class=\"elementor elementor-206860\">\n\t\t\t\t\t\t<section class=\"elementor-section elementor-top-section elementor-element elementor-element-tlus4ia elementor-section-boxed elementor-section-height-default elementor-section-height-default\" data-id=\"tlus4ia\" data-element_type=\"section\">\n\t\t\t\t\t\t<div class=\"elementor-container elementor-column-gap-default\">\n\t\t\t\t\t<div class=\"elementor-column elementor-col-50 elementor-top-column elementor-element elementor-element-sphcucl\" data-id=\"sphcucl\" data-element_type=\"column\">\n\t\t\t<div class=\"elementor-widget-wrap elementor-element-populated\">\n\t\t\t\t\t\t<div class=\"elementor-element elementor-element-b50cb97 elementor-widget elementor-widget-wp-widget-advads_ad_widget\" data-id=\"b50cb97\" data-element_type=\"widget\" data-widget_type=\"wp-widget-advads_ad_widget.default\">\n\t\t\t\t<div class=\"elementor-widget-container\">\n\t\t\t<div id=\"regio-3161829785\"><div class=\"regio-adlabel\">Werbung<\/div><center><a href=\"https:\/\/a.partner-versicherung.de\/click.php?partner_id=19992&ad_id=1578&deep=kreditkarten\"  target=\"_blank\"><img decoding=\"async\" src=\"https:\/\/a.partner-versicherung.de\/view.php?partner_id=19992&ad_id=1578\" ><\/a><\/center><\/div>\t\t<\/div>\n\t\t\t\t<\/div>\n\t\t\t\t<div class=\"elementor-element elementor-element-4f2h2af elementor-widget elementor-widget-text-editor\" data-id=\"4f2h2af\" data-element_type=\"widget\" data-widget_type=\"text-editor.default\">\n\t\t\t\t<div class=\"elementor-widget-container\">\n\t\t\t\t\t\t\t<h3 class=\"entry-title\">Beflaggung zum \u201eTages der Heimat\u201c und des nationalen \u201eGedenktages f\u00fcr die Opfer von Flucht und Vertreibung\u201c\u00a0<\/h3><p><span style=\"font-size: 12pt;\">Schwabach &#8211; F\u00fcr Dienstag, den 20. Juni 2022, ist\u00a0<\/span>zum \u201eTages der Heimat\u201c und des nationalen \u201eGedenktages f\u00fcr die Opfer von Flucht und Vertreibung\u201c\u00a0<span style=\"font-size: 12pt;\">, auch in Schwabach die Beflaggung von Dienstgeb\u00e4uden in der Zeit von 07.00 Uhr bis zum Einbruch der Dunkelheit angeordnet.\u00a0<\/span><\/p><h3>Tag der Heimat<\/h3><p><span style=\"font-size: 12pt;\">Der Tag der Heimat ist ein Gedenktag, der in der Bundesrepublik Deutschland j\u00e4hrlich begangen wird. Er geht zur\u00fcck auf die Kundgebung vor dem Stuttgarter Schloss am 6. August 1950, bei der die Charta der deutschen Heimatvertriebenen verk\u00fcndet wurde. Die Verk\u00fcndung der Charta erfolgte bewusst in zeitlicher N\u00e4he zum f\u00fcnften Jahrestag des Potsdamer Abkommens vom 2. August 1945. Der Beschluss zur j\u00e4hrlichen Durchf\u00fchrung des Tages der Heimat wurde im November 1949 in G\u00f6ttingen gefasst; er geht auf eine Initiative von Paul Wagner, des fr\u00fcheren B\u00fcrgermeisters von Neidenburg in Ostpreu\u00dfen, zur\u00fcck. Seither findet meistens am ersten Sonntag im September eine zentrale Auftaktveranstaltung des Bundes der Vertriebenen (BdV) zum \u201eTag der Heimat\u201c in Berlin statt. In den folgenden Wochen finden zahlreiche dezentrale Veranstaltungen der Regionalverb\u00e4nde des Bundes der Vertriebenen zum Thema Vertreibung statt. (Quelle: Wikipedia)\u00a0<\/span><\/p><h3><span style=\"font-size: 14pt;\">Nationaler Gedenktag f\u00fcr die Opfer von Flucht und Vertreibung\u00a0<\/span><\/h3><p><span style=\"font-size: 12pt;\">Weltweit befinden sich mehr als 50 Millionen Menschen auf der Flucht. Zwei Drittel dieser Menschen sind Binnenvertriebene. Rund 30 Prozent gelten als Fl\u00fcchtlinge und fliehen meist aus Entwicklungsl\u00e4ndern in ein Nachbarland. Flucht und Vertreibung bedeuten unermessliches Leid f\u00fcr die Betroffenen. Dies wird uns in besonderer Weise durch die Fl\u00fcchtlinge vor Augen gef\u00fchrt, die t\u00e4glich in Europa Schutz und Frieden suchen.\u00a0<\/span><\/p><p><span style=\"font-size: 12pt;\">Flucht und Vertreibung sind auch ein Teil unserer eigenen Geschichte. Millionen Deutsche mussten im 20. Jahrhundert aufgrund von Flucht, Vertreibung, Zwangsumsiedlung und Deportation ihre angestammte Heimat verlassen. Hunderttausende Menschen kamen dabei ums Leben, wurden k\u00f6rperlich und seelisch verletzt oder verloren ihr Hab und Gut; gewachsene Kulturr\u00e4ume wurden zerst\u00f6rt. Die historische Aufarbeitung dieser Ereignisse und das Gedenken an die Opfer werden von der Bundesregierung nachhaltig unterst\u00fctzt.\u00a0<\/span><\/p><p><span style=\"font-size: 12pt;\">Vor diesem Hintergrund wird auf Grundlage eines Beschlusses des Bundeskabinetts vom 27. August 2014 seit dem Jahr 2015 j\u00e4hrlich am 20. Juni der &#8222;Gedenktag f\u00fcr die Opfer von Flucht und Vertreibung&#8220; begangen und der Opfer von Flucht und Vertreibung weltweit sowie insbesondere der deutschen Vertriebenen gedacht. Der Gedenktag veranschaulicht, dass der Wille und die Kraft zu Vers\u00f6hnung und Neuanfang sowie gesellschaftlicher Zusammenhalt das Fundament bilden, auf dem Deutschland heute Menschen aus 190 Nationen eine Heimat bietet. Der eingeschlagene Weg der Auss\u00f6hnung mit unseren europ\u00e4ischen Nachbarn und der Einigung Europas wird fortgesetzt, um als verl\u00e4ssliche Partner gemeinsam Frieden und Freiheit zu wahren.\u00a0<\/span><\/p><p><span style=\"font-size: 12pt;\">Quelle:\u00a0<a title=\"Link zum Protokoll Inland der Bundesrepublik Deutschland\" href=\"https:\/\/www.protokoll-inland.de\/Webs\/PI\/DE\/nationale-gedenk-feiertage\/20Juni\/20-Juni-node.html\" target=\"_blank\" rel=\"noopener\">Protokoll Inland der Bundesrepublik Deutschland<\/a>\u00a0<\/span><\/p><p>\u00a0<\/p>\t\t\t\t\t\t<\/div>\n\t\t\t\t<\/div>\n\t\t\t\t<div class=\"elementor-element elementor-element-af1ab12 elementor-widget elementor-widget-shortcode\" data-id=\"af1ab12\" data-element_type=\"widget\" data-widget_type=\"shortcode.default\">\n\t\t\t\t<div class=\"elementor-widget-container\">\n\t\t\t\t\t<div class=\"elementor-shortcode\"><center><a href=\"https:\/\/a.partner-versicherung.de\/click.php?partner_id=19992&ad_id=441&deep=kfz-versicherung\"  target=\"_blank\"><img decoding=\"async\" src=\"https:\/\/a.partner-versicherung.de\/view.php?partner_id=19992&ad_id=441\" ><\/a><\/center><\/div>\n\t\t\t\t<\/div>\n\t\t\t\t<\/div>\n\t\t\t\t<div class=\"elementor-element elementor-element-62c6606 elementor-widget-divider--view-line elementor-widget elementor-widget-divider\" data-id=\"62c6606\" data-element_type=\"widget\" data-widget_type=\"divider.default\">\n\t\t\t\t<div class=\"elementor-widget-container\">\n\t\t\t\t\t<div class=\"elementor-divider\">\n\t\t\t<span class=\"elementor-divider-separator\">\n\t\t\t\t\t\t<\/span>\n\t\t<\/div>\n\t\t\t\t<\/div>\n\t\t\t\t<\/div>\n\t\t\t\t<div class=\"elementor-element elementor-element-522fb62 elementor-widget elementor-widget-google_maps\" data-id=\"522fb62\" data-element_type=\"widget\" data-widget_type=\"google_maps.default\">\n\t\t\t\t<div class=\"elementor-widget-container\">\n\t\t\t\t\t<div class=\"elementor-custom-embed\">\n\t\t\t<iframe loading=\"lazy\"\n\t\t\t\t\tsrc=\"https:\/\/maps.google.com\/maps?q=Schwabach%2C%20Deutschland&#038;t=m&#038;z=11&#038;output=embed&#038;iwloc=near\"\n\t\t\t\t\ttitle=\"Schwabach, Deutschland\"\n\t\t\t\t\taria-label=\"Schwabach, Deutschland\"\n\t\t\t><\/iframe>\n\t\t<\/div>\n\t\t\t\t<\/div>\n\t\t\t\t<\/div>\n\t\t\t\t\t<\/div>\n\t\t<\/div>\n\t\t\t\t<div class=\"elementor-column elementor-col-50 elementor-top-column elementor-element elementor-element-4233827\" data-id=\"4233827\" data-element_type=\"column\">\n\t\t\t<div class=\"elementor-widget-wrap elementor-element-populated\">\n\t\t\t\t\t\t<div class=\"elementor-element elementor-element-4a16d76 elementor-widget elementor-widget-heading\" data-id=\"4a16d76\" data-element_type=\"widget\" data-widget_type=\"heading.default\">\n\t\t\t\t<div class=\"elementor-widget-container\">\n\t\t\t<h3 class=\"elementor-heading-title elementor-size-default\">Schnell vergleichen und sparen!<\/h3>\t\t<\/div>\n\t\t\t\t<\/div>\n\t\t\t\t<div class=\"elementor-element elementor-element-3bb9546 elementor-widget elementor-widget-wp-widget-advads_ad_widget\" data-id=\"3bb9546\" data-element_type=\"widget\" data-widget_type=\"wp-widget-advads_ad_widget.default\">\n\t\t\t\t<div class=\"elementor-widget-container\">\n\t\t\t<div id=\"regio-636579849\"><div class=\"regio-adlabel\">Werbung<\/div><!-- Beginn https:\/\/www.financeads.net\/-Code --><a href=\"https:\/\/www.financeads.net\/tc.php?t=36648C236142529B\" target=\"_blank\"><img fetchpriority=\"high\" decoding=\"async\" src=\"https:\/\/www.financeads.net\/tb.php?t=36648V236142529B&https=1\" alt=\"\" border=\"0\" width=\"300\" height=\"250\"><\/a><!-- Ende https:\/\/www.financeads.net\/-Code --><\/div>\t\t<\/div>\n\t\t\t\t<\/div>\n\t\t\t\t<div class=\"elementor-element elementor-element-bdb2bd9 elementor-widget elementor-widget-wp-widget-advads_ad_widget\" data-id=\"bdb2bd9\" data-element_type=\"widget\" data-widget_type=\"wp-widget-advads_ad_widget.default\">\n\t\t\t\t<div class=\"elementor-widget-container\">\n\t\t\t<div id=\"regio-2166733670\"><div class=\"regio-adlabel\">Werbung<\/div><!-- Beginn https:\/\/www.financeads.net\/-Code --><a href=\"https:\/\/www.financeads.net\/tc.php?t=36648C42614510B\" target=\"_blank\"><img decoding=\"async\" src=\"https:\/\/www.financeads.net\/tb.php?t=36648V42614510B&https=1\" alt=\"\" border=\"0\" width=\"200\" height=\"300\"><\/a><!-- Ende https:\/\/www.financeads.net\/-Code --><\/div>\t\t<\/div>\n\t\t\t\t<\/div>\n\t\t\t\t<div class=\"elementor-element elementor-element-1bb58b3 elementor-widget elementor-widget-wp-widget-advads_ad_widget\" data-id=\"1bb58b3\" data-element_type=\"widget\" data-widget_type=\"wp-widget-advads_ad_widget.default\">\n\t\t\t\t<div class=\"elementor-widget-container\">\n\t\t\t<div id=\"regio-4025810379\"><div class=\"regio-adlabel\">Werbung<\/div><!-- Beginn https:\/\/www.financeads.net\/-Code --><a href=\"https:\/\/www.financeads.net\/tc.php?t=36648C205040072B\" target=\"_blank\"><img decoding=\"async\" src=\"https:\/\/www.financeads.net\/tb.php?t=36648V205040072B&https=1\" alt=\"\" border=\"0\" width=\"300\" height=\"250\"><\/a><!-- Ende https:\/\/www.financeads.net\/-Code --><\/div>\t\t<\/div>\n\t\t\t\t<\/div>\n\t\t\t\t<div class=\"elementor-element elementor-element-d6fa9ae elementor-widget elementor-widget-wp-widget-advads_ad_widget\" data-id=\"d6fa9ae\" data-element_type=\"widget\" data-widget_type=\"wp-widget-advads_ad_widget.default\">\n\t\t\t\t<div class=\"elementor-widget-container\">\n\t\t\t<div id=\"regio-494169484\"><div class=\"regio-adlabel\">Werbung<\/div><!-- Beginn https:\/\/www.financeads.net\/-Code --><a href=\"https:\/\/www.financeads.net\/tc.php?t=36648C271460142B\" target=\"_blank\"><img loading=\"lazy\" decoding=\"async\" src=\"https:\/\/www.financeads.net\/tb.php?t=36648V271460142B&https=1\" alt=\"PETPROTECT_Hund&Katze_Banner\" border=\"0\" width=\"250\" height=\"250\"><\/a><!-- Ende https:\/\/www.financeads.net\/-Code --><\/div>\t\t<\/div>\n\t\t\t\t<\/div>\n\t\t\t\t\t<\/div>\n\t\t<\/div>\n\t\t\t\t\t<\/div>\n\t\t<\/section>\n\t\t\t\t<\/div>\n\t\t","protected":false},"excerpt":{"rendered":"<div class=\"mh-excerpt\"><p>Beflaggung zum \u201eTages der Heimat\u201c und des nationalen \u201eGedenktages f\u00fcr die Opfer von Flucht und Vertreibung\u201c&nbsp; Schwabach &#8211; F\u00fcr Dienstag, den 20. Juni 2022, ist&nbsp;zum \u201eTages der Heimat\u201c und des nationalen \u201eGedenktages f\u00fcr die Opfer <a class=\"mh-excerpt-more\" href=\"https:\/\/www.region-schwabach.de\/wordpress\/beflaggung-zum-tages-der-heimat-und-des-nationalen-gedenktages-fur-die-opfer-von-flucht-und-vertreibung\/\" title=\"Beflaggung zum \u201eTages der Heimat\u201c und des nationalen \u201eGedenktages f\u00fcr die Opfer von Flucht und Vertreibung\u201c\">[&#8230;]<\/a><\/p>\n<\/div>","protected":false},"author":1,"featured_media":44142,"comment_status":"open","ping_status":"open","sticky":false,"template":"","format":"standard","meta":{"_cbd_carousel_blocks":"[]","footnotes":""},"categories":[16,1,13,61],"tags":[22771,22770,3758,3759,4612,19,5667],"class_list":{"0":"post-206860","1":"post","2":"type-post","3":"status-publish","4":"format-standard","5":"has-post-thumbnail","7":"category-aktuell","8":"category-allgemein","9":"category-nachrichten","10":"category-rathaus","11":"tag-20-juni-2023","12":"tag-20-06-2023","13":"tag-beflaggung","14":"tag-dienstgebaeude","15":"tag-gedenken-an-die-opfer-von-flucht-und-vertreibung","16":"tag-schwabach","17":"tag-tag-der-heimat"},"_links":{"self":[{"href":"https:\/\/www.region-schwabach.de\/wordpress\/wp-json\/wp\/v2\/posts\/206860","targetHints":{"allow":["GET"]}}],"collection":[{"href":"https:\/\/www.region-schwabach.de\/wordpress\/wp-json\/wp\/v2\/posts"}],"about":[{"href":"https:\/\/www.region-schwabach.de\/wordpress\/wp-json\/wp\/v2\/types\/post"}],"author":[{"embeddable":true,"href":"https:\/\/www.region-schwabach.de\/wordpress\/wp-json\/wp\/v2\/users\/1"}],"replies":[{"embeddable":true,"href":"https:\/\/www.region-schwabach.de\/wordpress\/wp-json\/wp\/v2\/comments?post=206860"}],"version-history":[{"count":0,"href":"https:\/\/www.region-schwabach.de\/wordpress\/wp-json\/wp\/v2\/posts\/206860\/revisions"}],"wp:featuredmedia":[{"embeddable":true,"href":"https:\/\/www.region-schwabach.de\/wordpress\/wp-json\/wp\/v2\/media\/44142"}],"wp:attachment":[{"href":"https:\/\/www.region-schwabach.de\/wordpress\/wp-json\/wp\/v2\/media?parent=206860"}],"wp:term":[{"taxonomy":"category","embeddable":true,"href":"https:\/\/www.region-schwabach.de\/wordpress\/wp-json\/wp\/v2\/categories?post=206860"},{"taxonomy":"post_tag","embeddable":true,"href":"https:\/\/www.region-schwabach.de\/wordpress\/wp-json\/wp\/v2\/tags?post=206860"}],"curies":[{"name":"wp","href":"https:\/\/api.w.org\/{rel}","templated":true}]}}