{"id":207172,"date":"2023-06-24T01:15:00","date_gmt":"2023-06-23T23:15:00","guid":{"rendered":"https:\/\/www.region-schwabach.de\/wordpress\/?p=207172"},"modified":"2023-06-23T20:24:40","modified_gmt":"2023-06-23T18:24:40","slug":"ritmos-latinos-am-samstag-den-24-juni-2023-im-hof-des-alten-deutschen-gymnasiums-in-schwabach","status":"publish","type":"post","link":"https:\/\/www.region-schwabach.de\/wordpress\/ritmos-latinos-am-samstag-den-24-juni-2023-im-hof-des-alten-deutschen-gymnasiums-in-schwabach\/","title":{"rendered":"ritmos latinos am Samstag, den 24. Juni 2023, im Hof des Alten Deutschen Gymnasiums in Schwabach"},"content":{"rendered":"\t\t<div data-elementor-type=\"wp-post\" data-elementor-id=\"207172\" class=\"elementor elementor-207172\">\n\t\t\t\t\t\t<section class=\"elementor-section elementor-top-section elementor-element elementor-element-678181b elementor-section-boxed elementor-section-height-default elementor-section-height-default\" data-id=\"678181b\" data-element_type=\"section\">\n\t\t\t\t\t\t<div class=\"elementor-container elementor-column-gap-default\">\n\t\t\t\t\t<div class=\"elementor-column elementor-col-50 elementor-top-column elementor-element elementor-element-6b34026\" data-id=\"6b34026\" data-element_type=\"column\">\n\t\t\t<div class=\"elementor-widget-wrap elementor-element-populated\">\n\t\t\t\t\t\t<div class=\"elementor-element elementor-element-3ff0c69 elementor-widget elementor-widget-wp-widget-advads_ad_widget\" data-id=\"3ff0c69\" data-element_type=\"widget\" data-widget_type=\"wp-widget-advads_ad_widget.default\">\n\t\t\t\t<div class=\"elementor-widget-container\">\n\t\t\t<div id=\"regio-3113624292\"><div class=\"regio-adlabel\">Werbung<\/div><center><a href=\"https:\/\/a.partner-versicherung.de\/click.php?partner_id=19992&ad_id=1578&deep=kreditkarten\"  target=\"_blank\"><img decoding=\"async\" src=\"https:\/\/a.partner-versicherung.de\/view.php?partner_id=19992&ad_id=1578\" ><\/a><\/center><\/div>\t\t<\/div>\n\t\t\t\t<\/div>\n\t\t\t\t<div class=\"elementor-element elementor-element-443ab98 elementor-widget elementor-widget-text-editor\" data-id=\"443ab98\" data-element_type=\"widget\" data-widget_type=\"text-editor.default\">\n\t\t\t\t<div class=\"elementor-widget-container\">\n\t\t\t\t\t\t\t<h3><span id=\"page58R_mcid21\" class=\"markedContent\"><span dir=\"ltr\" role=\"presentation\">Samstag, den 24. Juni 2023, um 20.00 Uhr im Hof des Alten Deutschen Gymnasiums<\/span><\/span><span id=\"undefined\" class=\"markedContent\"><\/span><span id=\"page58R_mcid12\" class=\"markedContent\"><\/span><span class=\"markedContent\"><br role=\"presentation\" \/><span dir=\"ltr\" role=\"presentation\">\u201eRitmos Latinos\u201c &#8211;\u00a0<\/span><\/span>10. Latin Festival Schwabach<\/h3><p><span style=\"font-size: 12pt;\">Schwabach &#8211;\u00a0<\/span><span style=\"font-size: 12pt;\">Ohne Zweifel ist Mario \u201eMayito\u201c Rivera einer der bedeutendsten zeitgen\u00f6ssischen S\u00e4nger Kubas. \u00dcber 20 Jahre lang war er die markante Stimme und das Gesicht der erfolgreichsten kubanischen Band Los Van Van. Ob Son, Rumba, Afro oder Salsa, Bolero oder Timba \u2013 wenn Mayito Rivera singt, tremoliert und koloriert, ist das grunds\u00e4tzlich preisverd\u00e4chtig.<\/span><br \/><br \/><span style=\"font-size: 12pt;\">F\u00fcr seine herausragende Stimme wurde Rivera mehrfach ausgezeichnet und gewann diverse internationale Preise, u.a. den Grammy-Award zusammen mit Los Van Van sowie eine weitere Grammy-Nominierung in der Kategorie \u201cBest Salsa Album of the Year\u201d f\u00fcr sein Soloalbum \u201cNegrito Bailador\u201d. Bei seinen weltweiten Tourneen stand er mit Stars wie Pio Leyva, Osdalgia, Tirso Duarte, u.v.m. auf der B\u00fchne. In Wim Wenders Filmproduktion \u201eSons of Cuba\u201c (Buena Vista Next Generation) spielte er eine der Hauptrollen.<\/span><\/p><p><span style=\"font-size: 12pt;\">Das facettenreiche Talent des \u201ePoeten der Rumba\u201c wissen auch seine Musikerkollegen zu sch\u00e4tzen, die ihn weltweit zu\u00a0 Gast-Auftritten laden, so zum Beispiel Salsa-Gr\u00f6\u00dfen wie Oscar d\u00b4 Leon, Gilberto Santa Rosa, Issac Delgaado oder Son Como Son, Timba live u.v.m..<\/span><\/p><p><span style=\"font-size: 12pt;\">Seit seinem Ausstieg bei Los Van Van im Jahr 2011 geht Mayito Rivera eigene Wege mit seiner\u00a0 Band \u201eSons of Cuba\u201c \u2013 einem Sextett von jungen Spitzenmusikern aus seiner Heimat. Zusammen pr\u00e4sentieren sie nun eine geballte Ladung aus perfekten Arrangements sowie eine v\u00f6llig neue Mixtur aus modernen und klassischen Salsa-, Rumba-, Afro- und Timbarhythmen bis hin zu Jazz und Funk.\u00a0<\/span><\/p><p><strong><span style=\"font-size: 12pt;\"><span id=\"page1R_mcid11\" class=\"markedContent\"><span dir=\"ltr\" role=\"presentation\">Fotos (Fotorechte bei den K\u00fcnstler\/inne\/n, Abdruck honorarfrei):\u00a0<\/span><\/span><span id=\"page1R_mcid14\" class=\"markedContent\"><br \/><\/span><\/span><\/strong><\/p><h3>Weiterf\u00fchrende Links:\u00a0<\/h3><p><span style=\"font-size: 12pt;\"><a href=\"https:\/\/schwabach.de\/de\/infoseiten-kulturportal\/11328-ritmos-latinos-2023.html\" target=\"_blank\" rel=\"noopener\">Weitere Infos zu dieser Veranstaltung gibt es hier &#8230;<\/a><\/span><\/p>\t\t\t\t\t\t<\/div>\n\t\t\t\t<\/div>\n\t\t\t\t<div class=\"elementor-element elementor-element-3faf532 elementor-widget elementor-widget-shortcode\" data-id=\"3faf532\" data-element_type=\"widget\" data-widget_type=\"shortcode.default\">\n\t\t\t\t<div class=\"elementor-widget-container\">\n\t\t\t\t\t<div class=\"elementor-shortcode\"><!-- Beginn https:\/\/www.financeads.net\/-Code --><a href=\"https:\/\/www.financeads.net\/tc.php?t=36648C38513858B\" target=\"_blank\"><center><img decoding=\"async\" src=\"https:\/\/www.financeads.net\/tb.php?t=36648V38513858B&https=1\" alt=\"\" border=\"0\" width=\"468\" height=\"60\"><\/a><!-- Ende https:\/\/www.financeads.net\/-Code --><\/div>\n\t\t\t\t<\/div>\n\t\t\t\t<\/div>\n\t\t\t\t<div class=\"elementor-element elementor-element-ead1957 elementor-widget elementor-widget-google_maps\" data-id=\"ead1957\" data-element_type=\"widget\" data-widget_type=\"google_maps.default\">\n\t\t\t\t<div class=\"elementor-widget-container\">\n\t\t\t\t\t<div class=\"elementor-custom-embed\">\n\t\t\t<iframe loading=\"lazy\"\n\t\t\t\t\tsrc=\"https:\/\/maps.google.com\/maps?q=Wittelsbacher%20Stra%C3%9Fe%201%2C%20Schwabach%2C%20Deutschland&#038;t=m&#038;z=17&#038;output=embed&#038;iwloc=near\"\n\t\t\t\t\ttitle=\"Wittelsbacher Stra\u00dfe 1, Schwabach, Deutschland\"\n\t\t\t\t\taria-label=\"Wittelsbacher Stra\u00dfe 1, Schwabach, Deutschland\"\n\t\t\t><\/iframe>\n\t\t<\/div>\n\t\t\t\t<\/div>\n\t\t\t\t<\/div>\n\t\t\t\t\t<\/div>\n\t\t<\/div>\n\t\t\t\t<div class=\"elementor-column elementor-col-50 elementor-top-column elementor-element elementor-element-f0c9ae7\" data-id=\"f0c9ae7\" data-element_type=\"column\">\n\t\t\t<div class=\"elementor-widget-wrap elementor-element-populated\">\n\t\t\t\t\t\t<div class=\"elementor-element elementor-element-d8a57f2 elementor-widget elementor-widget-heading\" data-id=\"d8a57f2\" data-element_type=\"widget\" data-widget_type=\"heading.default\">\n\t\t\t\t<div class=\"elementor-widget-container\">\n\t\t\t<h3 class=\"elementor-heading-title elementor-size-default\">Schnell vergleichen und sparen!<\/h3>\t\t<\/div>\n\t\t\t\t<\/div>\n\t\t\t\t<div class=\"elementor-element elementor-element-47e5ded elementor-widget elementor-widget-wp-widget-advads_ad_widget\" data-id=\"47e5ded\" data-element_type=\"widget\" data-widget_type=\"wp-widget-advads_ad_widget.default\">\n\t\t\t\t<div class=\"elementor-widget-container\">\n\t\t\t<div id=\"regio-3172644257\"><div class=\"regio-adlabel\">Werbung<\/div><!-- Beginn https:\/\/www.financeads.net\/-Code --><a href=\"https:\/\/www.financeads.net\/tc.php?t=36648C236142529B\" target=\"_blank\"><img fetchpriority=\"high\" decoding=\"async\" src=\"https:\/\/www.financeads.net\/tb.php?t=36648V236142529B&https=1\" alt=\"\" border=\"0\" width=\"300\" height=\"250\"><\/a><!-- Ende https:\/\/www.financeads.net\/-Code --><\/div>\t\t<\/div>\n\t\t\t\t<\/div>\n\t\t\t\t<div class=\"elementor-element elementor-element-d79b769 elementor-widget elementor-widget-wp-widget-advads_ad_widget\" data-id=\"d79b769\" data-element_type=\"widget\" data-widget_type=\"wp-widget-advads_ad_widget.default\">\n\t\t\t\t<div class=\"elementor-widget-container\">\n\t\t\t<div id=\"regio-3540765538\"><div class=\"regio-adlabel\">Werbung<\/div><!-- Beginn https:\/\/www.financeads.net\/-Code --><a href=\"https:\/\/www.financeads.net\/tc.php?t=36648C42614510B\" target=\"_blank\"><img decoding=\"async\" src=\"https:\/\/www.financeads.net\/tb.php?t=36648V42614510B&https=1\" alt=\"\" border=\"0\" width=\"200\" height=\"300\"><\/a><!-- Ende https:\/\/www.financeads.net\/-Code --><\/div>\t\t<\/div>\n\t\t\t\t<\/div>\n\t\t\t\t<div class=\"elementor-element elementor-element-f74fdcc elementor-widget elementor-widget-wp-widget-advads_ad_widget\" data-id=\"f74fdcc\" data-element_type=\"widget\" data-widget_type=\"wp-widget-advads_ad_widget.default\">\n\t\t\t\t<div class=\"elementor-widget-container\">\n\t\t\t<div id=\"regio-1041945087\"><div class=\"regio-adlabel\">Werbung<\/div><!-- Beginn https:\/\/www.financeads.net\/-Code --><a href=\"https:\/\/www.financeads.net\/tc.php?t=36648C205040072B\" target=\"_blank\"><img loading=\"lazy\" decoding=\"async\" src=\"https:\/\/www.financeads.net\/tb.php?t=36648V205040072B&https=1\" alt=\"\" border=\"0\" width=\"300\" height=\"250\"><\/a><!-- Ende https:\/\/www.financeads.net\/-Code --><\/div>\t\t<\/div>\n\t\t\t\t<\/div>\n\t\t\t\t<div class=\"elementor-element elementor-element-c860a7d elementor-widget elementor-widget-wp-widget-advads_ad_widget\" data-id=\"c860a7d\" data-element_type=\"widget\" data-widget_type=\"wp-widget-advads_ad_widget.default\">\n\t\t\t\t<div class=\"elementor-widget-container\">\n\t\t\t<div id=\"regio-193785932\"><div class=\"regio-adlabel\">Werbung<\/div><!-- Beginn https:\/\/www.financeads.net\/-Code --><a href=\"https:\/\/www.financeads.net\/tc.php?t=36648C271460142B\" target=\"_blank\"><img loading=\"lazy\" decoding=\"async\" src=\"https:\/\/www.financeads.net\/tb.php?t=36648V271460142B&https=1\" alt=\"PETPROTECT_Hund&Katze_Banner\" border=\"0\" width=\"250\" height=\"250\"><\/a><!-- Ende https:\/\/www.financeads.net\/-Code --><\/div>\t\t<\/div>\n\t\t\t\t<\/div>\n\t\t\t\t\t<\/div>\n\t\t<\/div>\n\t\t\t\t\t<\/div>\n\t\t<\/section>\n\t\t\t\t<section class=\"elementor-section elementor-top-section elementor-element elementor-element-7d131e8 elementor-section-boxed elementor-section-height-default elementor-section-height-default\" data-id=\"7d131e8\" data-element_type=\"section\">\n\t\t\t\t\t\t<div class=\"elementor-container elementor-column-gap-default\">\n\t\t\t\t\t<div class=\"elementor-column elementor-col-100 elementor-top-column elementor-element elementor-element-cff7f35\" data-id=\"cff7f35\" data-element_type=\"column\">\n\t\t\t<div class=\"elementor-widget-wrap elementor-element-populated\">\n\t\t\t\t\t\t<div class=\"elementor-element elementor-element-ae54725 elementor-widget elementor-widget-heading\" data-id=\"ae54725\" data-element_type=\"widget\" data-widget_type=\"heading.default\">\n\t\t\t\t<div class=\"elementor-widget-container\">\n\t\t\t<h2 class=\"elementor-heading-title elementor-size-default\">Hier ein paar Impressionen zum \"Latinfestival Ritmos Latinos\"<\/h2>\t\t<\/div>\n\t\t\t\t<\/div>\n\t\t\t\t<div class=\"elementor-element elementor-element-a79fc02 elementor-widget elementor-widget-heading\" data-id=\"a79fc02\" data-element_type=\"widget\" data-widget_type=\"heading.default\">\n\t\t\t\t<div class=\"elementor-widget-container\">\n\t\t\t<h3 class=\"elementor-heading-title elementor-size-default\">(Bilder zum Vergr\u00f6\u00dfern bitte anklicken)<\/h3>\t\t<\/div>\n\t\t\t\t<\/div>\n\t\t\t\t\t<\/div>\n\t\t<\/div>\n\t\t\t\t\t<\/div>\n\t\t<\/section>\n\t\t\t\t<section class=\"elementor-section elementor-top-section elementor-element elementor-element-e928cd5 elementor-section-boxed elementor-section-height-default elementor-section-height-default\" data-id=\"e928cd5\" data-element_type=\"section\">\n\t\t\t\t\t\t<div class=\"elementor-container elementor-column-gap-default\">\n\t\t\t\t\t<div class=\"elementor-column elementor-col-50 elementor-top-column elementor-element elementor-element-0b4b354\" data-id=\"0b4b354\" data-element_type=\"column\">\n\t\t\t<div class=\"elementor-widget-wrap elementor-element-populated\">\n\t\t\t\t\t\t<div class=\"elementor-element elementor-element-9f4b680 elementor-widget elementor-widget-image\" data-id=\"9f4b680\" data-element_type=\"widget\" data-widget_type=\"image.default\">\n\t\t\t\t<div class=\"elementor-widget-container\">\n\t\t\t\t\t\t\t\t\t\t<figure class=\"wp-caption\">\n\t\t\t\t\t\t\t\t\t\t\t<a href=\"https:\/\/www.region-schwabach.de\/wordpress\/wp-content\/uploads\/2023\/06\/ritmos-latinos-0.jpg\" data-elementor-open-lightbox=\"yes\" data-elementor-lightbox-title=\"ritmos-latinos-0\" data-e-action-hash=\"#elementor-action%3Aaction%3Dlightbox%26settings%3DeyJpZCI6MjA3MTA1LCJ1cmwiOiJodHRwczpcL1wvd3d3LnJlZ2lvbi1zY2h3YWJhY2guZGVcL3dvcmRwcmVzc1wvd3AtY29udGVudFwvdXBsb2Fkc1wvMjAyM1wvMDZcL3JpdG1vcy1sYXRpbm9zLTAuanBnIn0%3D\">\n\t\t\t\t\t\t\t<img loading=\"lazy\" decoding=\"async\" width=\"480\" height=\"344\" src=\"https:\/\/www.region-schwabach.de\/wordpress\/wp-content\/uploads\/2023\/06\/ritmos-latinos-0.jpg\" class=\"attachment-mh-magazine-content size-mh-magazine-content wp-image-207105\" alt=\"\" srcset=\"https:\/\/www.region-schwabach.de\/wordpress\/wp-content\/uploads\/2023\/06\/ritmos-latinos-0.jpg 480w, https:\/\/www.region-schwabach.de\/wordpress\/wp-content\/uploads\/2023\/06\/ritmos-latinos-0-300x215.jpg 300w\" sizes=\"(max-width: 480px) 100vw, 480px\" \/>\t\t\t\t\t\t\t\t<\/a>\n\t\t\t\t\t\t\t\t\t\t\t<figcaption class=\"widget-image-caption wp-caption-text\">Veranstaltungslogo<\/figcaption>\n\t\t\t\t\t\t\t\t\t\t<\/figure>\n\t\t\t\t\t\t\t<\/div>\n\t\t\t\t<\/div>\n\t\t\t\t\t<\/div>\n\t\t<\/div>\n\t\t\t\t<div class=\"elementor-column elementor-col-50 elementor-top-column elementor-element elementor-element-b8f41fb\" data-id=\"b8f41fb\" data-element_type=\"column\">\n\t\t\t<div class=\"elementor-widget-wrap elementor-element-populated\">\n\t\t\t\t\t\t<div class=\"elementor-element elementor-element-995ae41 elementor-widget elementor-widget-image\" data-id=\"995ae41\" data-element_type=\"widget\" data-widget_type=\"image.default\">\n\t\t\t\t<div class=\"elementor-widget-container\">\n\t\t\t\t\t\t\t\t\t\t<figure class=\"wp-caption\">\n\t\t\t\t\t\t\t\t\t\t\t<a href=\"https:\/\/www.region-schwabach.de\/wordpress\/wp-content\/uploads\/2023\/06\/ritmos-latinos-2-1.jpg\" data-elementor-open-lightbox=\"yes\" data-elementor-lightbox-title=\"ritmos-latinos-2\" data-e-action-hash=\"#elementor-action%3Aaction%3Dlightbox%26settings%3DeyJpZCI6MjA3MTc2LCJ1cmwiOiJodHRwczpcL1wvd3d3LnJlZ2lvbi1zY2h3YWJhY2guZGVcL3dvcmRwcmVzc1wvd3AtY29udGVudFwvdXBsb2Fkc1wvMjAyM1wvMDZcL3JpdG1vcy1sYXRpbm9zLTItMS5qcGcifQ%3D%3D\">\n\t\t\t\t\t\t\t<img loading=\"lazy\" decoding=\"async\" width=\"623\" height=\"381\" src=\"https:\/\/www.region-schwabach.de\/wordpress\/wp-content\/uploads\/2023\/06\/ritmos-latinos-2-1-623x381.jpg\" class=\"attachment-mh-magazine-content size-mh-magazine-content wp-image-207176\" alt=\"\" \/>\t\t\t\t\t\t\t\t<\/a>\n\t\t\t\t\t\t\t\t\t\t\t<figcaption class=\"widget-image-caption wp-caption-text\">Mayito Rivera &amp; Sons of Cuba<\/figcaption>\n\t\t\t\t\t\t\t\t\t\t<\/figure>\n\t\t\t\t\t\t\t<\/div>\n\t\t\t\t<\/div>\n\t\t\t\t\t<\/div>\n\t\t<\/div>\n\t\t\t\t\t<\/div>\n\t\t<\/section>\n\t\t\t\t<\/div>\n\t\t","protected":false},"excerpt":{"rendered":"<div class=\"mh-excerpt\"><p>Samstag, den 24. Juni 2023, um 20.00 Uhr im Hof des Alten Deutschen Gymnasiums\u201eRitmos Latinos\u201c &#8211;&nbsp;10. Latin Festival Schwabach Schwabach &#8211;&nbsp;Ohne Zweifel ist Mario \u201eMayito\u201c Rivera einer der bedeutendsten zeitgen\u00f6ssischen S\u00e4nger Kubas. \u00dcber 20 Jahre <a class=\"mh-excerpt-more\" href=\"https:\/\/www.region-schwabach.de\/wordpress\/ritmos-latinos-am-samstag-den-24-juni-2023-im-hof-des-alten-deutschen-gymnasiums-in-schwabach\/\" title=\"ritmos latinos am Samstag, den 24. Juni 2023, im Hof des Alten Deutschen Gymnasiums in Schwabach\">[&#8230;]<\/a><\/p>\n<\/div>","protected":false},"author":1,"featured_media":207173,"comment_status":"open","ping_status":"open","sticky":false,"template":"","format":"standard","meta":{"_cbd_carousel_blocks":"[]","footnotes":""},"categories":[16,1,287,61,231],"tags":[22805,22791,22790,9448,522,4394,4393,1480,4391,19487,19,2678],"class_list":{"0":"post-207172","1":"post","2":"type-post","3":"status-publish","4":"format-standard","5":"has-post-thumbnail","7":"category-aktuell","8":"category-allgemein","9":"category-jugend-und-familie","10":"category-rathaus","11":"category-veranstaltungsnews","12":"tag-mayito-rivera-sons-of-cuba","13":"tag-24-juni-2023","14":"tag-24-06-2023","15":"tag-altes-deutsches-gymnasium","16":"tag-koenigsplatz","17":"tag-konzertabende-mit-tanz","18":"tag-latinfestival","19":"tag-rathaus","20":"tag-ritmos-latinos","21":"tag-salsa-konzert","22":"tag-schwabach","23":"tag-wittelsbacherstrasse"},"_links":{"self":[{"href":"https:\/\/www.region-schwabach.de\/wordpress\/wp-json\/wp\/v2\/posts\/207172","targetHints":{"allow":["GET"]}}],"collection":[{"href":"https:\/\/www.region-schwabach.de\/wordpress\/wp-json\/wp\/v2\/posts"}],"about":[{"href":"https:\/\/www.region-schwabach.de\/wordpress\/wp-json\/wp\/v2\/types\/post"}],"author":[{"embeddable":true,"href":"https:\/\/www.region-schwabach.de\/wordpress\/wp-json\/wp\/v2\/users\/1"}],"replies":[{"embeddable":true,"href":"https:\/\/www.region-schwabach.de\/wordpress\/wp-json\/wp\/v2\/comments?post=207172"}],"version-history":[{"count":0,"href":"https:\/\/www.region-schwabach.de\/wordpress\/wp-json\/wp\/v2\/posts\/207172\/revisions"}],"wp:featuredmedia":[{"embeddable":true,"href":"https:\/\/www.region-schwabach.de\/wordpress\/wp-json\/wp\/v2\/media\/207173"}],"wp:attachment":[{"href":"https:\/\/www.region-schwabach.de\/wordpress\/wp-json\/wp\/v2\/media?parent=207172"}],"wp:term":[{"taxonomy":"category","embeddable":true,"href":"https:\/\/www.region-schwabach.de\/wordpress\/wp-json\/wp\/v2\/categories?post=207172"},{"taxonomy":"post_tag","embeddable":true,"href":"https:\/\/www.region-schwabach.de\/wordpress\/wp-json\/wp\/v2\/tags?post=207172"}],"curies":[{"name":"wp","href":"https:\/\/api.w.org\/{rel}","templated":true}]}}