{"id":207259,"date":"2023-06-25T01:30:00","date_gmt":"2023-06-24T23:30:00","guid":{"rendered":"https:\/\/www.region-schwabach.de\/wordpress\/?p=207259"},"modified":"2023-06-25T11:21:12","modified_gmt":"2023-06-25T09:21:12","slug":"ritmos-latinos-am-sonntag-den-25-juni-2023-im-hof-des-alten-deutschen-gymnasiums-in-schwabach","status":"publish","type":"post","link":"https:\/\/www.region-schwabach.de\/wordpress\/ritmos-latinos-am-sonntag-den-25-juni-2023-im-hof-des-alten-deutschen-gymnasiums-in-schwabach\/","title":{"rendered":"ritmos latinos am Sonntag, den 25. Juni 2023, im Hof des Alten Deutschen Gymnasiums in Schwabach"},"content":{"rendered":"\t\t<div data-elementor-type=\"wp-post\" data-elementor-id=\"207259\" class=\"elementor elementor-207259\">\n\t\t\t\t\t\t<section class=\"elementor-section elementor-top-section elementor-element elementor-element-678181b elementor-section-boxed elementor-section-height-default elementor-section-height-default\" data-id=\"678181b\" data-element_type=\"section\">\n\t\t\t\t\t\t<div class=\"elementor-container elementor-column-gap-default\">\n\t\t\t\t\t<div class=\"elementor-column elementor-col-50 elementor-top-column elementor-element elementor-element-6b34026\" data-id=\"6b34026\" data-element_type=\"column\">\n\t\t\t<div class=\"elementor-widget-wrap elementor-element-populated\">\n\t\t\t\t\t\t<div class=\"elementor-element elementor-element-3ff0c69 elementor-widget elementor-widget-wp-widget-advads_ad_widget\" data-id=\"3ff0c69\" data-element_type=\"widget\" data-widget_type=\"wp-widget-advads_ad_widget.default\">\n\t\t\t\t<div class=\"elementor-widget-container\">\n\t\t\t<div id=\"regio-3647785533\"><div class=\"regio-adlabel\">Werbung<\/div><center><a href=\"https:\/\/a.partner-versicherung.de\/click.php?partner_id=19992&ad_id=1578&deep=kreditkarten\"  target=\"_blank\"><img decoding=\"async\" src=\"https:\/\/a.partner-versicherung.de\/view.php?partner_id=19992&ad_id=1578\" ><\/a><\/center><\/div>\t\t<\/div>\n\t\t\t\t<\/div>\n\t\t\t\t<div class=\"elementor-element elementor-element-443ab98 elementor-widget elementor-widget-text-editor\" data-id=\"443ab98\" data-element_type=\"widget\" data-widget_type=\"text-editor.default\">\n\t\t\t\t<div class=\"elementor-widget-container\">\n\t\t\t\t\t\t\t<h3><span id=\"page58R_mcid21\" class=\"markedContent\"><span dir=\"ltr\" role=\"presentation\">Sonntag, den 25. Juni 2023, um 19.00 Uhr im Hof des Alten Deutschen Gymnasiums<\/span><\/span><span id=\"undefined\" class=\"markedContent\"><\/span><span id=\"page58R_mcid12\" class=\"markedContent\"><\/span><span class=\"markedContent\"><br role=\"presentation\" \/><span dir=\"ltr\" role=\"presentation\">\u201eRitmos Latinos\u201c &#8211;\u00a0<\/span><\/span>10. Latin Festival Schwabach<\/h3><p><span style=\"font-size: 12pt;\">Schwabach &#8211;\u00a0Setz die Sonnenbrille auf, h\u00f6r diese Musik &#8211; und die trivialen Sorgen des Alltags verlieren sich als verschwommene Erinnerungen an ein l\u00e4ngst schon entschwundenes Gestern in der Ferne.<\/span><\/p><ul style=\"list-style-type: disc;\"><li><span style=\"font-size: 12pt;\">MARE ist Musik gewordenes Wellenrauschen.\u00a0<\/span><\/li><li><span style=\"font-size: 12pt;\">MARE ist s\u00fcdliche Meeresbrise, die seit jeher die Phantasie des Mitteleurop\u00e4ers befl\u00fcgelt. <\/span><\/li><li><span style=\"font-size: 12pt;\">MARE ergl\u00e4nzt in allen bet\u00f6renden Klangfarben eines unbekannten Paradieses und duftet nach Dolce Vita, reifen Zitronen und gelben Bikinis.\u00a0<\/span><\/li><\/ul><p><span style=\"font-size: 12pt;\">Die mediterrane Leichtigkeit des Seins war zweifellos immer schon pr\u00e4gend f\u00fcr die Instrumental-Kunst von Quadro Nuevo: italienische Tangos, franz\u00f6sische Valse, \u00e4g\u00e4ische Mythen-Melodien, waghalsige Fahrtenlieder entlang einer sonnenbeschienen K\u00fcstenstra\u00dfe, orientalische Grooves und neapolitanische Gassenhauer.\u00a0<\/span><\/p><p><span style=\"font-size: 12pt;\">Sie alle dienen als vergn\u00fcgliche Gondel f\u00fcr lustvoll improvisierte Abenteuerfahrten.\u00a0<\/span><\/p><p><span style=\"font-size: 12pt;\">Die Anregungen und Inspirationen hierzu holte sich Quadro Nuevo auf ausgedehnten Reisen. Musikalische Juwelen aufgelesen auf den Pl\u00e4tzen und an den Gestaden des S\u00fcdens.\u00a0<\/span><\/p><p><span style=\"font-size: 12pt;\">Die temperamentvollen Vollblut-Musiker touren seit 1996 durch die L\u00e4nder dieser Welt und gaben bisher rund 3500 Konzerte. Sie trugen ihre Lieder von Oberbayern bis Bari, quer \u00fcber den Balkan durch Vorderasien bis Kairo, von Buenos Aires bis Hong Kong.\u00a0<\/span><\/p><p><span style=\"font-size: 12pt;\">Die Auftrittsorte sind so verschieden wie die Wurzeln ihrer Musik: Das Ensemble ist nicht nur auf Festivals und in renommierten Konzerts\u00e4len wie der New Yorker Carnegie Hall zu Gast. Die spiels\u00fcchtigen Virtuosen reisen auch als Stra\u00dfenmusikanten durch den mediterranen S\u00fcden und fordern als n\u00e4chtliche Tango-Kapelle zum Tanz.\u00a0<\/span><\/p><p><span style=\"font-size: 12pt;\">Quadro Nuevo erhielt zweimal den ECHO als &#8222;bester Live-Act des Jahres&#8220;, den German Jazz Award und eine Goldene Schallplatte.\u00a0<\/span><\/p><p><strong><span style=\"font-size: 12pt;\"><span id=\"page1R_mcid11\" class=\"markedContent\"><span dir=\"ltr\" role=\"presentation\">Fotos (Fotorechte bei den K\u00fcnstler\/inne\/n, Abdruck honorarfrei):\u00a0<\/span><\/span><span id=\"page1R_mcid14\" class=\"markedContent\"><br \/><\/span><\/span><\/strong><\/p><h3>Weiterf\u00fchrende Links:\u00a0<\/h3><p><span style=\"font-size: 12pt;\"><a href=\"https:\/\/schwabach.de\/de\/infoseiten-kulturportal\/11328-ritmos-latinos-2023.html\" target=\"_blank\" rel=\"noopener\">Weitere Infos zu dieser Veranstaltung gibt es hier &#8230;<\/a><\/span><\/p>\t\t\t\t\t\t<\/div>\n\t\t\t\t<\/div>\n\t\t\t\t<div class=\"elementor-element elementor-element-3faf532 elementor-widget elementor-widget-shortcode\" data-id=\"3faf532\" data-element_type=\"widget\" data-widget_type=\"shortcode.default\">\n\t\t\t\t<div class=\"elementor-widget-container\">\n\t\t\t\t\t<div class=\"elementor-shortcode\"><!-- Beginn https:\/\/www.financeads.net\/-Code --><a href=\"https:\/\/www.financeads.net\/tc.php?t=36648C38513858B\" target=\"_blank\"><center><img decoding=\"async\" src=\"https:\/\/www.financeads.net\/tb.php?t=36648V38513858B&https=1\" alt=\"\" border=\"0\" width=\"468\" height=\"60\"><\/a><!-- Ende https:\/\/www.financeads.net\/-Code --><\/div>\n\t\t\t\t<\/div>\n\t\t\t\t<\/div>\n\t\t\t\t<div class=\"elementor-element elementor-element-ead1957 elementor-widget elementor-widget-google_maps\" data-id=\"ead1957\" data-element_type=\"widget\" data-widget_type=\"google_maps.default\">\n\t\t\t\t<div class=\"elementor-widget-container\">\n\t\t\t\t\t<div class=\"elementor-custom-embed\">\n\t\t\t<iframe loading=\"lazy\"\n\t\t\t\t\tsrc=\"https:\/\/maps.google.com\/maps?q=Wittelsbacher%20Stra%C3%9Fe%201%2C%20Schwabach%2C%20Deutschland&#038;t=m&#038;z=17&#038;output=embed&#038;iwloc=near\"\n\t\t\t\t\ttitle=\"Wittelsbacher Stra\u00dfe 1, Schwabach, Deutschland\"\n\t\t\t\t\taria-label=\"Wittelsbacher Stra\u00dfe 1, Schwabach, Deutschland\"\n\t\t\t><\/iframe>\n\t\t<\/div>\n\t\t\t\t<\/div>\n\t\t\t\t<\/div>\n\t\t\t\t\t<\/div>\n\t\t<\/div>\n\t\t\t\t<div class=\"elementor-column elementor-col-50 elementor-top-column elementor-element elementor-element-f0c9ae7\" data-id=\"f0c9ae7\" data-element_type=\"column\">\n\t\t\t<div class=\"elementor-widget-wrap elementor-element-populated\">\n\t\t\t\t\t\t<div class=\"elementor-element elementor-element-d8a57f2 elementor-widget elementor-widget-heading\" data-id=\"d8a57f2\" data-element_type=\"widget\" data-widget_type=\"heading.default\">\n\t\t\t\t<div class=\"elementor-widget-container\">\n\t\t\t<h3 class=\"elementor-heading-title elementor-size-default\">Schnell vergleichen und sparen!<\/h3>\t\t<\/div>\n\t\t\t\t<\/div>\n\t\t\t\t<div class=\"elementor-element elementor-element-47e5ded elementor-widget elementor-widget-wp-widget-advads_ad_widget\" data-id=\"47e5ded\" data-element_type=\"widget\" data-widget_type=\"wp-widget-advads_ad_widget.default\">\n\t\t\t\t<div class=\"elementor-widget-container\">\n\t\t\t<div id=\"regio-2917171236\"><div class=\"regio-adlabel\">Werbung<\/div><!-- Beginn https:\/\/www.financeads.net\/-Code --><a href=\"https:\/\/www.financeads.net\/tc.php?t=36648C236142529B\" target=\"_blank\"><img fetchpriority=\"high\" decoding=\"async\" src=\"https:\/\/www.financeads.net\/tb.php?t=36648V236142529B&https=1\" alt=\"\" border=\"0\" width=\"300\" height=\"250\"><\/a><!-- Ende https:\/\/www.financeads.net\/-Code --><\/div>\t\t<\/div>\n\t\t\t\t<\/div>\n\t\t\t\t<div class=\"elementor-element elementor-element-d79b769 elementor-widget elementor-widget-wp-widget-advads_ad_widget\" data-id=\"d79b769\" data-element_type=\"widget\" data-widget_type=\"wp-widget-advads_ad_widget.default\">\n\t\t\t\t<div class=\"elementor-widget-container\">\n\t\t\t<div id=\"regio-1279955896\"><div class=\"regio-adlabel\">Werbung<\/div><!-- Beginn https:\/\/www.financeads.net\/-Code --><a href=\"https:\/\/www.financeads.net\/tc.php?t=36648C42614510B\" target=\"_blank\"><img decoding=\"async\" src=\"https:\/\/www.financeads.net\/tb.php?t=36648V42614510B&https=1\" alt=\"\" border=\"0\" width=\"200\" height=\"300\"><\/a><!-- Ende https:\/\/www.financeads.net\/-Code --><\/div>\t\t<\/div>\n\t\t\t\t<\/div>\n\t\t\t\t<div class=\"elementor-element elementor-element-f74fdcc elementor-widget elementor-widget-wp-widget-advads_ad_widget\" data-id=\"f74fdcc\" data-element_type=\"widget\" data-widget_type=\"wp-widget-advads_ad_widget.default\">\n\t\t\t\t<div class=\"elementor-widget-container\">\n\t\t\t<div id=\"regio-2456895040\"><div class=\"regio-adlabel\">Werbung<\/div><!-- Beginn https:\/\/www.financeads.net\/-Code --><a href=\"https:\/\/www.financeads.net\/tc.php?t=36648C205040072B\" target=\"_blank\"><img loading=\"lazy\" decoding=\"async\" src=\"https:\/\/www.financeads.net\/tb.php?t=36648V205040072B&https=1\" alt=\"\" border=\"0\" width=\"300\" height=\"250\"><\/a><!-- Ende https:\/\/www.financeads.net\/-Code --><\/div>\t\t<\/div>\n\t\t\t\t<\/div>\n\t\t\t\t<div class=\"elementor-element elementor-element-c860a7d elementor-widget elementor-widget-wp-widget-advads_ad_widget\" data-id=\"c860a7d\" data-element_type=\"widget\" data-widget_type=\"wp-widget-advads_ad_widget.default\">\n\t\t\t\t<div class=\"elementor-widget-container\">\n\t\t\t<div id=\"regio-84548165\"><div class=\"regio-adlabel\">Werbung<\/div><!-- Beginn https:\/\/www.financeads.net\/-Code --><a href=\"https:\/\/www.financeads.net\/tc.php?t=36648C271460142B\" target=\"_blank\"><img loading=\"lazy\" decoding=\"async\" src=\"https:\/\/www.financeads.net\/tb.php?t=36648V271460142B&https=1\" alt=\"PETPROTECT_Hund&Katze_Banner\" border=\"0\" width=\"250\" height=\"250\"><\/a><!-- Ende https:\/\/www.financeads.net\/-Code --><\/div>\t\t<\/div>\n\t\t\t\t<\/div>\n\t\t\t\t\t<\/div>\n\t\t<\/div>\n\t\t\t\t\t<\/div>\n\t\t<\/section>\n\t\t\t\t<section class=\"elementor-section elementor-top-section elementor-element elementor-element-7d131e8 elementor-section-boxed elementor-section-height-default elementor-section-height-default\" data-id=\"7d131e8\" data-element_type=\"section\">\n\t\t\t\t\t\t<div class=\"elementor-container elementor-column-gap-default\">\n\t\t\t\t\t<div class=\"elementor-column elementor-col-100 elementor-top-column elementor-element elementor-element-cff7f35\" data-id=\"cff7f35\" data-element_type=\"column\">\n\t\t\t<div class=\"elementor-widget-wrap elementor-element-populated\">\n\t\t\t\t\t\t<div class=\"elementor-element elementor-element-ae54725 elementor-widget elementor-widget-heading\" data-id=\"ae54725\" data-element_type=\"widget\" data-widget_type=\"heading.default\">\n\t\t\t\t<div class=\"elementor-widget-container\">\n\t\t\t<h2 class=\"elementor-heading-title elementor-size-default\">Hier ein paar Impressionen zum \"Latinfestival Ritmos Latinos\"<\/h2>\t\t<\/div>\n\t\t\t\t<\/div>\n\t\t\t\t<div class=\"elementor-element elementor-element-a79fc02 elementor-widget elementor-widget-heading\" data-id=\"a79fc02\" data-element_type=\"widget\" data-widget_type=\"heading.default\">\n\t\t\t\t<div class=\"elementor-widget-container\">\n\t\t\t<h3 class=\"elementor-heading-title elementor-size-default\">(Bilder zum Vergr\u00f6\u00dfern bitte anklicken)<\/h3>\t\t<\/div>\n\t\t\t\t<\/div>\n\t\t\t\t\t<\/div>\n\t\t<\/div>\n\t\t\t\t\t<\/div>\n\t\t<\/section>\n\t\t\t\t<section class=\"elementor-section elementor-top-section elementor-element elementor-element-e928cd5 elementor-section-boxed elementor-section-height-default elementor-section-height-default\" data-id=\"e928cd5\" data-element_type=\"section\">\n\t\t\t\t\t\t<div class=\"elementor-container elementor-column-gap-default\">\n\t\t\t\t\t<div class=\"elementor-column elementor-col-50 elementor-top-column elementor-element elementor-element-0b4b354\" data-id=\"0b4b354\" data-element_type=\"column\">\n\t\t\t<div class=\"elementor-widget-wrap elementor-element-populated\">\n\t\t\t\t\t\t<div class=\"elementor-element elementor-element-9f4b680 elementor-widget elementor-widget-image\" data-id=\"9f4b680\" data-element_type=\"widget\" data-widget_type=\"image.default\">\n\t\t\t\t<div class=\"elementor-widget-container\">\n\t\t\t\t\t\t\t\t\t\t<figure class=\"wp-caption\">\n\t\t\t\t\t\t\t\t\t\t\t<a href=\"https:\/\/www.region-schwabach.de\/wordpress\/wp-content\/uploads\/2023\/06\/ritmos-latinos-0.jpg\" data-elementor-open-lightbox=\"yes\" data-elementor-lightbox-title=\"ritmos-latinos-0\" data-e-action-hash=\"#elementor-action%3Aaction%3Dlightbox%26settings%3DeyJpZCI6MjA3MTA1LCJ1cmwiOiJodHRwczpcL1wvd3d3LnJlZ2lvbi1zY2h3YWJhY2guZGVcL3dvcmRwcmVzc1wvd3AtY29udGVudFwvdXBsb2Fkc1wvMjAyM1wvMDZcL3JpdG1vcy1sYXRpbm9zLTAuanBnIn0%3D\">\n\t\t\t\t\t\t\t<img loading=\"lazy\" decoding=\"async\" width=\"480\" height=\"344\" src=\"https:\/\/www.region-schwabach.de\/wordpress\/wp-content\/uploads\/2023\/06\/ritmos-latinos-0.jpg\" class=\"attachment-mh-magazine-content size-mh-magazine-content wp-image-207105\" alt=\"\" srcset=\"https:\/\/www.region-schwabach.de\/wordpress\/wp-content\/uploads\/2023\/06\/ritmos-latinos-0.jpg 480w, https:\/\/www.region-schwabach.de\/wordpress\/wp-content\/uploads\/2023\/06\/ritmos-latinos-0-300x215.jpg 300w\" sizes=\"(max-width: 480px) 100vw, 480px\" \/>\t\t\t\t\t\t\t\t<\/a>\n\t\t\t\t\t\t\t\t\t\t\t<figcaption class=\"widget-image-caption wp-caption-text\">Veranstaltungslogo<\/figcaption>\n\t\t\t\t\t\t\t\t\t\t<\/figure>\n\t\t\t\t\t\t\t<\/div>\n\t\t\t\t<\/div>\n\t\t\t\t\t<\/div>\n\t\t<\/div>\n\t\t\t\t<div class=\"elementor-column elementor-col-50 elementor-top-column elementor-element elementor-element-b8f41fb\" data-id=\"b8f41fb\" data-element_type=\"column\">\n\t\t\t<div class=\"elementor-widget-wrap elementor-element-populated\">\n\t\t\t\t\t\t<div class=\"elementor-element elementor-element-995ae41 elementor-widget elementor-widget-image\" data-id=\"995ae41\" data-element_type=\"widget\" data-widget_type=\"image.default\">\n\t\t\t\t<div class=\"elementor-widget-container\">\n\t\t\t\t\t\t\t\t\t\t<figure class=\"wp-caption\">\n\t\t\t\t\t\t\t\t\t\t\t<a href=\"https:\/\/www.region-schwabach.de\/wordpress\/wp-content\/uploads\/2023\/06\/ritmos-latinos-2-1.jpg\" data-elementor-open-lightbox=\"yes\" data-elementor-lightbox-title=\"ritmos-latinos-2\" data-e-action-hash=\"#elementor-action%3Aaction%3Dlightbox%26settings%3DeyJpZCI6MjA3MTc2LCJ1cmwiOiJodHRwczpcL1wvd3d3LnJlZ2lvbi1zY2h3YWJhY2guZGVcL3dvcmRwcmVzc1wvd3AtY29udGVudFwvdXBsb2Fkc1wvMjAyM1wvMDZcL3JpdG1vcy1sYXRpbm9zLTItMS5qcGcifQ%3D%3D\">\n\t\t\t\t\t\t\t<img loading=\"lazy\" decoding=\"async\" width=\"623\" height=\"381\" src=\"https:\/\/www.region-schwabach.de\/wordpress\/wp-content\/uploads\/2023\/06\/ritmos-latinos-2-1-623x381.jpg\" class=\"attachment-mh-magazine-content size-mh-magazine-content wp-image-207176\" alt=\"\" \/>\t\t\t\t\t\t\t\t<\/a>\n\t\t\t\t\t\t\t\t\t\t\t<figcaption class=\"widget-image-caption wp-caption-text\">Mayito Rivera &amp; Sons of Cuba<\/figcaption>\n\t\t\t\t\t\t\t\t\t\t<\/figure>\n\t\t\t\t\t\t\t<\/div>\n\t\t\t\t<\/div>\n\t\t\t\t\t<\/div>\n\t\t<\/div>\n\t\t\t\t\t<\/div>\n\t\t<\/section>\n\t\t\t\t<\/div>\n\t\t","protected":false},"excerpt":{"rendered":"<div class=\"mh-excerpt\"><p>Sonntag, den 25. Juni 2023, um 19.00 Uhr im Hof des Alten Deutschen Gymnasiums\u201eRitmos Latinos\u201c &#8211;&nbsp;10. Latin Festival Schwabach Schwabach &#8211;&nbsp;Setz die Sonnenbrille auf, h\u00f6r diese Musik &#8211; und die trivialen Sorgen des Alltags verlieren <a class=\"mh-excerpt-more\" href=\"https:\/\/www.region-schwabach.de\/wordpress\/ritmos-latinos-am-sonntag-den-25-juni-2023-im-hof-des-alten-deutschen-gymnasiums-in-schwabach\/\" title=\"ritmos latinos am Sonntag, den 25. Juni 2023, im Hof des Alten Deutschen Gymnasiums in Schwabach\">[&#8230;]<\/a><\/p>\n<\/div>","protected":false},"author":1,"featured_media":207260,"comment_status":"open","ping_status":"open","sticky":false,"template":"","format":"standard","meta":{"_cbd_carousel_blocks":"[]","footnotes":""},"categories":[16,1,287,61,231],"tags":[22797,22102,9448,522,3128,4394,4393,1480,4391,19,2678],"class_list":{"0":"post-207259","1":"post","2":"type-post","3":"status-publish","4":"format-standard","5":"has-post-thumbnail","7":"category-aktuell","8":"category-allgemein","9":"category-jugend-und-familie","10":"category-rathaus","11":"category-veranstaltungsnews","12":"tag-25-juni-2023","13":"tag-25-06-2023","14":"tag-altes-deutsches-gymnasium","15":"tag-koenigsplatz","16":"tag-konzert","17":"tag-konzertabende-mit-tanz","18":"tag-latinfestival","19":"tag-rathaus","20":"tag-ritmos-latinos","21":"tag-schwabach","22":"tag-wittelsbacherstrasse"},"_links":{"self":[{"href":"https:\/\/www.region-schwabach.de\/wordpress\/wp-json\/wp\/v2\/posts\/207259","targetHints":{"allow":["GET"]}}],"collection":[{"href":"https:\/\/www.region-schwabach.de\/wordpress\/wp-json\/wp\/v2\/posts"}],"about":[{"href":"https:\/\/www.region-schwabach.de\/wordpress\/wp-json\/wp\/v2\/types\/post"}],"author":[{"embeddable":true,"href":"https:\/\/www.region-schwabach.de\/wordpress\/wp-json\/wp\/v2\/users\/1"}],"replies":[{"embeddable":true,"href":"https:\/\/www.region-schwabach.de\/wordpress\/wp-json\/wp\/v2\/comments?post=207259"}],"version-history":[{"count":0,"href":"https:\/\/www.region-schwabach.de\/wordpress\/wp-json\/wp\/v2\/posts\/207259\/revisions"}],"wp:featuredmedia":[{"embeddable":true,"href":"https:\/\/www.region-schwabach.de\/wordpress\/wp-json\/wp\/v2\/media\/207260"}],"wp:attachment":[{"href":"https:\/\/www.region-schwabach.de\/wordpress\/wp-json\/wp\/v2\/media?parent=207259"}],"wp:term":[{"taxonomy":"category","embeddable":true,"href":"https:\/\/www.region-schwabach.de\/wordpress\/wp-json\/wp\/v2\/categories?post=207259"},{"taxonomy":"post_tag","embeddable":true,"href":"https:\/\/www.region-schwabach.de\/wordpress\/wp-json\/wp\/v2\/tags?post=207259"}],"curies":[{"name":"wp","href":"https:\/\/api.w.org\/{rel}","templated":true}]}}