{"id":207905,"date":"2023-07-23T00:45:00","date_gmt":"2023-07-22T22:45:00","guid":{"rendered":"https:\/\/www.region-schwabach.de\/wordpress\/?p=207905"},"modified":"2023-07-22T21:49:58","modified_gmt":"2023-07-22T19:49:58","slug":"ausstellung-des-kunstlerbundes-schwabach-die-neuen-in-der-stadtischen-galerie-vom-1-juli-2023-bis-23-juli-2023","status":"publish","type":"post","link":"https:\/\/www.region-schwabach.de\/wordpress\/ausstellung-des-kunstlerbundes-schwabach-die-neuen-in-der-stadtischen-galerie-vom-1-juli-2023-bis-23-juli-2023\/","title":{"rendered":"Ausstellung des K\u00fcnstlerbundes Schwabach \u2013 \u201eDie Neuen\u201c \u2013 in der St\u00e4dtischen Galerie vom 1. Juli 2023 bis 23. Juli 2023"},"content":{"rendered":"\t\t<div data-elementor-type=\"wp-post\" data-elementor-id=\"207905\" class=\"elementor elementor-207905\">\n\t\t\t\t\t\t<section class=\"elementor-section elementor-top-section elementor-element elementor-element-678181b elementor-section-boxed elementor-section-height-default elementor-section-height-default\" data-id=\"678181b\" data-element_type=\"section\">\n\t\t\t\t\t\t<div class=\"elementor-container elementor-column-gap-default\">\n\t\t\t\t\t<div class=\"elementor-column elementor-col-66 elementor-top-column elementor-element elementor-element-6b34026\" data-id=\"6b34026\" data-element_type=\"column\">\n\t\t\t<div class=\"elementor-widget-wrap elementor-element-populated\">\n\t\t\t\t\t\t<div class=\"elementor-element elementor-element-15a5ce5 elementor-widget elementor-widget-wp-widget-advads_ad_widget\" data-id=\"15a5ce5\" data-element_type=\"widget\" data-widget_type=\"wp-widget-advads_ad_widget.default\">\n\t\t\t\t<div class=\"elementor-widget-container\">\n\t\t\t<div id=\"regio-2375610325\"><div class=\"regio-adlabel\">Werbung<\/div><center><a href=\"https:\/\/a.partner-versicherung.de\/click.php?partner_id=19992&ad_id=1578&deep=kreditkarten\"  target=\"_blank\"><img decoding=\"async\" src=\"https:\/\/a.partner-versicherung.de\/view.php?partner_id=19992&ad_id=1578\" ><\/a><\/center><\/div>\t\t<\/div>\n\t\t\t\t<\/div>\n\t\t\t\t<div class=\"elementor-element elementor-element-443ab98 elementor-widget elementor-widget-text-editor\" data-id=\"443ab98\" data-element_type=\"widget\" data-widget_type=\"text-editor.default\">\n\t\t\t\t<div class=\"elementor-widget-container\">\n\t\t\t\t\t\t\t<h3 class=\"entry-title\"><span style=\"font-family: georgia, palatino, serif; font-size: 14pt;\">Vom 1. Juli 2023 bis 23. Juli 2023 in der St\u00e4dtischen Galerie Schwabach:\u00a0<\/span><br \/><span style=\"font-family: georgia, palatino, serif;\"><span style=\"font-size: 14pt;\">Ausstellung \u201eDie Neuen\u201c <\/span>\u00a0<\/span><\/h3><p><strong><span style=\"font-size: 12pt;\">Die neuen Mitglieder des K\u00fcnstlerbund Schwabach stellen sich vor\u00a0<\/span><\/strong><\/p><p><span style=\"font-size: 12pt;\"><span style=\"font-family: georgia, palatino, serif;\">Schwabach &#8211; <\/span><\/span><span style=\"font-size: 12pt;\">Die Reputation des K\u00fcnstlerbund Schwabach beruht auf der Qualit\u00e4t seiner Mitglieder. Hier gibt es eine strenge Auswahl <\/span><span style=\"font-size: 12pt;\">und neue Mitglieder m\u00fcssen von den aktiven K\u00fcnstlerinnen und K\u00fcnstlern des K\u00fcnstlerbundes gew\u00e4hlt werden. <\/span><span style=\"font-size: 12pt;\">Jetzt wurden f\u00fcnf neue Mitglieder in den Bund aufgenommen.<\/span><\/p><p><span style=\"font-size: 12pt;\">Sie stellen sich in dieser Ausstellung der \u00d6ffentlichkeit und den Kolleginnen und Kollegen vor:\u00a0<\/span><\/p><ul style=\"list-style-type: disc;\"><li><span style=\"font-size: 12pt;\">Klaus-Leo Drechsel, in der Region f\u00fcr seine Kirchenfenster und \u00f6ffentliche Werke bekannter und gesch\u00e4tzter Glask\u00fcnstler aus Rednitzhembach.\u00a0<\/span><\/li><li><span style=\"font-size: 12pt;\">Peter Helmstetter, Holzbildhauer aus Abenberg. Hauptberuflich Forstwirt, der sich als K\u00fcnstler den Unwegbarkeiten und Ver\u00e4nderungen des Holzes im k\u00fcnstlerischen Prozess widmet.\u00a0<\/span><\/li><li><span style=\"font-size: 12pt;\">Anneliese Kraft aus Rednitzhembach. In Schwabach seit Jahren bekannt als abstrakte Malerin und poetisch-subtile Objektk\u00fcnstlerin.\u00a0<\/span><\/li><li><span style=\"font-size: 12pt;\">Changhee Nam, Maler aus N\u00fcrnberg mit koreanischen Wurzeln. Meistersch\u00fcler von Prof. Angermann. Wir erinnern uns an seine Ausstellung 2021 in der St\u00e4dtischen Galerie mit gro\u00dfformatigen \u00d6lgem\u00e4lden auf Hanji Papier.\u00a0<\/span><\/li><li><span style=\"font-size: 12pt;\">Michael Zirn aus Schwabach. Fotograf, der k\u00fcnstlerisch mit Fotoemulsionen experimentiert. Sein Highlight war die Ausgestaltung des Schweizer Pavillons zur Architektur Biennale 2012 in Venedig mit einer 286 m\u00b2 gro\u00dfen Foto.\u00a0<\/span><\/li><\/ul><p><span style=\"font-size: 12pt;\">Traditionsgem\u00e4\u00df werden sie sich ihren Kollegen und der Schwabacher \u00d6ffentlichkeit in einer Ausstellung in der St\u00e4dtischen Galerie vorstellen.<\/span><br \/><span style=\"font-size: 12pt;\">Die Vielfalt der k\u00fcnstlerischen Ans\u00e4tze der neuen Mitglieder verspricht eine interessante Ausstellung und gibt dem K\u00fcnstlerbund Schwabach einen neuen Impuls.<\/span><br \/><span style=\"font-size: 12pt;\">Die Ausstellung l\u00e4uft in der St\u00e4dtischen Galerie Schwabach vom\u00a01. bis 23. Juli 2023.<\/span><\/p><h3><span style=\"font-size: 12pt;\">Infos:<\/span><\/h3><p><span style=\"font-size: 12pt;\">Die Ausstellung findet in der St\u00e4dtischen Galerie, K\u00f6nigsplatz 29a in Schwabach statt, der\u00a0Eintritt ist frei.\u00a0<\/span><\/p><h3 class=\"idgroup_7 group_container\">Ausstellungszeiten<\/h3><p><span style=\"font-size: 12pt;\">Ge\u00f6ffnet ist die Ausstellung in der St\u00e4dtischen Galerie (K\u00f6nigsplatz 29A) zu folgenden Zeiten:<\/span><\/p><table style=\"border-collapse: collapse; width: 100%; height: 144px;\" border=\"1\"><tbody><tr style=\"height: 24px;\"><td style=\"width: 33.3333%; height: 24px;\"><span style=\"font-size: 12pt;\">Tag<\/span><\/td><td style=\"width: 33.3333%; height: 24px;\"><span style=\"font-size: 12pt;\">Von &#8230;<\/span><\/td><td style=\"width: 33.3333%; height: 24px;\"><span style=\"font-size: 12pt;\">&#8230; bis<\/span><\/td><\/tr><tr style=\"height: 24px;\"><td style=\"width: 33.3333%; height: 24px;\">\u00a0<\/td><td style=\"width: 33.3333%; height: 24px;\">\u00a0<\/td><td style=\"width: 33.3333%; height: 24px;\">\u00a0<\/td><\/tr><tr style=\"height: 24px;\"><td style=\"width: 33.3333%; height: 24px;\"><span style=\"font-size: 12pt;\">Donnerstag<\/span><\/td><td style=\"width: 33.3333%; height: 24px;\"><span style=\"font-size: 12pt;\">11.00 Uhr<\/span><\/td><td style=\"width: 33.3333%; height: 24px;\"><span style=\"font-size: 12pt;\">18.00 Uhr<\/span><\/td><\/tr><tr style=\"height: 24px;\"><td style=\"width: 33.3333%; height: 24px;\"><span style=\"font-size: 12pt;\">Freitag<\/span><\/td><td style=\"width: 33.3333%; height: 24px;\"><span style=\"font-size: 12pt;\">11.00 Uhr<\/span><\/td><td style=\"width: 33.3333%; height: 24px;\"><span style=\"font-size: 12pt;\">18.00 Uhr<\/span><\/td><\/tr><tr style=\"height: 24px;\"><td style=\"width: 33.3333%; height: 24px;\"><span style=\"font-size: 12pt;\">Samstag<\/span><\/td><td style=\"width: 33.3333%; height: 24px;\"><span style=\"font-size: 12pt;\">10.00 Uhr<\/span><\/td><td style=\"width: 33.3333%; height: 24px;\"><span style=\"font-size: 12pt;\">13.00 Uhr<\/span><\/td><\/tr><tr style=\"height: 24px;\"><td style=\"width: 33.3333%; height: 24px;\"><span style=\"font-size: 12pt;\">Sonntag<\/span><\/td><td style=\"width: 33.3333%; height: 24px;\"><span style=\"font-size: 12pt;\">13.00 Uhr<\/span><\/td><td style=\"width: 33.3333%; height: 24px;\"><span style=\"font-size: 12pt;\">16.00 Uhr<\/span><\/td><\/tr><\/tbody><\/table><h3>Weiterf\u00fchrende Links:<\/h3><p><span style=\"font-size: 12pt;\"><a href=\"http:\/\/www.kuenstlerbund-schwabach.de\/buga\/index.html\" target=\"_blank\" rel=\"noopener\">Zur Homepage der St\u00e4dtischen Galerie Schwabach geht&#8217;s hier &#8230;<\/a><\/span><\/p>\t\t\t\t\t\t<\/div>\n\t\t\t\t<\/div>\n\t\t\t\t<div class=\"elementor-element elementor-element-795dacc elementor-widget elementor-widget-shortcode\" data-id=\"795dacc\" data-element_type=\"widget\" data-widget_type=\"shortcode.default\">\n\t\t\t\t<div class=\"elementor-widget-container\">\n\t\t\t\t\t<div class=\"elementor-shortcode\"><!-- Beginn https:\/\/www.financeads.net\/-Code --><a href=\"https:\/\/www.financeads.net\/tc.php?t=36648C38513858B\" target=\"_blank\"><center><img decoding=\"async\" src=\"https:\/\/www.financeads.net\/tb.php?t=36648V38513858B&https=1\" alt=\"\" border=\"0\" width=\"468\" height=\"60\"><\/a><!-- Ende https:\/\/www.financeads.net\/-Code --><\/div>\n\t\t\t\t<\/div>\n\t\t\t\t<\/div>\n\t\t\t\t<div class=\"elementor-element elementor-element-0c834d7 elementor-widget-divider--view-line elementor-widget elementor-widget-divider\" data-id=\"0c834d7\" data-element_type=\"widget\" data-widget_type=\"divider.default\">\n\t\t\t\t<div class=\"elementor-widget-container\">\n\t\t\t\t\t<div class=\"elementor-divider\">\n\t\t\t<span class=\"elementor-divider-separator\">\n\t\t\t\t\t\t<\/span>\n\t\t<\/div>\n\t\t\t\t<\/div>\n\t\t\t\t<\/div>\n\t\t\t\t<div class=\"elementor-element elementor-element-325f51f elementor-widget elementor-widget-google_maps\" data-id=\"325f51f\" data-element_type=\"widget\" data-widget_type=\"google_maps.default\">\n\t\t\t\t<div class=\"elementor-widget-container\">\n\t\t\t\t\t<div class=\"elementor-custom-embed\">\n\t\t\t<iframe loading=\"lazy\"\n\t\t\t\t\tsrc=\"https:\/\/maps.google.com\/maps?q=K%C3%B6nigsplatz%2029a%2C%20Schwabach%2C%20Deutschland&#038;t=m&#038;z=17&#038;output=embed&#038;iwloc=near\"\n\t\t\t\t\ttitle=\"K\u00f6nigsplatz 29a, Schwabach, Deutschland\"\n\t\t\t\t\taria-label=\"K\u00f6nigsplatz 29a, Schwabach, Deutschland\"\n\t\t\t><\/iframe>\n\t\t<\/div>\n\t\t\t\t<\/div>\n\t\t\t\t<\/div>\n\t\t\t\t\t<\/div>\n\t\t<\/div>\n\t\t\t\t<div class=\"elementor-column elementor-col-33 elementor-top-column elementor-element elementor-element-f645137\" data-id=\"f645137\" data-element_type=\"column\">\n\t\t\t<div class=\"elementor-widget-wrap elementor-element-populated\">\n\t\t\t\t\t\t<div class=\"elementor-element elementor-element-839bb7a elementor-widget elementor-widget-heading\" data-id=\"839bb7a\" data-element_type=\"widget\" data-widget_type=\"heading.default\">\n\t\t\t\t<div class=\"elementor-widget-container\">\n\t\t\t<h3 class=\"elementor-heading-title elementor-size-default\">Schnell vergleichen und sparen!<\/h3>\t\t<\/div>\n\t\t\t\t<\/div>\n\t\t\t\t<div class=\"elementor-element elementor-element-6036bed elementor-widget elementor-widget-wp-widget-advads_ad_widget\" data-id=\"6036bed\" data-element_type=\"widget\" data-widget_type=\"wp-widget-advads_ad_widget.default\">\n\t\t\t\t<div class=\"elementor-widget-container\">\n\t\t\t<div id=\"regio-1005186960\"><div class=\"regio-adlabel\">Werbung<\/div><!-- Beginn https:\/\/www.financeads.net\/-Code --><a href=\"https:\/\/www.financeads.net\/tc.php?t=36648C236142529B\" target=\"_blank\"><img fetchpriority=\"high\" decoding=\"async\" src=\"https:\/\/www.financeads.net\/tb.php?t=36648V236142529B&https=1\" alt=\"\" border=\"0\" width=\"300\" height=\"250\"><\/a><!-- Ende https:\/\/www.financeads.net\/-Code --><\/div>\t\t<\/div>\n\t\t\t\t<\/div>\n\t\t\t\t<div class=\"elementor-element elementor-element-eec47fd elementor-widget elementor-widget-wp-widget-advads_ad_widget\" data-id=\"eec47fd\" data-element_type=\"widget\" data-widget_type=\"wp-widget-advads_ad_widget.default\">\n\t\t\t\t<div class=\"elementor-widget-container\">\n\t\t\t<div id=\"regio-3182407735\"><div class=\"regio-adlabel\">Werbung<\/div><!-- Beginn https:\/\/www.financeads.net\/-Code --><a href=\"https:\/\/www.financeads.net\/tc.php?t=36648C42614510B\" target=\"_blank\"><img decoding=\"async\" src=\"https:\/\/www.financeads.net\/tb.php?t=36648V42614510B&https=1\" alt=\"\" border=\"0\" width=\"200\" height=\"300\"><\/a><!-- Ende https:\/\/www.financeads.net\/-Code --><\/div>\t\t<\/div>\n\t\t\t\t<\/div>\n\t\t\t\t<div class=\"elementor-element elementor-element-4cede30 elementor-widget elementor-widget-wp-widget-advads_ad_widget\" data-id=\"4cede30\" data-element_type=\"widget\" data-widget_type=\"wp-widget-advads_ad_widget.default\">\n\t\t\t\t<div class=\"elementor-widget-container\">\n\t\t\t<div id=\"regio-3141950914\"><div class=\"regio-adlabel\">Werbung<\/div><!-- Beginn https:\/\/www.financeads.net\/-Code --><a href=\"https:\/\/www.financeads.net\/tc.php?t=36648C205040072B\" target=\"_blank\"><img loading=\"lazy\" decoding=\"async\" src=\"https:\/\/www.financeads.net\/tb.php?t=36648V205040072B&https=1\" alt=\"\" border=\"0\" width=\"300\" height=\"250\"><\/a><!-- Ende https:\/\/www.financeads.net\/-Code --><\/div>\t\t<\/div>\n\t\t\t\t<\/div>\n\t\t\t\t<div class=\"elementor-element elementor-element-96a56a4 elementor-widget elementor-widget-wp-widget-advads_ad_widget\" data-id=\"96a56a4\" data-element_type=\"widget\" data-widget_type=\"wp-widget-advads_ad_widget.default\">\n\t\t\t\t<div class=\"elementor-widget-container\">\n\t\t\t<div id=\"regio-3347696210\"><div class=\"regio-adlabel\">Werbung<\/div><!-- Beginn https:\/\/www.financeads.net\/-Code --><a href=\"https:\/\/www.financeads.net\/tc.php?t=36648C271460142B\" target=\"_blank\"><img loading=\"lazy\" decoding=\"async\" src=\"https:\/\/www.financeads.net\/tb.php?t=36648V271460142B&https=1\" alt=\"PETPROTECT_Hund&Katze_Banner\" border=\"0\" width=\"250\" height=\"250\"><\/a><!-- Ende https:\/\/www.financeads.net\/-Code --><\/div>\t\t<\/div>\n\t\t\t\t<\/div>\n\t\t\t\t\t<\/div>\n\t\t<\/div>\n\t\t\t\t\t<\/div>\n\t\t<\/section>\n\t\t\t\t<\/div>\n\t\t","protected":false},"excerpt":{"rendered":"<div class=\"mh-excerpt\"><p>Vom 1. Juli 2023 bis 23. Juli 2023 in der St\u00e4dtischen Galerie Schwabach:&nbsp; Ausstellung \u201eDie Neuen\u201c &nbsp; Die neuen Mitglieder des K\u00fcnstlerbund Schwabach stellen sich vor&nbsp; Schwabach &#8211; Die Reputation des K\u00fcnstlerbund Schwabach beruht auf <a class=\"mh-excerpt-more\" href=\"https:\/\/www.region-schwabach.de\/wordpress\/ausstellung-des-kunstlerbundes-schwabach-die-neuen-in-der-stadtischen-galerie-vom-1-juli-2023-bis-23-juli-2023\/\" title=\"Ausstellung des K\u00fcnstlerbundes Schwabach \u2013 \u201eDie Neuen\u201c \u2013 in der St\u00e4dtischen Galerie vom 1. Juli 2023 bis 23. Juli 2023\">[&#8230;]<\/a><\/p>\n<\/div>","protected":false},"author":1,"featured_media":207906,"comment_status":"open","ping_status":"open","sticky":false,"template":"","format":"standard","meta":{"_cbd_carousel_blocks":"[]","footnotes":""},"categories":[16,287,231,140],"tags":[22886,22885,22884,22524,22889,3155,17468,20750,22887,522,4813,22890,22888,19,4045],"class_list":{"0":"post-207905","1":"post","2":"type-post","3":"status-publish","4":"format-standard","5":"has-post-thumbnail","7":"category-aktuell","8":"category-jugend-und-familie","9":"category-veranstaltungsnews","10":"category-vereine","11":"tag-die-neuen-2","12":"tag-01-07-2023-bis-23-07-2023","13":"tag-1-juli-2023-bis-23-juli-2023","14":"tag-andre-debus","15":"tag-anneliese-kraft","16":"tag-ausstellung","17":"tag-changhee-nam","18":"tag-einzelausstellung","19":"tag-klaus-leo-drechsel","20":"tag-koenigsplatz","21":"tag-kuenstlerbund","22":"tag-michael-zirn","23":"tag-peter-helmstetter","24":"tag-schwabach","25":"tag-staedtische-galerie"},"_links":{"self":[{"href":"https:\/\/www.region-schwabach.de\/wordpress\/wp-json\/wp\/v2\/posts\/207905","targetHints":{"allow":["GET"]}}],"collection":[{"href":"https:\/\/www.region-schwabach.de\/wordpress\/wp-json\/wp\/v2\/posts"}],"about":[{"href":"https:\/\/www.region-schwabach.de\/wordpress\/wp-json\/wp\/v2\/types\/post"}],"author":[{"embeddable":true,"href":"https:\/\/www.region-schwabach.de\/wordpress\/wp-json\/wp\/v2\/users\/1"}],"replies":[{"embeddable":true,"href":"https:\/\/www.region-schwabach.de\/wordpress\/wp-json\/wp\/v2\/comments?post=207905"}],"version-history":[{"count":0,"href":"https:\/\/www.region-schwabach.de\/wordpress\/wp-json\/wp\/v2\/posts\/207905\/revisions"}],"wp:featuredmedia":[{"embeddable":true,"href":"https:\/\/www.region-schwabach.de\/wordpress\/wp-json\/wp\/v2\/media\/207906"}],"wp:attachment":[{"href":"https:\/\/www.region-schwabach.de\/wordpress\/wp-json\/wp\/v2\/media?parent=207905"}],"wp:term":[{"taxonomy":"category","embeddable":true,"href":"https:\/\/www.region-schwabach.de\/wordpress\/wp-json\/wp\/v2\/categories?post=207905"},{"taxonomy":"post_tag","embeddable":true,"href":"https:\/\/www.region-schwabach.de\/wordpress\/wp-json\/wp\/v2\/tags?post=207905"}],"curies":[{"name":"wp","href":"https:\/\/api.w.org\/{rel}","templated":true}]}}