{"id":208196,"date":"2023-07-08T00:30:00","date_gmt":"2023-07-07T22:30:00","guid":{"rendered":"https:\/\/www.region-schwabach.de\/wordpress\/?p=208196"},"modified":"2023-07-09T09:34:19","modified_gmt":"2023-07-09T07:34:19","slug":"mehrtagiges-open-air-konzert-der-musikschule-ab-mittwoch-den-5-juli-2023","status":"publish","type":"post","link":"https:\/\/www.region-schwabach.de\/wordpress\/mehrtagiges-open-air-konzert-der-musikschule-ab-mittwoch-den-5-juli-2023\/","title":{"rendered":"Mehrt\u00e4giges Open-Air-Konzert der Musikschule ab Mittwoch, den 5. Juli 2023"},"content":{"rendered":"\t\t<div data-elementor-type=\"wp-post\" data-elementor-id=\"208196\" class=\"elementor elementor-208196\">\n\t\t\t\t\t\t<section class=\"elementor-section elementor-top-section elementor-element elementor-element-678181b elementor-section-boxed elementor-section-height-default elementor-section-height-default\" data-id=\"678181b\" data-element_type=\"section\">\n\t\t\t\t\t\t<div class=\"elementor-container elementor-column-gap-default\">\n\t\t\t\t\t<div class=\"elementor-column elementor-col-50 elementor-top-column elementor-element elementor-element-6b34026\" data-id=\"6b34026\" data-element_type=\"column\">\n\t\t\t<div class=\"elementor-widget-wrap elementor-element-populated\">\n\t\t\t\t\t\t<div class=\"elementor-element elementor-element-5d1b797 elementor-widget elementor-widget-wp-widget-advads_ad_widget\" data-id=\"5d1b797\" data-element_type=\"widget\" data-widget_type=\"wp-widget-advads_ad_widget.default\">\n\t\t\t\t<div class=\"elementor-widget-container\">\n\t\t\t<div id=\"regio-517601585\"><div class=\"regio-adlabel\">Werbung<\/div><center><a href=\"https:\/\/a.partner-versicherung.de\/click.php?partner_id=19992&ad_id=1578&deep=kreditkarten\"  target=\"_blank\"><img decoding=\"async\" src=\"https:\/\/a.partner-versicherung.de\/view.php?partner_id=19992&ad_id=1578\" ><\/a><\/center><\/div>\t\t<\/div>\n\t\t\t\t<\/div>\n\t\t\t\t<div class=\"elementor-element elementor-element-443ab98 elementor-widget elementor-widget-text-editor\" data-id=\"443ab98\" data-element_type=\"widget\" data-widget_type=\"text-editor.default\">\n\t\t\t\t<div class=\"elementor-widget-container\">\n\t\t\t\t\t\t\t<h3>Ab Mittwoch, den 5. Juli 2022, im Innenhof des alten DG\u00b4s<br \/>Vierrt\u00e4giges Open-Air-Konzert der Musikschule<\/h3><p><span style=\"font-size: 12pt;\">Schwabach &#8211; Das Musikschul-Open Air findet in diesem Jahr\u00a0 von Mittwoch, den\u00a0 5. Juli 2023, bis Samstag, den 8. Juli 2023. Den Auftakt am Mittwoch macht dabei <strong>&#8222;Open Air: go vocal!\u00a0(Gesang)&#8220;<\/strong>. Es folgen verschiedene Sch\u00fcler-Klassenvorspiele in den darauffolgenden Tagen:<\/span><\/p><p><span style=\"font-size: 12pt;\">F\u00fcr die Konzerte der Musikschule ist der Eintritt frei, um Spenden wird gebeten. Zudem gibt es einen Getr\u00e4nkeausschank des F\u00f6rdervereins der Musikschule. Aufgrund des neuen B\u00fchnenzelts k\u00f6nnen die Konzerte ggf. auch bei leichtem Schlechtwetter stattfinden.\u00a0Einlass ist jeweils 30 Minuten vor Beginn der Veranstaltung.\u00a0<\/span><\/p><ul style=\"list-style-type: disc;\"><li><span style=\"font-size: 12pt;\"><span style=\"font-size: 12pt;\">Mittwoch, den 5. Juli 2023\u00a0<br \/>18.00 Uhr: <\/span><strong>&#8222;Open Air: go vocal!\u00a0(Gesang)&#8220;\u00a0<\/strong><br \/><a href=\"https:\/\/schwabach.de\/de\/kulturportal-musikschule\/infoseiten-musikschule\/11552-open-air-go-vocal.html\" target=\"_blank\" rel=\"noopener\">Mehr Infos gibt es hier &#8230;\u00a0<\/a><\/span><\/li><li><span style=\"font-size: 12pt;\"><span style=\"font-size: 12pt;\">Donnerstag, den 6. Juli 2022\u00a0<br \/><\/span><\/span><span style=\"font-size: 12pt;\">18.00 Uhr: <strong>&#8222;<\/strong><strong>Frisch gestrichen! (Streicher)&#8220;\u00a0<\/strong><br \/><a href=\"https:\/\/schwabach.de\/de\/kulturportal-musikschule\/infoseiten-musikschule\/11554-open-air-streicherkonzert.html\" target=\"_blank\" rel=\"noopener\">Mehr Infos gibt es hier &#8230;\u00a0<\/a><\/span><\/li><li><span style=\"font-size: 12pt;\"><span style=\"font-size: 12pt;\">Freitag, den 7. Juli 2023\u00a0<br \/>18.30 Uhr: <strong>&#8222;<\/strong><b>Brass and Wind Concert (Bl\u00e4ser)<strong>&#8222;<\/strong>\u00a0<\/b><br \/><a href=\"https:\/\/schwabach.de\/de\/kulturportal-musikschule\/infoseiten-musikschule\/11555-open-air-blaeserkonzert.html\" target=\"_blank\" rel=\"noopener\">Mehr Infos gibt es hier &#8230;\u00a0<\/a><\/span><\/span><\/li><li><span style=\"font-size: 12pt;\">Samstag, den 8. Juli 2023\u00a0<br \/>18.00 Uhr: <strong>&#8222;<\/strong><strong>Musikschule 360\u00b0 (Ensembles, Bands, Kooperationen)&#8220;\u00a0<\/strong><br \/><a href=\"https:\/\/schwabach.de\/de\/kulturportal-musikschule\/infoseiten-musikschule\/11556-musikschule-360.html\" target=\"_blank\" rel=\"noopener\">Mehr Infos gibt es hier &#8230;\u00a0<\/a><\/span><\/li><li><span style=\"font-size: 12pt;\">Sonntag, den 9. Juli 2023\u00a0<br \/>18.00 Uhr: <strong>&#8222;<\/strong><strong>Ein Klang f\u00fcr die Ewigkeit (Schlagzeug)&#8220;\u00a0<\/strong><br \/><a href=\"https:\/\/schwabach.de\/de\/kulturportal-musikschule\/infoseiten-musikschule\/11557-open-air-schlagzeugkonzert.html\" target=\"_blank\" rel=\"noopener\">Mehr Infos gibt es hier &#8230;\u00a0<\/a><\/span><\/li><\/ul><p><strong><span style=\"font-size: 12pt;\">Einlass ist jeweils 30 Minuten vor Beginn der Veranstaltung.\u00a0<\/span><\/strong><\/p><h3>Weiterf\u00fchrende Links:<\/h3><p><span style=\"font-size: 12pt;\"><a href=\"https:\/\/www.schwabach.de\/de\/kulturportal-musikschule\/musikschule.html\" target=\"_blank\" rel=\"noopener\">Zur Homepage der Adolph-von-Henselt-Musikschule geht es hier &#8230;<\/a><\/span><\/p>\t\t\t\t\t\t<\/div>\n\t\t\t\t<\/div>\n\t\t\t\t<div class=\"elementor-element elementor-element-2c99766 elementor-widget elementor-widget-google_maps\" data-id=\"2c99766\" data-element_type=\"widget\" data-widget_type=\"google_maps.default\">\n\t\t\t\t<div class=\"elementor-widget-container\">\n\t\t\t\t\t<div class=\"elementor-custom-embed\">\n\t\t\t<iframe loading=\"lazy\"\n\t\t\t\t\tsrc=\"https:\/\/maps.google.com\/maps?q=Wittelsbacherstra%C3%9Fe%201%2C%20Schwabach%2C%20Deutschland&#038;t=m&#038;z=17&#038;output=embed&#038;iwloc=near\"\n\t\t\t\t\ttitle=\"Wittelsbacherstra\u00dfe 1, Schwabach, Deutschland\"\n\t\t\t\t\taria-label=\"Wittelsbacherstra\u00dfe 1, Schwabach, Deutschland\"\n\t\t\t><\/iframe>\n\t\t<\/div>\n\t\t\t\t<\/div>\n\t\t\t\t<\/div>\n\t\t\t\t\t<\/div>\n\t\t<\/div>\n\t\t\t\t<div class=\"elementor-column elementor-col-50 elementor-top-column elementor-element elementor-element-769a326\" data-id=\"769a326\" data-element_type=\"column\">\n\t\t\t<div class=\"elementor-widget-wrap elementor-element-populated\">\n\t\t\t\t\t\t<div class=\"elementor-element elementor-element-0a9e78c elementor-widget elementor-widget-heading\" data-id=\"0a9e78c\" data-element_type=\"widget\" data-widget_type=\"heading.default\">\n\t\t\t\t<div class=\"elementor-widget-container\">\n\t\t\t<h3 class=\"elementor-heading-title elementor-size-default\">Schnell vergleichen und sparen!<\/h3>\t\t<\/div>\n\t\t\t\t<\/div>\n\t\t\t\t<div class=\"elementor-element elementor-element-629e443 elementor-widget elementor-widget-wp-widget-advads_ad_widget\" data-id=\"629e443\" data-element_type=\"widget\" data-widget_type=\"wp-widget-advads_ad_widget.default\">\n\t\t\t\t<div class=\"elementor-widget-container\">\n\t\t\t<div id=\"regio-2554891892\"><div class=\"regio-adlabel\">Werbung<\/div><!-- Beginn https:\/\/www.financeads.net\/-Code --><a href=\"https:\/\/www.financeads.net\/tc.php?t=36648C236142529B\" target=\"_blank\"><img fetchpriority=\"high\" decoding=\"async\" src=\"https:\/\/www.financeads.net\/tb.php?t=36648V236142529B&https=1\" alt=\"\" border=\"0\" width=\"300\" height=\"250\"><\/a><!-- Ende https:\/\/www.financeads.net\/-Code --><\/div>\t\t<\/div>\n\t\t\t\t<\/div>\n\t\t\t\t<div class=\"elementor-element elementor-element-31f77ab elementor-widget elementor-widget-wp-widget-advads_ad_widget\" data-id=\"31f77ab\" data-element_type=\"widget\" data-widget_type=\"wp-widget-advads_ad_widget.default\">\n\t\t\t\t<div class=\"elementor-widget-container\">\n\t\t\t<div id=\"regio-3770888483\"><div class=\"regio-adlabel\">Werbung<\/div><!-- Beginn https:\/\/www.financeads.net\/-Code --><a href=\"https:\/\/www.financeads.net\/tc.php?t=36648C42614510B\" target=\"_blank\"><img decoding=\"async\" src=\"https:\/\/www.financeads.net\/tb.php?t=36648V42614510B&https=1\" alt=\"\" border=\"0\" width=\"200\" height=\"300\"><\/a><!-- Ende https:\/\/www.financeads.net\/-Code --><\/div>\t\t<\/div>\n\t\t\t\t<\/div>\n\t\t\t\t<div class=\"elementor-element elementor-element-24f31c1 elementor-widget elementor-widget-wp-widget-advads_ad_widget\" data-id=\"24f31c1\" data-element_type=\"widget\" data-widget_type=\"wp-widget-advads_ad_widget.default\">\n\t\t\t\t<div class=\"elementor-widget-container\">\n\t\t\t<div id=\"regio-4262364666\"><div class=\"regio-adlabel\">Werbung<\/div><!-- Beginn https:\/\/www.financeads.net\/-Code --><a href=\"https:\/\/www.financeads.net\/tc.php?t=36648C205040072B\" target=\"_blank\"><img decoding=\"async\" src=\"https:\/\/www.financeads.net\/tb.php?t=36648V205040072B&https=1\" alt=\"\" border=\"0\" width=\"300\" height=\"250\"><\/a><!-- Ende https:\/\/www.financeads.net\/-Code --><\/div>\t\t<\/div>\n\t\t\t\t<\/div>\n\t\t\t\t<div class=\"elementor-element elementor-element-add57cc elementor-widget elementor-widget-wp-widget-advads_ad_widget\" data-id=\"add57cc\" data-element_type=\"widget\" data-widget_type=\"wp-widget-advads_ad_widget.default\">\n\t\t\t\t<div class=\"elementor-widget-container\">\n\t\t\t<div id=\"regio-253287728\"><div class=\"regio-adlabel\">Werbung<\/div><!-- Beginn https:\/\/www.financeads.net\/-Code --><a href=\"https:\/\/www.financeads.net\/tc.php?t=36648C271460142B\" target=\"_blank\"><img loading=\"lazy\" decoding=\"async\" src=\"https:\/\/www.financeads.net\/tb.php?t=36648V271460142B&https=1\" alt=\"PETPROTECT_Hund&Katze_Banner\" border=\"0\" width=\"250\" height=\"250\"><\/a><!-- Ende https:\/\/www.financeads.net\/-Code --><\/div>\t\t<\/div>\n\t\t\t\t<\/div>\n\t\t\t\t\t<\/div>\n\t\t<\/div>\n\t\t\t\t\t<\/div>\n\t\t<\/section>\n\t\t\t\t<\/div>\n\t\t","protected":false},"excerpt":{"rendered":"<div class=\"mh-excerpt\"><p>Ab Mittwoch, den 5. Juli 2022, im Innenhof des alten DG\u00b4s Vierrt\u00e4giges Open-Air-Konzert der Musikschule Schwabach &#8211; Das Musikschul-Open Air findet in diesem Jahr&nbsp; von Mittwoch, den&nbsp; 5. Juli 2023, bis Samstag, den 8. Juli <a class=\"mh-excerpt-more\" href=\"https:\/\/www.region-schwabach.de\/wordpress\/mehrtagiges-open-air-konzert-der-musikschule-ab-mittwoch-den-5-juli-2023\/\" title=\"Mehrt\u00e4giges Open-Air-Konzert der Musikschule ab Mittwoch, den 5. Juli 2023\">[&#8230;]<\/a><\/p>\n<\/div>","protected":false},"author":1,"featured_media":208197,"comment_status":"open","ping_status":"open","sticky":false,"template":"","format":"standard","meta":{"_cbd_carousel_blocks":"[]","footnotes":""},"categories":[16,287,61,231,140],"tags":[22927,22909,22928,4387,19621,16161,16157,19620,19618,16164,522,3128,19619,3144,9888,19,16156,3151,19617,16162],"class_list":{"0":"post-208196","1":"post","2":"type-post","3":"status-publish","4":"format-standard","5":"has-post-thumbnail","7":"category-aktuell","8":"category-jugend-und-familie","9":"category-rathaus","10":"category-veranstaltungsnews","11":"category-vereine","12":"tag-09-07-2023","13":"tag-5-juli-2023-bis-8-juli-2023","14":"tag-9-juli-2023","15":"tag-adolph-von-henselt-musikschule","16":"tag-band-konzert","17":"tag-bandkonzert","18":"tag-buntgemischt-abend","19":"tag-ensembles-der-musikschule","20":"tag-klassenabend-schlagwerk","21":"tag-klassenvorspiel-schlagwerk","22":"tag-koenigsplatz","23":"tag-konzert","24":"tag-konzert-der-musikschule","25":"tag-musikschule","26":"tag-open-air-konzert","27":"tag-schwabach","28":"tag-sommer-open-air","29":"tag-stadt-schwabach","30":"tag-streicherklasse","31":"tag-streicherkonzert"},"_links":{"self":[{"href":"https:\/\/www.region-schwabach.de\/wordpress\/wp-json\/wp\/v2\/posts\/208196","targetHints":{"allow":["GET"]}}],"collection":[{"href":"https:\/\/www.region-schwabach.de\/wordpress\/wp-json\/wp\/v2\/posts"}],"about":[{"href":"https:\/\/www.region-schwabach.de\/wordpress\/wp-json\/wp\/v2\/types\/post"}],"author":[{"embeddable":true,"href":"https:\/\/www.region-schwabach.de\/wordpress\/wp-json\/wp\/v2\/users\/1"}],"replies":[{"embeddable":true,"href":"https:\/\/www.region-schwabach.de\/wordpress\/wp-json\/wp\/v2\/comments?post=208196"}],"version-history":[{"count":0,"href":"https:\/\/www.region-schwabach.de\/wordpress\/wp-json\/wp\/v2\/posts\/208196\/revisions"}],"wp:featuredmedia":[{"embeddable":true,"href":"https:\/\/www.region-schwabach.de\/wordpress\/wp-json\/wp\/v2\/media\/208197"}],"wp:attachment":[{"href":"https:\/\/www.region-schwabach.de\/wordpress\/wp-json\/wp\/v2\/media?parent=208196"}],"wp:term":[{"taxonomy":"category","embeddable":true,"href":"https:\/\/www.region-schwabach.de\/wordpress\/wp-json\/wp\/v2\/categories?post=208196"},{"taxonomy":"post_tag","embeddable":true,"href":"https:\/\/www.region-schwabach.de\/wordpress\/wp-json\/wp\/v2\/tags?post=208196"}],"curies":[{"name":"wp","href":"https:\/\/api.w.org\/{rel}","templated":true}]}}