{"id":208610,"date":"2023-07-12T00:45:00","date_gmt":"2023-07-11T22:45:00","guid":{"rendered":"https:\/\/www.region-schwabach.de\/wordpress\/?p=208610"},"modified":"2023-07-11T23:34:54","modified_gmt":"2023-07-11T21:34:54","slug":"unternehmerfruhstuck-im-cityaktiv-schwabach-am-mittwoch-den-12-juli-2023","status":"publish","type":"post","link":"https:\/\/www.region-schwabach.de\/wordpress\/unternehmerfruhstuck-im-cityaktiv-schwabach-am-mittwoch-den-12-juli-2023\/","title":{"rendered":"Unternehmerfr\u00fchst\u00fcck im cityaktiv Schwabach am Mittwoch, den 12. Juli 2023"},"content":{"rendered":"\t\t<div data-elementor-type=\"wp-post\" data-elementor-id=\"208610\" class=\"elementor elementor-208610\">\n\t\t\t\t\t\t<section class=\"elementor-section elementor-top-section elementor-element elementor-element-678181b elementor-section-boxed elementor-section-height-default elementor-section-height-default\" data-id=\"678181b\" data-element_type=\"section\">\n\t\t\t\t\t\t<div class=\"elementor-container elementor-column-gap-default\">\n\t\t\t\t\t<div class=\"elementor-column elementor-col-50 elementor-top-column elementor-element elementor-element-6b34026\" data-id=\"6b34026\" data-element_type=\"column\">\n\t\t\t<div class=\"elementor-widget-wrap elementor-element-populated\">\n\t\t\t\t\t\t<div class=\"elementor-element elementor-element-291029b elementor-widget elementor-widget-wp-widget-advads_ad_widget\" data-id=\"291029b\" data-element_type=\"widget\" data-widget_type=\"wp-widget-advads_ad_widget.default\">\n\t\t\t\t<div class=\"elementor-widget-container\">\n\t\t\t<div id=\"regio-323211639\"><div class=\"regio-adlabel\">Werbung<\/div><center><a href=\"https:\/\/a.partner-versicherung.de\/click.php?partner_id=19992&ad_id=1578&deep=kreditkarten\"  target=\"_blank\"><img decoding=\"async\" src=\"https:\/\/a.partner-versicherung.de\/view.php?partner_id=19992&ad_id=1578\" ><\/a><\/center><\/div>\t\t<\/div>\n\t\t\t\t<\/div>\n\t\t\t\t<div class=\"elementor-element elementor-element-443ab98 elementor-widget elementor-widget-text-editor\" data-id=\"443ab98\" data-element_type=\"widget\" data-widget_type=\"text-editor.default\">\n\t\t\t\t<div class=\"elementor-widget-container\">\n\t\t\t\t\t\t\t<h3 class=\"entry-title\">Unternehmerfr\u00fchst\u00fcck im cityaktiv Schwabach<br \/>Mittwoch, den 12. Juli 2023, 08.00 Uhr<\/h3><p><span style=\"font-size: 12pt;\">Schwabach &#8211;\u00a0Gastgeber des Unternehmerfr\u00fchst\u00fccks am 12. Juli 2023 von 8:00 &#8211; 10:00 Uhr ist die &#8222;cityaktiv Fitness-und Gesundheitsanlage Schwabach GmbH&#8220;. Den Impuls-Vortrag h\u00e4lt Frau Elfi Dressler, die Menschen in Unternehmen seit 30 Jahren trainiert, coacht, bewegt und entspannt. Das Thema: &#8222;Fr\u00f6hlich sein in schwierigen Zeiten? Unbedingt!&#8220;.<\/span><\/p><p><span style=\"font-size: 12pt;\">Im Anschluss wird nat\u00fcrlich wie immer auch Zeit und Raum f\u00fcr intensives Netzwerken sein. Die Anmeldung ist ab Anfang Mai m\u00f6glich, Details folgen in unserer n\u00e4chsten Rundmail. Die Teilnehmerzahl ist begrenzt und der Besuch ist kostenfrei. Wir freuen uns auf Sie, viele Informationen und rege Diskussionen<em>.<\/em><\/span><\/p><p><span style=\"font-size: 12pt;\">Das dritte Unternehmerfr\u00fchst\u00fcck des Jahres wird am Donnerstag, den 12. Oktober, im Haus der Begegnungen stattfinden.\u00a0<\/span><\/p><h3>Weiterf\u00fchrende Links:<\/h3><p><span style=\"font-size: 12pt;\"><a href=\"https:\/\/schwabach.de\/de\/wirtschaft\/wirtschaftsfoerderung\/termine-und-infos\/11558-unternehmerfruehstueck-zum-thema-interaktiv.html\" target=\"_blank\" rel=\"noopener\">Weitere Informationen zum Unternehmerfr\u00fchst\u00fcck gibt es hier &#8230;<\/a><\/span><\/p><p><span style=\"font-size: 12pt;\"><a href=\"https:\/\/www.cityaktiv.com\/fitnessstudio-schwabach.html\" target=\"_blank\" rel=\"noopener\">Zur Homepage des cityaktiv Schwabach geht es hier &#8230;\u00a0<\/a><\/span><\/p>\t\t\t\t\t\t<\/div>\n\t\t\t\t<\/div>\n\t\t\t\t<div class=\"elementor-element elementor-element-f3afa79 elementor-widget-divider--view-line elementor-widget elementor-widget-divider\" data-id=\"f3afa79\" data-element_type=\"widget\" data-widget_type=\"divider.default\">\n\t\t\t\t<div class=\"elementor-widget-container\">\n\t\t\t\t\t<div class=\"elementor-divider\">\n\t\t\t<span class=\"elementor-divider-separator\">\n\t\t\t\t\t\t<\/span>\n\t\t<\/div>\n\t\t\t\t<\/div>\n\t\t\t\t<\/div>\n\t\t\t\t<div class=\"elementor-element elementor-element-2e04f4c elementor-widget elementor-widget-google_maps\" data-id=\"2e04f4c\" data-element_type=\"widget\" data-widget_type=\"google_maps.default\">\n\t\t\t\t<div class=\"elementor-widget-container\">\n\t\t\t\t\t<div class=\"elementor-custom-embed\">\n\t\t\t<iframe loading=\"lazy\"\n\t\t\t\t\tsrc=\"https:\/\/maps.google.com\/maps?q=Alte%20Rother%20Stra%C3%9Fe%206a%2C%20Schwabach%2C%20Deutschland&#038;t=m&#038;z=15&#038;output=embed&#038;iwloc=near\"\n\t\t\t\t\ttitle=\"Alte Rother Stra\u00dfe 6a, Schwabach, Deutschland\"\n\t\t\t\t\taria-label=\"Alte Rother Stra\u00dfe 6a, Schwabach, Deutschland\"\n\t\t\t><\/iframe>\n\t\t<\/div>\n\t\t\t\t<\/div>\n\t\t\t\t<\/div>\n\t\t\t\t\t<\/div>\n\t\t<\/div>\n\t\t\t\t<div class=\"elementor-column elementor-col-50 elementor-top-column elementor-element elementor-element-7ae2c2d\" data-id=\"7ae2c2d\" data-element_type=\"column\">\n\t\t\t<div class=\"elementor-widget-wrap elementor-element-populated\">\n\t\t\t\t\t\t<div class=\"elementor-element elementor-element-0351952 elementor-widget elementor-widget-heading\" data-id=\"0351952\" data-element_type=\"widget\" data-widget_type=\"heading.default\">\n\t\t\t\t<div class=\"elementor-widget-container\">\n\t\t\t<h3 class=\"elementor-heading-title elementor-size-default\">Schnell vergleichen und sparen!<\/h3>\t\t<\/div>\n\t\t\t\t<\/div>\n\t\t\t\t<div class=\"elementor-element elementor-element-024fe0f elementor-widget elementor-widget-wp-widget-advads_ad_widget\" data-id=\"024fe0f\" data-element_type=\"widget\" data-widget_type=\"wp-widget-advads_ad_widget.default\">\n\t\t\t\t<div class=\"elementor-widget-container\">\n\t\t\t<div id=\"regio-2706195771\"><div class=\"regio-adlabel\">Werbung<\/div><!-- Beginn https:\/\/www.financeads.net\/-Code --><a href=\"https:\/\/www.financeads.net\/tc.php?t=36648C236142529B\" target=\"_blank\"><img fetchpriority=\"high\" decoding=\"async\" src=\"https:\/\/www.financeads.net\/tb.php?t=36648V236142529B&https=1\" alt=\"\" border=\"0\" width=\"300\" height=\"250\"><\/a><!-- Ende https:\/\/www.financeads.net\/-Code --><\/div>\t\t<\/div>\n\t\t\t\t<\/div>\n\t\t\t\t<div class=\"elementor-element elementor-element-02a6a20 elementor-widget elementor-widget-wp-widget-advads_ad_widget\" data-id=\"02a6a20\" data-element_type=\"widget\" data-widget_type=\"wp-widget-advads_ad_widget.default\">\n\t\t\t\t<div class=\"elementor-widget-container\">\n\t\t\t<div id=\"regio-3753348667\"><div class=\"regio-adlabel\">Werbung<\/div><!-- Beginn https:\/\/www.financeads.net\/-Code --><a href=\"https:\/\/www.financeads.net\/tc.php?t=36648C42614510B\" target=\"_blank\"><img decoding=\"async\" src=\"https:\/\/www.financeads.net\/tb.php?t=36648V42614510B&https=1\" alt=\"\" border=\"0\" width=\"200\" height=\"300\"><\/a><!-- Ende https:\/\/www.financeads.net\/-Code --><\/div>\t\t<\/div>\n\t\t\t\t<\/div>\n\t\t\t\t<div class=\"elementor-element elementor-element-a3a31e3 elementor-widget elementor-widget-wp-widget-advads_ad_widget\" data-id=\"a3a31e3\" data-element_type=\"widget\" data-widget_type=\"wp-widget-advads_ad_widget.default\">\n\t\t\t\t<div class=\"elementor-widget-container\">\n\t\t\t<div id=\"regio-4258663479\"><div class=\"regio-adlabel\">Werbung<\/div><!-- Beginn https:\/\/www.financeads.net\/-Code --><a href=\"https:\/\/www.financeads.net\/tc.php?t=36648C205040072B\" target=\"_blank\"><img decoding=\"async\" src=\"https:\/\/www.financeads.net\/tb.php?t=36648V205040072B&https=1\" alt=\"\" border=\"0\" width=\"300\" height=\"250\"><\/a><!-- Ende https:\/\/www.financeads.net\/-Code --><\/div>\t\t<\/div>\n\t\t\t\t<\/div>\n\t\t\t\t<div class=\"elementor-element elementor-element-83cfac5 elementor-widget elementor-widget-wp-widget-advads_ad_widget\" data-id=\"83cfac5\" data-element_type=\"widget\" data-widget_type=\"wp-widget-advads_ad_widget.default\">\n\t\t\t\t<div class=\"elementor-widget-container\">\n\t\t\t<div id=\"regio-1682158791\"><div class=\"regio-adlabel\">Werbung<\/div><!-- Beginn https:\/\/www.financeads.net\/-Code --><a href=\"https:\/\/www.financeads.net\/tc.php?t=36648C271460142B\" target=\"_blank\"><img loading=\"lazy\" decoding=\"async\" src=\"https:\/\/www.financeads.net\/tb.php?t=36648V271460142B&https=1\" alt=\"PETPROTECT_Hund&Katze_Banner\" border=\"0\" width=\"250\" height=\"250\"><\/a><!-- Ende https:\/\/www.financeads.net\/-Code --><\/div>\t\t<\/div>\n\t\t\t\t<\/div>\n\t\t\t\t\t<\/div>\n\t\t<\/div>\n\t\t\t\t\t<\/div>\n\t\t<\/section>\n\t\t\t\t<\/div>\n\t\t","protected":false},"excerpt":{"rendered":"<div class=\"mh-excerpt\"><p>Unternehmerfr\u00fchst\u00fcck im cityaktiv Schwabach Mittwoch, den 12. Juli 2023, 08.00 Uhr Schwabach &#8211;&nbsp;Gastgeber des Unternehmerfr\u00fchst\u00fccks am 12. Juli 2023 von 8:00 &#8211; 10:00 Uhr ist die &#8222;cityaktiv Fitness-und Gesundheitsanlage Schwabach GmbH&#8220;. Den Impuls-Vortrag h\u00e4lt Frau <a class=\"mh-excerpt-more\" href=\"https:\/\/www.region-schwabach.de\/wordpress\/unternehmerfruhstuck-im-cityaktiv-schwabach-am-mittwoch-den-12-juli-2023\/\" title=\"Unternehmerfr\u00fchst\u00fcck im cityaktiv Schwabach am Mittwoch, den 12. Juli 2023\">[&#8230;]<\/a><\/p>\n<\/div>","protected":false},"author":1,"featured_media":208611,"comment_status":"open","ping_status":"open","sticky":false,"template":"","format":"standard","meta":{"_cbd_carousel_blocks":"[]","footnotes":""},"categories":[16,78,61,3967,231,46,140],"tags":[22955,22954,1276,22953,3652,3650,19,3656,3151,22247,3655,7213,3651],"class_list":{"0":"post-208610","1":"post","2":"type-post","3":"status-publish","4":"format-standard","5":"has-post-thumbnail","7":"category-aktuell","8":"category-handel-und-wirtschaft","9":"category-rathaus","10":"category-unternehmen","11":"category-veranstaltungsnews","12":"category-verbaende","13":"category-vereine","14":"tag-12-juli-2023","15":"tag-12-07-2023","16":"tag-alte-rother-strasse","17":"tag-cityaktiv-fitness-und-gesundheitsanlage-schwabach-gmbh","18":"tag-gewerbeverein","19":"tag-ihk","20":"tag-schwabach","21":"tag-selbststaendige","22":"tag-stadt-schwabach","23":"tag-unternehmens-und-betriebsnachfolge","24":"tag-unternehmer","25":"tag-unternehmerfruehstueck","26":"tag-wirtschaftsjunioren"},"_links":{"self":[{"href":"https:\/\/www.region-schwabach.de\/wordpress\/wp-json\/wp\/v2\/posts\/208610","targetHints":{"allow":["GET"]}}],"collection":[{"href":"https:\/\/www.region-schwabach.de\/wordpress\/wp-json\/wp\/v2\/posts"}],"about":[{"href":"https:\/\/www.region-schwabach.de\/wordpress\/wp-json\/wp\/v2\/types\/post"}],"author":[{"embeddable":true,"href":"https:\/\/www.region-schwabach.de\/wordpress\/wp-json\/wp\/v2\/users\/1"}],"replies":[{"embeddable":true,"href":"https:\/\/www.region-schwabach.de\/wordpress\/wp-json\/wp\/v2\/comments?post=208610"}],"version-history":[{"count":0,"href":"https:\/\/www.region-schwabach.de\/wordpress\/wp-json\/wp\/v2\/posts\/208610\/revisions"}],"wp:featuredmedia":[{"embeddable":true,"href":"https:\/\/www.region-schwabach.de\/wordpress\/wp-json\/wp\/v2\/media\/208611"}],"wp:attachment":[{"href":"https:\/\/www.region-schwabach.de\/wordpress\/wp-json\/wp\/v2\/media?parent=208610"}],"wp:term":[{"taxonomy":"category","embeddable":true,"href":"https:\/\/www.region-schwabach.de\/wordpress\/wp-json\/wp\/v2\/categories?post=208610"},{"taxonomy":"post_tag","embeddable":true,"href":"https:\/\/www.region-schwabach.de\/wordpress\/wp-json\/wp\/v2\/tags?post=208610"}],"curies":[{"name":"wp","href":"https:\/\/api.w.org\/{rel}","templated":true}]}}