{"id":208996,"date":"2023-07-17T01:30:00","date_gmt":"2023-07-16T23:30:00","guid":{"rendered":"https:\/\/www.region-schwabach.de\/wordpress\/?p=208996"},"modified":"2023-07-16T22:15:06","modified_gmt":"2023-07-16T20:15:06","slug":"erstes-offentliches-mobilitatsforum-der-stadt-schwabach-am-montag-den-17-juli-2023-im-markgrafensaal","status":"publish","type":"post","link":"https:\/\/www.region-schwabach.de\/wordpress\/erstes-offentliches-mobilitatsforum-der-stadt-schwabach-am-montag-den-17-juli-2023-im-markgrafensaal\/","title":{"rendered":"Erstes \u00f6ffentliches Mobilit\u00e4tsforum der Stadt Schwabach am Montag, den 17. Juli 2023, im Markgrafensaal"},"content":{"rendered":"\t\t<div data-elementor-type=\"wp-post\" data-elementor-id=\"208996\" class=\"elementor elementor-208996\">\n\t\t\t\t\t\t<section class=\"elementor-section elementor-top-section elementor-element elementor-element-678181b elementor-section-boxed elementor-section-height-default elementor-section-height-default\" data-id=\"678181b\" data-element_type=\"section\">\n\t\t\t\t\t\t<div class=\"elementor-container elementor-column-gap-default\">\n\t\t\t\t\t<div class=\"elementor-column elementor-col-50 elementor-top-column elementor-element elementor-element-6b34026\" data-id=\"6b34026\" data-element_type=\"column\">\n\t\t\t<div class=\"elementor-widget-wrap elementor-element-populated\">\n\t\t\t\t\t\t<div class=\"elementor-element elementor-element-12bd100 elementor-widget elementor-widget-wp-widget-advads_ad_widget\" data-id=\"12bd100\" data-element_type=\"widget\" data-widget_type=\"wp-widget-advads_ad_widget.default\">\n\t\t\t\t<div class=\"elementor-widget-container\">\n\t\t\t<div id=\"regio-1099678000\"><div class=\"regio-adlabel\">Werbung<\/div><center><a href=\"https:\/\/a.partner-versicherung.de\/click.php?partner_id=19992&ad_id=1578&deep=kreditkarten\"  target=\"_blank\"><img decoding=\"async\" src=\"https:\/\/a.partner-versicherung.de\/view.php?partner_id=19992&ad_id=1578\" ><\/a><\/center><\/div>\t\t<\/div>\n\t\t\t\t<\/div>\n\t\t\t\t<div class=\"elementor-element elementor-element-443ab98 elementor-widget elementor-widget-text-editor\" data-id=\"443ab98\" data-element_type=\"widget\" data-widget_type=\"text-editor.default\">\n\t\t\t\t<div class=\"elementor-widget-container\">\n\t\t\t\t\t\t\t<h3><span id=\"page3R_mcid11\" class=\"markedContent\"><span dir=\"ltr\" role=\"presentation\">Erstes Mobilit\u00e4tsforu<\/span><span dir=\"ltr\" role=\"presentation\">m der Sta<\/span><span dir=\"ltr\" role=\"presentation\">dt Schwabach am Montag, den 17. Juli 2023, um 17.30 Uhr im Markgrafensaal\u00a0<\/span><\/span><span id=\"page3R_mcid12\" class=\"markedContent\"><br role=\"presentation\" \/><span dir=\"ltr\" role=\"presentation\">Bei Mobilit<\/span><span dir=\"ltr\" role=\"presentation\">\u00e4t Planungen mitgestalten\u00a0<\/span><\/span><\/h3><p><span style=\"font-size: 12pt;\">Schwabach &#8211; <span id=\"page3R_mcid13\" class=\"markedContent\"><span dir=\"ltr\" role=\"presentation\">Zum ersten \u00f6ffentlichen Mobilit\u00e4tsforum l\u00e4dt die Stadt<\/span> <span dir=\"ltr\" role=\"presentation\">Schwabach<\/span> <span dir=\"ltr\" role=\"presentation\">am Montag, den <\/span><span dir=\"ltr\" role=\"presentation\">17. Juli 2023, ein. Dieses wird sich mit dem aktuellen Stand des Schwabacher <\/span><span dir=\"ltr\" role=\"presentation\">Mobilit\u00e4tsplans befassen. <\/span><\/span><\/span><\/p><p><span style=\"font-size: 12pt;\"><span id=\"page3R_mcid13\" class=\"markedContent\"><span dir=\"ltr\" role=\"presentation\">Die Schwabacher B\u00fcrgerinnen und B\u00fcrger k\u00f6nnen <\/span><span dir=\"ltr\" role=\"presentation\">von 17.<\/span><span dir=\"ltr\" role=\"presentation\">30 Uhr bis etwa 20.00 Uhr im Markgrafensaal, Ludwigstra\u00dfe 16, mitdisku<\/span><span dir=\"ltr\" role=\"presentation\">tieren und so auch die Planungen mitgestalten. <\/span><\/span><\/span><\/p><p><span style=\"font-size: 12pt;\"><span id=\"page3R_mcid13\" class=\"markedContent\"><span dir=\"ltr\" role=\"presentation\">Mit dem Mobilit\u00e4tsplan verfolgt <\/span><span dir=\"ltr\" role=\"presentation\">die Stadt das Ziel, die Mobilit\u00e4t in Schwabach zukunftsf\u00e4higer und nachhaltiger <\/span><span dir=\"ltr\" role=\"presentation\">zu machen.\u00a0<\/span><\/span><span id=\"page3R_mcid14\" class=\"markedContent\"><\/span><span id=\"page3R_mcid15\" class=\"markedContent\"><br role=\"presentation\" \/><\/span><\/span><\/p><p><span style=\"font-size: 12pt;\"><span id=\"page3R_mcid15\" class=\"markedContent\"><span dir=\"ltr\" role=\"presentation\">Beim Forum wird un<\/span><span dir=\"ltr\" role=\"presentation\">ter anderem der aktuelle Stand der Ausarbeitung des <\/span><span dir=\"ltr\" role=\"presentation\">Mobilit\u00e4tsplans vorgestellt. Und alle Teilnehmenden k\u00f6nnen Ideen, <\/span><span dir=\"ltr\" role=\"presentation\">Vorstellungen und Anregungen beitragen. Es sind auch Workshops geplant.<\/span><\/span><span id=\"page3R_mcid16\" class=\"markedContent\"><\/span><span id=\"page3R_mcid17\" class=\"markedContent\"><br role=\"presentation\" \/><\/span><\/span><\/p><p><span style=\"font-size: 12pt;\"><span id=\"page3R_mcid17\" class=\"markedContent\"><span dir=\"ltr\" role=\"presentation\">Um Anmeldung unter <a href=\"http:\/\/www.schwabach.de\/mobilitaetsforen\" target=\"_blank\" rel=\"noopener\">www.schwabach.de\/mobilitaetsforen<\/a> wird gebeten<\/span><span dir=\"ltr\" role=\"presentation\">.<\/span> <span dir=\"ltr\" role=\"presentation\">Alle <\/span><span dir=\"ltr\" role=\"presentation\">Informationen zum Mobilit\u00e4tsplan und dem Erarbeitungsprozess finden<\/span> <span dir=\"ltr\" role=\"presentation\">sich <\/span><span dir=\"ltr\" role=\"presentation\">unter<\/span> <span dir=\"ltr\" role=\"presentation\"><a href=\"http:\/\/schwabach.de\" target=\"_blank\" rel=\"noopener\">schwabach.de<\/a>. Fragen beantwortet vorab der Mobilit\u00e4tsbeauftragte G\u00f6tz <\/span><span dir=\"ltr\" role=\"presentation\">Mahdi,<\/span> <span dir=\"ltr\" role=\"presentation\">Telefon 09122860<\/span><span dir=\"ltr\" role=\"presentation\">&#8211;<\/span><span dir=\"ltr\" role=\"presentation\">802<\/span><span dir=\"ltr\" role=\"presentation\">, E<\/span><span dir=\"ltr\" role=\"presentation\">&#8211;<\/span><span dir=\"ltr\" role=\"presentation\">Mail <a href=\"mailto:umweltreferat@schwabach.de\" target=\"_blank\" rel=\"noopener\">umweltreferat@schwabach.de<\/a>.\u00a0<\/span><\/span><\/span><\/p>\t\t\t\t\t\t<\/div>\n\t\t\t\t<\/div>\n\t\t\t\t<div class=\"elementor-element elementor-element-5e40ba1 elementor-widget elementor-widget-shortcode\" data-id=\"5e40ba1\" data-element_type=\"widget\" data-widget_type=\"shortcode.default\">\n\t\t\t\t<div class=\"elementor-widget-container\">\n\t\t\t\t\t<div class=\"elementor-shortcode\"><!-- Beginn https:\/\/www.financeads.net\/-Code --><a href=\"https:\/\/www.financeads.net\/tc.php?t=36648C38513858B\" target=\"_blank\"><center><img decoding=\"async\" src=\"https:\/\/www.financeads.net\/tb.php?t=36648V38513858B&https=1\" alt=\"\" border=\"0\" width=\"468\" height=\"60\"><\/a><!-- Ende https:\/\/www.financeads.net\/-Code --><\/div>\n\t\t\t\t<\/div>\n\t\t\t\t<\/div>\n\t\t\t\t<div class=\"elementor-element elementor-element-21c3450 elementor-widget-divider--view-line elementor-widget elementor-widget-divider\" data-id=\"21c3450\" data-element_type=\"widget\" data-widget_type=\"divider.default\">\n\t\t\t\t<div class=\"elementor-widget-container\">\n\t\t\t\t\t<div class=\"elementor-divider\">\n\t\t\t<span class=\"elementor-divider-separator\">\n\t\t\t\t\t\t<\/span>\n\t\t<\/div>\n\t\t\t\t<\/div>\n\t\t\t\t<\/div>\n\t\t\t\t<div class=\"elementor-element elementor-element-f4c690c elementor-widget elementor-widget-google_maps\" data-id=\"f4c690c\" data-element_type=\"widget\" data-widget_type=\"google_maps.default\">\n\t\t\t\t<div class=\"elementor-widget-container\">\n\t\t\t\t\t<div class=\"elementor-custom-embed\">\n\t\t\t<iframe loading=\"lazy\"\n\t\t\t\t\tsrc=\"https:\/\/maps.google.com\/maps?q=Ludwigstra%C3%9Fe%206%2C%20Schwabach%2C%20Deutschland&#038;t=m&#038;z=17&#038;output=embed&#038;iwloc=near\"\n\t\t\t\t\ttitle=\"Ludwigstra\u00dfe 6, Schwabach, Deutschland\"\n\t\t\t\t\taria-label=\"Ludwigstra\u00dfe 6, Schwabach, Deutschland\"\n\t\t\t><\/iframe>\n\t\t<\/div>\n\t\t\t\t<\/div>\n\t\t\t\t<\/div>\n\t\t\t\t\t<\/div>\n\t\t<\/div>\n\t\t\t\t<div class=\"elementor-column elementor-col-50 elementor-top-column elementor-element elementor-element-4e52952\" data-id=\"4e52952\" data-element_type=\"column\">\n\t\t\t<div class=\"elementor-widget-wrap elementor-element-populated\">\n\t\t\t\t\t\t<div class=\"elementor-element elementor-element-a58da64 elementor-widget elementor-widget-heading\" data-id=\"a58da64\" data-element_type=\"widget\" data-widget_type=\"heading.default\">\n\t\t\t\t<div class=\"elementor-widget-container\">\n\t\t\t<h3 class=\"elementor-heading-title elementor-size-default\">Schnell vergleichen und sparen!<\/h3>\t\t<\/div>\n\t\t\t\t<\/div>\n\t\t\t\t<div class=\"elementor-element elementor-element-c140805 elementor-widget elementor-widget-wp-widget-advads_ad_widget\" data-id=\"c140805\" data-element_type=\"widget\" data-widget_type=\"wp-widget-advads_ad_widget.default\">\n\t\t\t\t<div class=\"elementor-widget-container\">\n\t\t\t<div id=\"regio-3139877139\"><div class=\"regio-adlabel\">Werbung<\/div><!-- Beginn https:\/\/www.financeads.net\/-Code --><a href=\"https:\/\/www.financeads.net\/tc.php?t=36648C236142529B\" target=\"_blank\"><img fetchpriority=\"high\" decoding=\"async\" src=\"https:\/\/www.financeads.net\/tb.php?t=36648V236142529B&https=1\" alt=\"\" border=\"0\" width=\"300\" height=\"250\"><\/a><!-- Ende https:\/\/www.financeads.net\/-Code --><\/div>\t\t<\/div>\n\t\t\t\t<\/div>\n\t\t\t\t<div class=\"elementor-element elementor-element-751c2e2 elementor-widget elementor-widget-wp-widget-advads_ad_widget\" data-id=\"751c2e2\" data-element_type=\"widget\" data-widget_type=\"wp-widget-advads_ad_widget.default\">\n\t\t\t\t<div class=\"elementor-widget-container\">\n\t\t\t<div id=\"regio-3735643360\"><div class=\"regio-adlabel\">Werbung<\/div><!-- Beginn https:\/\/www.financeads.net\/-Code --><a href=\"https:\/\/www.financeads.net\/tc.php?t=36648C42614510B\" target=\"_blank\"><img decoding=\"async\" src=\"https:\/\/www.financeads.net\/tb.php?t=36648V42614510B&https=1\" alt=\"\" border=\"0\" width=\"200\" height=\"300\"><\/a><!-- Ende https:\/\/www.financeads.net\/-Code --><\/div>\t\t<\/div>\n\t\t\t\t<\/div>\n\t\t\t\t<div class=\"elementor-element elementor-element-9ae0d5b elementor-widget elementor-widget-wp-widget-advads_ad_widget\" data-id=\"9ae0d5b\" data-element_type=\"widget\" data-widget_type=\"wp-widget-advads_ad_widget.default\">\n\t\t\t\t<div class=\"elementor-widget-container\">\n\t\t\t<div id=\"regio-1804252378\"><div class=\"regio-adlabel\">Werbung<\/div><!-- Beginn https:\/\/www.financeads.net\/-Code --><a href=\"https:\/\/www.financeads.net\/tc.php?t=36648C205040072B\" target=\"_blank\"><img loading=\"lazy\" decoding=\"async\" src=\"https:\/\/www.financeads.net\/tb.php?t=36648V205040072B&https=1\" alt=\"\" border=\"0\" width=\"300\" height=\"250\"><\/a><!-- Ende https:\/\/www.financeads.net\/-Code --><\/div>\t\t<\/div>\n\t\t\t\t<\/div>\n\t\t\t\t<div class=\"elementor-element elementor-element-6283ea6 elementor-widget elementor-widget-wp-widget-advads_ad_widget\" data-id=\"6283ea6\" data-element_type=\"widget\" data-widget_type=\"wp-widget-advads_ad_widget.default\">\n\t\t\t\t<div class=\"elementor-widget-container\">\n\t\t\t<div id=\"regio-2105782040\"><div class=\"regio-adlabel\">Werbung<\/div><!-- Beginn https:\/\/www.financeads.net\/-Code --><a href=\"https:\/\/www.financeads.net\/tc.php?t=36648C271460142B\" target=\"_blank\"><img loading=\"lazy\" decoding=\"async\" src=\"https:\/\/www.financeads.net\/tb.php?t=36648V271460142B&https=1\" alt=\"PETPROTECT_Hund&Katze_Banner\" border=\"0\" width=\"250\" height=\"250\"><\/a><!-- Ende https:\/\/www.financeads.net\/-Code --><\/div>\t\t<\/div>\n\t\t\t\t<\/div>\n\t\t\t\t\t<\/div>\n\t\t<\/div>\n\t\t\t\t\t<\/div>\n\t\t<\/section>\n\t\t\t\t<\/div>\n\t\t","protected":false},"excerpt":{"rendered":"<div class=\"mh-excerpt\"><p>Erstes Mobilit\u00e4tsforum der Stadt Schwabach am Montag, den 17. Juli 2023, um 17.30 Uhr im Markgrafensaal&nbsp;Bei Mobilit\u00e4t Planungen mitgestalten&nbsp; Schwabach &#8211; Zum ersten \u00f6ffentlichen Mobilit\u00e4tsforum l\u00e4dt die Stadt Schwabach am Montag, den 17. Juli 2023, <a class=\"mh-excerpt-more\" href=\"https:\/\/www.region-schwabach.de\/wordpress\/erstes-offentliches-mobilitatsforum-der-stadt-schwabach-am-montag-den-17-juli-2023-im-markgrafensaal\/\" title=\"Erstes \u00f6ffentliches Mobilit\u00e4tsforum der Stadt Schwabach am Montag, den 17. Juli 2023, im Markgrafensaal\">[&#8230;]<\/a><\/p>\n<\/div>","protected":false},"author":1,"featured_media":208997,"comment_status":"open","ping_status":"open","sticky":false,"template":"","format":"standard","meta":{"_cbd_carousel_blocks":"[]","footnotes":""},"categories":[16,79,61],"tags":[23012,23011,23014,23015,2029,2028,23013,19105,15694,20676,1480,19,3012,3151,15782,3501],"class_list":{"0":"post-208996","1":"post","2":"type-post","3":"status-publish","4":"format-standard","5":"has-post-thumbnail","7":"category-aktuell","8":"category-politik","9":"category-rathaus","10":"tag-17-juli-2023","11":"tag-17-07-2023","12":"tag-diskussionen","13":"tag-forum","14":"tag-ludwigstrasse","15":"tag-markgrafensaal","16":"tag-mobilitaetsforum","17":"tag-mobilitaetsplan","18":"tag-oeffentlichkeitsbeteiligung","19":"tag-planungen","20":"tag-rathaus","21":"tag-schwabach","22":"tag-stadt","23":"tag-stadt-schwabach","24":"tag-verkehr-der-zukunft","25":"tag-workshops"},"_links":{"self":[{"href":"https:\/\/www.region-schwabach.de\/wordpress\/wp-json\/wp\/v2\/posts\/208996","targetHints":{"allow":["GET"]}}],"collection":[{"href":"https:\/\/www.region-schwabach.de\/wordpress\/wp-json\/wp\/v2\/posts"}],"about":[{"href":"https:\/\/www.region-schwabach.de\/wordpress\/wp-json\/wp\/v2\/types\/post"}],"author":[{"embeddable":true,"href":"https:\/\/www.region-schwabach.de\/wordpress\/wp-json\/wp\/v2\/users\/1"}],"replies":[{"embeddable":true,"href":"https:\/\/www.region-schwabach.de\/wordpress\/wp-json\/wp\/v2\/comments?post=208996"}],"version-history":[{"count":0,"href":"https:\/\/www.region-schwabach.de\/wordpress\/wp-json\/wp\/v2\/posts\/208996\/revisions"}],"wp:featuredmedia":[{"embeddable":true,"href":"https:\/\/www.region-schwabach.de\/wordpress\/wp-json\/wp\/v2\/media\/208997"}],"wp:attachment":[{"href":"https:\/\/www.region-schwabach.de\/wordpress\/wp-json\/wp\/v2\/media?parent=208996"}],"wp:term":[{"taxonomy":"category","embeddable":true,"href":"https:\/\/www.region-schwabach.de\/wordpress\/wp-json\/wp\/v2\/categories?post=208996"},{"taxonomy":"post_tag","embeddable":true,"href":"https:\/\/www.region-schwabach.de\/wordpress\/wp-json\/wp\/v2\/tags?post=208996"}],"curies":[{"name":"wp","href":"https:\/\/api.w.org\/{rel}","templated":true}]}}