{"id":209804,"date":"2023-07-24T00:37:00","date_gmt":"2023-07-23T22:37:00","guid":{"rendered":"https:\/\/www.region-schwabach.de\/wordpress\/?p=209804"},"modified":"2023-07-23T23:50:52","modified_gmt":"2023-07-23T21:50:52","slug":"jugendlicher-bei-unfall-bei-buchenbach-todlich-verletzt","status":"publish","type":"post","link":"https:\/\/www.region-schwabach.de\/wordpress\/jugendlicher-bei-unfall-bei-buchenbach-todlich-verletzt\/","title":{"rendered":"Jugendlicher bei Unfall bei B\u00fcchenbach t\u00f6dlich verletzt"},"content":{"rendered":"\t\t<div data-elementor-type=\"wp-post\" data-elementor-id=\"209804\" class=\"elementor elementor-209804\">\n\t\t\t\t\t\t<section class=\"elementor-section elementor-top-section elementor-element elementor-element-1cuv9jr elementor-section-boxed elementor-section-height-default elementor-section-height-default\" data-id=\"1cuv9jr\" data-element_type=\"section\">\n\t\t\t\t\t\t<div class=\"elementor-container elementor-column-gap-default\">\n\t\t\t\t\t<div class=\"elementor-column elementor-col-50 elementor-top-column elementor-element elementor-element-q5zak7b\" data-id=\"q5zak7b\" data-element_type=\"column\">\n\t\t\t<div class=\"elementor-widget-wrap elementor-element-populated\">\n\t\t\t\t\t\t<div class=\"elementor-element elementor-element-dcef279 elementor-widget elementor-widget-wp-widget-advads_ad_widget\" data-id=\"dcef279\" data-element_type=\"widget\" data-widget_type=\"wp-widget-advads_ad_widget.default\">\n\t\t\t\t<div class=\"elementor-widget-container\">\n\t\t\t<div id=\"regio-4255797785\"><div class=\"regio-adlabel\">Werbung<\/div><center><a href=\"https:\/\/a.partner-versicherung.de\/click.php?partner_id=19992&ad_id=1578&deep=kreditkarten\"  target=\"_blank\"><img decoding=\"async\" src=\"https:\/\/a.partner-versicherung.de\/view.php?partner_id=19992&ad_id=1578\" ><\/a><\/center><\/div>\t\t<\/div>\n\t\t\t\t<\/div>\n\t\t\t\t<div class=\"elementor-element elementor-element-a4daeae elementor-widget elementor-widget-text-editor\" data-id=\"a4daeae\" data-element_type=\"widget\" data-widget_type=\"text-editor.default\">\n\t\t\t\t<div class=\"elementor-widget-container\">\n\t\t\t\t\t\t\t<h3>Schwerer Verkehrsunfall bei B\u00fcchenbach &#8211; 18-J\u00e4hriger t\u00f6dlich verletzt\u00a0<\/h3><p><span style=\"font-size: 12pt;\">Roth (ots) &#8211; Am sp\u00e4ten Samstagabend (22.07.2023) ereignete sich im Bereich von B\u00fcchenbach (Lkrs. Roth) ein schwerer Verkehrsunfall. Ein 18-j\u00e4hriger Insasse eines verungl\u00fcckten Pkw erlitt bei dem Unfallgeschehen t\u00f6dliche Verletzungen.\u00a0<\/span><\/p><p><span style=\"font-size: 12pt;\">Nach aktuellem Ermittlungsstand der Polizei war ein mit f\u00fcnf Personen besetzter Opel Zafira um kurz nach 22:30 Uhr auf der Ortsverbindungsstra\u00dfe zwischen den B\u00fcchenbacher Ortsteilen G\u00f6tzenreuth und Gauchsdorf unterwegs. In diesem Streckenabschnitt verlor der 21-j\u00e4hrige Fahrer des Pkw aus noch ungekl\u00e4rter Ursache die Kontrolle \u00fcber das Fahrzeug. In der Folge kam der Opel auf einer Strecke mehr als 100 Metern sowohl nach rechts als auch nach links von der Fahrbahn ab, kollidierte hier unter anderem mit B\u00e4umen und blieb schlie\u00dflich stark besch\u00e4digt in einem Waldst\u00fcck liegen. W\u00e4hrend des Unfallgeschehens wurde ein 18-j\u00e4hriger Fahrzeuginsasse aus dem Fahrzeug geschleudert und erlitt hierdurch schwerste Verletzungen. Die vier \u00fcbrigen Insassen (zwei weibliche und zwei m\u00e4nnliche Personen) konnten sich zun\u00e4chst selbstst\u00e4ndig aus dem Fahrzeugwrack befreien.\u00a0<\/span><\/p><p><span style=\"font-size: 12pt;\">Einsatzkr\u00e4fte der Freiwilligen Feuerwehr G\u00f6tzenreuth-Gauchsdorf \u00fcbernahmen nach dem Eintreffen an der Unfallstelle die Erstversorgung der verletzten Unfallbeteiligten. Allerdings konnten auch die durchgef\u00fchrten Reanimationsma\u00dfnahmen nicht verhindern, dass der schwerverletzte 18-J\u00e4hrige noch an der Unfallstelle verstarb. Die vier \u00fcbrigen Fahrzeuginsassen wurden vom Rettungsdienst zur weiteren medizinischen Versorgung in Krankenh\u00e4user gebracht.\u00a0<\/span><\/p><p><span style=\"font-size: 12pt;\">Beamte der Polizeiinspektion Roth \u00fcbernahmen die Unfallaufnahme. Auf Anordnung der Staatsanwaltschaft zogen die Beamten einen Sachverst\u00e4ndigen hinzu, der seine Arbeit noch in den Nachtstunden an der Unfall\u00f6rtlichkeit aufnahm. In diesem Zusammenhang stellten die Polizeibeamten auch das stark zerst\u00f6rte Unfallfahrzeug sicher. Bei dem 21-j\u00e4hrigen Fahrer des Opel Zafira f\u00fchrte ein Arzt eine Blutentnahme durch.\u00a0<\/span><\/p><p><span style=\"font-size: 12pt;\">Neben den Einsatzkr\u00e4ften der Freiwilligen Feuerwehr aus G\u00f6tzenreuth-Gauchsdorf unterst\u00fctzten auch die Feuerwehren aus B\u00fcchenbach und Kammerstein die Unfallaufnahme, indem sie unter anderem die Unfallstelle ausleuchteten. Kr\u00e4fte der psychosozialen Notfallversorgung (PSNV) betreuten an der Unfall\u00f6rtlichkeit sowohl die Unfallbeteiligten als auch die dort t\u00e4tigen Einsatzkr\u00e4fte.\u00a0<\/span><\/p><p><span style=\"font-size: 12pt;\">Die Ortsverbindungsstra\u00dfe zwischen G\u00f6tzenreuth und Gauchsdorf blieb f\u00fcr die Dauer der Unfallaufnahme sowie der anschlie\u00dfenden Bergung des Unfallfahrzeugs bis kurz nach 03:00 Uhr gesperrt.\u00a0<\/span><\/p><p><strong><span style=\"font-size: 12pt;\">Erstellt durch: Michael Konrad\u00a0<\/span><\/strong><\/p><p><span style=\"font-size: 12pt;\">Original-Content von: Polizeipr\u00e4sidium Mittelfranken\u00a0<\/span><\/p>\t\t\t\t\t\t<\/div>\n\t\t\t\t<\/div>\n\t\t\t\t<div class=\"elementor-element elementor-element-6c3f9de elementor-widget elementor-widget-shortcode\" data-id=\"6c3f9de\" data-element_type=\"widget\" data-widget_type=\"shortcode.default\">\n\t\t\t\t<div class=\"elementor-widget-container\">\n\t\t\t\t\t<div class=\"elementor-shortcode\"><center><a href=\"https:\/\/a.partner-versicherung.de\/click.php?partner_id=19992&ad_id=441&deep=kfz-versicherung\"  target=\"_blank\"><img decoding=\"async\" src=\"https:\/\/a.partner-versicherung.de\/view.php?partner_id=19992&ad_id=441\" ><\/a><\/center><\/div>\n\t\t\t\t<\/div>\n\t\t\t\t<\/div>\n\t\t\t\t<div class=\"elementor-element elementor-element-ace1283 elementor-widget-divider--view-line elementor-widget elementor-widget-divider\" data-id=\"ace1283\" data-element_type=\"widget\" data-widget_type=\"divider.default\">\n\t\t\t\t<div class=\"elementor-widget-container\">\n\t\t\t\t\t<div class=\"elementor-divider\">\n\t\t\t<span class=\"elementor-divider-separator\">\n\t\t\t\t\t\t<\/span>\n\t\t<\/div>\n\t\t\t\t<\/div>\n\t\t\t\t<\/div>\n\t\t\t\t<div class=\"elementor-element elementor-element-ac34ac3 elementor-widget elementor-widget-google_maps\" data-id=\"ac34ac3\" data-element_type=\"widget\" data-widget_type=\"google_maps.default\">\n\t\t\t\t<div class=\"elementor-widget-container\">\n\t\t\t\t\t<div class=\"elementor-custom-embed\">\n\t\t\t<iframe loading=\"lazy\"\n\t\t\t\t\tsrc=\"https:\/\/maps.google.com\/maps?q=G%C3%B6tzenreuth%2C%20B%C3%BCchenbach%2C%20Deutschland&#038;t=m&#038;z=14&#038;output=embed&#038;iwloc=near\"\n\t\t\t\t\ttitle=\"G\u00f6tzenreuth, B\u00fcchenbach, Deutschland\"\n\t\t\t\t\taria-label=\"G\u00f6tzenreuth, B\u00fcchenbach, Deutschland\"\n\t\t\t><\/iframe>\n\t\t<\/div>\n\t\t\t\t<\/div>\n\t\t\t\t<\/div>\n\t\t\t\t\t<\/div>\n\t\t<\/div>\n\t\t\t\t<div class=\"elementor-column elementor-col-50 elementor-top-column elementor-element elementor-element-4ce46fb\" data-id=\"4ce46fb\" data-element_type=\"column\">\n\t\t\t<div class=\"elementor-widget-wrap elementor-element-populated\">\n\t\t\t\t\t\t<div class=\"elementor-element elementor-element-38f4e35 elementor-widget elementor-widget-heading\" data-id=\"38f4e35\" data-element_type=\"widget\" data-widget_type=\"heading.default\">\n\t\t\t\t<div class=\"elementor-widget-container\">\n\t\t\t<h3 class=\"elementor-heading-title elementor-size-default\">Schnell vergleichen und sparen!<\/h3>\t\t<\/div>\n\t\t\t\t<\/div>\n\t\t\t\t<div class=\"elementor-element elementor-element-92c49bc elementor-widget elementor-widget-wp-widget-advads_ad_widget\" data-id=\"92c49bc\" data-element_type=\"widget\" data-widget_type=\"wp-widget-advads_ad_widget.default\">\n\t\t\t\t<div class=\"elementor-widget-container\">\n\t\t\t<div id=\"regio-2231440274\"><div class=\"regio-adlabel\">Werbung<\/div><!-- Beginn https:\/\/www.financeads.net\/-Code --><a href=\"https:\/\/www.financeads.net\/tc.php?t=36648C236142529B\" target=\"_blank\"><img fetchpriority=\"high\" decoding=\"async\" src=\"https:\/\/www.financeads.net\/tb.php?t=36648V236142529B&https=1\" alt=\"\" border=\"0\" width=\"300\" height=\"250\"><\/a><!-- Ende https:\/\/www.financeads.net\/-Code --><\/div>\t\t<\/div>\n\t\t\t\t<\/div>\n\t\t\t\t<div class=\"elementor-element elementor-element-cb0c78c elementor-widget elementor-widget-wp-widget-advads_ad_widget\" data-id=\"cb0c78c\" data-element_type=\"widget\" data-widget_type=\"wp-widget-advads_ad_widget.default\">\n\t\t\t\t<div class=\"elementor-widget-container\">\n\t\t\t<div id=\"regio-3740082518\"><div class=\"regio-adlabel\">Werbung<\/div><!-- Beginn https:\/\/www.financeads.net\/-Code --><a href=\"https:\/\/www.financeads.net\/tc.php?t=36648C42614510B\" target=\"_blank\"><img decoding=\"async\" src=\"https:\/\/www.financeads.net\/tb.php?t=36648V42614510B&https=1\" alt=\"\" border=\"0\" width=\"200\" height=\"300\"><\/a><!-- Ende https:\/\/www.financeads.net\/-Code --><\/div>\t\t<\/div>\n\t\t\t\t<\/div>\n\t\t\t\t<div class=\"elementor-element elementor-element-31c9ced elementor-widget elementor-widget-wp-widget-advads_ad_widget\" data-id=\"31c9ced\" data-element_type=\"widget\" data-widget_type=\"wp-widget-advads_ad_widget.default\">\n\t\t\t\t<div class=\"elementor-widget-container\">\n\t\t\t<div id=\"regio-1472375071\"><div class=\"regio-adlabel\">Werbung<\/div><!-- Beginn https:\/\/www.financeads.net\/-Code --><a href=\"https:\/\/www.financeads.net\/tc.php?t=36648C205040072B\" target=\"_blank\"><img decoding=\"async\" src=\"https:\/\/www.financeads.net\/tb.php?t=36648V205040072B&https=1\" alt=\"\" border=\"0\" width=\"300\" height=\"250\"><\/a><!-- Ende https:\/\/www.financeads.net\/-Code --><\/div>\t\t<\/div>\n\t\t\t\t<\/div>\n\t\t\t\t<div class=\"elementor-element elementor-element-0344b9f elementor-widget elementor-widget-wp-widget-advads_ad_widget\" data-id=\"0344b9f\" data-element_type=\"widget\" data-widget_type=\"wp-widget-advads_ad_widget.default\">\n\t\t\t\t<div class=\"elementor-widget-container\">\n\t\t\t<div id=\"regio-1540106083\"><div class=\"regio-adlabel\">Werbung<\/div><!-- Beginn https:\/\/www.financeads.net\/-Code --><a href=\"https:\/\/www.financeads.net\/tc.php?t=36648C271460142B\" target=\"_blank\"><img loading=\"lazy\" decoding=\"async\" src=\"https:\/\/www.financeads.net\/tb.php?t=36648V271460142B&https=1\" alt=\"PETPROTECT_Hund&Katze_Banner\" border=\"0\" width=\"250\" height=\"250\"><\/a><!-- Ende https:\/\/www.financeads.net\/-Code --><\/div>\t\t<\/div>\n\t\t\t\t<\/div>\n\t\t\t\t\t<\/div>\n\t\t<\/div>\n\t\t\t\t\t<\/div>\n\t\t<\/section>\n\t\t\t\t<\/div>\n\t\t","protected":false},"excerpt":{"rendered":"<div class=\"mh-excerpt\"><p>Schwerer Verkehrsunfall bei B\u00fcchenbach &#8211; 18-J\u00e4hriger t\u00f6dlich verletzt\u00a0 Roth (ots) &#8211; Am sp\u00e4ten Samstagabend (22.07.2023) ereignete sich im Bereich von B\u00fcchenbach (Lkrs. Roth) ein schwerer Verkehrsunfall. Ein 18-j\u00e4hriger Insasse eines verungl\u00fcckten Pkw erlitt bei dem <a class=\"mh-excerpt-more\" href=\"https:\/\/www.region-schwabach.de\/wordpress\/jugendlicher-bei-unfall-bei-buchenbach-todlich-verletzt\/\" title=\"Jugendlicher bei Unfall bei B\u00fcchenbach t\u00f6dlich verletzt\">[&#8230;]<\/a><\/p>\n<\/div>","protected":false},"author":1,"featured_media":209805,"comment_status":"open","ping_status":"open","sticky":false,"template":"","format":"standard","meta":{"_cbd_carousel_blocks":"[]","footnotes":""},"categories":[22135,21581,21316,22879,22614,22354,21838,15],"tags":[23042,999,492,23096,1906,296,4451,21133,488,6634,1856,11015,1085,1294,463,981,12285,2103,32,3393,334,1267],"class_list":{"0":"post-209804","1":"post","2":"type-post","3":"status-publish","4":"format-standard","5":"has-post-thumbnail","7":"category-polizei-april-2023","8":"category-polizei-februar-2023","9":"category-polizei-januar-2023","10":"category-polizei-juli-2023","11":"category-polizei-juni-2023","12":"category-polizei-mai-2023","13":"category-polizei-maerz-2023","14":"category-polizeimeldungen","15":"tag-22-07-2023","16":"tag-baeume","17":"tag-buechenbach","18":"tag-erstversorgung","19":"tag-fahrbahn","20":"tag-feuerwehr","21":"tag-gauchsdorf","22":"tag-goetzenreuth","23":"tag-jugendliche","24":"tag-kontrolle-verloren","25":"tag-krankenhaus","26":"tag-landkreis","27":"tag-opel-zafira","28":"tag-ortsverbindungsstrasse","29":"tag-pkw","30":"tag-polizei","31":"tag-reanimation","32":"tag-rettungsdienst","33":"tag-roth","34":"tag-toedlich-verletzt","35":"tag-unfall","36":"tag-waldstueck"},"_links":{"self":[{"href":"https:\/\/www.region-schwabach.de\/wordpress\/wp-json\/wp\/v2\/posts\/209804","targetHints":{"allow":["GET"]}}],"collection":[{"href":"https:\/\/www.region-schwabach.de\/wordpress\/wp-json\/wp\/v2\/posts"}],"about":[{"href":"https:\/\/www.region-schwabach.de\/wordpress\/wp-json\/wp\/v2\/types\/post"}],"author":[{"embeddable":true,"href":"https:\/\/www.region-schwabach.de\/wordpress\/wp-json\/wp\/v2\/users\/1"}],"replies":[{"embeddable":true,"href":"https:\/\/www.region-schwabach.de\/wordpress\/wp-json\/wp\/v2\/comments?post=209804"}],"version-history":[{"count":0,"href":"https:\/\/www.region-schwabach.de\/wordpress\/wp-json\/wp\/v2\/posts\/209804\/revisions"}],"wp:featuredmedia":[{"embeddable":true,"href":"https:\/\/www.region-schwabach.de\/wordpress\/wp-json\/wp\/v2\/media\/209805"}],"wp:attachment":[{"href":"https:\/\/www.region-schwabach.de\/wordpress\/wp-json\/wp\/v2\/media?parent=209804"}],"wp:term":[{"taxonomy":"category","embeddable":true,"href":"https:\/\/www.region-schwabach.de\/wordpress\/wp-json\/wp\/v2\/categories?post=209804"},{"taxonomy":"post_tag","embeddable":true,"href":"https:\/\/www.region-schwabach.de\/wordpress\/wp-json\/wp\/v2\/tags?post=209804"}],"curies":[{"name":"wp","href":"https:\/\/api.w.org\/{rel}","templated":true}]}}